{"id":4657,"date":"2018-09-17T08:00:02","date_gmt":"2018-09-17T06:00:02","guid":{"rendered":"https:\/\/www.sage.com\/fr-fr\/blog\/?p=4657"},"modified":"2026-02-05T14:48:53","modified_gmt":"2026-02-05T13:48:53","slug":"prelevement-a-la-source-communiquez-pour-rassurer-vos-salaries","status":"publish","type":"post","link":"https:\/\/www.sage.com\/fr-fr\/blog\/prelevement-a-la-source-communiquez-pour-rassurer-vos-salaries\/","title":{"rendered":"Pr\u00e9l\u00e8vement \u00e0 la source : pour rassurer vos salari\u00e9s, communiquez !"},"content":{"rendered":"<header class=\"entry-header has-dark-background-color entry-header--has-illustration entry-header--has-illustration--generic\">\n\t<div class=\"container\">\n\t\t<div class=\"entry-header__row row align-center\">\n\t\t\t<div class=\"col col-lg-7 col-xlg-6 entry-header__content\">\n\t\t\t\t\t\t\t<div class=\"component component-single-header\">\n\t\t\t\t\t\t\t\t\t\t<div class=\"entry-header__misc text--subtitle text--uppercase text--small\">\n\t\t\t\t\t\t\t<a href=\"https:\/\/www.sage.com\/fr-fr\/blog\/categorie\/legal-et-reglementation\/\" class=\"entry-header__link\">L\u00e9gal &amp; R\u00e9glementation<\/a>\t\t\t\t\t\t<\/div>\n\t\t\t\t\n\t\t\t\t<div class=\"entry-title-wrapper\">\n\t\t\t\t\t<h1 class=\"entry-title\">\n\t\t\t\t\t\tPr\u00e9l\u00e8vement \u00e0 la source : pour rassurer vos salari\u00e9s, communiquez !\t\t\t\t\t<\/h1>\n\t\t\t\t<\/div>\n\n\t\t\t\t\t\t\t\t\t<p class=\"entry-header__description\">\n\t\t\t\t\t\t\t\t\t\t\t<\/p>\n\t\t\t\t\n\t\t\t\t\n\t\t\t\t\n\t\t\t<\/div>\n\n\t\t\t\t\t<\/div>\n\t\t\t\t\t<\/div>\n\t<\/div>\n\t<div class=\"single-post-details container\">\n\t\t<div class=\"col\">\n\t\t\t<span class=\"posted-on \"><time class=\"entry-date published\" datetime=\"2018-09-17T08:00:02+02:00\">17 septembre 2018<\/time><\/span><span class=\"reading-time\"> min de lecture<\/span>\n\t\t<button\n\t\t\ttype=\"button\"\n\t\t\tclass=\"social-share-button button button--icon button--secondary js-social-share-button\"\n\t\t\tdata-share-title=\"Pr\u00e9l\u00e8vement \u00e0 la source : pour rassurer vos salari\u00e9s, communiquez !\"\n\t\t\tdata-share-url=\"https:\/\/www.sage.com\/fr-fr\/blog\/prelevement-a-la-source-communiquez-pour-rassurer-vos-salaries\/\"\n\t\t\tdata-share-text=\"Veuillez lire cet article int\u00e9ressant\"\n\t\t>\n\t\t\t<span class=\"social-share-button__share-label\">Partager<\/span>\n\t\t\t<span class=\"social-share-button__copy-label\" hidden>Copier le lien<\/span>\n\t\t\t<span class=\"social-share-button__copy-tooltip\" aria-hidden=\"true\" hidden>Copi\u00e9<\/span>\n\t\t<\/button>\n\n\t\t\t\t<\/div>\n\t<\/div>\n<\/header>\n\n\n\n<div class=\"wp-block-post-author has-dark-background-color alignfull\">\n\t<div class=\"container\">\n\t\t<div class=\"col\">\n\t\t\t\t\t\t\t<div class=\"co-authors\">\n\t\t\t\t\t\n\t\t<div class=\"entry-author-wrapper\">\n\t\t\t<a class=\"entry-author\" href=\"https:\/\/www.sage.com\/fr-fr\/blog\/author\/sabineducrot\/\">\n\t\t\t\t<img loading=\"lazy\" decoding=\"async\" width=\"40\" height=\"40\" src=\"https:\/\/www.sage.com\/fr-fr\/blog\/wp-content\/uploads\/sites\/4\/2021\/04\/Sabine-Ducrot-Ciss-350x350.png\" class=\"entry-author__image\" alt=\"\" \/>\t\t\t\t<span class=\"entry-author__name\">Sabine Ducrot-Ciss<\/span>\n\t\t\t<\/a>\n\n\t\t\t\t\t<\/div>\n\n\t\t\t\t\t\t<\/div>\n\t\t\t\t\t<\/div>\n\t<\/div>\n<\/div>\n\n\n\n<p>Le compte \u00e0 rebours est lanc\u00e9 avant le passage au <a href=\"https:\/\/www.sage.com\/fr-fr\/prelevement-a-la-source-pas\/\">pr\u00e9l\u00e8vement \u00e0 la source<\/a>. Au 1er janvier 2019, vos salari\u00e9s verront leur imp\u00f4t sur le revenu d\u00e9duit directement de leur salaire. Vous sentez la pr\u00e9occupation monter en interne au sujet du futur bulletin de paie ? Il vous reste encore quelques mois pour agir.<br>\nNos conseils pour communiquer sereinement et rapidement !<\/p>\n\n\n\n<h2 class=\"wp-block-heading\" id=\"h-formez-vos-gestionnaires-de-paie\">Formez vos gestionnaires de paie<\/h2>\n\n\n\n<p>Ces prochains mois, les questions de l\u2019interne au sujet du pr\u00e9l\u00e8vement \u00e0 la source vont forc\u00e9ment se multiplier. Vos collaborateurs en charge de la paie et des ressources humaines seront en premi\u00e8re ligne pour y r\u00e9pondre : c\u2019est aupr\u00e8s d\u2019eux que les salari\u00e9s vont naturellement se tourner s\u2019ils ont des interrogations, m\u00eame si l\u2019administration fiscale (DGFiP) reste officiellement leur unique interlocuteur. Pour \u00e9viter l&rsquo;engorgement, veillez \u00e0 leur donner, d\u00e8s maintenant, toutes les informations techniques et l\u00e9gales pour qu\u2019ils puissent, \u00e0 leur tour, r\u00e9pondre de mani\u00e8re claire et rapide aux collaborateurs. Des parcours de formation \u00e0 distance et modules e-learning ont \u00e9t\u00e9 d\u00e9velopp\u00e9s pour accompagner et faire monter en comp\u00e9tences les gestionnaires de paie jusqu\u2019\u00e0 la date de basculement. Ils sont adapt\u00e9s \u00e0 la version du logiciel de paie ou de l\u2019application utilis\u00e9e et offrent un cadre d\u2019explication vulgaris\u00e9 pour aider \u00e0 transmettre les messages cl\u00e9s.<\/p>\n\n\n\n<h2 class=\"wp-block-heading\" id=\"h-communiquez-en-interne-a-travers-la-voix-du-dirigeant\">Communiquez en interne \u00e0 travers la voix du dirigeant<\/h2>\n\n\n\n<p>Abordez d\u00e8s que possible la question du pr\u00e9l\u00e8vement \u00e0 la source \u00e0 travers vos canaux de communication interne : d\u2019abord aupr\u00e8s des instances repr\u00e9sentatives du personnel, puis directement aupr\u00e8s de vos salari\u00e9s. Parmi les outils \u00e0 privil\u00e9gier : <a href=\"https:\/\/www.sage.com\/fr-fr\/blog\/tout-savoir-sur-le-prelevement-a-la-source-et-votre-bulletin-de-salaire\/\">brochures explicatives<\/a>, newsletters, r\u00e9unions g\u00e9n\u00e9rales, panneaux d\u2019affichage, \u00e9dito du magazine d\u2019entreprise, actualit\u00e9s de l\u2019intranet ou du r\u00e9seau social d\u2019entreprise, etc. Pour rassurer les collaborateurs face au sujet sensible de la r\u00e9mun\u00e9ration, n\u2019h\u00e9sitez pas \u00e0 faire porter le discours directement par la direction.<br>\nQuatre messages cl\u00e9s doivent \u00eatre rappel\u00e9s en priorit\u00e9 :<\/p>\n\n\n\n<ol class=\"wp-block-list\">\n<li>\u00c0 compter de janvier 2019, les collaborateurs soumis \u00e0 l\u2019imp\u00f4t sur le revenu n\u2019auront plus \u00e0 payer leurs mensualit\u00e9s ou leurs trois tiers : <strong>ils seront pr\u00e9lev\u00e9s directement sur leur salaire et le mode de calcul de l\u2019imp\u00f4t ne changera pas.<\/strong><\/li>\n\n\n\n<li>Ce changement est ma\u00eetris\u00e9 par l\u2019interm\u00e9diaire du <strong>logiciel de paie mis \u00e0 jour pour \u00e9diter les nouveaux bulletins de salaire<\/strong>.<\/li>\n\n\n\n<li><strong>L\u2019administration fiscale reste le seul et unique interlocuteur de vos salari\u00e9s<\/strong> au sujet de l\u2019imp\u00f4t sur le revenu. C\u2019est elle qui d\u00e9termine leur taux de pr\u00e9l\u00e8vement. L\u2019entreprise pourra donc transmettre des informations g\u00e9n\u00e9rales sur le pr\u00e9l\u00e8vement \u00e0 la source, mais en aucun cas r\u00e9pondre aux situations personnelles des salari\u00e9s.<\/li>\n\n\n\n<li>En tant qu\u2019employeur, <strong>vous vous engagez \u00e0 ne pas communiquer le taux de pr\u00e9l\u00e8vement de vos salari\u00e9s \u00e0 des tiers<\/strong>. La confidentialit\u00e9 est une obligation l\u00e9gale. De plus, ces taux ne r\u00e9v\u00e8lent aucune information sp\u00e9cifique sur la situation de vos salari\u00e9s ou leur patrimoine.<\/li>\n<\/ol>\n\n\n\n<p><a href=\"https:\/\/www.sage.com\/fr-fr\/blog\/sinequa-une-entreprise-fin-prete-a-appliquer-le-prelevement-a-la-source\/\">D\u00e9couvrez le t\u00e9moignage d\u2019un client pilote avec Catherine Garnier, Chef Comptable Sinequa<\/a><\/p>\n\n\n<div class=\"video-container-wrap -mode-full\">\n<div class=\"video-container\"><video\n\t\t\t\tclass=\"sage-video video-js vjs-default-skin \"\n\t\t\t\twidth=\"640\"\n\t\t\t\theight=\"360\"\n\t\t\t\tdata-setup='{ \"controls\": true, \"aspectRatio\" : \"16:9\", \"poster\": \"https:\/\/img.youtube.com\/vi\/WuY0vR2YSLY\/hqdefault.jpg\", \"techOrder\": [\"youtube\"], \"enablejsapi\": 1, \"origin\": \"https:\/\/www.sage.com\", \"sources\": [{ \"type\": \"video\/youtube\", \"src\": \"https:\/\/www.youtube.com\/watch?v=WuY0vR2YSLY\"}], \"youtube\": { \"ytControls\": 0, \"cc_load_policy\": 3, \"modestbranding\": 1, \"hl\": \"fr_FR\", \"playsinline\": 1 } }'\n\t\t\t\tcrossorigin=\"\"><\/video><\/div>\n<\/div>\n\n\n\n<h2 class=\"wp-block-heading\" id=\"h-appuyez-vous-sur-les-outils-officiels-du-gouvernement\">Appuyez-vous sur les outils officiels du gouvernement<\/h2>\n\n\n\n<p>Pour accompagner cette \u00e9volution l\u00e9gale du pr\u00e9l\u00e8vement \u00e0 la source, le minist\u00e8re de l\u2019\u00c9conomie et la direction g\u00e9n\u00e9rale des Finances publiques (DGFiP) ont mis en ligne de nombreuses ressources documentaires et p\u00e9dagogiques pour aider les entreprises \u00e0 communiquer aupr\u00e8s de leurs salari\u00e9s. Certains outils sont sp\u00e9cifiquement destin\u00e9s aux chefs d\u2019entreprise, aux RH ou aux collaborateurs des services paie et comptabilit\u00e9. Les kits de communication sont t\u00e9l\u00e9chargeables sur le portail du minist\u00e8re de l\u2019\u00c9conomie. Vous y trouverez des flyers \u00e0 imprimer, des guides techniques, des foires aux questions&#8230; Une panoplie de documents n\u00e9cessaires pour vous aider \u00e0 communiquer simplement.<\/p>\n\n\n\n<h2 class=\"wp-block-heading\" id=\"h-optez-pour-la-prefiguration-sur-le-bulletin-de-paie\">Optez pour la pr\u00e9figuration sur le bulletin de paie<\/h2>\n\n\n\n<p>En mati\u00e8re de communication, offrir une mise en situation concr\u00e8te vaut toutes les explications th\u00e9oriques du monde. D\u00e8s aujourd\u2019hui, les entreprises peuvent opter pour une simulation du pr\u00e9l\u00e8vement \u00e0 la source sur les bulletins de salaire. Autrement dit, vous pouvez fournir des <a href=\"https:\/\/www.sage.com\/fr-fr\/blog\/prelevement-a-la-source-ce-qui-change-sur-bulletin-paie\/\">fiches de paie disposant d\u2019une rubrique o\u00f9 le pr\u00e9l\u00e8vement \u00e0 la source appara\u00eet<\/a> : c\u2019est l\u2019\u00e9tape de pr\u00e9figuration sur le bulletin de paie. Une rubrique donn\u00e9e \u00e0 titre indicatif et p\u00e9dagogique qui permet \u00e0 vos salari\u00e9s de se projeter. Ils peuvent ainsi visualiser, deux ou trois mois en avance, le salaire net d\u2019imp\u00f4t qu\u2019ils percevront dans une configuration de pr\u00e9l\u00e8vement \u00e0 la source &#8211; et donc se familiariser avec leur taux de pr\u00e9l\u00e8vement (en fonction du type de taux choisi lors de leur d\u00e9claration d\u2019imp\u00f4ts : taux du foyer fiscal, taux individualis\u00e9 ou taux non-personnalis\u00e9) et le montant de leur r\u00e9mun\u00e9ration \u00e0 compter de janvier 2019.<\/p>\n\n\n\n<div class=\"single-cta gated-content\">\n\t<div class=\"single-cta__positioner\">\n\t\t<div class=\"single-cta__wrapper has-dark-background-color\">\n\t\t\t<div class=\"single-cta__content\">\n\t\t\t\t\t\t\t\t<h2 class=\"single-cta__title h3\">Tout ce que vous avez toujours voulu savoir sur le pr\u00e9l\u00e8vement \u00e0 la source<\/h2>\n\n\t\t\t\t\n\t\t\t\t\t\t\t\t\t\t\t\t\t\t<a\n\t\t\t\t\t\thref=\"#gate-596c82f7-3aea-4e1f-bcf7-0aa051e02726\"\n\t\t\t\t\t\tclass=\"single-cta__button button button--primary\"\n\t\t\t\t\t\t\t\t\t\t\t\t\t\t\t\t\t>T\u00e9l\u00e9chargez gratuitement le livre blanc<\/a>\n\t\t\t\t\t\t\t<\/div>\n\n\t\t\t\t\t<\/div>\n\n\t\t\t\t\t<img decoding=\"async\" width=\"1248\" height=\"810\" src=\"https:\/\/www.sage.com\/fr-fr\/blog\/wp-content\/uploads\/sites\/4\/2018\/10\/guide-tout-savoir-sur-le-prelevement-a-la-source-PAS_CTA-1248x810.jpg\" class=\"single-cta__image\" alt=\"guide-tout-savoir-sur-le-prelevement-a-la-source-PAS_CTA\" loading=\"lazy\" srcset=\"https:\/\/www.sage.com\/fr-fr\/blog\/wp-content\/uploads\/sites\/4\/2018\/10\/guide-tout-savoir-sur-le-prelevement-a-la-source-PAS_CTA-1248x810.jpg 1248w\" sizes=\"auto, (min-width: 48em) 33vw, 100vw\" \/>\t\t\t<\/div>\n<\/div>\n\n\n\n<h3 class=\"wp-block-heading\" id=\"h-pour-aller-plus-loin\">Pour aller plus loin :<\/h3>\n\n\n\n<ul class=\"wp-block-list\">\n<li><a href=\"https:\/\/www.sage.com\/fr-fr\/blog\/prelevement-a-la-source-prefiguration-logiciel-septembre-2018\/\">Pr\u00e9l\u00e8vement \u00e0 la source : et si vous commenciez d\u00e8s septembre gr\u00e2ce \u00e0 la pr\u00e9figuration ?<\/a><\/li>\n\n\n\n<li><a href=\"https:\/\/www.sage.com\/fr-fr\/blog\/gerer-changements-situation-collaborateurs-prelevement-source\/\">Pr\u00e9l\u00e8vement \u00e0 la source : comment g\u00e9rer les changements de situation de vos salari\u00e9s<\/a><\/li>\n\n\n\n<li><a href=\"https:\/\/www.sage.com\/fr-fr\/blog\/mise-en-place-prelevement-a-la-source-dans-votre-entreprise\/\">Les enjeux li\u00e9s \u00e0 la mise en place du pr\u00e9l\u00e8vement \u00e0 la source<\/a><\/li>\n<\/ul>\n\n\n<div class=\"single-cta\">\n\t<div class=\"single-cta__positioner\">\n\t\t<div class=\"single-cta__wrapper has-dark-background-color\">\n\t\t\t<div class=\"single-cta__content\">\n\t\t\t\t\t\t\t\t<h2 class=\"single-cta__title h3\">Inscrivez-vous \u00e0 la e-newsletter mensuelle<\/h2>\n\n\t\t\t\t\n\t\t\t\t\t\t\t\t\t\t\t\t\t\t<a\n\t\t\t\t\t\thref=\"#gate-a947ade1-e692-455f-94ce-a275d72a9a11\"\n\t\t\t\t\t\tclass=\"single-cta__button button button--primary\"\n\t\t\t\t\t\t\t\t\t\t\t\t\t\t\t\t\t>Je m&#039;abonne<\/a>\n\t\t\t\t\t\t\t<\/div>\n\n\t\t\t\t\t<\/div>\n\n\t\t\t\t\t<img decoding=\"async\" width=\"1024\" height=\"779\" src=\"https:\/\/www.sage.com\/fr-fr\/blog\/wp-content\/uploads\/sites\/4\/2021\/05\/spreadsheets-1024x779-1.jpg\" class=\"single-cta__image\" alt=\"\" loading=\"lazy\" srcset=\"https:\/\/www.sage.com\/fr-fr\/blog\/wp-content\/uploads\/sites\/4\/2021\/05\/spreadsheets-1024x779-1.jpg 1024w\" sizes=\"auto, (min-width: 48em) 33vw, 100vw\" \/>\t\t\t<\/div>\n<\/div>\n","protected":false},"excerpt":{"rendered":"<p>Le compte \u00e0 rebours est lanc\u00e9 avant le passage au pr\u00e9l\u00e8vement \u00e0 la source. Au 1er janvier 2019, vos salari\u00e9s verront leur imp\u00f4t sur le revenu d\u00e9duit directement de leur salaire. Vous sentez la pr\u00e9occupation monter en interne au sujet du futur bulletin de paie ? Il vous reste encore quelques mois pour agir. Nos [&hellip;]<\/p>\n","protected":false},"author":902,"featured_media":4658,"comment_status":"open","ping_status":"closed","sticky":false,"template":"","format":"standard","meta":{"_sage_video":false,"post_featured_image_hide":false,"footnotes":""},"categories":[13],"tags":[141,127],"business_type":[8,9],"lilypad":[],"context":[],"industry":[],"persona":[34,36],"imagine_tag":[714,741,456,460,459,722],"coauthors":[901],"class_list":["post-4657","post","type-post","status-publish","format-standard","has-post-thumbnail","hentry","category-legal-et-reglementation","tag-paie","tag-prelevement-a-la-source-pas","business_type-artisans-et-petites-entreprises","business_type-petites-et-moyennes-entreprises"],"sage_meta":{"region":"fr-fr","author_name":"Sabine Ducrot-Ciss","featured_image":"https:\/\/www.sage.com\/fr-fr\/blog\/wp-content\/uploads\/sites\/4\/2018\/09\/communiquer-aupres-de-vos-salaries-a-propos-du-pas.jpg","imagine_tags":{"714":"Dirigeant de PME","741":"DRH","456":"Gestion Commerciale","460":"Petites Entreprises","459":"Petites et Moyennes Entreprises","722":"Prelevement a la source"}},"distributor_meta":false,"distributor_terms":false,"distributor_media":false,"distributor_original_site_name":"Sage Advice France","distributor_original_site_url":"https:\/\/www.sage.com\/fr-fr\/blog","push-errors":false,"_links":{"self":[{"href":"https:\/\/www.sage.com\/fr-fr\/blog\/api\/wp\/v2\/posts\/4657","targetHints":{"allow":["GET"]}}],"collection":[{"href":"https:\/\/www.sage.com\/fr-fr\/blog\/api\/wp\/v2\/posts"}],"about":[{"href":"https:\/\/www.sage.com\/fr-fr\/blog\/api\/wp\/v2\/types\/post"}],"author":[{"embeddable":true,"href":"https:\/\/www.sage.com\/fr-fr\/blog\/api\/wp\/v2\/users\/902"}],"replies":[{"embeddable":true,"href":"https:\/\/www.sage.com\/fr-fr\/blog\/api\/wp\/v2\/comments?post=4657"}],"version-history":[{"count":0,"href":"https:\/\/www.sage.com\/fr-fr\/blog\/api\/wp\/v2\/posts\/4657\/revisions"}],"wp:featuredmedia":[{"embeddable":true,"href":"https:\/\/www.sage.com\/fr-fr\/blog\/api\/wp\/v2\/media\/4658"}],"wp:attachment":[{"href":"https:\/\/www.sage.com\/fr-fr\/blog\/api\/wp\/v2\/media?parent=4657"}],"wp:term":[{"taxonomy":"category","embeddable":true,"href":"https:\/\/www.sage.com\/fr-fr\/blog\/api\/wp\/v2\/categories?post=4657"},{"taxonomy":"post_tag","embeddable":true,"href":"https:\/\/www.sage.com\/fr-fr\/blog\/api\/wp\/v2\/tags?post=4657"},{"taxonomy":"business_type","embeddable":true,"href":"https:\/\/www.sage.com\/fr-fr\/blog\/api\/wp\/v2\/business_type?post=4657"},{"taxonomy":"lilypad","embeddable":true,"href":"https:\/\/www.sage.com\/fr-fr\/blog\/api\/wp\/v2\/lilypad?post=4657"},{"taxonomy":"context","embeddable":true,"href":"https:\/\/www.sage.com\/fr-fr\/blog\/api\/wp\/v2\/context?post=4657"},{"taxonomy":"industry","embeddable":true,"href":"https:\/\/www.sage.com\/fr-fr\/blog\/api\/wp\/v2\/industry?post=4657"},{"taxonomy":"persona","embeddable":true,"href":"https:\/\/www.sage.com\/fr-fr\/blog\/api\/wp\/v2\/persona?post=4657"},{"taxonomy":"imagine_tag","embeddable":true,"href":"https:\/\/www.sage.com\/fr-fr\/blog\/api\/wp\/v2\/imagine_tag?post=4657"},{"taxonomy":"author","embeddable":true,"href":"https:\/\/www.sage.com\/fr-fr\/blog\/api\/wp\/v2\/coauthors?post=4657"}],"curies":[{"name":"wp","href":"https:\/\/api.w.org\/{rel}","templated":true}]}}