{"id":603,"date":"2017-07-26T00:00:00","date_gmt":"2017-07-26T00:00:00","guid":{"rendered":"https:\/\/www.sage.com\/fr-fr\/blog\/comment-deployer-le-teletravail-dans-votre-entreprise\/"},"modified":"2026-02-05T15:06:32","modified_gmt":"2026-02-05T14:06:32","slug":"teletravail-legislation-conseils-entreprise","status":"publish","type":"post","link":"https:\/\/www.sage.com\/fr-fr\/blog\/teletravail-legislation-conseils-entreprise\/","title":{"rendered":"Comment d\u00e9ployer le t\u00e9l\u00e9travail dans votre entreprise ?"},"content":{"rendered":"<header class=\"entry-header has-dark-background-color entry-header--has-illustration entry-header--has-illustration--generic\">\n\t<div class=\"container\">\n\t\t<div class=\"entry-header__row row align-center\">\n\t\t\t<div class=\"col col-lg-7 col-xlg-6 entry-header__content\">\n\t\t\t\t\t\t\t<div class=\"component component-single-header\">\n\t\t\t\t\t\t\t\t\t\t<div class=\"entry-header__misc text--subtitle text--uppercase text--small\">\n\t\t\t\t\t\t\t<a href=\"https:\/\/www.sage.com\/fr-fr\/blog\/categorie\/management-et-rh\/\" class=\"entry-header__link\">Management &amp; RH<\/a>\t\t\t\t\t\t<\/div>\n\t\t\t\t\n\t\t\t\t<div class=\"entry-title-wrapper\">\n\t\t\t\t\t<h1 class=\"entry-title\">\n\t\t\t\t\t\tComment d\u00e9ployer le t\u00e9l\u00e9travail dans votre entreprise ?\t\t\t\t\t<\/h1>\n\t\t\t\t<\/div>\n\n\t\t\t\t\t\t\t\t\t<p class=\"entry-header__description\">\n\t\t\t\t\t\t\t\t\t\t\t<\/p>\n\t\t\t\t\n\t\t\t\t\n\t\t\t\t\n\t\t\t<\/div>\n\n\t\t\t\t\t<\/div>\n\t\t\t\t\t<\/div>\n\t<\/div>\n\t<div class=\"single-post-details container\">\n\t\t<div class=\"col\">\n\t\t\t<span class=\"posted-on \"><time class=\"entry-date published\" datetime=\"2017-07-26T00:00:00+02:00\">July 26, 2017<\/time><\/span><span class=\"reading-time\"> min de lecture<\/span>\n\t\t<button\n\t\t\ttype=\"button\"\n\t\t\tclass=\"social-share-button button button--icon button--secondary js-social-share-button\"\n\t\t\tdata-share-title=\"Comment d\u00e9ployer le t\u00e9l\u00e9travail dans votre entreprise ?\"\n\t\t\tdata-share-url=\"https:\/\/www.sage.com\/fr-fr\/blog\/teletravail-legislation-conseils-entreprise\/\"\n\t\t\tdata-share-text=\"Veuillez lire cet article int\u00e9ressant\"\n\t\t>\n\t\t\t<span class=\"social-share-button__share-label\">Partager<\/span>\n\t\t\t<span class=\"social-share-button__copy-label\" hidden>Copier le lien<\/span>\n\t\t\t<span class=\"social-share-button__copy-tooltip\" aria-hidden=\"true\" hidden>Copi\u00e9<\/span>\n\t\t<\/button>\n\n\t\t\t\t<\/div>\n\t<\/div>\n<\/header>\n\n\n\n<div class=\"wp-block-post-author has-dark-background-color alignfull\">\n\t<div class=\"container\">\n\t\t<div class=\"col\">\n\t\t\t\t\t\t\t<div class=\"co-authors\">\n\t\t\t\t\t\n\t\t<div class=\"entry-author-wrapper\">\n\t\t\t<a class=\"entry-author\" href=\"https:\/\/www.sage.com\/fr-fr\/blog\/author\/romainjacquier\/\">\n\t\t\t\t<img loading=\"lazy\" decoding=\"async\" width=\"40\" height=\"40\" src=\"https:\/\/www.sage.com\/fr-fr\/blog\/wp-content\/uploads\/sites\/4\/2024\/07\/Romain-Jacquier-350x350.jpg\" class=\"entry-author__image\" alt=\"Romain Jacquier\" srcset=\"https:\/\/www.sage.com\/fr-fr\/blog\/wp-content\/uploads\/sites\/4\/2024\/07\/Romain-Jacquier-350x350.jpg 350w, https:\/\/www.sage.com\/fr-fr\/blog\/wp-content\/uploads\/sites\/4\/2024\/07\/Romain-Jacquier-768x768.jpg 768w, https:\/\/www.sage.com\/fr-fr\/blog\/wp-content\/uploads\/sites\/4\/2024\/07\/Romain-Jacquier.jpg 800w\" sizes=\"auto, (max-width: 40px) 100vw, 40px\" \/>\t\t\t\t<span class=\"entry-author__name\">Romain Jacquier<\/span>\n\t\t\t<\/a>\n\n\t\t\t\t\t<\/div>\n\n\t\t\t\t\t\t<\/div>\n\t\t\t\t\t<\/div>\n\t<\/div>\n<\/div>\n\n\n\n<p><strong>Pl\u00e9biscit\u00e9 par les salari\u00e9s et facilit\u00e9 par les outils mobiles et les technologies du cloud, le \u00ab home office \u00bb a plus que jamais le vent en poupe. Son atout ? Il promet de concilier <a href=\"https:\/\/www.sage.com\/fr-fr\/blog\/teletravail-croissance-entreprise\/\">productivit\u00e9 et bien-\u00eatre<\/a>. Si cette forme d&#8217;organisation du travail se d\u00e9veloppe \u00e0 vitesse grand V dans les entreprises fran\u00e7aises, elle reste encore souvent pratiqu\u00e9e de mani\u00e8re informelle.<\/strong><\/p>\n\n\n\n<h2 class=\"wp-block-heading\" id=\"h-quel-cadre-legal\">Quel cadre l\u00e9gal?<\/h2>\n\n\n\n<p>Plusieurs textes encadrent le t\u00e9l\u00e9travail en France. Dans le priv\u00e9, cette pratique est r\u00e9gie par un accord national interprofessionnel (ANI) de 2005, qui a \u00e9t\u00e9 transpos\u00e9 dans l&#8217;article 46 du Code du Travail par le biais de la Loi Warsmann de 2012. Depuis lors, cette pratique a acquis une vraie l\u00e9gitimit\u00e9 en entreprise.<\/p>\n\n\n\n<h2 class=\"wp-block-heading\" id=\"h-quelles-obligations-pour-l-employeur\">Quelles obligations pour l&#8217;employeur ?<\/h2>\n\n\n\n<p>Parmi les grands principes qui r\u00e9gissent le t\u00e9l\u00e9travail, on trouve d&#8217;abord les notions de volontariat et de r\u00e9versibilit\u00e9. Autrement dit, l&#8217;entreprise ne peut en aucun cas imposer \u00e0 ses salari\u00e9s de t\u00e9l\u00e9travailler, sauf en cas de circonstances exceptionnelles d\u00e9cr\u00e9t\u00e9es par le Conseil d&#8217;Etat. Elle est par ailleurs tenue de pr\u00e9ciser les modalit\u00e9s d&#8217;exercice du t\u00e9l\u00e9travail dans le cadre du contrat de travail ou d&#8217;un avenant &#8211; mais aussi les conditions de retour en arri\u00e8re. La loi pr\u00e9voit en outre que l&#8217;employeur prenne en charge les co\u00fbts de fonctionnement et de maintenance li\u00e9s au t\u00e9l\u00e9travail : \u00e9quipements, abonnements ou frais t\u00e9l\u00e9phoniques, par exemple. Il se doit d&#8217;ailleurs d&#8217;informer le t\u00e9l\u00e9travailleur des \u00e9ventuelles restrictions d&#8217;usage des outils digitaux en mobilit\u00e9 &#8211; et les sanctions associ\u00e9es. Par d\u00e9faut, le t\u00e9l\u00e9travailleur b\u00e9n\u00e9ficie des m\u00eames r\u00e8gles relatives \u00e0 la dur\u00e9e de travail que les autres salari\u00e9s de l&#8217;entreprise en vertu des conventions collectives et r\u00e8gles applicables. Toutefois, les plages horaires pendant lesquelles le t\u00e9l\u00e9travailleur doit rester joignable doivent \u00eatre d\u00e9termin\u00e9es en concertation avec le salari\u00e9. Enfin, un entretien annuel avec le salari\u00e9 t\u00e9l\u00e9travailleur est obligatoire pour faire le point sur la charge et les conditions de travail.<\/p>\n\n\n\n<h2 class=\"wp-block-heading\" id=\"h-encadrer-et-regulariser-le-teletravail-une-necessite\">Encadrer et r\u00e9gulariser le t\u00e9l\u00e9travail: une n\u00e9cessit\u00e9<\/h2>\n\n\n\n<p>Il est utile de <strong>distinguer le t\u00e9l\u00e9travailleur qui exerce 100 % du temps \u00e0 domicile du t\u00e9l\u00e9travailleur dit \u00ab nomade \u00bb<\/strong>, qui travaille de chez lui (ou dans un tiers-lieu) tous les lundis et vendredis, par exemple. C&#8217;est d&#8217;ailleurs plut\u00f4t cette seconde forme d&#8217;organisation qui conna\u00eet un grand boom. <strong>L&#8217;enjeu : permettre aux collaborateurs de gagner du temps sur les trajets domicile-travail et ainsi les aider \u00e0 mieux concilier vie priv\u00e9e et professionnelle<\/strong>. En revanche, si l&#8217;on se r\u00e9f\u00e8re \u00e0 la d\u00e9finition du Code du travail, les salari\u00e9s qui travaillent en \u00ab home-office \u00bb de temps en temps, sur une base non-r\u00e9guli\u00e8re, ne sont pas l\u00e9galement consid\u00e9r\u00e9s comme t\u00e9l\u00e9travailleurs. Alors que dans les faits, ceux qui t\u00e9l\u00e9travaillent sur la base d&#8217;un simple accord oral ou tacite avec leur manager repr\u00e9sentent l&#8217;immense face cach\u00e9e de l&#8217;iceberg.<\/p>\n\n\n\n<p>Ce type de t\u00e9l\u00e9travail parfois qualifi\u00e9 de \u00ab gris \u00bb ou de \u00ab noir \u00bb n&#8217;est pas sans risque pour l&#8217;entreprise. Outre <strong>les probl\u00e9matiques d&#8217;assurances et d&#8217;accidents du travail<\/strong>, le t\u00e9l\u00e9travail non d\u00e9clar\u00e9 peut surtout g\u00e9n\u00e9rer des tensions internes et une cacophonie sur le plan manag\u00e9rial, car <strong>elle touche \u00e0 la culture et l&#8217;organisation-m\u00eame de l&#8217;entreprise<\/strong>. Pour encadrer sereinement cette pratique dans votre entreprise, une phase de concertation et d&#8217;exp\u00e9rimentation avec les salari\u00e9s sur la base d&#8217;un accord d&#8217;entreprise n\u00e9goci\u00e9 avec les partenaires syndicaux appara\u00eet comme un pr\u00e9alable tout \u00e0 fait indispensable.<\/p>\n","protected":false},"excerpt":{"rendered":"<p>Pl\u00e9biscit\u00e9 par les salari\u00e9s et facilit\u00e9 par les outils mobiles et les technologies du cloud, le \u00ab home office \u00bb a plus que jamais le vent en poupe. Son atout ? Il promet de concilier productivit\u00e9 et bien-\u00eatre. Si cette forme d&#8217;organisation du travail se d\u00e9veloppe \u00e0 vitesse grand V dans les entreprises fran\u00e7aises, elle [&hellip;]<\/p>\n","protected":false},"author":358,"featured_media":9316,"comment_status":"open","ping_status":"closed","sticky":false,"template":"","format":"standard","meta":{"_sage_video":false,"post_featured_image_hide":false,"footnotes":""},"categories":[56],"tags":[590],"business_type":[8,9],"lilypad":[],"context":[],"industry":[23,24,25,26],"persona":[34,36],"imagine_tag":[454],"coauthors":[928],"class_list":["post-603","post","type-post","status-publish","format-standard","has-post-thumbnail","hentry","category-management-et-rh","tag-bien-etre-au-travail","business_type-artisans-et-petites-entreprises","business_type-petites-et-moyennes-entreprises","industry-btp","industry-industrie","industry-negoce","industry-services"],"sage_meta":{"region":"fr-fr","author_name":"Romain Jacquier","featured_image":"https:\/\/www.sage.com\/fr-fr\/blog\/wp-content\/uploads\/sites\/4\/2021\/04\/GettyImages-513423516_super-21024x683-1.jpg","imagine_tags":{"454":"Paie et RH"}},"distributor_meta":false,"distributor_terms":false,"distributor_media":false,"distributor_original_site_name":"Sage Advice France","distributor_original_site_url":"https:\/\/www.sage.com\/fr-fr\/blog","push-errors":false,"_links":{"self":[{"href":"https:\/\/www.sage.com\/fr-fr\/blog\/api\/wp\/v2\/posts\/603","targetHints":{"allow":["GET"]}}],"collection":[{"href":"https:\/\/www.sage.com\/fr-fr\/blog\/api\/wp\/v2\/posts"}],"about":[{"href":"https:\/\/www.sage.com\/fr-fr\/blog\/api\/wp\/v2\/types\/post"}],"author":[{"embeddable":true,"href":"https:\/\/www.sage.com\/fr-fr\/blog\/api\/wp\/v2\/users\/358"}],"replies":[{"embeddable":true,"href":"https:\/\/www.sage.com\/fr-fr\/blog\/api\/wp\/v2\/comments?post=603"}],"version-history":[{"count":0,"href":"https:\/\/www.sage.com\/fr-fr\/blog\/api\/wp\/v2\/posts\/603\/revisions"}],"wp:featuredmedia":[{"embeddable":true,"href":"https:\/\/www.sage.com\/fr-fr\/blog\/api\/wp\/v2\/media\/9316"}],"wp:attachment":[{"href":"https:\/\/www.sage.com\/fr-fr\/blog\/api\/wp\/v2\/media?parent=603"}],"wp:term":[{"taxonomy":"category","embeddable":true,"href":"https:\/\/www.sage.com\/fr-fr\/blog\/api\/wp\/v2\/categories?post=603"},{"taxonomy":"post_tag","embeddable":true,"href":"https:\/\/www.sage.com\/fr-fr\/blog\/api\/wp\/v2\/tags?post=603"},{"taxonomy":"business_type","embeddable":true,"href":"https:\/\/www.sage.com\/fr-fr\/blog\/api\/wp\/v2\/business_type?post=603"},{"taxonomy":"lilypad","embeddable":true,"href":"https:\/\/www.sage.com\/fr-fr\/blog\/api\/wp\/v2\/lilypad?post=603"},{"taxonomy":"context","embeddable":true,"href":"https:\/\/www.sage.com\/fr-fr\/blog\/api\/wp\/v2\/context?post=603"},{"taxonomy":"industry","embeddable":true,"href":"https:\/\/www.sage.com\/fr-fr\/blog\/api\/wp\/v2\/industry?post=603"},{"taxonomy":"persona","embeddable":true,"href":"https:\/\/www.sage.com\/fr-fr\/blog\/api\/wp\/v2\/persona?post=603"},{"taxonomy":"imagine_tag","embeddable":true,"href":"https:\/\/www.sage.com\/fr-fr\/blog\/api\/wp\/v2\/imagine_tag?post=603"},{"taxonomy":"author","embeddable":true,"href":"https:\/\/www.sage.com\/fr-fr\/blog\/api\/wp\/v2\/coauthors?post=603"}],"curies":[{"name":"wp","href":"https:\/\/api.w.org\/{rel}","templated":true}]}}