{"id":646,"date":"2017-08-08T14:34:50","date_gmt":"2017-08-08T14:34:50","guid":{"rendered":"http:\/\/www.sage.com\/fr-fr\/blog\/?p=646"},"modified":"2026-02-11T13:02:55","modified_gmt":"2026-02-11T12:02:55","slug":"modeles-cloud-public-prive-hybride","status":"publish","type":"post","link":"https:\/\/www.sage.com\/fr-fr\/blog\/modeles-cloud-public-prive-hybride\/","title":{"rendered":"Public, priv\u00e9, hybride : quel cloud adopter ?"},"content":{"rendered":"<header class=\"entry-header has-dark-background-color entry-header--has-illustration entry-header--has-illustration--generic\">\n\t<div class=\"container\">\n\t\t<div class=\"entry-header__row row align-center\">\n\t\t\t<div class=\"col col-lg-7 col-xlg-6 entry-header__content\">\n\t\t\t\t\t\t\t<div class=\"component component-single-header\">\n\t\t\t\t\t\t\t\t\t\t<div class=\"entry-header__misc text--subtitle text--uppercase text--small\">\n\t\t\t\t\t\t\t<a href=\"https:\/\/www.sage.com\/fr-fr\/blog\/categorie\/digitalisation-et-tendances\/\" class=\"entry-header__link\">Digitalisation &amp; Tendances<\/a>\t\t\t\t\t\t<\/div>\n\t\t\t\t\n\t\t\t\t<div class=\"entry-title-wrapper\">\n\t\t\t\t\t<h1 class=\"entry-title\">\n\t\t\t\t\t\tPublic, priv\u00e9, hybride : quel cloud adopter ?\t\t\t\t\t<\/h1>\n\t\t\t\t<\/div>\n\n\t\t\t\t\t\t\t\t\t<p class=\"entry-header__description\">\n\t\t\t\t\t\t\t\t\t\t\t<\/p>\n\t\t\t\t\n\t\t\t\t\n\t\t\t\t\n\t\t\t<\/div>\n\n\t\t\t\t\t<\/div>\n\t\t\t\t\t<\/div>\n\t<\/div>\n\t<div class=\"single-post-details container\">\n\t\t<div class=\"col\">\n\t\t\t<span class=\"posted-on \"><time class=\"entry-date published\" datetime=\"2017-08-08T14:34:50+02:00\">8 ao\u00fbt 2017<\/time><\/span><span class=\"reading-time\"> min de lecture<\/span>\n\t\t<button\n\t\t\ttype=\"button\"\n\t\t\tclass=\"social-share-button button button--icon button--secondary js-social-share-button\"\n\t\t\tdata-share-title=\"Public, priv\u00e9, hybride : quel cloud adopter ?\"\n\t\t\tdata-share-url=\"https:\/\/www.sage.com\/fr-fr\/blog\/modeles-cloud-public-prive-hybride\/\"\n\t\t\tdata-share-text=\"Veuillez lire cet article int\u00e9ressant\"\n\t\t>\n\t\t\t<span class=\"social-share-button__share-label\">Partager<\/span>\n\t\t\t<span class=\"social-share-button__copy-label\" hidden>Copier le lien<\/span>\n\t\t\t<span class=\"social-share-button__copy-tooltip\" aria-hidden=\"true\" hidden>Copi\u00e9<\/span>\n\t\t<\/button>\n\n\t\t\t\t<\/div>\n\t<\/div>\n<\/header>\n\n\n\n<div class=\"wp-block-post-author has-dark-background-color alignfull\">\n\t<div class=\"container\">\n\t\t<div class=\"col\">\n\t\t\t\t\t\t\t<div class=\"co-authors\">\n\t\t\t\t\t\n\t\t<div class=\"entry-author-wrapper\">\n\t\t\t<a class=\"entry-author\" href=\"https:\/\/www.sage.com\/fr-fr\/blog\/author\/alexandremartinez\/\">\n\t\t\t\t<img loading=\"lazy\" decoding=\"async\" width=\"40\" height=\"40\" src=\"https:\/\/www.sage.com\/fr-fr\/blog\/wp-content\/uploads\/sites\/4\/2017\/10\/Martinez-Alexandre-350x350.jpg\" class=\"entry-author__image\" alt=\"\" \/>\t\t\t\t<span class=\"entry-author__name\">Alexandre Martinez<\/span>\n\t\t\t<\/a>\n\n\t\t\t\t\t<\/div>\n\n\t\t\t\t\t\t<\/div>\n\t\t\t\t\t<\/div>\n\t<\/div>\n<\/div>\n\n\n\n<p><strong>2017 s\u2019annonce comme un tournant dans le Cloud avec une acc\u00e9l\u00e9ration massive de son adoption. Il s\u2019impose comme un socle d\u2019architecture en soutien du num\u00e9rique. Mais quel mod\u00e8le privil\u00e9gier \u00e0 l\u2019heure du choix ?<\/strong><\/p>\n\n\n\n<p>L\u2019\u00e9volution n\u00e9cessaire des Syst\u00e8mes d\u2019information (SI) passe par le Cloud. C\u2019est aujourd\u2019hui une \u00e9vidence. Pour les DSI, il est consid\u00e9r\u00e9 comme le nouveau standard pour tous les d\u00e9veloppements. \u00ab Plus aucun projet de transformation num\u00e9rique ne se fait en dehors du Cloud \u00bb, affirment les analystes d\u2019IDC.<\/p>\n\n\n\n<p>Facilit\u00e9 des usages, flexibilit\u00e9, r\u00e9duction des co\u00fbts (dont le passage d\u2019une logique CAPEX \u00e0 l\u2019OPEX)\u2026 : les principaux atouts sont connus et r\u00e9p\u00e9t\u00e9s \u00e0 l\u2019envie.<\/p>\n\n\n\n<p>Mais si le basculement vers le Cloud est acquis, il reste \u00e0 retenir l\u2019option la mieux adapt\u00e9e \u00e0 ses besoins et exigences. Cloud public, priv\u00e9 ou hybride, lequel choisir&nbsp;?<\/p>\n\n\n\n<h2 class=\"wp-block-heading\" id=\"h-le-cloud-public-pour-la-reactivite\">Le Cloud public : pour la r\u00e9activit\u00e9<\/h2>\n\n\n\n<p>La mutualisation des ressources et de la puissance de traitement offertes par le cloud public convient pour&nbsp;<strong>r\u00e9agir efficacement aux pics de travail ou aux besoins importants, mais ponctuels<\/strong>. Autre avantage, les t\u00e2ches de maintenance sont assur\u00e9es par le fournisseur du Cloud. Revers de la m\u00e9daille :&nbsp;<strong>le co\u00fbt \u00e9lev\u00e9<\/strong>&nbsp;de cette formule qui doit rester une option, dans un plan plus stable. Un recours trop fr\u00e9quent peut grever le budget. Enfin, le Cloud public n\u2019est pas adapt\u00e9 \u00e0 des contraintes particuli\u00e8res, comme celles des secteurs sensibles o\u00f9&nbsp;<strong>la confidentialit\u00e9 des donn\u00e9es<\/strong>&nbsp;doit \u00eatre parfaitement contr\u00f4l\u00e9e par l\u2019entreprise elle-m\u00eame.<\/p>\n\n\n\n<h2 class=\"wp-block-heading\" id=\"h-le-cloud-prive-pour-la-maitrise-des-couts\">Le Cloud priv\u00e9 : pour la ma\u00eetrise des co\u00fbts<\/h2>\n\n\n\n<p>\u00c0 l\u2019oppos\u00e9 du Cloud public,&nbsp;<strong>le Cloud priv\u00e9 permet de ma\u00eetriser la protection des informations et les co\u00fbts<\/strong>\u2026 \u00e0 condition d\u2019en avoir le besoin. S\u2019il r\u00e9pond aux contraintes de certains m\u00e9tiers, tr\u00e8s peu d\u2019entreprises ont besoin de poss\u00e9der, op\u00e9rer et automatiser leur propre centre de donn\u00e9es\u2026 Cette option&nbsp;<strong>implique de lourds investissements en moyens<\/strong>&nbsp;(mat\u00e9riels et logiciels) et en gestion de l\u2019infrastructure (maintenance, mise \u00e0 jour, administration de la s\u00e9curit\u00e9, r\u00e9silience\u2026).<\/p>\n\n\n\n<h2 class=\"wp-block-heading\" id=\"h-le-cloud-hybride-le-bon-compromis\">Le Cloud hybride : le bon compromis<\/h2>\n\n\n\n<p>La combinaison d\u2019infrastructures \u00ab on premises \u00bb et de services mutualis\u00e9s permet de b\u00e9n\u00e9ficier des atouts des Clouds priv\u00e9 et public. Cette alternative facilite \u00e9galement la modernisation de son patrimoine applicatif (ou \u201clegacy\u201d). Mais elle suppose une parfaite interop\u00e9rabilit\u00e9 entre les diff\u00e9rentes solutions, d\u2019o\u00f9 un risque de surcro\u00eet de gestion.<\/p>\n\n\n\n<h2 class=\"wp-block-heading\" id=\"h-quel-que-soit-le-modele-retenu-la-migration-vers-le-cloud-doit-etre-capable-de-repondre-a-trois-problematiques\">Quel que soit le mod\u00e8le retenu, la migration vers le Cloud doit \u00eatre capable de r\u00e9pondre \u00e0 trois probl\u00e9matiques.<\/h2>\n\n\n\n<ul class=\"wp-block-list\">\n<li>Premi\u00e8rement, est-il possible de\u00a0<strong>mesurer l\u2019agilit\u00e9 acquise<\/strong>\u00a0apr\u00e8s ce basculement\u00a0? Les retours sur investissement ne sont pas toujours faciles \u00e0 justifier.<\/li>\n\n\n\n<li>Deuxi\u00e8mement, le Cloud a-t-il permis d\u2019<strong>endiguer le d\u00e9veloppement du Shadow IT<\/strong>\u00a0? La facilit\u00e9 d\u2019usage et d\u2019inscription \u00e0 des Clouds publics incite en effet des m\u00e9tiers \u00e0 souscrire \u00e0 une offre avec une carte bancaire sans en avertir la DSI. Quid de la ma\u00eetrise des co\u00fbts et de la garantie de conformit\u00e9 r\u00e9glementaire.<\/li>\n\n\n\n<li>Enfin,\u00a0<strong>les failles d\u2019une int\u00e9gration plus ou moins pouss\u00e9e du Cloud dans le SI ont-elles \u00e9t\u00e9 bien audit\u00e9es et contr\u00f4l\u00e9es<\/strong>. Si la s\u00e9curit\u00e9 des datacenters n\u2019est pas \u00e0 remettre en cause, des vuln\u00e9rabilit\u00e9s et des risques peuvent subsister entre\u2026 la chaise et le clavier ! Les erreurs humaines, les tentatives de fuites de donn\u00e9es en interne, l\u2019infiltration d\u2019un code malveillant dans des dossiers partag\u00e9s\u2026 Ce sont autant de menaces qu\u2019il convient de surveiller de tr\u00e8s pr\u00e8s. La protection du patrimoine informatif des entreprises passe n\u00e9cessairement par\u00a0<strong>un renforcement des contr\u00f4les des acc\u00e8s et des identit\u00e9s et par des formations de sensibilisation<\/strong>\u00a0de tous les m\u00e9tiers afin qu\u2019ils acqui\u00e8rent une \u00ab hygi\u00e8ne de s\u00e9curit\u00e9 \u00bb.<\/li>\n<\/ul>\n\n\n\n<p>S\u2019il n\u2019existe pas de formule standard, un audit des contraintes et besoins de votre entreprise vous permettra d\u2019\u00e9valuer la bonne formule \u00e0 mettre en place, les conditions du d\u00e9ploiement et de trouver le partenaire id\u00e9al.<\/p>\n","protected":false},"excerpt":{"rendered":"<p>2017 s\u2019annonce comme un tournant dans le Cloud avec une acc\u00e9l\u00e9ration massive de son adoption. Il s\u2019impose comme un socle d\u2019architecture en soutien du num\u00e9rique. Mais quel mod\u00e8le privil\u00e9gier \u00e0 l\u2019heure du choix ? L\u2019\u00e9volution n\u00e9cessaire des Syst\u00e8mes d\u2019information (SI) passe par le Cloud. C\u2019est aujourd\u2019hui une \u00e9vidence. Pour les DSI, il est consid\u00e9r\u00e9 comme [&hellip;]<\/p>\n","protected":false},"author":355,"featured_media":9669,"comment_status":"open","ping_status":"closed","sticky":false,"template":"","format":"standard","meta":{"_sage_video":false,"post_featured_image_hide":false,"footnotes":""},"categories":[16],"tags":[150,224,779],"business_type":[8,9],"lilypad":[],"context":[],"industry":[23,24,25,26],"persona":[35,34,36,37],"imagine_tag":[439],"coauthors":[927],"class_list":["post-646","post","type-post","status-publish","format-standard","has-post-thumbnail","hentry","category-digitalisation-et-tendances","tag-devis-et-gestion-commerciale","tag-ia-digitalisation","tag-it-informatique-infra-reseaux","business_type-artisans-et-petites-entreprises","business_type-petites-et-moyennes-entreprises","industry-btp","industry-industrie","industry-negoce","industry-services"],"sage_meta":{"region":"fr-fr","author_name":"Alexandre Martinez","featured_image":"https:\/\/www.sage.com\/fr-fr\/blog\/wp-content\/uploads\/sites\/4\/2021\/05\/Sage-newcastle0353-1024x779-1.jpg","imagine_tags":{"439":"Cloud"}},"distributor_meta":false,"distributor_terms":false,"distributor_media":false,"distributor_original_site_name":"Sage Advice France","distributor_original_site_url":"https:\/\/www.sage.com\/fr-fr\/blog","push-errors":false,"_links":{"self":[{"href":"https:\/\/www.sage.com\/fr-fr\/blog\/api\/wp\/v2\/posts\/646","targetHints":{"allow":["GET"]}}],"collection":[{"href":"https:\/\/www.sage.com\/fr-fr\/blog\/api\/wp\/v2\/posts"}],"about":[{"href":"https:\/\/www.sage.com\/fr-fr\/blog\/api\/wp\/v2\/types\/post"}],"author":[{"embeddable":true,"href":"https:\/\/www.sage.com\/fr-fr\/blog\/api\/wp\/v2\/users\/355"}],"replies":[{"embeddable":true,"href":"https:\/\/www.sage.com\/fr-fr\/blog\/api\/wp\/v2\/comments?post=646"}],"version-history":[{"count":0,"href":"https:\/\/www.sage.com\/fr-fr\/blog\/api\/wp\/v2\/posts\/646\/revisions"}],"wp:featuredmedia":[{"embeddable":true,"href":"https:\/\/www.sage.com\/fr-fr\/blog\/api\/wp\/v2\/media\/9669"}],"wp:attachment":[{"href":"https:\/\/www.sage.com\/fr-fr\/blog\/api\/wp\/v2\/media?parent=646"}],"wp:term":[{"taxonomy":"category","embeddable":true,"href":"https:\/\/www.sage.com\/fr-fr\/blog\/api\/wp\/v2\/categories?post=646"},{"taxonomy":"post_tag","embeddable":true,"href":"https:\/\/www.sage.com\/fr-fr\/blog\/api\/wp\/v2\/tags?post=646"},{"taxonomy":"business_type","embeddable":true,"href":"https:\/\/www.sage.com\/fr-fr\/blog\/api\/wp\/v2\/business_type?post=646"},{"taxonomy":"lilypad","embeddable":true,"href":"https:\/\/www.sage.com\/fr-fr\/blog\/api\/wp\/v2\/lilypad?post=646"},{"taxonomy":"context","embeddable":true,"href":"https:\/\/www.sage.com\/fr-fr\/blog\/api\/wp\/v2\/context?post=646"},{"taxonomy":"industry","embeddable":true,"href":"https:\/\/www.sage.com\/fr-fr\/blog\/api\/wp\/v2\/industry?post=646"},{"taxonomy":"persona","embeddable":true,"href":"https:\/\/www.sage.com\/fr-fr\/blog\/api\/wp\/v2\/persona?post=646"},{"taxonomy":"imagine_tag","embeddable":true,"href":"https:\/\/www.sage.com\/fr-fr\/blog\/api\/wp\/v2\/imagine_tag?post=646"},{"taxonomy":"author","embeddable":true,"href":"https:\/\/www.sage.com\/fr-fr\/blog\/api\/wp\/v2\/coauthors?post=646"}],"curies":[{"name":"wp","href":"https:\/\/api.w.org\/{rel}","templated":true}]}}