{"id":6565,"date":"2018-11-14T12:22:10","date_gmt":"2018-11-14T11:22:10","guid":{"rendered":"https:\/\/www.sage.com\/fr-fr\/blog\/?p=6565"},"modified":"2026-02-13T12:46:57","modified_gmt":"2026-02-13T11:46:57","slug":"pas-decalage-paie-pret-decembre-2018-conforme-janvier-2019","status":"publish","type":"post","link":"https:\/\/www.sage.com\/fr-fr\/blog\/pas-decalage-paie-pret-decembre-2018-conforme-janvier-2019\/","title":{"rendered":"Pr\u00e9l\u00e8vement \u00e0 la source et d\u00e9calage de paie : soyez pr\u00eat d\u00e8s d\u00e9cembre 2018 pour \u00eatre conforme au 1er janvier 2019"},"content":{"rendered":"<header class=\"entry-header has-dark-background-color entry-header--has-illustration entry-header--has-illustration--generic\">\n\t<div class=\"container\">\n\t\t<div class=\"entry-header__row row align-center\">\n\t\t\t<div class=\"col col-lg-7 col-xlg-6 entry-header__content\">\n\t\t\t\t\t\t\t<div class=\"component component-single-header\">\n\t\t\t\t\t\t\t\t\t\t<div class=\"entry-header__misc text--subtitle text--uppercase text--small\">\n\t\t\t\t\t\t\t<a href=\"https:\/\/www.sage.com\/fr-fr\/blog\/categorie\/legal-et-reglementation\/\" class=\"entry-header__link\">L\u00e9gal &amp; R\u00e9glementation<\/a>\t\t\t\t\t\t<\/div>\n\t\t\t\t\n\t\t\t\t<div class=\"entry-title-wrapper\">\n\t\t\t\t\t<h1 class=\"entry-title\">\n\t\t\t\t\t\tPr\u00e9l\u00e8vement \u00e0 la source et d\u00e9calage de paie : soyez pr\u00eat d\u00e8s d\u00e9cembre 2018 pour \u00eatre conforme au 1er janvier 2019\t\t\t\t\t<\/h1>\n\t\t\t\t<\/div>\n\n\t\t\t\t\t\t\t\t\t<p class=\"entry-header__description\">\n\t\t\t\t\t\t\t\t\t\t\t<\/p>\n\t\t\t\t\n\t\t\t\t\n\t\t\t\t\n\t\t\t<\/div>\n\n\t\t\t\t\t<\/div>\n\t\t\t\t\t<\/div>\n\t<\/div>\n\t<div class=\"single-post-details container\">\n\t\t<div class=\"col\">\n\t\t\t<span class=\"posted-on \"><time class=\"entry-date published\" datetime=\"2018-11-14T12:22:10+01:00\">November 14, 2018<\/time><\/span><span class=\"reading-time\"> min de lecture<\/span>\n\t\t<button\n\t\t\ttype=\"button\"\n\t\t\tclass=\"social-share-button button button--icon button--secondary js-social-share-button\"\n\t\t\tdata-share-title=\"Pr\u00e9l\u00e8vement \u00e0 la source et d\u00e9calage de paie : soyez pr\u00eat d\u00e8s d\u00e9cembre 2018 pour \u00eatre conforme au 1er janvier 2019\"\n\t\t\tdata-share-url=\"https:\/\/www.sage.com\/fr-fr\/blog\/pas-decalage-paie-pret-decembre-2018-conforme-janvier-2019\/\"\n\t\t\tdata-share-text=\"Veuillez lire cet article int\u00e9ressant\"\n\t\t>\n\t\t\t<span class=\"social-share-button__share-label\">Partager<\/span>\n\t\t\t<span class=\"social-share-button__copy-label\" hidden>Copier le lien<\/span>\n\t\t\t<span class=\"social-share-button__copy-tooltip\" aria-hidden=\"true\" hidden>Copi\u00e9<\/span>\n\t\t<\/button>\n\n\t\t\t\t<\/div>\n\t<\/div>\n<\/header>\n\n\n\n<div class=\"wp-block-post-author has-dark-background-color alignfull\">\n\t<div class=\"container\">\n\t\t<div class=\"col\">\n\t\t\t\t\t\t\t<div class=\"co-authors\">\n\t\t\t\t\t\n\t\t<div class=\"entry-author-wrapper\">\n\t\t\t<a class=\"entry-author\" href=\"https:\/\/www.sage.com\/fr-fr\/blog\/author\/christopheadam\/\">\n\t\t\t\t<img loading=\"lazy\" decoding=\"async\" width=\"40\" height=\"40\" src=\"https:\/\/www.sage.com\/fr-fr\/blog\/wp-content\/uploads\/sites\/4\/2024\/07\/Christophe-Adam-350x350.jpg\" class=\"entry-author__image\" alt=\"Christophe Adam\" srcset=\"https:\/\/www.sage.com\/fr-fr\/blog\/wp-content\/uploads\/sites\/4\/2024\/07\/Christophe-Adam-350x350.jpg 350w, https:\/\/www.sage.com\/fr-fr\/blog\/wp-content\/uploads\/sites\/4\/2024\/07\/Christophe-Adam-768x768.jpg 768w, https:\/\/www.sage.com\/fr-fr\/blog\/wp-content\/uploads\/sites\/4\/2024\/07\/Christophe-Adam.jpg 800w\" sizes=\"auto, (max-width: 40px) 100vw, 40px\" \/>\t\t\t\t<span class=\"entry-author__name\">Christophe Adam<\/span>\n\t\t\t<\/a>\n\n\t\t\t\t\t<\/div>\n\n\t\t\t\t\t\t<\/div>\n\t\t\t\t\t<\/div>\n\t<\/div>\n<\/div>\n\n\n\n<p>\u00c0 compter du 1er janvier prochain, le pr\u00e9l\u00e8vement \u00e0 la source devra \u00eatre appliqu\u00e9 dans toutes les entreprises. En revanche, les modalit\u00e9s de la premi\u00e8re d\u00e9claration incluant les donn\u00e9es du pr\u00e9l\u00e8vement seront quelque peu diff\u00e9rentes, selon que vous pratiquez ou non le d\u00e9calage de paie pour vos salari\u00e9s.<\/p>\n\n\n\n<h2 class=\"wp-block-heading\" id=\"h-la-declaration-mensuelle-a-effectuer\">La d\u00e9claration mensuelle \u00e0 effectuer<\/h2>\n\n\n\n<p>En tant que collecteur pour l\u2019\u00c9tat, <strong>vous devrez pr\u00e9lever l\u2019imp\u00f4t sur les salaires vers\u00e9s, \u00e0 compter du mois de janvier 2019<\/strong>. Cette somme devra ensuite \u00eatre revers\u00e9e \u00e0 l\u2019administration fiscale dans un d\u00e9lai variant en fonction de la taille de votre entreprise :<\/p>\n\n\n\n<ul class=\"wp-block-list\">\n<li>soit le mois suivant pour les entreprises de plus de 11 salari\u00e9s,<\/li>\n\n\n\n<li>soit le trimestre suivant pour les plus petites entreprises qui le souhaitent.<\/li>\n<\/ul>\n\n\n\n<p>Pour mettre en place ce dispositif, l\u2019administration fiscale a choisi de faire transiter les informations concernant le pr\u00e9l\u00e8vement \u00e0 la source de chaque salari\u00e9 par la DSN (d\u00e9claration sociale nominative) d\u00e9j\u00e0 r\u00e9alis\u00e9e tous les mois par chaque employeur.<\/p>\n\n\n\n<h2 class=\"wp-block-heading\" id=\"h-le-role-de-cette-dsn\">Le r\u00f4le de cette DSN<\/h2>\n\n\n\n<p>La DSN va permettre \u00e0 la fois de faire parvenir \u00e0 l\u2019administration fiscale vos informations concernant le pr\u00e9l\u00e8vement \u00e0 la source de vos salari\u00e9s, mais \u00e9galement, \u00e0 l\u2019administration fiscale de vous transmettre le taux applicable \u00e0 chaque salari\u00e9 (via le compte rendu m\u00e9tier, ou CRM, envoy\u00e9 suite aux DSN que vous aurez transmises).<br><strong>Utiliser le syst\u00e8me d\u00e9j\u00e0 en place de la DSN \u00e9vite la cr\u00e9ation d&#8217;une d\u00e9claration sp\u00e9cifique<\/strong> (qui alourdirait les obligations existantes des entreprises). De plus, ce syst\u00e8me permet de <strong>ne pas modifier outre mesure ses process et ses <\/strong><a href=\"https:\/\/www.sage.com\/fr-fr\/paie-logiciels-gestion\/\"><strong>logiciels de paie<\/strong> <\/a>pour prendre en compte le pr\u00e9l\u00e8vement \u00e0 la source.<\/p>\n\n\n\n<h2 class=\"wp-block-heading\" id=\"h-une-nouvelle-norme-a-respecter\">Une nouvelle norme \u00e0 respecter<\/h2>\n\n\n\n<p>Pour int\u00e9grer les sp\u00e9cificit\u00e9s du pr\u00e9l\u00e8vement \u00e0 la source, <strong>la DSN va donc faire l\u2019objet d\u2019une nouvelle norme (norme 2019.1)<\/strong> d\u00e8s la deuxi\u00e8me quinzaine de janvier 2019. Seront ainsi incluses de <strong>nouvelles rubriques pour les informations concernant le pr\u00e9l\u00e8vement \u00e0 la source<\/strong>, \u00e0 la fois dans le bloc \u00ab Versement organisme de protection sociale \u00bb et dans le bloc \u00ab Versement individu \u00bb de la DSN. Elles concerneront entre autres :<\/p>\n\n\n\n<ul class=\"wp-block-list\">\n<li>la r\u00e9mun\u00e9ration nette fiscale du salari\u00e9,<\/li>\n\n\n\n<li>le taux de pr\u00e9l\u00e8vement,<\/li>\n\n\n\n<li>le type de pr\u00e9l\u00e8vement,<\/li>\n\n\n\n<li>l\u2019identifiant du taux de pr\u00e9l\u00e8vement,<\/li>\n\n\n\n<li>le montant total pr\u00e9lev\u00e9.<\/li>\n<\/ul>\n\n\n\n<p><strong>Ces nouvelles rubriques devront \u00eatre remplies pour chaque salari\u00e9 d\u00e8s sa mise en place fin janvier 2019.<\/strong><\/p>\n\n\n\n<h2 class=\"wp-block-heading\" id=\"h-premiere-declaration-pour-les-entreprises-ne-pratiquant-pas-le-decalage-de-paie\">Premi\u00e8re d\u00e9claration pour les entreprises ne pratiquant pas le d\u00e9calage de paie<\/h2>\n\n\n\n<p>Si vous versez \u00e0 vos salari\u00e9s les r\u00e9mun\u00e9rations du mois M \u00e0 la fin du mois M, <strong>vous devrez d\u00e9clarer les informations li\u00e9es au PAS dans la DSN concernant le mois principal d\u00e9clar\u00e9 (MPD)<\/strong>.<br>Par exemple : pour la paie de janvier 2019, vers\u00e9e en janvier 2019, les informations li\u00e9es \u00e0 ce pr\u00e9l\u00e8vement \u00e0 la source devront \u00eatre contenues dans la DSN du mois de janvier envoy\u00e9e au plus tard en f\u00e9vrier 2019 (\u00e9ch\u00e9ances des 5 et 15 f\u00e9vrier 2019).<br>Par cons\u00e9quent, <strong>la d\u00e9claration devra \u00eatre faite selon la nouvelle norme (norme 2019.1) d\u00e8s cette paie de janvier<\/strong>.<\/p>\n\n\n\n<h2 class=\"wp-block-heading\" id=\"h-pour-les-entreprises-pratiquant-le-decalage-de-paie\">Pour les entreprises pratiquant le d\u00e9calage de paie<\/h2>\n\n\n\n<p>Si vous versez les r\u00e9mun\u00e9rations du mois M \u00e0 vos salari\u00e9s en d\u00e9but de mois M+1, <strong>vous devrez l\u00e0 aussi d\u00e9clarer les informations li\u00e9es au pr\u00e9l\u00e8vement \u00e0 la source dans la DSN du mois principal d\u00e9clar\u00e9 (MPD)<\/strong>.<br>Mais attention : les paies de d\u00e9cembre 2018 vers\u00e9es d\u00e9but janvier 2019 devront faire l\u2019objet d\u2019un pr\u00e9l\u00e8vement \u00e0 la source !<br><strong>Vous devrez donc renseigner les informations Pr\u00e9l\u00e8vement \u00e0 la source dans la DSN de d\u00e9cembre 2018 (MPD 12\/2018).<\/strong><\/p>\n\n\n\n<p>\u00c0 noter : Les ordres de paiement accompagnant ces d\u00e9clarations seront transmis \u00e0 la Banque de France dans un d\u00e9lai exceptionnellement plus \u00e9lev\u00e9, et uniquement pour cette d\u00e9claration de MPD 12\/2018 incluant le PAS \u00e0 reverser, \u00e0 compter du 11 f\u00e9vrier 2019.<\/p>\n\n\n\n<p>Si vous pratiquez le d\u00e9calage de paie avec vos salari\u00e9s, <strong>vous devez donc imp\u00e9rativement \u00eatre pr\u00eat d\u00e8s le mois de d\u00e9cembre 2018 \u00e0 appliquer <a href=\"https:\/\/www.sage.com\/fr-fr\/prelevement-a-la-source-pas\/\">le pr\u00e9l\u00e8vement \u00e0 la source<\/a><\/strong> sur les salaires du mois pour \u00eatre conforme \u00e0 vos obligations. N\u2019h\u00e9sitez pas \u00e0 vous faire accompagner pour \u00eatre dans les temps !<\/p>\n\n\n\n<div class=\"single-cta gated-content\">\n\t<div class=\"single-cta__positioner\">\n\t\t<div class=\"single-cta__wrapper has-dark-background-color\">\n\t\t\t<div class=\"single-cta__content\">\n\t\t\t\t\t\t\t\t<h2 class=\"single-cta__title h3\">Tout ce que vous avez toujours voulu savoir sur le pr\u00e9l\u00e8vement \u00e0 la source<\/h2>\n\n\t\t\t\t\n\t\t\t\t\t\t\t\t\t\t\t\t\t\t<a\n\t\t\t\t\t\thref=\"#gate-596c82f7-3aea-4e1f-bcf7-0aa051e02726\"\n\t\t\t\t\t\tclass=\"single-cta__button button button--primary\"\n\t\t\t\t\t\t\t\t\t\t\t\t\t\t\t\t\t>T\u00e9l\u00e9chargez gratuitement le livre blanc<\/a>\n\t\t\t\t\t\t\t<\/div>\n\n\t\t\t\t\t<\/div>\n\n\t\t\t\t\t<img decoding=\"async\" width=\"1248\" height=\"810\" src=\"https:\/\/www.sage.com\/fr-fr\/blog\/wp-content\/uploads\/sites\/4\/2018\/10\/guide-tout-savoir-sur-le-prelevement-a-la-source-PAS_CTA-1248x810.jpg\" class=\"single-cta__image\" alt=\"guide-tout-savoir-sur-le-prelevement-a-la-source-PAS_CTA\" loading=\"lazy\" srcset=\"https:\/\/www.sage.com\/fr-fr\/blog\/wp-content\/uploads\/sites\/4\/2018\/10\/guide-tout-savoir-sur-le-prelevement-a-la-source-PAS_CTA-1248x810.jpg 1248w\" sizes=\"auto, (min-width: 48em) 33vw, 100vw\" \/>\t\t\t<\/div>\n<\/div>\n\n\n<div class=\"single-cta\">\n\t<div class=\"single-cta__positioner\">\n\t\t<div class=\"single-cta__wrapper has-dark-background-color\">\n\t\t\t<div class=\"single-cta__content\">\n\t\t\t\t\t\t\t\t<h2 class=\"single-cta__title h3\">Inscrivez-vous \u00e0 la e-newsletter mensuelle<\/h2>\n\n\t\t\t\t\n\t\t\t\t\t\t\t\t\t\t\t\t\t\t<a\n\t\t\t\t\t\thref=\"#gate-a947ade1-e692-455f-94ce-a275d72a9a11\"\n\t\t\t\t\t\tclass=\"single-cta__button button button--primary\"\n\t\t\t\t\t\t\t\t\t\t\t\t\t\t\t\t\t>Je m&#039;abonne<\/a>\n\t\t\t\t\t\t\t<\/div>\n\n\t\t\t\t\t<\/div>\n\n\t\t\t\t\t<img decoding=\"async\" width=\"1024\" height=\"779\" src=\"https:\/\/www.sage.com\/fr-fr\/blog\/wp-content\/uploads\/sites\/4\/2021\/05\/spreadsheets-1024x779-1.jpg\" class=\"single-cta__image\" alt=\"\" loading=\"lazy\" srcset=\"https:\/\/www.sage.com\/fr-fr\/blog\/wp-content\/uploads\/sites\/4\/2021\/05\/spreadsheets-1024x779-1.jpg 1024w\" sizes=\"auto, (min-width: 48em) 33vw, 100vw\" \/>\t\t\t<\/div>\n<\/div>\n","protected":false},"excerpt":{"rendered":"<p>\u00c0 compter du 1er janvier prochain, le pr\u00e9l\u00e8vement \u00e0 la source devra \u00eatre appliqu\u00e9 dans toutes les entreprises. En revanche, les modalit\u00e9s de la premi\u00e8re d\u00e9claration incluant les donn\u00e9es du pr\u00e9l\u00e8vement seront quelque peu diff\u00e9rentes, selon que vous pratiquez ou non le d\u00e9calage de paie pour vos salari\u00e9s. La d\u00e9claration mensuelle \u00e0 effectuer En tant [&hellip;]<\/p>\n","protected":false},"author":710,"featured_media":15907,"comment_status":"open","ping_status":"closed","sticky":false,"template":"","format":"standard","meta":{"_sage_video":false,"post_featured_image_hide":false,"footnotes":""},"categories":[13],"tags":[141,127],"business_type":[8,9],"lilypad":[],"context":[],"industry":[],"persona":[34,36],"imagine_tag":[722],"coauthors":[906],"class_list":["post-6565","post","type-post","status-publish","format-standard","has-post-thumbnail","hentry","category-legal-et-reglementation","tag-paie","tag-prelevement-a-la-source-pas","business_type-artisans-et-petites-entreprises","business_type-petites-et-moyennes-entreprises"],"sage_meta":{"region":"fr-fr","author_name":"Christophe Adam","featured_image":"https:\/\/www.sage.com\/fr-fr\/blog\/wp-content\/uploads\/sites\/4\/2023\/09\/GettyImages-1329013231.jpg","imagine_tags":{"722":"Prelevement a la source"}},"distributor_meta":false,"distributor_terms":false,"distributor_media":false,"distributor_original_site_name":"Sage Advice France","distributor_original_site_url":"https:\/\/www.sage.com\/fr-fr\/blog","push-errors":false,"_links":{"self":[{"href":"https:\/\/www.sage.com\/fr-fr\/blog\/api\/wp\/v2\/posts\/6565","targetHints":{"allow":["GET"]}}],"collection":[{"href":"https:\/\/www.sage.com\/fr-fr\/blog\/api\/wp\/v2\/posts"}],"about":[{"href":"https:\/\/www.sage.com\/fr-fr\/blog\/api\/wp\/v2\/types\/post"}],"author":[{"embeddable":true,"href":"https:\/\/www.sage.com\/fr-fr\/blog\/api\/wp\/v2\/users\/710"}],"replies":[{"embeddable":true,"href":"https:\/\/www.sage.com\/fr-fr\/blog\/api\/wp\/v2\/comments?post=6565"}],"version-history":[{"count":0,"href":"https:\/\/www.sage.com\/fr-fr\/blog\/api\/wp\/v2\/posts\/6565\/revisions"}],"wp:featuredmedia":[{"embeddable":true,"href":"https:\/\/www.sage.com\/fr-fr\/blog\/api\/wp\/v2\/media\/15907"}],"wp:attachment":[{"href":"https:\/\/www.sage.com\/fr-fr\/blog\/api\/wp\/v2\/media?parent=6565"}],"wp:term":[{"taxonomy":"category","embeddable":true,"href":"https:\/\/www.sage.com\/fr-fr\/blog\/api\/wp\/v2\/categories?post=6565"},{"taxonomy":"post_tag","embeddable":true,"href":"https:\/\/www.sage.com\/fr-fr\/blog\/api\/wp\/v2\/tags?post=6565"},{"taxonomy":"business_type","embeddable":true,"href":"https:\/\/www.sage.com\/fr-fr\/blog\/api\/wp\/v2\/business_type?post=6565"},{"taxonomy":"lilypad","embeddable":true,"href":"https:\/\/www.sage.com\/fr-fr\/blog\/api\/wp\/v2\/lilypad?post=6565"},{"taxonomy":"context","embeddable":true,"href":"https:\/\/www.sage.com\/fr-fr\/blog\/api\/wp\/v2\/context?post=6565"},{"taxonomy":"industry","embeddable":true,"href":"https:\/\/www.sage.com\/fr-fr\/blog\/api\/wp\/v2\/industry?post=6565"},{"taxonomy":"persona","embeddable":true,"href":"https:\/\/www.sage.com\/fr-fr\/blog\/api\/wp\/v2\/persona?post=6565"},{"taxonomy":"imagine_tag","embeddable":true,"href":"https:\/\/www.sage.com\/fr-fr\/blog\/api\/wp\/v2\/imagine_tag?post=6565"},{"taxonomy":"author","embeddable":true,"href":"https:\/\/www.sage.com\/fr-fr\/blog\/api\/wp\/v2\/coauthors?post=6565"}],"curies":[{"name":"wp","href":"https:\/\/api.w.org\/{rel}","templated":true}]}}