{"id":7076,"date":"2019-01-31T14:34:25","date_gmt":"2019-01-31T13:34:25","guid":{"rendered":"https:\/\/www.sage.com\/fr-fr\/blog\/?p=7076"},"modified":"2026-02-05T14:44:38","modified_gmt":"2026-02-05T13:44:38","slug":"internaliser-la-paie-sage-interview","status":"publish","type":"post","link":"https:\/\/www.sage.com\/fr-fr\/blog\/internaliser-la-paie-sage-interview\/","title":{"rendered":"&#8220;Notre paie Sage est aussi fiable que mobile : deux qualit\u00e9s indispensables.&#8221;"},"content":{"rendered":"<header class=\"entry-header has-dark-background-color entry-header--has-illustration entry-header--has-illustration--generic\">\n\t<div class=\"container\">\n\t\t<div class=\"entry-header__row row align-center\">\n\t\t\t<div class=\"col col-lg-7 col-xlg-6 entry-header__content\">\n\t\t\t\t\t\t\t<div class=\"component component-single-header\">\n\t\t\t\t\t\t\t\t\t\t<div class=\"entry-header__misc text--subtitle text--uppercase text--small\">\n\t\t\t\t\t\t\t<a href=\"https:\/\/www.sage.com\/fr-fr\/blog\/categorie\/management-et-rh\/\" class=\"entry-header__link\">Management &amp; RH<\/a>\t\t\t\t\t\t<\/div>\n\t\t\t\t\n\t\t\t\t<div class=\"entry-title-wrapper\">\n\t\t\t\t\t<h1 class=\"entry-title\">\n\t\t\t\t\t\t&#8220;Notre paie Sage est aussi fiable que mobile : deux qualit\u00e9s indispensables.&#8221;\t\t\t\t\t<\/h1>\n\t\t\t\t<\/div>\n\n\t\t\t\t\t\t\t\t\t<p class=\"entry-header__description\">\n\t\t\t\t\t\t\t\t\t\t\t<\/p>\n\t\t\t\t\n\t\t\t\t\n\t\t\t\t\n\t\t\t<\/div>\n\n\t\t\t\t\t<\/div>\n\t\t\t\t\t<\/div>\n\t<\/div>\n\t<div class=\"single-post-details container\">\n\t\t<div class=\"col\">\n\t\t\t<span class=\"posted-on \"><time class=\"entry-date published\" datetime=\"2019-01-31T14:34:25+01:00\">January 31, 2019<\/time><\/span><span class=\"reading-time\"> min de lecture<\/span>\n\t\t<button\n\t\t\ttype=\"button\"\n\t\t\tclass=\"social-share-button button button--icon button--secondary js-social-share-button\"\n\t\t\tdata-share-title=\"&#8220;Notre paie Sage est aussi fiable que mobile : deux qualit\u00e9s indispensables.&#8221;\"\n\t\t\tdata-share-url=\"https:\/\/www.sage.com\/fr-fr\/blog\/internaliser-la-paie-sage-interview\/\"\n\t\t\tdata-share-text=\"Veuillez lire cet article int\u00e9ressant\"\n\t\t>\n\t\t\t<span class=\"social-share-button__share-label\">Partager<\/span>\n\t\t\t<span class=\"social-share-button__copy-label\" hidden>Copier le lien<\/span>\n\t\t\t<span class=\"social-share-button__copy-tooltip\" aria-hidden=\"true\" hidden>Copi\u00e9<\/span>\n\t\t<\/button>\n\n\t\t\t\t<\/div>\n\t<\/div>\n<\/header>\n\n\n\n<div class=\"wp-block-post-author has-dark-background-color alignfull\">\n\t<div class=\"container\">\n\t\t<div class=\"col\">\n\t\t\t\t\t\t\t<div class=\"co-authors\">\n\t\t\t\t\t\n\t\t<div class=\"entry-author-wrapper\">\n\t\t\t<a class=\"entry-author\" href=\"https:\/\/www.sage.com\/fr-fr\/blog\/author\/christopheadam\/\">\n\t\t\t\t<img loading=\"lazy\" decoding=\"async\" width=\"40\" height=\"40\" src=\"https:\/\/www.sage.com\/fr-fr\/blog\/wp-content\/uploads\/sites\/4\/2024\/07\/Christophe-Adam-350x350.jpg\" class=\"entry-author__image\" alt=\"Christophe Adam\" srcset=\"https:\/\/www.sage.com\/fr-fr\/blog\/wp-content\/uploads\/sites\/4\/2024\/07\/Christophe-Adam-350x350.jpg 350w, https:\/\/www.sage.com\/fr-fr\/blog\/wp-content\/uploads\/sites\/4\/2024\/07\/Christophe-Adam-768x768.jpg 768w, https:\/\/www.sage.com\/fr-fr\/blog\/wp-content\/uploads\/sites\/4\/2024\/07\/Christophe-Adam.jpg 800w\" sizes=\"auto, (max-width: 40px) 100vw, 40px\" \/>\t\t\t\t<span class=\"entry-author__name\">Christophe Adam<\/span>\n\t\t\t<\/a>\n\n\t\t\t\t\t<\/div>\n\n\t\t\t\t\t\t<\/div>\n\t\t\t\t\t<\/div>\n\t<\/div>\n<\/div>\n\n\n\n<figure class=\"wp-block-embed is-type-video is-provider-youtube wp-block-embed-youtube wp-embed-aspect-16-9 wp-has-aspect-ratio\"><div class=\"wp-block-embed__wrapper\">\n<div class=\"video-container-wrap -mode-full\"><div class=\"video-container\"><video\n\t\t\t\tclass=\"sage-video video-js vjs-default-skin \"\n\t\t\t\twidth=\"640\"\n\t\t\t\theight=\"360\"\n\t\t\t\tdata-setup='{ \"controls\": true, \"aspectRatio\" : \"16:9\", \"poster\": \"https:\/\/img.youtube.com\/vi\/yMbktJyecP8\/maxresdefault.jpg\", \"techOrder\": [\"youtube\"], \"enablejsapi\": 1, \"origin\": \"https:\/\/www.sage.com\", \"sources\": [{ \"type\": \"video\/youtube\", \"src\": \"https:\/\/www.youtube.com\/watch?v=yMbktJyecP8\"}], \"youtube\": { \"ytControls\": 0, \"cc_load_policy\": 3, \"modestbranding\": 1, \"hl\": \"fr_FR\", \"playsinline\": 1 } }'\n\t\t\t\tcrossorigin=\"\"><\/video><\/div><\/div>\n<\/div><\/figure>\n<div class=\"sage-block-classic-wrapper\">\n\n<p><a class=\"button\" href=\"https:\/\/www.sage.com\/fr-fr\/sage-business-cloud\/logiciels\/gestionnaire-de-paie\/\">D\u00e9couvrez Sage Business Cloud Paie, la solution de paie 100% Cloud id\u00e9ale pour les gestionnaires de paie.<\/a><\/p>\n<p>Cr\u00e9\u00e9e en 2013, My Retail Box impulse en France et en Europe une nouvelle fa\u00e7on d\u2019acheter ses aliments. L\u2019entreprise cr\u00e9\u00e9e par Didier Onraita et David Sutrat emploie 16 personnes, un effectif qui a doubl\u00e9 ces six derniers mois. Elle f\u00e9d\u00e9re plusieurs enseignes \u00e9co-responsables, exploite une centrale d\u2019achats d\u00e9di\u00e9e au vrac et plusieurs centaines de r\u00e9f\u00e9rences bio et conventionnelles. Ayant choisi d\u2019internaliser la paie pour la ma\u00eetrise du calendrier, My Retail Box a opt\u00e9 pour la s\u00e9r\u00e9nit\u00e9 et le mouvement avec Sage Business Cloud Paie.<br \/>\nUn t\u00e9moignage sans emballage\u2026<\/p>\n<h2>My Retail Box, premier op\u00e9rateur europ\u00e9en de la vente en vrac<\/h2>\n<p>Contribuer \u00e0 r\u00e9duire le gaspillage alimentaire, donner aux consommateurs le choix d\u2019acheter la quantit\u00e9 qu\u2019ils d\u00e9sirent et \u00e9liminer les emballages \u00e0 la source participent \u00e0 l\u2019av\u00e8nement d\u2019une consommation plus responsable. Didier Sutrat est le co-fondateur et le Directeur G\u00e9n\u00e9ral de My Retail Box.<br \/>\n<em>\u00ab Avec mon associ\u00e9 Didier Onraita, nous avons d\u00e9cid\u00e9 il y a cinq ans de passer \u00e0 l\u2019action sur ce sujet qui nous tient \u00e0 c\u0153ur. Issus tous deux de l\u2019univers de la distribution, nous avons travaill\u00e9 sur un format que nous avons longuement test\u00e9. L\u2019accueil tr\u00e8s positif des consommateurs \u00e0 notre concept de vente en vrac nous a incit\u00e9s \u00e0 aller de l\u2019avant \u00bb<\/em>.<\/p>\n<p>L\u2019enseigne day by day compte aujourd\u2019hui 40 points de vente franchis\u00e9s, en France et en Belgique. <em>\u00ab Avec nos magasins et nos corners Poids et Mesures et A la Pes\u00e9e, nous avons d\u00e9pass\u00e9 les 450 000 passages en caisse. Et nous avons encore 7 \u00e0 8 projets d\u2019ouverture en France dans les prochains mois. \u00c0 l\u2019international, notre ambition est de nous d\u00e9ployer en Europe du Nord, o\u00f9 nous savons trouver bon accueil. L\u2019Allemagne, les Pays-Bas, le Luxembourg, et bien s\u00fbr la Belgique, sont nos prochains terrains de jeu \u00bb<\/em>.<\/p>\n<h2>Internaliser la paie, un choix strat\u00e9gique<\/h2>\n<p>Le si\u00e8ge social de Dreux (28) abrite les services centraux et la plateforme de distribution d\u00e9di\u00e9e au vrac. Plusieurs centaines de r\u00e9f\u00e9rences bio et conventionnelles ont d\u00fb \u00eatre patiemment identifi\u00e9es et travaill\u00e9es avec les fournisseurs. Cela, de mani\u00e8re \u00e0 industrialiser le process de \u00ab\u00a0sans emballage \u00bb. La performance du syst\u00e8me d\u2019information de gestion est centrale. Il influe sur la capacit\u00e9 de l\u2019entreprise \u00e0 accompagner ses points de vente avec efficacit\u00e9 dans un contexte de croissance forte.<\/p>\n<p><em>\u00ab Nous avons fait le choix de ma\u00eetriser les fonctions essentielles de My Retail Box, en premier lieu la gestion commerciale et la gestion d\u2019entrep\u00f4t.<\/em> <em>Avec des salari\u00e9s qui pour beaucoup sont dispers\u00e9s sur le territoire, au plus pr\u00e8s des points de vente, avec des interventions parfois en urgence y compris le samedi, et un effectif en d\u00e9veloppement, la paie fait clairement partie de nos fonctions strat\u00e9giques \u00bb.<\/em><\/p>\n<blockquote><p>\u00ab Nous avons choisi d&#8217;internaliser la paie d\u00e8s le premier salari\u00e9. Pour cela, le choix a \u00e9t\u00e9 fait de s&#8217;appuyer sur une comp\u00e9tence mutualis\u00e9e pour b\u00e9n\u00e9ficier d\u2019une expertise pointue en en ma\u00eetrisant le co\u00fbt. Nous voulions pouvoir garantir \u00e0 nos salari\u00e9s la prise en compte de leur temps de travail r\u00e9el jusqu\u2019au dernier jour du mois.\u00a0Cela nous paraissait hors d\u2019atteinte avec un prestataire de paie externalis\u00e9 \u00bb.<\/p><\/blockquote>\n<h2>Sage Business Cloud Paie, pour l\u2019ubiquit\u00e9 et la fiabilit\u00e9<\/h2>\n<p>Sandrine Sutrat est formatrice en paie et gestionnaire de paie en temps partag\u00e9.<\/p>\n<blockquote><p>\u00ab Pour \u00eatre efficace, je dois emporter ma solution de paie partout avec moi, dans mes multiples espaces de travail. Mais, \u00e9galement, souvent \u00e0 la maison. J\u2019ai depuis longtemps choisi la solution de paie Sage en acc\u00e8s Cloud. Ce choix vaut en particulier pour My Retail Box, o\u00f9 j\u2019interviens environ deux jours par semaine et pas toujours en fin de mois \u00bb.<\/p><\/blockquote>\n<p>La mobilit\u00e9 de <a href=\"https:\/\/www.sage.com\/fr-fr\/sage-business-cloud\/logiciels\/gestionnaire-de-paie\/\">Sage Business Cloud Paie<\/a> a une r\u00e9sonnance particuli\u00e8re dans le cas de My Retail Box. <em>\u00ab Quand on m\u2019annonce le 28 au soir qu\u2019une personne a travaill\u00e9 un samedi au lieu d\u2019un lundi, je peux mettre \u00e0 jour tr\u00e8s simplement ses calculs. Je dispose d\u2019une totale flexibilit\u00e9 pour que chacun ait son salaire et ses r\u00e9cup\u00e9rations en temps et en heure. C\u2019est d\u2019autant plus important vis-\u00e0-vis de collaborateurs qui d\u00e9montrent une disponibilit\u00e9 totale au service de nos franchis\u00e9s \u00bb<\/em>.<\/p>\n<p>Le deuxi\u00e8me gros avantage d&#8217;internaliser la paie avec <a href=\"https:\/\/www.sage.com\/fr-fr\/sage-business-cloud\/logiciels\/gestionnaire-de-paie\/\">Sage Business Cloud Paie<\/a>, toujours induit par le Cloud, est la mise \u00e0 jour automatis\u00e9e.<\/p>\n<blockquote><p>\u00ab M\u00eame si je suis sp\u00e9cialiste en paie, je trouve particuli\u00e8rement efficace de pouvoir me reposer sur Sage pour l\u2019actualisation des taux, des conventions collectives ou des pourcentages. Ce qui ne m\u2019emp\u00eache pas de pouvoir intervenir librement sur un taux si je le souhaite. J\u2019ai les deux possibilit\u00e9s et je trouve \u00e7a extr\u00eamement avantageux \u00bb.<\/p><\/blockquote>\n<p>Le co-pilotage ne se limite pas \u00e0 l\u2019actualisation r\u00e9glementaire. L\u2019assistance Sage est disponible pour r\u00e9pondre \u00e0 toutes les questions.<\/p>\n<p><em>\u00ab\u00a0Travaillant avec une grande flexibilit\u00e9 d\u2019horaires et d\u00e9sireuse de confidentialit\u00e9 aux heures de bureaux, je privil\u00e9gie le chat et le mail \u00bb<\/em>.<\/p>\n<h2>Sage, partenaire des entreprises de croissance<\/h2>\n<p>Sage Business Cloud Paie ne n\u00e9cessite pas d\u2019\u00eatre un sp\u00e9cialiste de la paie. En effet, nous b\u00e9n\u00e9ficions de l\u2019assistance logicielle et m\u00e9tier et l\u2019actualisation automatis\u00e9e des taux.<\/p>\n<blockquote><p>\u00ab En relation avec des jeunes entreprises, je mets en avant cette solution que je trouve \u00e0 la fois simple et souple. Elle est accessible financi\u00e8rement et techniquement pour quelqu\u2019un qui veut bien s\u2019int\u00e9resser au sujet, sans pour autant \u00eatre un expert \u00bb.<\/p><\/blockquote>\n<p><em>\u00ab En outre, dans le cas de My Retail Box, la solution est tout \u00e0 fait adapt\u00e9e \u00e0 une dynamique soutenue.<\/em> <em>Et, en g\u00e9n\u00e9ral, pour les entreprises \u00e0 croissance \u00e9lev\u00e9e, en mode start-up.\u00a0Nous avons doubl\u00e9 notre effectif en moins de six mois et comptons poursuivre le d\u00e9veloppement. Sage Business Cloud Paie prend en charge sans aucune incidence l\u2019augmentation de notre effectif \u00bb<\/em>.<\/p>\n<blockquote><p>\u00ab Sage est pour nous un acteur de r\u00e9f\u00e9rence sur le march\u00e9, qui nous apporte ce que nous attendons. \u00c0 savoir de la fiabilit\u00e9, de l&#8217;\u00e9volubilit\u00e9 mais aussi de l&#8217;accompagnement. Les choses vont tr\u00e8s vite. Les r\u00e9glementations, notamment dans le domaine de la paie, \u00e9voluent sans cesse ; il est important de pouvoir disposer d&#8217;un bon support. Et c&#8217;est tout \u00e7a que nous inspire Sage \u00bb.<br \/>\nDavid Sutrat &#8211; Co-fondateur et Directeur G\u00e9n\u00e9ral de My Retail Box<\/p>\n<p><a class=\"button\" href=\"https:\/\/www.sage.com\/fr-fr\/sage-business-cloud\/logiciels\/gestionnaire-de-paie\/\">D\u00e9couvrez Sage Business Cloud Paie, la solution de paie 100% Cloud id\u00e9ale pour les gestionnaires de paie.<\/a><\/p><\/blockquote>\n<p><a href=\"http:\/\/my-retail-box.com\/\" target=\"_blank\" rel=\"noopener noreferrer\">Consommer responsable avec My Retail Box<\/a><\/p>\n<\/div>\n<div class=\"single-cta\">\n\t<div class=\"single-cta__positioner\">\n\t\t<div class=\"single-cta__wrapper has-dark-background-color\">\n\t\t\t<div class=\"single-cta__content\">\n\t\t\t\t\t\t\t\t<h2 class=\"single-cta__title h3\">Inscrivez-vous \u00e0 la e-newsletter mensuelle<\/h2>\n\n\t\t\t\t\n\t\t\t\t\t\t\t\t\t\t\t\t\t\t<a\n\t\t\t\t\t\thref=\"#gate-a947ade1-e692-455f-94ce-a275d72a9a11\"\n\t\t\t\t\t\tclass=\"single-cta__button button button--primary\"\n\t\t\t\t\t\t\t\t\t\t\t\t\t\t\t\t\t>Je m&#039;abonne<\/a>\n\t\t\t\t\t\t\t<\/div>\n\n\t\t\t\t\t<\/div>\n\n\t\t\t\t\t<img decoding=\"async\" width=\"1024\" height=\"779\" src=\"https:\/\/www.sage.com\/fr-fr\/blog\/wp-content\/uploads\/sites\/4\/2021\/05\/spreadsheets-1024x779-1.jpg\" class=\"single-cta__image\" alt=\"\" loading=\"lazy\" srcset=\"https:\/\/www.sage.com\/fr-fr\/blog\/wp-content\/uploads\/sites\/4\/2021\/05\/spreadsheets-1024x779-1.jpg 1024w\" sizes=\"auto, (min-width: 48em) 33vw, 100vw\" \/>\t\t\t<\/div>\n<\/div>\n","protected":false},"excerpt":{"rendered":"<p>D\u00e9couvrez Sage Business Cloud Paie, la solution de paie 100% Cloud id\u00e9ale pour les gestionnaires de paie. Cr\u00e9\u00e9e en 2013, My Retail Box impulse en France et en Europe une nouvelle fa\u00e7on d\u2019acheter ses aliments. L\u2019entreprise cr\u00e9\u00e9e par Didier Onraita et David Sutrat emploie 16 personnes, un effectif qui a doubl\u00e9 ces six derniers mois. [&hellip;]<\/p>\n","protected":false},"author":710,"featured_media":7077,"comment_status":"open","ping_status":"closed","sticky":false,"template":"","format":"standard","meta":{"_sage_video":true,"post_featured_image_hide":false,"footnotes":""},"categories":[56],"tags":[807,141,91],"business_type":[8,9],"lilypad":[],"context":[],"industry":[],"persona":[34,36],"imagine_tag":[456,443,454,460,738],"coauthors":[906],"class_list":["post-7076","post","type-post","status-publish","format-standard","has-post-thumbnail","hentry","category-management-et-rh","tag-interview-client-ou-expert","tag-paie","tag-rh-et-fiche-de-paie","business_type-artisans-et-petites-entreprises","business_type-petites-et-moyennes-entreprises"],"sage_meta":{"region":"fr-fr","author_name":"Christophe Adam","featured_image":"https:\/\/www.sage.com\/fr-fr\/blog\/wp-content\/uploads\/sites\/4\/2019\/01\/my-retail-box-internaliser-la-paie-sage.jpg","imagine_tags":{"456":"Gestion Commerciale","443":"Paie","454":"Paie et RH","460":"Petites Entreprises","738":"Production"}},"distributor_meta":false,"distributor_terms":false,"distributor_media":false,"distributor_original_site_name":"Sage Advice France","distributor_original_site_url":"https:\/\/www.sage.com\/fr-fr\/blog","push-errors":false,"_links":{"self":[{"href":"https:\/\/www.sage.com\/fr-fr\/blog\/api\/wp\/v2\/posts\/7076","targetHints":{"allow":["GET"]}}],"collection":[{"href":"https:\/\/www.sage.com\/fr-fr\/blog\/api\/wp\/v2\/posts"}],"about":[{"href":"https:\/\/www.sage.com\/fr-fr\/blog\/api\/wp\/v2\/types\/post"}],"author":[{"embeddable":true,"href":"https:\/\/www.sage.com\/fr-fr\/blog\/api\/wp\/v2\/users\/710"}],"replies":[{"embeddable":true,"href":"https:\/\/www.sage.com\/fr-fr\/blog\/api\/wp\/v2\/comments?post=7076"}],"version-history":[{"count":0,"href":"https:\/\/www.sage.com\/fr-fr\/blog\/api\/wp\/v2\/posts\/7076\/revisions"}],"wp:featuredmedia":[{"embeddable":true,"href":"https:\/\/www.sage.com\/fr-fr\/blog\/api\/wp\/v2\/media\/7077"}],"wp:attachment":[{"href":"https:\/\/www.sage.com\/fr-fr\/blog\/api\/wp\/v2\/media?parent=7076"}],"wp:term":[{"taxonomy":"category","embeddable":true,"href":"https:\/\/www.sage.com\/fr-fr\/blog\/api\/wp\/v2\/categories?post=7076"},{"taxonomy":"post_tag","embeddable":true,"href":"https:\/\/www.sage.com\/fr-fr\/blog\/api\/wp\/v2\/tags?post=7076"},{"taxonomy":"business_type","embeddable":true,"href":"https:\/\/www.sage.com\/fr-fr\/blog\/api\/wp\/v2\/business_type?post=7076"},{"taxonomy":"lilypad","embeddable":true,"href":"https:\/\/www.sage.com\/fr-fr\/blog\/api\/wp\/v2\/lilypad?post=7076"},{"taxonomy":"context","embeddable":true,"href":"https:\/\/www.sage.com\/fr-fr\/blog\/api\/wp\/v2\/context?post=7076"},{"taxonomy":"industry","embeddable":true,"href":"https:\/\/www.sage.com\/fr-fr\/blog\/api\/wp\/v2\/industry?post=7076"},{"taxonomy":"persona","embeddable":true,"href":"https:\/\/www.sage.com\/fr-fr\/blog\/api\/wp\/v2\/persona?post=7076"},{"taxonomy":"imagine_tag","embeddable":true,"href":"https:\/\/www.sage.com\/fr-fr\/blog\/api\/wp\/v2\/imagine_tag?post=7076"},{"taxonomy":"author","embeddable":true,"href":"https:\/\/www.sage.com\/fr-fr\/blog\/api\/wp\/v2\/coauthors?post=7076"}],"curies":[{"name":"wp","href":"https:\/\/api.w.org\/{rel}","templated":true}]}}