{"id":7792,"date":"2020-09-04T09:00:26","date_gmt":"2020-09-04T07:00:26","guid":{"rendered":"https:\/\/www.sage.com\/fr-fr\/blog\/?p=7792"},"modified":"2024-01-02T13:59:17","modified_gmt":"2024-01-02T12:59:17","slug":"transformation-digitale-tpe-etude","status":"publish","type":"post","link":"https:\/\/www.sage.com\/fr-fr\/blog\/transformation-digitale-tpe-etude\/","title":{"rendered":"\u00c9tude : la transformation digitale dans les TPE [guide]"},"content":{"rendered":"<header class=\"entry-header has-dark-background-color entry-header--has-illustration entry-header--has-illustration--generic\">\n\t<div class=\"container\">\n\t\t<div class=\"entry-header__row row align-center\">\n\t\t\t<div class=\"col col-lg-7 col-xlg-6 entry-header__content\">\n\t\t\t\t\t\t\t<div class=\"component component-single-header\">\n\t\t\t\t\t\t\t\t\t\t<div class=\"entry-header__misc text--subtitle text--uppercase text--small\">\n\t\t\t\t\t\t\t<a href=\"https:\/\/www.sage.com\/fr-fr\/blog\/categorie\/digitalisation-et-tendances\/\" class=\"entry-header__link\">Digitalisation &amp; Tendances<\/a>\t\t\t\t\t\t<\/div>\n\t\t\t\t\n\t\t\t\t<div class=\"entry-title-wrapper\">\n\t\t\t\t\t<h1 class=\"entry-title\">\n\t\t\t\t\t\t\u00c9tude : la transformation digitale dans les TPE [guide]\t\t\t\t\t<\/h1>\n\t\t\t\t<\/div>\n\n\t\t\t\t\t\t\t\t\t<p class=\"entry-header__description\">\n\t\t\t\t\t\t\t\t\t\t\t<\/p>\n\t\t\t\t\n\t\t\t\t\n\t\t\t\t\n\t\t\t<\/div>\n\n\t\t\t\t\t<\/div>\n\t\t\t\t\t<\/div>\n\t<\/div>\n\t<div class=\"single-post-details container\">\n\t\t<div class=\"col\">\n\t\t\t<span class=\"posted-on \"><time class=\"entry-date published\" datetime=\"2020-09-04T09:00:26+02:00\">September 4, 2020<\/time><\/span><span class=\"reading-time\"> min de lecture<\/span>\n\t\t<button\n\t\t\ttype=\"button\"\n\t\t\tclass=\"social-share-button button button--icon button--secondary js-social-share-button\"\n\t\t\tdata-share-title=\"\u00c9tude : la transformation digitale dans les TPE [guide]\"\n\t\t\tdata-share-url=\"https:\/\/www.sage.com\/fr-fr\/blog\/transformation-digitale-tpe-etude\/\"\n\t\t\tdata-share-text=\"Veuillez lire cet article int\u00e9ressant\"\n\t\t>\n\t\t\t<span class=\"social-share-button__share-label\">Partager<\/span>\n\t\t\t<span class=\"social-share-button__copy-label\" hidden>Copier le lien<\/span>\n\t\t\t<span class=\"social-share-button__copy-tooltip\" aria-hidden=\"true\" hidden>Copi\u00e9<\/span>\n\t\t<\/button>\n\n\t\t\t\t<\/div>\n\t<\/div>\n<\/header>\n\n\n<div class=\"wp-block-post-author has-dark-background-color alignfull\">\n\t<div class=\"container\">\n\t\t<div class=\"col\">\n\t\t\t\t\t\t\t<div class=\"co-authors\">\n\t\t\t\t\t\n\t\t<div class=\"entry-author-wrapper\">\n\t\t\t<a class=\"entry-author\" href=\"https:\/\/www.sage.com\/fr-fr\/blog\/author\/sabineducrot\/\">\n\t\t\t\t<img loading=\"lazy\" decoding=\"async\" width=\"40\" height=\"40\" src=\"https:\/\/www.sage.com\/fr-fr\/blog\/wp-content\/uploads\/sites\/4\/2021\/04\/Sabine-Ducrot-Ciss-350x350.png\" class=\"entry-author__image\" alt=\"\" \/>\t\t\t\t<span class=\"entry-author__name\">Sabine Ducrot-Ciss<\/span>\n\t\t\t<\/a>\n\n\t\t\t\t\t<\/div>\n\n\t\t\t\t\t\t<\/div>\n\t\t\t\t\t<\/div>\n\t<\/div>\n<\/div>\n\n\n\n<p class=\"\">Sage, partenaire de la transition num\u00e9rique des entreprises, s\u2019est associ\u00e9 \u00e0 la Conf\u00e9d\u00e9ration des PME (<a href=\"https:\/\/www.cpme.fr\/\" target=\"_blank\" rel=\"noopener noreferrer\">CPME<\/a>) pour r\u00e9aliser une \u00e9tude sur la transformation digitale des TPE, que vous pouvez d\u00e9couvrir dans son int\u00e9gralit\u00e9 \u00e0 la fin de cet article.<\/p>\n\n\n\n<p class=\"\">D\u00e9couvrant \u00e0 la fois la vision de chefs d&#8217;entreprise et d\u2019experts-comptables, elle s\u2019attache \u00e0 r\u00e9pondre \u00e0 plusieurs questions importantes :<\/p>\n\n\n\n<ul class=\"wp-block-list\">\n<li>\u00c0 quel stade en est la transformation digitale dans les TPE ?<\/li>\n\n\n\n<li>Quelles solutions sont mises en place dans ces entreprises ?<\/li>\n\n\n\n<li>Quels impacts les outils num\u00e9riques ont-ils sur l\u2019organisation et l\u2019activit\u00e9 ?<\/li>\n\n\n\n<li>La transformation est-elle vue comme une opportunit\u00e9 par les g\u00e9rants ?<\/li>\n<\/ul>\n\n\n\n<h2 class=\"wp-block-heading\">Comment a \u00e9t\u00e9 r\u00e9alis\u00e9e cette \u00e9tude ? Aupr\u00e8s de quels publics ?<\/h2>\n\n\n\n<p class=\"\">L\u2019\u00e9tude OpinionWay, qui est mise \u00e0 votre disposition gratuitement, repose sur un \u00e9chantillon repr\u00e9sentatif de 450 entreprises de 0 \u00e0 49 salari\u00e9s, op\u00e9rant dans divers secteurs d\u2019activit\u00e9 : BTP, industrie, commerce, h\u00f4tels-restaurants, services \u00e0 la personne et aux entreprises, etc. Ainsi que sur un second \u00e9chantillon repr\u00e9sentatif de 200 experts-comptables travaillant au sein de cabinets d\u2019expertise d\u2019au moins 1 salari\u00e9.<\/p>\n\n\n\n<p class=\"\">Les entretiens ont \u00e9t\u00e9 r\u00e9alis\u00e9s au cours de l\u2019\u00e9t\u00e9 2019. La majeure partie des dirigeants interrog\u00e9s sont g\u00e9rants ou cog\u00e9rants, avec plus de 10 ann\u00e9es d\u2019anciennet\u00e9 dans la soci\u00e9t\u00e9. Quant aux cabinets, leur taille \u00e9tait \u00e9quilibr\u00e9e : 38 % des cabinets ont 1 ou 5 collaborateurs, 38 % ont 6 \u00e0 19 collaborateurs, 24 % ont 20 collaborateurs et plus.<\/p>\n\n\n\n<h2 class=\"wp-block-heading\">Un d\u00e9ploiement de la transition digitale encore limit\u00e9 chez les TPE<\/h2>\n\n\n\n<p class=\"\">Cette \u00e9tude sur la transformation digitale <a href=\"https:\/\/www.sage.com\/fr-fr\/entreprise\/petite-entreprise-tpe\/\">dans les TPE<\/a> s\u2019ouvre sur un constat : la n\u00e9cessaire transition vers des outils num\u00e9riques des petites entreprises reste encore aujourd\u2019hui peu d\u00e9velopp\u00e9e. Seuls un tiers des dirigeants estiment qu\u2019elle est en cours de d\u00e9ploiement ou d\u00e9j\u00e0 termin\u00e9e. Dans l\u2019essentiel des soci\u00e9t\u00e9s, elle demeure un projet \u00e0 l\u2019\u00e9tude ou parfois non envisag\u00e9. Le potentiel de d\u00e9veloppement est donc \u00e9norme !<\/p>\n\n\n\n<p class=\"\">Malgr\u00e9 ce retard, la transition digitale est n\u00e9anmoins consid\u00e9r\u00e9e comme une opportunit\u00e9 \u00e0 saisir par 33 % des dirigeants d\u2019entreprises, que ce soit dans le cadre d\u2019une strat\u00e9gie globale appliqu\u00e9e \u00e0 l\u2019ensemble de la soci\u00e9t\u00e9, ou au travers de mesures cibl\u00e9es au cas par cas. De leur c\u00f4t\u00e9, la moiti\u00e9 des experts-comptables y voient un bienfait pour le compte de leurs clients, et 57 % un changement positif pour leur propre activit\u00e9.<\/p>\n\n\n\n<p class=\"\">Lorsque la question est pos\u00e9e autrement, et que l\u2019on demande par exemple aux interview\u00e9s si les outils num\u00e9riques leur sont indispensables pour mener leur activit\u00e9 au quotidien, les r\u00e9ponses deviennent subitement tr\u00e8s diff\u00e9rentes : ainsi 71 % des entreprises disent ne plus pouvoir s\u2019en passer, contre 87 % des experts-comptables&#8230;<\/p>\n\n\n\n<p class=\"\">De m\u00eame, plus de 80 % des entreprises affirment avoir d\u2019ores et d\u00e9j\u00e0 d\u00e9ploy\u00e9 une \u00e0 plusieurs solutions num\u00e9riques dans leur organisme. \u00c0 commencer par des e-mails professionnels, et des sites web vitrines pour mettre en valeur la soci\u00e9t\u00e9.<\/p>\n\n\n\n<p class=\"\">Les logiciels occupent \u00e9galement une place importante parmi les principales mesures mises en \u0153uvre par les TPE en mati\u00e8re de solutions num\u00e9riques : logiciel de gestion RH, logiciel de comptabilit\u00e9, <a href=\"https:\/\/www.sage.com\/fr-fr\/gestion-commerciale\/logiciel-en-ligne\/\">logiciel de gestion commerciale<\/a>. Il y a encore des marges de progression dans l&#8217;adoption, mais la dynamique est tout de m\u00eame bien enclench\u00e9e.<\/p>\n\n\n\n<p class=\"\">Concernant les logiciels de fid\u00e9lisation de la base client ou d\u2019acquisition de nouveaux clients, l\u2019adoption est beaucoup plus r\u00e9duite. Seuls 17 % des TPE utilisent les donn\u00e9es num\u00e9riques dans cet objectif. Ce qui est dommage, car les innovations r\u00e9centes permettent d\u00e9sormais de mieux exploiter ce type de donn\u00e9es, et de cro\u00eetre plus rapidement.<\/p>\n\n\n\n<h2 class=\"wp-block-heading\">De grandes disparit\u00e9s selon les secteurs d\u2019activit\u00e9<\/h2>\n\n\n\n<p class=\"\">Ces chiffres g\u00e9n\u00e9raux masquent cependant de fortes disparit\u00e9s d\u2019une activit\u00e9 \u00e0 l\u2019autre. Une partie de notre \u00e9tude sur la transformation digitale des TPE s\u2019est donc attach\u00e9e \u00e0 mieux comprendre l\u2019\u00e9tat d\u2019avancement, secteur par secteur.<\/p>\n\n\n\n<p class=\"\">Nous avons pos\u00e9 la question aux seuls experts-comptables cette fois, afin de b\u00e9n\u00e9ficier d\u2019une vision plus neutre des domaines les plus en avance, et des retardataires. Il appara\u00eet que les entreprises industrielles, ou proposant des services B2B, sont celles qui sont all\u00e9es le plus loin en mati\u00e8re de transition num\u00e9rique, en tout cas aux yeux de leurs comptables.<\/p>\n\n\n\n<p class=\"\">\u00c0 l\u2019inverse, dans le BTP et le commerce, un long chemin reste \u00e0 parcourir. 61 % des experts-comptables estiment que les petites entreprises de construction sont en retard dans le d\u00e9ploiement des solutions num\u00e9riques, 48 % pensent de m\u00eame pour les entreprises commerciales, et 24 % pour les TPE sp\u00e9cialis\u00e9es dans les services \u00e0 la personne.<\/p>\n\n\n\n<figure class=\"wp-block-image aligncenter\"><img loading=\"lazy\" decoding=\"async\" width=\"1200\" height=\"751\" src=\"https:\/\/www.sage.com\/fr-fr\/blog\/wp-content\/uploads\/sites\/4\/2020\/11\/SAGE-France-DigitalTransformation-Chart1.jpg\" alt=\"SAGE-France-DigitalTransformation-disparite-deploiement-Chart1\" class=\"wp-image-8619\" srcset=\"https:\/\/www.sage.com\/fr-fr\/blog\/wp-content\/uploads\/sites\/4\/2020\/11\/SAGE-France-DigitalTransformation-Chart1.jpg 1200w, https:\/\/www.sage.com\/fr-fr\/blog\/wp-content\/uploads\/sites\/4\/2020\/11\/SAGE-France-DigitalTransformation-Chart1-768x481.jpg 768w\" sizes=\"auto, (max-width: 1200px) 100vw, 1200px\" \/><\/figure>\n\n\n\n<p class=\"\">Enfin, lorsque la question est pos\u00e9e en fonction de la taille de l\u2019entreprise (nombre de salari\u00e9s), ce sont sans grande surprise les TPE de 1 \u00e0 2 collaborateurs qui sont point\u00e9es comme retardataires, suivies des TPE de 3 \u00e0 9 collaborateurs. Les experts-comptables sont en revanche bien plus cl\u00e9ments avec les PME de 10 \u00e0 50 salari\u00e9s.<\/p>\n\n\n\n<h2 class=\"wp-block-heading\">Quels sont les freins qui ralentissent la transition ?<\/h2>\n\n\n\n<p class=\"\">De nombreuses difficult\u00e9s viennent expliquer, ou tout au moins \u00e9clairer, ce retard pris par les petites entreprises, d\u2019apr\u00e8s les dirigeants qui \u00e9num\u00e8rent les multiples points de blocage.<\/p>\n\n\n\n<p class=\"\">Le premier frein cit\u00e9 par les g\u00e9rants de TPE et PME est la question complexe de l\u2019adaptation au changement, la difficult\u00e9 \u00e0 modifier les habitudes des salari\u00e9s de l\u2019entreprise et \u00e0 mettre en \u0153uvre de nouveaux process. 43 % des dirigeants de toutes les soci\u00e9t\u00e9s, et 65 % de celles de 10 \u00e0 50 collaborateurs y voient une pierre d\u2019achoppement.<\/p>\n\n\n\n<p class=\"\">Les seconde et troisi\u00e8me raisons cit\u00e9es concernent la difficult\u00e9 \u00e0 surmonter le manque de comp\u00e9tences techniques en interne, et \u00e0 r\u00e9unir les fonds pour r\u00e9aliser les investissements financiers requis pour le projet de transition digitale. D\u2019o\u00f9 la n\u00e9cessit\u00e9 sans doute pour les fournisseurs de solutions logicielles d\u2019apporter un soutien formatif aux \u00e9quipes, et de proposer des offres adapt\u00e9es aux capacit\u00e9s des petites entreprises.<\/p>\n\n\n\n<p class=\"\">Les dirigeants pointent par ailleurs des freins plus personnels : leurs propres difficult\u00e9s \u00e0 \u00e9laborer une strat\u00e9gie de transformation digitale, et \u00e0 d\u00e9ployer des actions concr\u00e8tes dans ce domaine. Certains se demandent comment ils doivent appr\u00e9hender le sujet dans leur entreprise, ce qu\u2019ils devraient faire, et comment le faire ?<\/p>\n\n\n\n<h2 class=\"wp-block-heading\">Des impacts qui vont concerner tous les aspects de l\u2019activit\u00e9<\/h2>\n\n\n\n<p class=\"\">Les apports positifs de la transition num\u00e9rique sont difficilement envisageables pour les entreprises r\u00e9fractaires au changement. Les TPE qui n\u2019ont pas d\u00e9ploy\u00e9 de strat\u00e9gie de digitalisation voient celle-ci davantage comme une entrave, et non une opportunit\u00e9.<\/p>\n\n\n\n<p class=\"\">Toutefois, l\u2019ensemble des entreprises a conscience que le num\u00e9rique influence leur activit\u00e9, et certains aspects de leur gestion. Les dirigeants affirment que les nouveaux outils num\u00e9riques ont eu un impact ind\u00e9niable sur leur mani\u00e8re de communiquer et de faire de la publicit\u00e9 (41 %), d\u2019organiser la soci\u00e9t\u00e9 et de suivre l\u2019activit\u00e9 (35 %), de g\u00e9rer les donn\u00e9es commerciales (33 %) et comptables (31 %), et de payer employ\u00e9s et fournisseurs (22 %).<\/p>\n\n\n\n<p class=\"\">Ces chiffres sont m\u00eame d\u00e9cupl\u00e9s dans les entreprises de 20 \u00e0 49 salari\u00e9s, o\u00f9 l\u2019impact des outils num\u00e9riques est sup\u00e9rieur de 20 \u00e0 30 points pour chaque aspect cit\u00e9 !<\/p>\n\n\n\n<p class=\"\">Lorsqu\u2019elles se projettent dans l\u2019avenir pour imaginer les impacts futurs de la transition digitale, les petites entreprises (surtout celles l&#8217;ayant d\u00e9j\u00e0 entam\u00e9) s\u2019attendent \u00e0 :<\/p>\n\n\n\n<ul class=\"wp-block-list\">\n<li>une am\u00e9lioration de leur image de marque et de leur capacit\u00e9 \u00e0 innover,<\/li>\n\n\n\n<li>une meilleure qualit\u00e9 de vie au travail et une meilleure productivit\u00e9,<\/li>\n\n\n\n<li>un renforcement de la fid\u00e9lisation des clients,<\/li>\n\n\n\n<li>une plus forte conqu\u00eate de nouveaux clients,<\/li>\n\n\n\n<li>une hausse du chiffre d\u2019affaires et de la rentabilit\u00e9.<\/li>\n<\/ul>\n\n\n\n<p class=\"\">Par ailleurs, les cabinets d\u2019experts-comptables s\u2019accordent pour dire que les TPE et PME qui ont effectu\u00e9 leur transition num\u00e9rique rencontrent aujourd\u2019hui bien moins de difficult\u00e9s \u00e0 r\u00e9aliser leur gestion comptable et \u00e0 g\u00e9rer l\u2019entreprise au quotidien. 78 % anticipent un gain de temps, 73 % des offres de meilleure qualit\u00e9, et 47 % en attentent un gain financier.<\/p>\n\n\n\n<figure class=\"wp-block-image aligncenter\"><img loading=\"lazy\" decoding=\"async\" width=\"1200\" height=\"751\" src=\"https:\/\/www.sage.com\/fr-fr\/blog\/wp-content\/uploads\/sites\/4\/2020\/11\/SAGE-France-DigitalTransformation-Chart2.jpg\" alt=\"SAGE-France-DigitalTransformation-TPE-protection-cyber-risques-Chart2\" class=\"wp-image-8620\" srcset=\"https:\/\/www.sage.com\/fr-fr\/blog\/wp-content\/uploads\/sites\/4\/2020\/11\/SAGE-France-DigitalTransformation-Chart2.jpg 1200w, https:\/\/www.sage.com\/fr-fr\/blog\/wp-content\/uploads\/sites\/4\/2020\/11\/SAGE-France-DigitalTransformation-Chart2-768x481.jpg 768w\" sizes=\"auto, (max-width: 1200px) 100vw, 1200px\" \/><\/figure>\n\n\n\n<h2 class=\"wp-block-heading\">Les experts-comptables, partenaires de la transition digitale<\/h2>\n\n\n\n<p class=\"\">D\u2019apr\u00e8s les r\u00e9sultats de notre \u00e9tude, pr\u00e8s d\u2019un dirigeant de TPE\/PME sur trois consid\u00e8re les <a href=\"https:\/\/www.sage.com\/fr-fr\/experts-comptables-logiciels\/\">experts-comptables<\/a> comme de v\u00e9ritables appuis pour le d\u00e9ploiement d\u2019une strat\u00e9gie de digitalisation au sein de leur soci\u00e9t\u00e9. Et ils sont uniquement d\u00e9pass\u00e9s sur ce plan par les prestataires de solutions informatiques. C\u2019est dire leur importance !<\/p>\n\n\n\n<p class=\"\">D\u2019ailleurs, les experts-comptables, dans leur quasi-int\u00e9gralit\u00e9 (93 %), se consid\u00e8rent eux-m\u00eames comme des conseillers l\u00e9gitimes en la mati\u00e8re. 9 cabinets sur 10 disent m\u00eame encourager leurs clients \u00e0 utiliser des outils digitaux, et ce de plusieurs mani\u00e8res :<\/p>\n\n\n\n<ul class=\"wp-block-list\">\n<li>en fournissant directement la solution num\u00e9rique,<\/li>\n\n\n\n<li>en orientant vers un logiciel comptable de confiance,<\/li>\n\n\n\n<li>en formant leurs clients aux nouveaux outils digitaux,<\/li>\n\n\n\n<li>en d\u00e9finissant la strat\u00e9gie globale \u00e0 mettre en \u0153uvre.<\/li>\n<\/ul>\n\n\n\n<p class=\"\">Cet accompagnement r\u00e9pond \u00e0 une v\u00e9ritable demande de la part des entreprises, qui recherchent les conseils des experts-comptables dans le choix des \u00e9quipements, afin de b\u00e9n\u00e9ficier d\u2019une solution digitale adapt\u00e9e \u00e0 leur activit\u00e9 et \u00e0 leurs besoins.<\/p>\n\n\n\n<p class=\"\">Pour juger de l\u2019\u00e9tat d\u2019avancement de la transformation digitale en comptabilit\u00e9 de leurs clients, les experts-comptables se fient avant tout \u00e0 l\u2019utilisation des outils num\u00e9riques dans leur communication, et aux modes de partage des documents financiers. L\u2019utilisation d\u2019un <a href=\"https:\/\/www.sage.com\/fr-fr\/comptabilite-logiciels\/logiciel-en-ligne\/\">logiciel de comptabilit\u00e9 en ligne<\/a> est aussi un crit\u00e8re pertinent, bien s\u00fbr.<\/p>\n\n\n\n<h2 class=\"wp-block-heading\">La cybers\u00e9curit\u00e9, au c\u0153ur des pr\u00e9occupations des TPE<\/h2>\n\n\n\n<p class=\"\">La derni\u00e8re partie de l&#8217;\u00e9tude est consacr\u00e9e aux enjeux de cybers\u00e9curit\u00e9, qui touchent tous les aspects de la soci\u00e9t\u00e9 moderne. La protection des donn\u00e9es \u00e9tant plus que jamais une priorit\u00e9 avec le <a href=\"https:\/\/www.sage.com\/fr-fr\/blog\/cyber-attaques-proteger-entreprise-priorite-redemarrage\/\">d\u00e9veloppement rapide du t\u00e9l\u00e9travail<\/a> dans les entreprises.<\/p>\n\n\n\n<p class=\"\">Toutefois, une TPE sur deux seulement se sent concern\u00e9e par les cyber-risques. Parmi les dirigeants d\u2019entreprises qui ne s\u2019inqui\u00e8tent pas de l\u2019\u00e9ventualit\u00e9 d\u2019une attaque \u00e0 l\u2019avenir, 21 % sont persuad\u00e9s que leur entreprise ne sera pas cibl\u00e9e, et 14 % pensent que leur organisme est suffisamment prot\u00e9g\u00e9 \u00e0 l\u2019heure actuelle dans ce domaine.<\/p>\n\n\n\n<p class=\"\">Une autre <a href=\"https:\/\/blog.talkspirit.com\/le-shadow-it-epee-de-damocles-pour-nos-entreprises\/\" target=\"_blank\" rel=\"noopener noreferrer\">\u00e9tude cit\u00e9e par TalkSpirit<\/a> a r\u00e9v\u00e9l\u00e9 qu&#8217;un tiers des attaques informatiques se produiront via des solutions informatiques qui n&#8217;appartiennent pas \u00e0 l&#8217;entreprise, ce qui montre l&#8217;importance du DSI pour avoir une visibilit\u00e9 totale sur toutes les applications utilis\u00e9es par l&#8217;organisation.<\/p>\n\n\n\n<figure class=\"wp-block-image aligncenter\"><img loading=\"lazy\" decoding=\"async\" width=\"1200\" height=\"779\" src=\"https:\/\/www.sage.com\/fr-fr\/blog\/wp-content\/uploads\/sites\/4\/2020\/11\/SAGE-France-DigitalTransformation-Chart3.jpg\" alt=\"SAGE-France-DigitalTransformation-EC-clients-aubaine-Chart3\" class=\"wp-image-8621\" srcset=\"https:\/\/www.sage.com\/fr-fr\/blog\/wp-content\/uploads\/sites\/4\/2020\/11\/SAGE-France-DigitalTransformation-Chart3.jpg 1200w, https:\/\/www.sage.com\/fr-fr\/blog\/wp-content\/uploads\/sites\/4\/2020\/11\/SAGE-France-DigitalTransformation-Chart3-768x499.jpg 768w\" sizes=\"auto, (max-width: 1200px) 100vw, 1200px\" \/><\/figure>\n\n\n\n<p class=\"\">Ces r\u00e9ponses d\u00e9notent sensiblement de celles des experts-comptables qui estiment \u00e0 98 % que la cybers\u00e9curit\u00e9 est un enjeu important pour leur cabinet, et \u00e0 91 % un enjeu pour leurs clients. Concernant la s\u00e9curit\u00e9 des donn\u00e9es fiscales et sociales, les experts-comptables se veulent plut\u00f4t rassurants, en affirmant assez majoritairement que la s\u00e9curit\u00e9 relative \u00e0 la d\u00e9mat\u00e9rialisation de ces informations sensibles est suffisante, bien qu\u2019am\u00e9liorable.<\/p>\n\n\n\n<p class=\"\">D\u00e9couvrez l\u2019int\u00e9gralit\u00e9 des r\u00e9sultats en t\u00e9l\u00e9chargeant le document complet pour analyser plus en d\u00e9tail notre \u00e9tude sur la transformation digitale !<\/p>\n\n\n\n<div class=\"single-cta gated-content\">\n\t<div class=\"single-cta__positioner\">\n\t\t<div class=\"single-cta__wrapper has-dark-background-color\">\n\t\t\t<div class=\"single-cta__content\">\n\t\t\t\t\t\t\t\t<h2 class=\"single-cta__title h3\">La transformation digitale des TPE <\/h2>\n\n\t\t\t\t\t\t\t\t\t<div class=\"single-cta__description\">\n\t\t\t\t\t\t<p>Vision crois\u00e9e des chefs d'entreprises et des experts-comptables<\/p>\n\t\t\t\t\t<\/div>\n\t\t\t\t\n\t\t\t\t\t\t\t\t\t\t\t\t\t\t<a\n\t\t\t\t\t\thref=\"#gate-94385977-9436-4b2a-8aa4-c157328dd112\"\n\t\t\t\t\t\tclass=\"single-cta__button button button--primary\"\n\t\t\t\t\t\t\t\t\t\t\t\t\t\t\t\t\t>T\u00e9l\u00e9chargez gratuitement<\/a>\n\t\t\t\t\t\t\t<\/div>\n\n\t\t\t\t\t<\/div>\n\n\t\t\t\t\t<img decoding=\"async\" width=\"1252\" height=\"810\" src=\"https:\/\/www.sage.com\/fr-fr\/blog\/wp-content\/uploads\/sites\/4\/2019\/09\/transformation-digitale-tpe-etude-cta-1252x810.jpg\" class=\"single-cta__image\" alt=\"transformation-digitale-tpe-etude-cta\" loading=\"lazy\" srcset=\"https:\/\/www.sage.com\/fr-fr\/blog\/wp-content\/uploads\/sites\/4\/2019\/09\/transformation-digitale-tpe-etude-cta-1252x810.jpg 1252w\" sizes=\"auto, (min-width: 48em) 33vw, 100vw\" \/>\t\t\t<\/div>\n<\/div>\n\n\n\n\n<p class=\"\"><em>Cet article a \u00e9t\u00e9 initialement publi\u00e9 le 20\/09\/2019 ; derni\u00e8re mise \u00e0 jour le 4\/09\/2020.<\/em><\/p>\n\n\n<div class=\"single-cta\">\n\t<div class=\"single-cta__positioner\">\n\t\t<div class=\"single-cta__wrapper has-dark-background-color\">\n\t\t\t<div class=\"single-cta__content\">\n\t\t\t\t\t\t\t\t<h2 class=\"single-cta__title h3\">Inscrivez-vous \u00e0 la e-newsletter mensuelle<\/h2>\n\n\t\t\t\t\n\t\t\t\t\t\t\t\t\t\t\t\t\t\t<a\n\t\t\t\t\t\thref=\"#gate-a947ade1-e692-455f-94ce-a275d72a9a11\"\n\t\t\t\t\t\tclass=\"single-cta__button button button--primary\"\n\t\t\t\t\t\t\t\t\t\t\t\t\t\t\t\t\t>Je m&#039;abonne<\/a>\n\t\t\t\t\t\t\t<\/div>\n\n\t\t\t\t\t<\/div>\n\n\t\t\t\t\t<img decoding=\"async\" width=\"1024\" height=\"779\" src=\"https:\/\/www.sage.com\/fr-fr\/blog\/wp-content\/uploads\/sites\/4\/2021\/05\/spreadsheets-1024x779-1.jpg\" class=\"single-cta__image\" alt=\"\" loading=\"lazy\" srcset=\"https:\/\/www.sage.com\/fr-fr\/blog\/wp-content\/uploads\/sites\/4\/2021\/05\/spreadsheets-1024x779-1.jpg 1024w\" sizes=\"auto, (min-width: 48em) 33vw, 100vw\" \/>\t\t\t<\/div>\n<\/div>\n","protected":false},"excerpt":{"rendered":"<p>Sage, partenaire de la transition num\u00e9rique des entreprises, s\u2019est associ\u00e9 \u00e0 la Conf\u00e9d\u00e9ration des PME (CPME) pour r\u00e9aliser une \u00e9tude sur la transformation digitale des TPE, que vous pouvez d\u00e9couvrir dans son int\u00e9gralit\u00e9 \u00e0 la fin de cet article. D\u00e9couvrant \u00e0 la fois la vision de chefs d&#8217;entreprise et d\u2019experts-comptables, elle s\u2019attache \u00e0 r\u00e9pondre \u00e0 [&hellip;]<\/p>\n","protected":false},"author":902,"featured_media":7796,"comment_status":"open","ping_status":"closed","sticky":false,"template":"","format":"standard","meta":{"_sage_video":false,"post_featured_image_hide":false,"footnotes":""},"categories":[16,834],"tags":[224],"business_type":[8,11],"lilypad":[],"context":[],"industry":[],"persona":[34,40],"imagine_tag":[463,452,460],"coauthors":[901],"class_list":["post-7792","post","type-post","status-publish","format-standard","has-post-thumbnail","hentry","category-digitalisation-et-tendances","category-guides-et-modeles-gratuits","tag-ia-digitalisation","business_type-artisans-et-petites-entreprises","business_type-expertise-comptable"],"sage_meta":{"region":"fr-fr","author_name":"Sabine Ducrot-Ciss","featured_image":"https:\/\/www.sage.com\/fr-fr\/blog\/wp-content\/uploads\/sites\/4\/2019\/09\/transformation-digitale-tpe.jpg","imagine_tags":{"463":"Expertise comptable","452":"Experts-Comptables","460":"Petites Entreprises"}},"distributor_meta":false,"distributor_terms":false,"distributor_media":false,"distributor_original_site_name":"Sage Advice France","distributor_original_site_url":"https:\/\/www.sage.com\/fr-fr\/blog","push-errors":false,"_links":{"self":[{"href":"https:\/\/www.sage.com\/fr-fr\/blog\/api\/wp\/v2\/posts\/7792","targetHints":{"allow":["GET"]}}],"collection":[{"href":"https:\/\/www.sage.com\/fr-fr\/blog\/api\/wp\/v2\/posts"}],"about":[{"href":"https:\/\/www.sage.com\/fr-fr\/blog\/api\/wp\/v2\/types\/post"}],"author":[{"embeddable":true,"href":"https:\/\/www.sage.com\/fr-fr\/blog\/api\/wp\/v2\/users\/902"}],"replies":[{"embeddable":true,"href":"https:\/\/www.sage.com\/fr-fr\/blog\/api\/wp\/v2\/comments?post=7792"}],"version-history":[{"count":0,"href":"https:\/\/www.sage.com\/fr-fr\/blog\/api\/wp\/v2\/posts\/7792\/revisions"}],"wp:featuredmedia":[{"embeddable":true,"href":"https:\/\/www.sage.com\/fr-fr\/blog\/api\/wp\/v2\/media\/7796"}],"wp:attachment":[{"href":"https:\/\/www.sage.com\/fr-fr\/blog\/api\/wp\/v2\/media?parent=7792"}],"wp:term":[{"taxonomy":"category","embeddable":true,"href":"https:\/\/www.sage.com\/fr-fr\/blog\/api\/wp\/v2\/categories?post=7792"},{"taxonomy":"post_tag","embeddable":true,"href":"https:\/\/www.sage.com\/fr-fr\/blog\/api\/wp\/v2\/tags?post=7792"},{"taxonomy":"business_type","embeddable":true,"href":"https:\/\/www.sage.com\/fr-fr\/blog\/api\/wp\/v2\/business_type?post=7792"},{"taxonomy":"lilypad","embeddable":true,"href":"https:\/\/www.sage.com\/fr-fr\/blog\/api\/wp\/v2\/lilypad?post=7792"},{"taxonomy":"context","embeddable":true,"href":"https:\/\/www.sage.com\/fr-fr\/blog\/api\/wp\/v2\/context?post=7792"},{"taxonomy":"industry","embeddable":true,"href":"https:\/\/www.sage.com\/fr-fr\/blog\/api\/wp\/v2\/industry?post=7792"},{"taxonomy":"persona","embeddable":true,"href":"https:\/\/www.sage.com\/fr-fr\/blog\/api\/wp\/v2\/persona?post=7792"},{"taxonomy":"imagine_tag","embeddable":true,"href":"https:\/\/www.sage.com\/fr-fr\/blog\/api\/wp\/v2\/imagine_tag?post=7792"},{"taxonomy":"author","embeddable":true,"href":"https:\/\/www.sage.com\/fr-fr\/blog\/api\/wp\/v2\/coauthors?post=7792"}],"curies":[{"name":"wp","href":"https:\/\/api.w.org\/{rel}","templated":true}]}}