{"id":8112,"date":"2020-06-08T13:30:48","date_gmt":"2020-06-08T11:30:48","guid":{"rendered":"https:\/\/www.sage.com\/fr-fr\/blog\/?p=8112"},"modified":"2023-08-21T16:02:08","modified_gmt":"2023-08-21T14:02:08","slug":"recouvrement-creances-eviter-prescription","status":"publish","type":"post","link":"https:\/\/www.sage.com\/fr-fr\/blog\/recouvrement-creances-eviter-prescription\/","title":{"rendered":"Recouvrement de cr\u00e9ances : \u00e9viter le pi\u00e8ge de la prescription"},"content":{"rendered":"<header class=\"entry-header has-dark-background-color entry-header--has-illustration entry-header--has-illustration--generic\">\n\t<div class=\"container\">\n\t\t<div class=\"entry-header__row row align-center\">\n\t\t\t<div class=\"col col-lg-7 col-xlg-6 entry-header__content\">\n\t\t\t\t\t\t\t<div class=\"component component-single-header\">\n\t\t\t\t\t\t\t\t\t\t<div class=\"entry-header__misc text--subtitle text--uppercase text--small\">\n\t\t\t\t\t\t\t<a href=\"https:\/\/www.sage.com\/fr-fr\/blog\/categorie\/gestion-financiere\/\" class=\"entry-header__link\">Gestion Financi\u00e8re<\/a>\t\t\t\t\t\t<\/div>\n\t\t\t\t\n\t\t\t\t<div class=\"entry-title-wrapper\">\n\t\t\t\t\t<h1 class=\"entry-title\">\n\t\t\t\t\t\tRecouvrement de cr\u00e9ances : \u00e9viter le pi\u00e8ge de la prescription\t\t\t\t\t<\/h1>\n\t\t\t\t<\/div>\n\n\t\t\t\t\t\t\t\t\t<p class=\"entry-header__description\">\n\t\t\t\t\t\t\t\t\t\t\t<\/p>\n\t\t\t\t\n\t\t\t\t\n\t\t\t\t\n\t\t\t<\/div>\n\n\t\t\t\t\t<\/div>\n\t\t\t\t\t<\/div>\n\t<\/div>\n\t<div class=\"single-post-details container\">\n\t\t<div class=\"col\">\n\t\t\t<span class=\"posted-on \"><time class=\"entry-date published\" datetime=\"2020-06-08T13:30:48+02:00\">June 8, 2020<\/time><\/span><span class=\"reading-time\"> min de lecture<\/span>\n\t\t<button\n\t\t\ttype=\"button\"\n\t\t\tclass=\"social-share-button button button--icon button--secondary js-social-share-button\"\n\t\t\tdata-share-title=\"Recouvrement de cr\u00e9ances : \u00e9viter le pi\u00e8ge de la prescription\"\n\t\t\tdata-share-url=\"https:\/\/www.sage.com\/fr-fr\/blog\/recouvrement-creances-eviter-prescription\/\"\n\t\t\tdata-share-text=\"Veuillez lire cet article int\u00e9ressant\"\n\t\t>\n\t\t\t<span class=\"social-share-button__share-label\">Partager<\/span>\n\t\t\t<span class=\"social-share-button__copy-label\" hidden>Copier le lien<\/span>\n\t\t\t<span class=\"social-share-button__copy-tooltip\" aria-hidden=\"true\" hidden>Copi\u00e9<\/span>\n\t\t<\/button>\n\n\t\t\t\t<\/div>\n\t<\/div>\n<\/header>\n\n\n<div class=\"wp-block-post-author has-dark-background-color alignfull\">\n\t<div class=\"container\">\n\t\t<div class=\"col\">\n\t\t\t\t\t\t\t<div class=\"co-authors\">\n\t\t\t\t\t\n\t\t<div class=\"entry-author-wrapper\">\n\t\t\t<a class=\"entry-author\" href=\"https:\/\/www.sage.com\/fr-fr\/blog\/author\/cedric-suire\/\">\n\t\t\t\t<img loading=\"lazy\" decoding=\"async\" width=\"40\" height=\"40\" src=\"https:\/\/www.sage.com\/fr-fr\/blog\/wp-content\/uploads\/sites\/4\/2018\/10\/Suire-Cedric_350x350.jpg\" class=\"entry-author__image\" alt=\"\" \/>\t\t\t\t<span class=\"entry-author__name\">C\u00e9dric Suire<\/span>\n\t\t\t<\/a>\n\n\t\t\t\t\t<\/div>\n\n\t\t\t\t\t\t<\/div>\n\t\t\t\t\t<\/div>\n\t<\/div>\n<\/div>\n\n\n\n<p class=\"\">Ma\u00eetriser les r\u00e8gles de la prescription en mati\u00e8re de recouvrement de cr\u00e9ances est une n\u00e9cessit\u00e9 pour l\u2019ensemble des d\u00e9cideurs administratifs de l\u2019entreprise. En effet, <strong>la prescription \u00e9teint la possibilit\u00e9 pour une entreprise de r\u00e9clamer en justice le r\u00e8glement d\u2019une cr\u00e9ance impay\u00e9e<\/strong>.<\/p>\n\n\n\n<p class=\"\">Si le principe de la prescription rel\u00e8ve du sens commun, <strong>des r\u00e8gles sont \u00e0 conna\u00eetre<\/strong> et <strong>des pratiques \u00e0 appliquer<\/strong> pour ne pas \u00eatre pris au d\u00e9pourvu. Les int\u00e9grer dans sa proc\u00e9dure de recouvrement de cr\u00e9ances est le meilleur moyen d\u2019\u00e9viter le pi\u00e8ge de la prescription.<\/p>\n\n\n\n<p class=\"\">Vous pouvez s\u00e9curiser le recouvrement de cr\u00e9ances via trois leviers :<\/p>\n\n\n\n<ul class=\"wp-block-list\">\n<li><strong>Conna\u00eetre les diff\u00e9rents contextes de prescription<\/strong><\/li>\n\n\n\n<li><strong>Tenir compte des d\u00e9lais de prescription<\/strong><\/li>\n\n\n\n<li><strong>Savoir comment agir quand les d\u00e9lais de prescription sont d\u00e9pass\u00e9s<\/strong><\/li>\n<\/ul>\n\n\n\n<h2 class=\"wp-block-heading\">Recouvrement de cr\u00e9ances : quelle prescription pour quel contexte ?<\/h2>\n\n\n\n<h3 class=\"wp-block-heading\">La prescription d\u2019une cr\u00e9ance commerciale<\/h3>\n\n\n\n<p class=\"\">Une cr\u00e9ance commerciale s\u2019applique aux <strong>relations entre deux entreprises<\/strong>. Dans ce cas, le d\u00e9lai de prescription est de cinq ans\u00b9.<\/p>\n\n\n\n<h3 class=\"wp-block-heading\">La prescription d\u2019une cr\u00e9ance civile<\/h3>\n\n\n\n<p class=\"\">Une cr\u00e9ance civile s\u2019applique aux <strong>relations entre une entreprise et un particulier<\/strong>. Dans ce cas, le d\u00e9lai de prescription est de deux ans\u00b2.<\/p>\n\n\n\n<h3 class=\"wp-block-heading\">Les d\u00e9rogations<\/h3>\n\n\n\n<p class=\"\">Deux types de charges font l\u2019objet d\u2019une d\u00e9rogation aux r\u00e8gles de prescription des cr\u00e9ances commerciales et civiles :<\/p>\n\n\n\n<ul class=\"wp-block-list\">\n<li><strong>Les co\u00fbts des services de communication<\/strong> (t\u00e9l\u00e9phone et Internet), pour lesquels la prescription n\u2019est que d\u2019un an<\/li>\n\n\n\n<li><strong>Les charges de copropri\u00e9t\u00e9<\/strong>, dont le d\u00e9lai de prescription est au contraire allong\u00e9 \u00e0 10 ans<\/li>\n<\/ul>\n\n\n\n<h2 class=\"wp-block-heading\">Recouvrement de cr\u00e9ances : quel point de d\u00e9part pour la prescription ?<\/h2>\n\n\n\n<p class=\"\">Le d\u00e9lai de prescription d\u2019une action en recouvrement de cr\u00e9ances est d\u00e9compt\u00e9 \u00e0 partir de <strong>l\u2019\u00e9ch\u00e9ance<\/strong> indiqu\u00e9e sur la <a href=\"https:\/\/www.sage.com\/fr-fr\/blog\/glossaire\/facture-definition-de-la-facturation-au-sein-des-entreprises\/\">facture.<\/a><\/p>\n\n\n\n<p class=\"\">Prenons par exemple une facture inter-entreprise (qui ne concerne ni la t\u00e9l\u00e9phonie, ni la copropri\u00e9t\u00e9) \u00e9mise le <strong>31 mars 2020<\/strong> avec un d\u00e9lai de r\u00e8glement de 30 jours.<br>Dans l\u2019hypoth\u00e8se o\u00f9 elle viendrait \u00e0 \u00eatre impay\u00e9e, la fen\u00eatre ouverte au cr\u00e9ancier pour lui permettre de r\u00e9clamer en justice l\u2019acquittement de sa cr\u00e9ance sera close le 30 avril 2025. Dit autrement, le point de d\u00e9part de la prescription commence le <strong>1<sup>er<\/sup> mai 2025<\/strong>.<\/p>\n\n\n\n<p class=\"\">La substitution de <strong>l\u2019abonnement moyennant le paiement d\u2019\u00e9ch\u00e9ances fixes mensuelles<\/strong> \u00e0 l\u2019achat classique gagne du terrain. Dans cette hypoth\u00e8se, c\u2019est la date pr\u00e9vue pour le paiement de chacune des \u00e9ch\u00e9ances qui est prise comme r\u00e9f\u00e9rence pour calculer le d\u00e9lai de prescription appliqu\u00e9 \u00e0 chaque mensualit\u00e9.<\/p>\n\n\n\n<p class=\"\">Pour rester dans l\u2019exemple \u00e9voqu\u00e9 ci-dessus, le recouvrement par voie de justice d\u2019une \u00e9ch\u00e9ance mensuelle payable le 30 avril 2020 pourra \u00eatre intent\u00e9 jusqu\u2019au 30 avril 2025.<\/p>\n\n\n\n<h2 class=\"wp-block-heading\">Recouvrement de cr\u00e9ances : quel recours quand le d\u00e9lai est pass\u00e9 ?<\/h2>\n\n\n\n<p class=\"\">Le d\u00e9lai de 2 ans ou de 5 ans s\u2019applique pour <strong>l\u2019ouverture<\/strong> de la proc\u00e9dure judiciaire. Lorsque celle-ci est engag\u00e9e dans la fen\u00eatre pr\u00e9vue, la prescription ne peut \u00eatre \u00e9voqu\u00e9e par le d\u00e9biteur alors m\u00eame que la dur\u00e9e de la proc\u00e9dure s\u2019\u00e9tend au-del\u00e0 de la fen\u00eatre.<\/p>\n\n\n\n<p class=\"\">En imaginant qu\u2019un directeur financier d\u00e9couvre en se plongeant dans les archives d\u2019une soci\u00e9t\u00e9 r\u00e9cemment rachet\u00e9e l\u2019existence de factures impay\u00e9es prescrites, il peut quand m\u00eame en r\u00e9clamer le r\u00e8glement en justice.<br>En effet, <strong>pour les cr\u00e9ances commerciales, il n\u2019y a pas automaticit\u00e9 de l\u2019application de la prescription<\/strong>. Elle doit \u00eatre express\u00e9ment invoqu\u00e9e par le d\u00e9biteur pour faire \u00e9chouer la proc\u00e9dure.<\/p>\n\n\n\n<p class=\"\">Pour les cr\u00e9ances civiles en revanche, la prescription est automatiquement appliqu\u00e9e. Le d\u00e9lai de 2 ans est incontournable.<\/p>\n\n\n\n<p class=\"\">En conclusion, la pr\u00e9cision du pilotage du calendrier et le respect des \u00e9ch\u00e9ances l\u00e9gales constituent des incontournables du processus de recouvrement de cr\u00e9ances.<\/p>\n\n\n\n<p class=\"\">Le pi\u00e8ge de la prescription n\u2019est pour autant <strong>pas si simple \u00e0 \u00e9viter dans un contexte de volume et de complexit\u00e9 de facturation<\/strong>. Les d\u00e9lais de courtoisie, les p\u00e9riodes de recours amiables, les modifications de p\u00e9rim\u00e8tres et d\u2019\u00e9ventuels changements d\u2019interlocuteurs peuvent faire perdre le fil au cr\u00e9ancier.<\/p>\n\n\n\n<p class=\"\">Si vous souhaitez donner \u00e0 votre entreprise toutes les chances de piloter sans fausse note la proc\u00e9dure de recouvrement de cr\u00e9ances, \u00e9quipez-vous d\u2019une <a href=\"https:\/\/www.sage.com\/fr-fr\/produits\/sage-100\/sage-recouvrement-creances\/\">solution automatis\u00e9e qui s\u00e9curise la gestion du calendrier de prescription<\/a>.<\/p>\n\n\n\n<div class=\"single-cta gated-content\">\n\t<div class=\"single-cta__positioner\">\n\t\t<div class=\"single-cta__wrapper has-dark-background-color\">\n\t\t\t<div class=\"single-cta__content\">\n\t\t\t\t\t\t\t\t<h2 class=\"single-cta__title h3\">Facturer c'est bien, encaisser c'est mieux ! <\/h2>\n\n\t\t\t\t\t\t\t\t\t<div class=\"single-cta__description\">\n\t\t\t\t\t\t<p>B\u00e9n\u00e9ficiez d\u2019une solution Cloud de suivi et de relance de vos factures 100 % d\u00e9di\u00e9e PME<\/p>\n\t\t\t\t\t<\/div>\n\t\t\t\t\n\t\t\t\t\t\t\t\t\t\t\t\t\t\t<a\n\t\t\t\t\t\thref=\"#gate-5005827c-abb8-466d-b88c-db8dba963041\"\n\t\t\t\t\t\tclass=\"single-cta__button button button--primary\"\n\t\t\t\t\t\t\t\t\t\t\t\t\t\t\t\t\t>T\u00e9l\u00e9chargez gratuitement le livre blanc<\/a>\n\t\t\t\t\t\t\t<\/div>\n\n\t\t\t\t\t<\/div>\n\n\t\t\t\t\t<img decoding=\"async\" width=\"1252\" height=\"810\" src=\"https:\/\/www.sage.com\/fr-fr\/blog\/wp-content\/uploads\/sites\/4\/2019\/05\/guide-sage-recouvrement-creances_CTA-1252x810.jpg\" class=\"single-cta__image\" alt=\"guide-sage-recouvrement-creances_CTA\" loading=\"lazy\" srcset=\"https:\/\/www.sage.com\/fr-fr\/blog\/wp-content\/uploads\/sites\/4\/2019\/05\/guide-sage-recouvrement-creances_CTA-1252x810.jpg 1252w\" sizes=\"auto, (min-width: 48em) 33vw, 100vw\" \/>\t\t\t<\/div>\n<\/div>\n\n\n\n\n<p class=\"\"><strong>Pour aller plus loin sur le sujet :<\/strong> <a href=\"https:\/\/www.sage.com\/fr-fr\/blog\/recouvrement-creances-penalites-retard\/\">Recouvrement de cr\u00e9ances : calculer les p\u00e9nalit\u00e9s de retard<\/a><\/p>\n\n\n\n<p class=\"\">\u00b9 <em>Article L110-4 du Code du commerce<\/em><br>\u00b2 <em>Article L218-2 du Code de la consommation<\/em><\/p>\n\n\n<div class=\"single-cta\">\n\t<div class=\"single-cta__positioner\">\n\t\t<div class=\"single-cta__wrapper has-dark-background-color\">\n\t\t\t<div class=\"single-cta__content\">\n\t\t\t\t\t\t\t\t<h2 class=\"single-cta__title h3\">Inscrivez-vous \u00e0 la e-newsletter mensuelle<\/h2>\n\n\t\t\t\t\n\t\t\t\t\t\t\t\t\t\t\t\t\t\t<a\n\t\t\t\t\t\thref=\"#gate-a947ade1-e692-455f-94ce-a275d72a9a11\"\n\t\t\t\t\t\tclass=\"single-cta__button button button--primary\"\n\t\t\t\t\t\t\t\t\t\t\t\t\t\t\t\t\t>Je m&#039;abonne<\/a>\n\t\t\t\t\t\t\t<\/div>\n\n\t\t\t\t\t<\/div>\n\n\t\t\t\t\t<img decoding=\"async\" width=\"1024\" height=\"779\" src=\"https:\/\/www.sage.com\/fr-fr\/blog\/wp-content\/uploads\/sites\/4\/2021\/05\/spreadsheets-1024x779-1.jpg\" class=\"single-cta__image\" alt=\"\" loading=\"lazy\" srcset=\"https:\/\/www.sage.com\/fr-fr\/blog\/wp-content\/uploads\/sites\/4\/2021\/05\/spreadsheets-1024x779-1.jpg 1024w\" sizes=\"auto, (min-width: 48em) 33vw, 100vw\" \/>\t\t\t<\/div>\n<\/div>\n","protected":false},"excerpt":{"rendered":"<p>Ma\u00eetriser les r\u00e8gles de la prescription en mati\u00e8re de recouvrement de cr\u00e9ances est une n\u00e9cessit\u00e9 pour l\u2019ensemble des d\u00e9cideurs administratifs de l\u2019entreprise. En effet, la prescription \u00e9teint la possibilit\u00e9 pour une entreprise de r\u00e9clamer en justice le r\u00e8glement d\u2019une cr\u00e9ance impay\u00e9e. Si le principe de la prescription rel\u00e8ve du sens commun, des r\u00e8gles sont \u00e0 [&hellip;]<\/p>\n","protected":false},"author":293,"featured_media":8113,"comment_status":"closed","ping_status":"closed","sticky":false,"template":"","format":"standard","meta":{"_sage_video":false,"post_featured_image_hide":false,"footnotes":""},"categories":[12],"tags":[70,41],"business_type":[9],"lilypad":[],"context":[],"industry":[],"persona":[35,34],"imagine_tag":[714,456,475,459],"coauthors":[924],"class_list":["post-8112","post","type-post","status-publish","format-standard","has-post-thumbnail","hentry","category-gestion-financiere","tag-comptabilite","tag-tresorerie","business_type-petites-et-moyennes-entreprises"],"sage_meta":{"region":"fr-fr","author_name":"C\u00e9dric Suire","featured_image":"https:\/\/www.sage.com\/fr-fr\/blog\/wp-content\/uploads\/sites\/4\/2020\/03\/recouvrement-de-creances-conseils.jpg","imagine_tags":{"714":"Dirigeant de PME","456":"Gestion Commerciale","475":"Gestion factuation","459":"Petites et Moyennes Entreprises"}},"distributor_meta":false,"distributor_terms":false,"distributor_media":false,"distributor_original_site_name":"Sage Advice France","distributor_original_site_url":"https:\/\/www.sage.com\/fr-fr\/blog","push-errors":false,"_links":{"self":[{"href":"https:\/\/www.sage.com\/fr-fr\/blog\/api\/wp\/v2\/posts\/8112","targetHints":{"allow":["GET"]}}],"collection":[{"href":"https:\/\/www.sage.com\/fr-fr\/blog\/api\/wp\/v2\/posts"}],"about":[{"href":"https:\/\/www.sage.com\/fr-fr\/blog\/api\/wp\/v2\/types\/post"}],"author":[{"embeddable":true,"href":"https:\/\/www.sage.com\/fr-fr\/blog\/api\/wp\/v2\/users\/293"}],"replies":[{"embeddable":true,"href":"https:\/\/www.sage.com\/fr-fr\/blog\/api\/wp\/v2\/comments?post=8112"}],"version-history":[{"count":0,"href":"https:\/\/www.sage.com\/fr-fr\/blog\/api\/wp\/v2\/posts\/8112\/revisions"}],"wp:featuredmedia":[{"embeddable":true,"href":"https:\/\/www.sage.com\/fr-fr\/blog\/api\/wp\/v2\/media\/8113"}],"wp:attachment":[{"href":"https:\/\/www.sage.com\/fr-fr\/blog\/api\/wp\/v2\/media?parent=8112"}],"wp:term":[{"taxonomy":"category","embeddable":true,"href":"https:\/\/www.sage.com\/fr-fr\/blog\/api\/wp\/v2\/categories?post=8112"},{"taxonomy":"post_tag","embeddable":true,"href":"https:\/\/www.sage.com\/fr-fr\/blog\/api\/wp\/v2\/tags?post=8112"},{"taxonomy":"business_type","embeddable":true,"href":"https:\/\/www.sage.com\/fr-fr\/blog\/api\/wp\/v2\/business_type?post=8112"},{"taxonomy":"lilypad","embeddable":true,"href":"https:\/\/www.sage.com\/fr-fr\/blog\/api\/wp\/v2\/lilypad?post=8112"},{"taxonomy":"context","embeddable":true,"href":"https:\/\/www.sage.com\/fr-fr\/blog\/api\/wp\/v2\/context?post=8112"},{"taxonomy":"industry","embeddable":true,"href":"https:\/\/www.sage.com\/fr-fr\/blog\/api\/wp\/v2\/industry?post=8112"},{"taxonomy":"persona","embeddable":true,"href":"https:\/\/www.sage.com\/fr-fr\/blog\/api\/wp\/v2\/persona?post=8112"},{"taxonomy":"imagine_tag","embeddable":true,"href":"https:\/\/www.sage.com\/fr-fr\/blog\/api\/wp\/v2\/imagine_tag?post=8112"},{"taxonomy":"author","embeddable":true,"href":"https:\/\/www.sage.com\/fr-fr\/blog\/api\/wp\/v2\/coauthors?post=8112"}],"curies":[{"name":"wp","href":"https:\/\/api.w.org\/{rel}","templated":true}]}}