{"id":8311,"date":"2020-06-12T09:00:47","date_gmt":"2020-06-12T07:00:47","guid":{"rendered":"https:\/\/www.sage.com\/fr-fr\/blog\/?p=8311"},"modified":"2026-02-19T17:16:09","modified_gmt":"2026-02-19T16:16:09","slug":"cloud-levier-rebond-eti","status":"publish","type":"post","link":"https:\/\/www.sage.com\/fr-fr\/blog\/cloud-levier-rebond-eti\/","title":{"rendered":"Le Cloud, levier de rebond pour les ETI"},"content":{"rendered":"<header class=\"entry-header has-dark-background-color entry-header--has-illustration entry-header--has-illustration--generic\">\n\t<div class=\"container\">\n\t\t<div class=\"entry-header__row row align-center\">\n\t\t\t<div class=\"col col-lg-7 col-xlg-6 entry-header__content\">\n\t\t\t\t\t\t\t<div class=\"component component-single-header\">\n\t\t\t\t\t\t\t\t\t\t<div class=\"entry-header__misc text--subtitle text--uppercase text--small\">\n\t\t\t\t\t\t\t<a href=\"https:\/\/www.sage.com\/fr-fr\/blog\/categorie\/digitalisation-et-tendances\/\" class=\"entry-header__link\">Digitalisation &amp; Tendances<\/a>\t\t\t\t\t\t<\/div>\n\t\t\t\t\n\t\t\t\t<div class=\"entry-title-wrapper\">\n\t\t\t\t\t<h1 class=\"entry-title\">\n\t\t\t\t\t\tLe Cloud, levier de rebond pour les ETI\t\t\t\t\t<\/h1>\n\t\t\t\t<\/div>\n\n\t\t\t\t\t\t\t\t\t<p class=\"entry-header__description\">\n\t\t\t\t\t\t\t\t\t\t\t<\/p>\n\t\t\t\t\n\t\t\t\t\n\t\t\t\t\n\t\t\t<\/div>\n\n\t\t\t\t\t<\/div>\n\t\t\t\t\t<\/div>\n\t<\/div>\n\t<div class=\"single-post-details container\">\n\t\t<div class=\"col\">\n\t\t\t<span class=\"posted-on \"><time class=\"entry-date published\" datetime=\"2020-06-12T09:00:47+02:00\">12 juin 2020<\/time><\/span><span class=\"reading-time\"> min de lecture<\/span>\n\t\t<button\n\t\t\ttype=\"button\"\n\t\t\tclass=\"social-share-button button button--icon button--secondary js-social-share-button\"\n\t\t\tdata-share-title=\"Le Cloud, levier de rebond pour les ETI\"\n\t\t\tdata-share-url=\"https:\/\/www.sage.com\/fr-fr\/blog\/cloud-levier-rebond-eti\/\"\n\t\t\tdata-share-text=\"Veuillez lire cet article int\u00e9ressant\"\n\t\t>\n\t\t\t<span class=\"social-share-button__share-label\">Partager<\/span>\n\t\t\t<span class=\"social-share-button__copy-label\" hidden>Copier le lien<\/span>\n\t\t\t<span class=\"social-share-button__copy-tooltip\" aria-hidden=\"true\" hidden>Copi\u00e9<\/span>\n\t\t<\/button>\n\n\t\t\t\t<\/div>\n\t<\/div>\n<\/header>\n\n\n\n<div class=\"wp-block-post-author has-dark-background-color alignfull\">\n\t<div class=\"container\">\n\t\t<div class=\"col\">\n\t\t\t\t\t\t\t<div class=\"co-authors\">\n\t\t\t\t\t\n\t\t<div class=\"entry-author-wrapper\">\n\t\t\t<a class=\"entry-author\" href=\"https:\/\/www.sage.com\/fr-fr\/blog\/author\/celinebayle\/\">\n\t\t\t\t<img loading=\"lazy\" decoding=\"async\" width=\"40\" height=\"40\" src=\"https:\/\/www.sage.com\/fr-fr\/blog\/wp-content\/uploads\/sites\/4\/2020\/04\/Celine-Bayle-light_2.jpg\" class=\"entry-author__image\" alt=\"Celine-Bayle\" \/>\t\t\t\t<span class=\"entry-author__name\">C\u00e9line Bayle<\/span>\n\t\t\t<\/a>\n\n\t\t\t\t\t<\/div>\n\n\t\t\t\t\t\t<\/div>\n\t\t\t\t\t<\/div>\n\t<\/div>\n<\/div>\n\n\n\n<p>Le Cloud a d\u00e9montr\u00e9 pendant la phase aigu\u00eb de la crise du Coronavirus sa capacit\u00e9 \u00e0 <a href=\"https:\/\/www.sage.com\/fr-fr\/blog\/cloud-evidence-strategique-tribune\/\">faciliter la r\u00e9silience<\/a> des entreprises. <strong>La priorit\u00e9 est maintenant au red\u00e9marrage des organisations et le rebond de l\u2019activit\u00e9.<\/strong><\/p>\n\n\n\n<p><strong>Le Cloud se montre \u00e9galement dans cette phase de rebond un alli\u00e9 pr\u00e9cieux pour s\u00e9curiser et acc\u00e9l\u00e9rer les op\u00e9rations de reconqu\u00eate.<\/strong> La g\u00e9n\u00e9ralisation du t\u00e9l\u00e9travail ou de la d\u00e9mat\u00e9rialisation du traitement logistique (des op\u00e9rations au sens large, pourquoi juste la logistique ?) ajoutent encore de bonnes raisons pour confier au Cloud les cl\u00e9s de son red\u00e9ploiement !<\/p>\n\n\n\n<p>Exploiter son <a href=\"https:\/\/www.sage.com\/fr-fr\/erp-logiciels\/cloud\/\" type=\"link\" id=\"https:\/\/www.sage.com\/fr-fr\/erp-logiciels\/cloud\/\">ERP dans le Cloud <\/a>induit un quadruple b\u00e9n\u00e9fice dans la perspective de d\u00e9clencher au plus vite et dans les meilleures conditions le rebond de son activit\u00e9 :<\/p>\n\n\n\n<ul class=\"wp-block-list\">\n<li>Maximiser la <strong>souplesse<\/strong> de son organisation<\/li>\n\n\n\n<li>Disposer d\u2019un surcroit de <strong>robustesse<\/strong> de la supply chain<\/li>\n\n\n\n<li>Am\u00e9liorer ses capacit\u00e9s de <strong>pilotage<\/strong><\/li>\n\n\n\n<li>Doper son potentiel d\u2019<strong>intelligence collective<\/strong><\/li>\n<\/ul>\n\n\n<?xml encoding=\"utf-8\" ?><div class=\"wp-block-yoast-seo-table-of-contents yoast-table-of-contents\"><ul><li><a href=\"#h-le-cloud-ressort-de-souplesse\" data-level=\"2\">Le Cloud, ressort de souplesse<\/a><\/li><li><a href=\"#h-le-cloud-ressort-de-robustesse\" data-level=\"2\">Le Cloud, ressort de robustesse<\/a><\/li><li><a href=\"#h-le-cloud-ressort-de-pilotage\" data-level=\"2\">Le Cloud, ressort de pilotage<\/a><\/li><li><a href=\"#h-le-cloud-ressort-d-innovation\" data-level=\"2\">Le Cloud, ressort d&rsquo;innovation<\/a><\/li><\/ul><\/div>\n\n\n\n<h2 class=\"wp-block-heading\" id=\"h-le-cloud-ressort-de-souplesse\">Le Cloud, ressort de souplesse<\/h2>\n\n\n\n<p>La souplesse a \u00e9t\u00e9 une ressource majeure \u00e0 la disposition des entreprises pour surmonter les ruptures et <a href=\"https:\/\/www.sage.com\/fr-fr\/blog\/continuite-activite-entreprise-coronavirus\/\">r\u00e9orienter en urgence leur syst\u00e8me de production<\/a>. Les ETI ayant opt\u00e9 pour l\u2019exploitation de leur syst\u00e8me d\u2019information dans le Cloud ont pu appr\u00e9cier la facilit\u00e9 de pouvoir augmenter le nombre d\u2019utilisateurs ou ajouter une fonctionnalit\u00e9 \u00e0 leur <a href=\"https:\/\/www.sage.com\/fr-fr\/blog\/glossaire\/definition-qu-est-ce-qu-une-solution-erp-pgi\/\" type=\"link\" id=\"https:\/\/www.sage.com\/fr-fr\/blog\/glossaire\/definition-qu-est-ce-qu-une-solution-erp-pgi\/\">ERP<\/a> en quelques clics (notamment pour la cr\u00e9ation des nouveaux services, autour du e-commerce).<\/p>\n\n\n\n<p>Les entreprises sont d\u00e9sormais tourn\u00e9es vers l\u2019avenir. Pour le syst\u00e8me de production des ETI, <strong>le rebond de l\u2019apr\u00e8s Coronavirus s\u2019inscrit dans une perspective de r\u00e9industrialisation de l\u2019\u00e9conomie fran\u00e7aise<\/strong>. L\u2019heure est \u00e0 la souverainet\u00e9, au moins \u00e0 l\u2019\u00e9chelle europ\u00e9enne.<\/p>\n\n\n\n<p>Nombre de fili\u00e8res industrielles discernent dans cette mobilisation au plus haut niveau l\u2019opportunit\u00e9 de relancer avec une vigueur accrue deux axes de transformation :<\/p>\n\n\n\n<ul class=\"wp-block-list\">\n<li><strong>La digitalisation des syst\u00e8mes de production et la marche vers l\u2019industrie 4.0<\/strong><\/li>\n\n\n\n<li><strong>La r\u00e9duction de l\u2019empreinte carbone et l\u2019accession \u00e0 l\u2019\u00e9conomie circulaire<\/strong><\/li>\n<\/ul>\n\n\n\n<p>Olivier Scalabre, responsable de l\u2019industrie europ\u00e9enne au BCG, estime que \u00ab <em>les usines devront continuer \u00e0 se num\u00e9riser et \u00e0 mettre en place de nouveaux robots plus polyvalents pour devenir plus g\u00e9n\u00e9ralistes, les productions continuer \u00e0 se g\u00e9n\u00e9raliser<\/em><sup>1<\/sup> \u00bb.<\/p>\n\n\n\n<p><strong>Le Cloud sera bien s\u00fbr le vecteur privil\u00e9gi\u00e9 pour porter l\u2019acc\u00e9l\u00e9ration vers une industrie verte et connect\u00e9e.<\/strong> Un ERP agile, exploit\u00e9 comme une plateforme ouverte et \u00e9volutive, sera la colonne vert\u00e9brale de la transformation du syst\u00e8me de production des ETI.<\/p>\n\n\n\n<p>L\u2019ouverture n\u2019est en effet pas une option. Pour illustrer la valeur strat\u00e9gique de l\u2019ouverture du syst\u00e8me d\u2019information, citons une analyse r\u00e9cente des rat\u00e9s fran\u00e7ais initiaux dans la mise \u00e0 disposition des tests. \u00ab<em> Les automates qui fonctionnent sur des syst\u00e8mes ferm\u00e9s, propri\u00e9taires, ont \u00e9t\u00e9 un frein pour l\u2019extension des tests (\u2026). \u00c0 l\u2019inverse, les syst\u00e8mes ouverts, moins vuln\u00e9rables aux effets de p\u00e9nurie, ont pu accompagner la mont\u00e9e en puissance des analyses<\/em><sup>2<\/sup>. \u00bb<\/p>\n\n\n\n<h2 class=\"wp-block-heading\" id=\"h-le-cloud-ressort-de-robustesse\">Le Cloud, ressort de robustesse<\/h2>\n\n\n\n<p>La robustesse de la supply chain est certainement au c\u0153ur des enjeux de demain pour les ETI. La r\u00e9flexion a bien \u00e9videmment \u00e9t\u00e9 lanc\u00e9e \u00e0 la faveur de la <a href=\"https:\/\/www.sage.com\/fr-fr\/blog\/supply-chain-entreprises-apres-coronavirus\/\">prise de conscience des faiblesses syst\u00e9miques<\/a> r\u00e9v\u00e9l\u00e9es par la crise.<\/p>\n\n\n\n<p>Au-del\u00e0 de la r\u00e9activit\u00e9 n\u00e9cessaire et des mesures de bon sens li\u00e9es \u00e0 la pr\u00e9vention des risques futurs, c\u2019est bien <strong>une remise \u00e0 plat globale qui s\u2019esquisse<\/strong>. S\u00e9bastien Lacroix, Directeur associ\u00e9 senior chez McKinsey, consid\u00e8re que l\u2019on va \u00ab <em><strong>basculer d\u2019une \u00e9conomie de l\u2019efficience, o\u00f9 l\u2019optimisation et le juste \u00e0 temps sont privil\u00e9gi\u00e9s, \u00e0 une \u00e9conomie de la r\u00e9silience, avec une pr\u00e9f\u00e9rence pour la durabilit\u00e9, la continuit\u00e9 et la s\u00e9curit\u00e9<\/strong><\/em><sup>1<\/sup>. \u00bb<\/p>\n\n\n\n<p>La s\u00e9curit\u00e9 du Cloud, sa capacit\u00e9 \u00e0 accompagner sans frein d\u2019infrastructures l\u2019extension de l\u2019\u00e9cosyst\u00e8me partenaires sera clairement bienvenue.<br>\nAinsi, Patrick Koller, Directeur G\u00e9n\u00e9ral de Faurecia, voit dans \u00ab <em>l\u2019instauration d\u2019un syst\u00e8me de fournisseurs multiples pour une m\u00eame pi\u00e8ce<\/em><sup>3&nbsp;<\/sup>\u00bb l\u2019une des 3 conditions du rebond des ETI.<\/p>\n\n\n\n<p>La robustesse de la supply chain des ETI, de production ou de distribution, est attendue \u00e9galement du c\u00f4t\u00e9 aval. <strong>Il faudra bien supporter avec des ressources nouvelles la mont\u00e9e de la digitalisation des ventes<\/strong>. Olivier Scalabre, responsable de l\u2019industrie europ\u00e9enne au BCG, d\u00e9j\u00e0 cit\u00e9, le souligne : \u00ab <em>Les directions commerciales devront savoir basculer dans la vente en ligne, <strong>m\u00eame en ce qui concerne les clients professionnels<\/strong><\/em><sup>1<\/sup> \u00bb<\/p>\n\n\n\n<p>Pour <strong>r\u00e9pondre au besoin de monter en capacit\u00e9 de traitements et de relations<\/strong>, la migration dans le Cloud du syst\u00e8me d\u2019information trouve une nouvelle raison :<\/p>\n\n\n\n<ul class=\"wp-block-list\">\n<li>Facilitation de l\u2019ajout d\u2019utilisateurs<\/li>\n\n\n\n<li>Facilitation de l\u2019ajout de puissance de calcul<\/li>\n\n\n\n<li>Connexion en temps r\u00e9el de l\u2019ERP aux interfaces de vente en ligne et aux syst\u00e8mes de paiement<\/li>\n\n\n\n<li><a href=\"https:\/\/www.sage.com\/fr-fr\/blog\/cyber-securite-entreprises-nouveaux-defis\/\">S\u00e9curit\u00e9 des donn\u00e9es et des transactions<\/a><\/li>\n<\/ul>\n\n\n\n<h2 class=\"wp-block-heading\" id=\"h-le-cloud-ressort-de-pilotage\">Le Cloud, ressort de pilotage<\/h2>\n\n\n\n<p><strong>Plus verte, plus connect\u00e9e, plus \u00e9tendue, l\u2019entreprise r\u00e9clame toujours plus de puissance et d\u2019intelligence de traitement de l\u2019information<\/strong>. En effet, la num\u00e9risation des m\u00e9tiers, le travail \u00e0 distance, les canaux de vente digitaux ou le lissage de la consommation des \u00e9quipements et des transports, autant de solutions au service de l\u2019agilit\u00e9 des organisations, ne se con\u00e7oivent pas sans une nouvelle architecture de pilotage.<\/p>\n\n\n\n<p>La crise du Coronavirus a d\u00e9montr\u00e9 que les \u00e9quipes sont pr\u00eates \u00e0 plus d\u2019autonomie. \u00ab <em>Les \u00e9nergies se concentrent sur les mesures urgentes et strat\u00e9giques, les r\u00e9unions portent sur l\u2019avenir, ce sont les bonnes personnes qui s\u2019attaquent aux probl\u00e8mes aux bons endroits<\/em><sup>3<\/sup>. \u00bb Les organisations ont prouv\u00e9 leur aptitude \u00e0 la transformation de leur fonctionnement.<\/p>\n\n\n\n<p>Les ETI sont donc \u00e0 l\u2019aube d\u2019une r\u00e9volution. <strong>La digitalisation, le t\u00e9l\u00e9travail, la d\u00e9mat\u00e9rialisation des \u00e9changes et des op\u00e9rations seront v\u00e9ritablement \u00e0 <a href=\"https:\/\/www.sage.com\/fr-fr\/blog\/covid-19-sage-tous-mobilises-si-loin-si-proche\/\">la source d\u2019une nouvelle productivit\u00e9<\/a> si le management sait \u00e9voluer de son c\u00f4t\u00e9<\/strong>.<\/p>\n\n\n\n<p><strong>Le Cloud peut apporter cette capacit\u00e9 \u00e0 piloter \u00e0 distance les hommes, les flux et les machines<\/strong>. Il s\u2019agit moins ici de puissance que de temps r\u00e9el, de workflow de validation et de moyens d\u2019analyse. Le potentiel d\u2019intelligence collective du Cloud appliqu\u00e9 \u00e0 l\u2019ETI de demain !<\/p>\n\n\n\n<h2 class=\"wp-block-heading\" id=\"h-le-cloud-ressort-d-innovation\">Le Cloud, ressort d\u2019innovation<\/h2>\n\n\n\n<p>L\u2019importance d\u2019une quatri\u00e8me dimension de la transformation des entreprises est mise en lumi\u00e8re par la crise du Coronavirus : l\u2019innovation. Son exigence n\u2019est pas nouvelle. Mais <strong>la n\u00e9cessit\u00e9 d\u2019une approche concert\u00e9e, en \u00e9cosyst\u00e8me, est clairement renforc\u00e9e dans une perspective de rebond de l\u2019activit\u00e9.<\/strong><\/p>\n\n\n\n<p>De nouvelles solidarit\u00e9s se dessinent :<\/p>\n\n\n\n<ul class=\"wp-block-list\">\n<li>Cha\u00eenes de valeur courtes<\/li>\n\n\n\n<li>Rapprochement g\u00e9ographique des syst\u00e8mes de production avec les fili\u00e8res de consommation<\/li>\n\n\n\n<li>Fournisseurs multiples<\/li>\n\n\n\n<li>Partenariats des entreprises avec leurs clients et leurs fournisseurs<\/li>\n<\/ul>\n\n\n\n<p>La dynamique de partenariat et de transparence a permis de surmonter l\u2019urgence. Il suffit de consid\u00e9rer par exemple l\u2019attelage in\u00e9dit constitu\u00e9 entre un collectif de chercheurs de Grenoble issus de Michelin et du CEA et la PME lyonnaise Ouvry, sp\u00e9cialis\u00e9e dans les \u00e9quipements de protection individuelle NRBC. L\u2019enjeu ? La production d\u20191 million de masques. Mission remplie avec le masque OCOV\u00ae, alternative durable aux masques jetables et m\u00eame aux masques lavables<sup>4<\/sup>.<\/p>\n\n\n\n<p>Les observateurs regardent la p\u00e9riode actuelle comme une bonne le\u00e7on pour le futur. Ils consid\u00e8rent qu\u2019<strong>elle installe les fondements d\u2019un futur \u00e9cosyst\u00e8me r\u00e9silient, \u00e9galitaire et innovant<\/strong>. Le Cloud n\u2019a pas fini d\u2019\u00eatre pr\u00e9sent aux c\u00f4t\u00e9s des ETI\u2026<\/p>\n\n\n\n<p>En conclusion, le Cloud a probablement gagn\u00e9 les esprits comme solution pour optimiser les conditions du rebond.<\/p>\n\n\n\n<p>Les entreprises qui avaient retard\u00e9 avant la crise leur migration vers le Cloud se trouvent face \u00e0 une alternative aujourd\u2019hui, en fonction de la maturit\u00e9 de leur \u00e9quipement logiciel :<\/p>\n\n\n\n<ul class=\"wp-block-list\">\n<li><strong>Passer en mode SaaS sans changer d\u2019ERP<\/strong> si la solution en place est un <a href=\"https:\/\/www.sage.com\/fr-fr\/sage-business-cloud\/sage-x3\/\">ERP de derni\u00e8re g\u00e9n\u00e9ration<\/a><\/li>\n\n\n\n<li><strong>Passer \u00e0 une plateforme de derni\u00e8re g\u00e9n\u00e9ration exploit\u00e9e dans le Cloud<\/strong> si l\u2019\u00e9quipement actuel est un ERP de conception plus ancienne<\/li>\n<\/ul>\n\n\n\n<p>Et pour toutes les ETI qui h\u00e9sitent encore, un article de Christophe Adam, Product Marketing Manager chez Sage : <a href=\"https:\/\/www.sage.com\/fr-fr\/blog\/erp-cloud-avantages-entreprises\/\">ERP et Cloud, un duo gagnant<\/a>, rappelle utilement que <strong>le Cloud est aussi fait pour les grandes entreprises<\/strong>&nbsp;!<\/p>\n\n\n\n\n\n<p><sup>1<\/sup><em>Les \u00c9chos \u2013 10\/04\/20<\/em><br>\n<sup>2<\/sup><em>Le Monde \u2013 25\/04\/20<\/em><br>\n<sup>3<\/sup><em>Les \u00c9chos \u2013 04\/05\/20<\/em><br>\n<sup>4<\/sup><em>Les \u00c9chos \u2013 16\/04\/20<\/em><\/p>\n\n\n<div class=\"single-cta\">\n\t<div class=\"single-cta__positioner\">\n\t\t<div class=\"single-cta__wrapper has-dark-background-color\">\n\t\t\t<div class=\"single-cta__content\">\n\t\t\t\t\t\t\t\t<h2 class=\"single-cta__title h3\">Inscrivez-vous \u00e0 la e-newsletter mensuelle<\/h2>\n\n\t\t\t\t\n\t\t\t\t\t\t\t\t\t\t\t\t\t\t<a\n\t\t\t\t\t\thref=\"#gate-a947ade1-e692-455f-94ce-a275d72a9a11\"\n\t\t\t\t\t\tclass=\"single-cta__button button button--primary\"\n\t\t\t\t\t\t\t\t\t\t\t\t\t\t\t\t\t>Je m&#039;abonne<\/a>\n\t\t\t\t\t\t\t<\/div>\n\n\t\t\t\t\t<\/div>\n\n\t\t\t\t\t<img decoding=\"async\" width=\"1024\" height=\"779\" src=\"https:\/\/www.sage.com\/fr-fr\/blog\/wp-content\/uploads\/sites\/4\/2021\/05\/spreadsheets-1024x779-1.jpg\" class=\"single-cta__image\" alt=\"\" loading=\"lazy\" srcset=\"https:\/\/www.sage.com\/fr-fr\/blog\/wp-content\/uploads\/sites\/4\/2021\/05\/spreadsheets-1024x779-1.jpg 1024w\" sizes=\"auto, (min-width: 48em) 33vw, 100vw\" \/>\t\t\t<\/div>\n<\/div>\n","protected":false},"excerpt":{"rendered":"<p>Le Cloud a d\u00e9montr\u00e9 pendant la phase aigu\u00eb de la crise du Coronavirus sa capacit\u00e9 \u00e0 faciliter la r\u00e9silience des entreprises. La priorit\u00e9 est maintenant au red\u00e9marrage des organisations et le rebond de l\u2019activit\u00e9. Le Cloud se montre \u00e9galement dans cette phase de rebond un alli\u00e9 pr\u00e9cieux pour s\u00e9curiser et acc\u00e9l\u00e9rer les op\u00e9rations de reconqu\u00eate. [&hellip;]<\/p>\n","protected":false},"author":994,"featured_media":8312,"comment_status":"closed","ping_status":"closed","sticky":false,"template":"","format":"standard","meta":{"_sage_video":false,"post_featured_image_hide":false,"footnotes":""},"categories":[16],"tags":[99,224],"business_type":[9],"lilypad":[],"context":[],"industry":[],"persona":[35,34,37],"imagine_tag":[439,450,861,862,859,860],"coauthors":[947],"class_list":["post-8311","post","type-post","status-publish","format-standard","has-post-thumbnail","hentry","category-digitalisation-et-tendances","tag-erp","tag-ia-digitalisation","business_type-petites-et-moyennes-entreprises"],"sage_meta":{"region":"fr-fr","author_name":"C\u00e9line Bayle","featured_image":"https:\/\/www.sage.com\/fr-fr\/blog\/wp-content\/uploads\/sites\/4\/2020\/06\/cloud-levier-eti-rebond.jpg","imagine_tags":{"439":"Cloud","450":"ERP","861":"Hub-cloud_DG","862":"Hub-cloud_DSI","859":"Hub-cloud_Responsable Finance","860":"Hub-cloud_Responsable Paie &amp; RH"}},"distributor_meta":false,"distributor_terms":false,"distributor_media":false,"distributor_original_site_name":"Sage Advice France","distributor_original_site_url":"https:\/\/www.sage.com\/fr-fr\/blog","push-errors":false,"_links":{"self":[{"href":"https:\/\/www.sage.com\/fr-fr\/blog\/api\/wp\/v2\/posts\/8311","targetHints":{"allow":["GET"]}}],"collection":[{"href":"https:\/\/www.sage.com\/fr-fr\/blog\/api\/wp\/v2\/posts"}],"about":[{"href":"https:\/\/www.sage.com\/fr-fr\/blog\/api\/wp\/v2\/types\/post"}],"author":[{"embeddable":true,"href":"https:\/\/www.sage.com\/fr-fr\/blog\/api\/wp\/v2\/users\/994"}],"replies":[{"embeddable":true,"href":"https:\/\/www.sage.com\/fr-fr\/blog\/api\/wp\/v2\/comments?post=8311"}],"version-history":[{"count":0,"href":"https:\/\/www.sage.com\/fr-fr\/blog\/api\/wp\/v2\/posts\/8311\/revisions"}],"wp:featuredmedia":[{"embeddable":true,"href":"https:\/\/www.sage.com\/fr-fr\/blog\/api\/wp\/v2\/media\/8312"}],"wp:attachment":[{"href":"https:\/\/www.sage.com\/fr-fr\/blog\/api\/wp\/v2\/media?parent=8311"}],"wp:term":[{"taxonomy":"category","embeddable":true,"href":"https:\/\/www.sage.com\/fr-fr\/blog\/api\/wp\/v2\/categories?post=8311"},{"taxonomy":"post_tag","embeddable":true,"href":"https:\/\/www.sage.com\/fr-fr\/blog\/api\/wp\/v2\/tags?post=8311"},{"taxonomy":"business_type","embeddable":true,"href":"https:\/\/www.sage.com\/fr-fr\/blog\/api\/wp\/v2\/business_type?post=8311"},{"taxonomy":"lilypad","embeddable":true,"href":"https:\/\/www.sage.com\/fr-fr\/blog\/api\/wp\/v2\/lilypad?post=8311"},{"taxonomy":"context","embeddable":true,"href":"https:\/\/www.sage.com\/fr-fr\/blog\/api\/wp\/v2\/context?post=8311"},{"taxonomy":"industry","embeddable":true,"href":"https:\/\/www.sage.com\/fr-fr\/blog\/api\/wp\/v2\/industry?post=8311"},{"taxonomy":"persona","embeddable":true,"href":"https:\/\/www.sage.com\/fr-fr\/blog\/api\/wp\/v2\/persona?post=8311"},{"taxonomy":"imagine_tag","embeddable":true,"href":"https:\/\/www.sage.com\/fr-fr\/blog\/api\/wp\/v2\/imagine_tag?post=8311"},{"taxonomy":"author","embeddable":true,"href":"https:\/\/www.sage.com\/fr-fr\/blog\/api\/wp\/v2\/coauthors?post=8311"}],"curies":[{"name":"wp","href":"https:\/\/api.w.org\/{rel}","templated":true}]}}