{"id":8323,"date":"2020-06-17T15:04:41","date_gmt":"2020-06-17T13:04:41","guid":{"rendered":"https:\/\/www.sage.com\/fr-fr\/blog\/?p=8323"},"modified":"2026-02-05T14:35:41","modified_gmt":"2026-02-05T13:35:41","slug":"remote-manager-leadership-emergent","status":"publish","type":"post","link":"https:\/\/www.sage.com\/fr-fr\/blog\/remote-manager-leadership-emergent\/","title":{"rendered":"Remote manager : un mod\u00e8le de leadership en \u00e9mergence"},"content":{"rendered":"<header class=\"entry-header has-dark-background-color entry-header--has-illustration entry-header--has-illustration--generic\">\n\t<div class=\"container\">\n\t\t<div class=\"entry-header__row row align-center\">\n\t\t\t<div class=\"col col-lg-7 col-xlg-6 entry-header__content\">\n\t\t\t\t\t\t\t<div class=\"component component-single-header\">\n\t\t\t\t\t\t\t\t\t\t<div class=\"entry-header__misc text--subtitle text--uppercase text--small\">\n\t\t\t\t\t\t\t<a href=\"https:\/\/www.sage.com\/fr-fr\/blog\/categorie\/digitalisation-et-tendances\/\" class=\"entry-header__link\">Digitalisation &amp; Tendances<\/a>\t\t\t\t\t\t<\/div>\n\t\t\t\t\n\t\t\t\t<div class=\"entry-title-wrapper\">\n\t\t\t\t\t<h1 class=\"entry-title\">\n\t\t\t\t\t\tRemote manager : un mod\u00e8le de leadership en \u00e9mergence\t\t\t\t\t<\/h1>\n\t\t\t\t<\/div>\n\n\t\t\t\t\t\t\t\t\t<p class=\"entry-header__description\">\n\t\t\t\t\t\t\t\t\t\t\t<\/p>\n\t\t\t\t\n\t\t\t\t\n\t\t\t\t\n\t\t\t<\/div>\n\n\t\t\t\t\t<\/div>\n\t\t\t\t\t<\/div>\n\t<\/div>\n\t<div class=\"single-post-details container\">\n\t\t<div class=\"col\">\n\t\t\t<span class=\"posted-on \"><time class=\"entry-date published\" datetime=\"2020-06-17T15:04:41+02:00\">June 17, 2020<\/time><\/span><span class=\"reading-time\"> min de lecture<\/span>\n\t\t<button\n\t\t\ttype=\"button\"\n\t\t\tclass=\"social-share-button button button--icon button--secondary js-social-share-button\"\n\t\t\tdata-share-title=\"Remote manager : un mod\u00e8le de leadership en \u00e9mergence\"\n\t\t\tdata-share-url=\"https:\/\/www.sage.com\/fr-fr\/blog\/remote-manager-leadership-emergent\/\"\n\t\t\tdata-share-text=\"Veuillez lire cet article int\u00e9ressant\"\n\t\t>\n\t\t\t<span class=\"social-share-button__share-label\">Partager<\/span>\n\t\t\t<span class=\"social-share-button__copy-label\" hidden>Copier le lien<\/span>\n\t\t\t<span class=\"social-share-button__copy-tooltip\" aria-hidden=\"true\" hidden>Copi\u00e9<\/span>\n\t\t<\/button>\n\n\t\t\t\t<\/div>\n\t<\/div>\n<\/header>\n\n\n\n<div class=\"wp-block-post-author has-dark-background-color alignfull\">\n\t<div class=\"container\">\n\t\t<div class=\"col\">\n\t\t\t\t\t\t\t<div class=\"co-authors\">\n\t\t\t\t\t\n\t\t<div class=\"entry-author-wrapper\">\n\t\t\t<a class=\"entry-author\" href=\"https:\/\/www.sage.com\/fr-fr\/blog\/author\/christopheadam\/\">\n\t\t\t\t<img loading=\"lazy\" decoding=\"async\" width=\"40\" height=\"40\" src=\"https:\/\/www.sage.com\/fr-fr\/blog\/wp-content\/uploads\/sites\/4\/2024\/07\/Christophe-Adam-350x350.jpg\" class=\"entry-author__image\" alt=\"Christophe Adam\" srcset=\"https:\/\/www.sage.com\/fr-fr\/blog\/wp-content\/uploads\/sites\/4\/2024\/07\/Christophe-Adam-350x350.jpg 350w, https:\/\/www.sage.com\/fr-fr\/blog\/wp-content\/uploads\/sites\/4\/2024\/07\/Christophe-Adam-768x768.jpg 768w, https:\/\/www.sage.com\/fr-fr\/blog\/wp-content\/uploads\/sites\/4\/2024\/07\/Christophe-Adam.jpg 800w\" sizes=\"auto, (max-width: 40px) 100vw, 40px\" \/>\t\t\t\t<span class=\"entry-author__name\">Christophe Adam<\/span>\n\t\t\t<\/a>\n\n\t\t\t\t\t<\/div>\n\n\t\t\t\t\t\t<\/div>\n\t\t\t\t\t<\/div>\n\t<\/div>\n<\/div>\n\n\n\n<p>Animation de vid\u00e9oconf\u00e9rences et webinaires, multitasking, choix des meilleurs outils de cr\u00e9ativit\u00e9 et de productivit\u00e9\u2026 Pour imposer son leadership, le remote manager fait appel \u00e0 des outils et talents nouveaux. Quels sont-ils ? Quelques \u00e9l\u00e9ments de r\u00e9ponse.<\/p>\n\n\n\n<p>Le confinement a vu se multiplier les listes et les comparatifs d&#8217;outils d\u00e9sormais indispensables \u00e0 l&#8217;organisation du <a href=\"https:\/\/www.sage.com\/fr-fr\/blog\/covid-19-conseils-optimiser-teletravail-entreprise\/\"><strong>travail \u00e0 distance<\/strong><\/a>. Plateformes de <strong>vid\u00e9oconf\u00e9rences<\/strong> et de <strong>webinaires<\/strong> ; services de synchronisation d&#8217;agendas et de planification collaborative ; outils de cr\u00e9ativit\u00e9 et de publication collective\u2026<\/p>\n\n\n\n<p>Collaborateurs et managers s&#8217;en sont empar\u00e9s avec des fortunes diverses. Pour certaines entreprises, il ne s&#8217;est agi que de pousser un cran plus loin le curseur d&#8217;une <a href=\"https:\/\/www.sage.com\/fr-fr\/blog\/directeur-financier-leader-transformation-digitale\/\"><strong>transformation digitale<\/strong><\/a> d\u00e9j\u00e0 bien int\u00e9gr\u00e9e. Pour d&#8217;autres, ce fut un saut dans l&#8217;inconnu. Tous peuvent aujourd&#8217;hui attester d&#8217;une exp\u00e9rience approfondie du travail \u00e0 distance, et d&#8217;une connaissance, de premi\u00e8re main, des atouts et limites d&#8217;un large \u00e9ventail d&#8217;outils.<\/p>\n\n\n\n<h2 class=\"wp-block-heading\" id=\"h-le-remote-working-bien-plus-qu-une-question-d-outils\">Le remote working, bien plus qu&#8217;une question d&#8217;outils<\/h2>\n\n\n\n<p>Sauf que le &#8220;remote working&#8221; n&#8217;est pas une question d&#8217;outils. Ce n&#8217;est pas un gadget. C&#8217;est en r\u00e9alit\u00e9, et d&#8217;autant plus que les entreprises envisagent de recourir davantage au <strong><a href=\"https:\/\/www.sage.com\/fr-fr\/blog\/covid-19-conseils-optimiser-teletravail-entreprise\/\">t\u00e9l\u00e9travail<\/a><\/strong>, un mode de production. Et en tant que tel, il doit mobiliser <strong>managers<\/strong> et <strong>directions des ressources humaines<\/strong>, au risque, dans le cas contraire, d&#8217;affaiblir l&#8217;engagement des \u00e9quipes et, avec lui, la <strong>performance<\/strong>.<\/p>\n\n\n\n<p>En pratique, cela implique d&#8217;abord d&#8217;int\u00e9grer le fait qu&#8217;\u00e0 distance, managers et collaborateurs perdent le contexte de travail. Circuler d&#8217;un bureau \u00e0 l&#8217;autre, \u00e9changer au hasard d&#8217;un couloir ou d&#8217;une fontaine \u00e0 eau, prolonger une conversation initi\u00e9e \u00e0 deux avec un autre coll\u00e8gue \u00e0 proximit\u00e9&#8230; Autant d&#8217;opportunit\u00e9s de prendre le pouls de l&#8217;activit\u00e9 de chacun, d&#8217;identifier difficult\u00e9s et enthousiasmes, de faire \u00e9merger des enjeux latents mal exprim\u00e9s dans les moments d&#8217;expression formels. Mais autant d&#8217;opportunit\u00e9s perdues.<\/p>\n\n\n\n<p>Sans contexte, \u00e9tablir la <strong>confiance<\/strong> devient plus difficile. Le risque de ne pas voir venir une difficult\u00e9 et de ne pouvoir aider un collaborateur s&#8217;accentue, de m\u00eame que celui que certains, isol\u00e9s derri\u00e8re leur \u00e9cran, entrent dans une strat\u00e9gie d&#8217;\u00e9vitement ou de repli.<\/p>\n\n\n\n<h2 class=\"wp-block-heading\" id=\"h-du-manager-qui-commande-et-controle-au-manager-qui-accompagne\">Du manager qui commande et contr\u00f4le au manager qui accompagne<\/h2>\n\n\n\n<p>Que faire ? La mauvaise r\u00e9ponse est d&#8217;intensifier les instances de contr\u00f4le : multiplier les demandes de <a href=\"https:\/\/www.sage.com\/fr-fr\/blog\/pilotage-activite-business-intelligence-reporting\/\">reporting<\/a>, imposer un rythme \u00e9lev\u00e9 de vid\u00e9oconf\u00e9rences, voire d\u00e9ployer des &#8220;mouchards&#8221; pour mesurer \u00e0 distance l&#8217;activit\u00e9 en ligne des salari\u00e9s.<\/p>\n\n\n\n<p>Ce type de r\u00e9ponses n&#8217;envisagent que le &#8220;quoi&#8221; et le &#8220;quand&#8221; du travail \u00e0 distance, quand c&#8217;est le &#8220;comment&#8221; qui devrait \u00eatre vis\u00e9 en priorit\u00e9. \u00c0 distance, les meilleurs managers sont ceux qui s&#8217;int\u00e9ressent autant aux conditions de travail qu&#8217;\u00e0 l&#8217;assiduit\u00e9 et au respect des d\u00e9lais. Comment le collaborateur acc\u00e8de-t-il \u00e0 <strong>l&#8217;information<\/strong> qui lui est n\u00e9cessaire ? De quelle fa\u00e7on peut-il solliciter et obtenir de l&#8217;aide quand il en a besoin ? Par quel biais peut-il faire part de ses propositions \u00e0 l&#8217;\u00e9quipe ?<\/p>\n\n\n\n<p>En clair : le &#8220;<strong>remote manager<\/strong>&#8221; sera d&#8217;autant plus pertinent qu&#8217;il abandonnera les habitudes du &#8220;command and control&#8221; au profit de celles du <strong>coaching<\/strong>. Cela passe, bien s\u00fbr, par l&#8217;usage des nombreux <strong>outils de collaboration \u00e0 distance<\/strong>. Cela passe surtout par un \u00e9tat d&#8217;esprit particulier, qui demande efforts et conviction.<\/p>\n\n\n\n<p>La plateforme de &#8220;Platform as a service&#8221; platform.sh fait travailler 185 personnes, dans 45 pays. Un tour de force, qui a incit\u00e9 sa direction \u00e0 formaliser par \u00e9crit toutes les r\u00e8gles de fonctionnement, de la culture de l&#8217;entreprise au d\u00e9tail du moindre process. Ce qui n&#8217;est pas sans rappeler les 5 000 pages du &#8220;<a href=\"https:\/\/about.gitlab.com\/handbook\/\" target=\"_blank\" rel=\"noopener noreferrer\">Gitlab team handbook<\/a>&#8220;.<br>\n&#8220;<em>La tendance naturelle est de passer des heures en vid\u00e9oconf\u00e9rence. Mais celle-ci doit \u00eatre r\u00e9serv\u00e9e \u00e0 la prise de d\u00e9cision, \u00e0 la gestion de crise. Les \u00e9changes doivent plut\u00f4t passer par Slack ou Mattermost\u00b9<\/em>&#8220;, d\u00e9taille Fr\u00e9d\u00e9ric Plais, CEO de Platform.sh, dans la &#8220;<a href=\"https:\/\/mondaynote.com\/managing-185-people-in-40-countries-how-they-do-it-eb97288ecb94\" target=\"_blank\" rel=\"noopener noreferrer\">Monday Note<\/a>&#8221; de Fr\u00e9d\u00e9ric Filloux.<\/p>\n\n\n\n<h2 class=\"wp-block-heading\" id=\"h-le-full-remote-n-est-pas-pour-demain\">Le full remote n&#8217;est pas pour demain<\/h2>\n\n\n\n<p>Reste qu&#8217;aucun &#8220;<strong>remote management<\/strong>&#8220;, aussi \u00e9clair\u00e9 soit-il, ne semble devoir abolir le travail en &#8220;<strong>pr\u00e9sentiel<\/strong>&#8220;. M\u00eame Facebook, y compris en se projetant 10 ans dans le futur, ne l&#8217;envisage pas. Interview\u00e9 par <a href=\"https:\/\/www.theverge.com\/2020\/5\/21\/21265780\/facebook-remote-work-mark-zuckerberg-interview-wfh\" target=\"_blank\" rel=\"noopener noreferrer\">The Verge<\/a>, Mark Zuckerberg n&#8217;imagine pas le t\u00e9l\u00e9travail prendre plus de 50%. En France, le Pr\u00e9sident et fondateur de la plateforme de cr\u00e9atifs Malt, Vincent Huguet, reconna\u00eet l&#8217;importance du t\u00e9l\u00e9travail pour son organisation, qui rassemble 200 personnes r\u00e9parties en 5 sites. &#8220;<em>Nous avons depuis nos d\u00e9buts conserv\u00e9 une politique tr\u00e8s ouverte de t\u00e9l\u00e9travail \u2013 il suffit aux employ\u00e9s de pr\u00e9venir la veille, et certaines \u00e9quipes ne viennent qu&#8217;un ou deux jours par semaine au bureau<\/em>&#8220;.<\/p>\n\n\n\n<p>Malgr\u00e9 cette exp\u00e9rience r\u00e9ussie &#8220;<em>je ne crois pas que le t\u00e9l\u00e9travail \u00e0 100% puisse s&#8217;appliquer \u00e0 la majorit\u00e9, estime l&#8217;entrepreneur dans un <a href=\"https:\/\/www.linkedin.com\/pulse\/we-need-meet-again-why-future-work-full-remote-vincent-huguet\" target=\"_blank\" rel=\"noopener noreferrer\">r\u00e9cent article<\/a>. R\u00e9soudre des probl\u00e8mes requ\u00e9rant <strong>cr\u00e9ativit\u00e9 et travail d&#8217;\u00e9quipe<\/strong> se fait bien plus facilement en personne, dans une salle de r\u00e9union, ou autour d&#8217;un verre. Nous sommes des animaux sociaux, et m\u00eame si les outils s&#8217;am\u00e9liorent et que la <strong>r\u00e9alit\u00e9 virtuelle<\/strong> pourrait \u00eatre fantastique demain, je crois qu&#8217;on ne peut pas remplacer des millions d&#8217;ann\u00e9es de langage corporel et de relations physiques<\/em>&#8220;. Une r\u00e9alit\u00e9 \u00e0 garder en t\u00eate pour tout remote manager.<\/p>\n\n\n\n<p>Sachant, ultime difficult\u00e9, que tous les publics ne sont pas \u00e9gaux face au <strong>t\u00e9l\u00e9travail<\/strong>. &#8220;<em>Travailler \u00e0 distance n\u00e9cessite un certain degr\u00e9 de maturit\u00e9 et de discipline. Ce n&#8217;est pas vraiment ce qu&#8217;on recommandera en d\u00e9but de carri\u00e8re<\/em>&#8220;, observe Fr\u00e9d\u00e9ric Pais. Preuve que les <strong>technologies num\u00e9riques<\/strong>, <strong>essentielles \u00e0 la collaboration \u00e0 distance<\/strong>, peuvent aussi jouer en faveur des profils les plus exp\u00e9riment\u00e9s. Les cons\u00e9quences de la pand\u00e9mie de <a href=\"https:\/\/www.sage.com\/fr-fr\/blog\/covid-19-sage-tous-mobilises-essentiel\/\">Covid-19<\/a> sur le travail r\u00e9servent d\u00e9cid\u00e9ment bien des surprises.<\/p>\n\n\n\n<p><em>\u00b9Slack est une plateforme de communication collaborative sur ordinateur et smartphone. Chaque entreprise peut cr\u00e9er un groupe priv\u00e9 sur Slack. Mattermost est \u00e9galement un service de discussion instantan\u00e9e mais open source en auto-h\u00e9bergement. Il est con\u00e7u comme un chat interne pour les organisations et les entreprises, et il est pr\u00e9sent\u00e9 comme une alternative \u00e0 Slack<\/em>.<\/p>\n\n\n<div class=\"single-cta\">\n\t<div class=\"single-cta__positioner\">\n\t\t<div class=\"single-cta__wrapper has-dark-background-color\">\n\t\t\t<div class=\"single-cta__content\">\n\t\t\t\t\t\t\t\t<h2 class=\"single-cta__title h3\">Inscrivez-vous \u00e0 la e-newsletter mensuelle<\/h2>\n\n\t\t\t\t\n\t\t\t\t\t\t\t\t\t\t\t\t\t\t<a\n\t\t\t\t\t\thref=\"#gate-a947ade1-e692-455f-94ce-a275d72a9a11\"\n\t\t\t\t\t\tclass=\"single-cta__button button button--primary\"\n\t\t\t\t\t\t\t\t\t\t\t\t\t\t\t\t\t>Je m&#039;abonne<\/a>\n\t\t\t\t\t\t\t<\/div>\n\n\t\t\t\t\t<\/div>\n\n\t\t\t\t\t<img decoding=\"async\" width=\"1024\" height=\"779\" src=\"https:\/\/www.sage.com\/fr-fr\/blog\/wp-content\/uploads\/sites\/4\/2021\/05\/spreadsheets-1024x779-1.jpg\" class=\"single-cta__image\" alt=\"\" loading=\"lazy\" srcset=\"https:\/\/www.sage.com\/fr-fr\/blog\/wp-content\/uploads\/sites\/4\/2021\/05\/spreadsheets-1024x779-1.jpg 1024w\" sizes=\"auto, (min-width: 48em) 33vw, 100vw\" \/>\t\t\t<\/div>\n<\/div>\n","protected":false},"excerpt":{"rendered":"<p>Animation de vid\u00e9oconf\u00e9rences et webinaires, multitasking, choix des meilleurs outils de cr\u00e9ativit\u00e9 et de productivit\u00e9\u2026 Pour imposer son leadership, le remote manager fait appel \u00e0 des outils et talents nouveaux. Quels sont-ils ? Quelques \u00e9l\u00e9ments de r\u00e9ponse. Le confinement a vu se multiplier les listes et les comparatifs d&#8217;outils d\u00e9sormais indispensables \u00e0 l&#8217;organisation du travail [&hellip;]<\/p>\n","protected":false},"author":710,"featured_media":8324,"comment_status":"closed","ping_status":"closed","sticky":false,"template":"","format":"standard","meta":{"_sage_video":false,"post_featured_image_hide":false,"footnotes":""},"categories":[16,56],"tags":[224,91],"business_type":[9],"lilypad":[],"context":[],"industry":[],"persona":[34],"imagine_tag":[439,861,862,859,855],"coauthors":[906],"class_list":["post-8323","post","type-post","status-publish","format-standard","has-post-thumbnail","hentry","category-digitalisation-et-tendances","category-management-et-rh","tag-ia-digitalisation","tag-rh-et-fiche-de-paie","business_type-petites-et-moyennes-entreprises"],"sage_meta":{"region":"fr-fr","author_name":"Christophe Adam","featured_image":"https:\/\/www.sage.com\/fr-fr\/blog\/wp-content\/uploads\/sites\/4\/2020\/06\/remote-manager-modele-en-emergence.jpg","imagine_tags":{"439":"Cloud","861":"Hub-cloud_DG","862":"Hub-cloud_DSI","859":"Hub-cloud_Responsable Finance","855":"Teletravail"}},"distributor_meta":false,"distributor_terms":false,"distributor_media":false,"distributor_original_site_name":"Sage Advice France","distributor_original_site_url":"https:\/\/www.sage.com\/fr-fr\/blog","push-errors":false,"_links":{"self":[{"href":"https:\/\/www.sage.com\/fr-fr\/blog\/api\/wp\/v2\/posts\/8323","targetHints":{"allow":["GET"]}}],"collection":[{"href":"https:\/\/www.sage.com\/fr-fr\/blog\/api\/wp\/v2\/posts"}],"about":[{"href":"https:\/\/www.sage.com\/fr-fr\/blog\/api\/wp\/v2\/types\/post"}],"author":[{"embeddable":true,"href":"https:\/\/www.sage.com\/fr-fr\/blog\/api\/wp\/v2\/users\/710"}],"replies":[{"embeddable":true,"href":"https:\/\/www.sage.com\/fr-fr\/blog\/api\/wp\/v2\/comments?post=8323"}],"version-history":[{"count":0,"href":"https:\/\/www.sage.com\/fr-fr\/blog\/api\/wp\/v2\/posts\/8323\/revisions"}],"wp:featuredmedia":[{"embeddable":true,"href":"https:\/\/www.sage.com\/fr-fr\/blog\/api\/wp\/v2\/media\/8324"}],"wp:attachment":[{"href":"https:\/\/www.sage.com\/fr-fr\/blog\/api\/wp\/v2\/media?parent=8323"}],"wp:term":[{"taxonomy":"category","embeddable":true,"href":"https:\/\/www.sage.com\/fr-fr\/blog\/api\/wp\/v2\/categories?post=8323"},{"taxonomy":"post_tag","embeddable":true,"href":"https:\/\/www.sage.com\/fr-fr\/blog\/api\/wp\/v2\/tags?post=8323"},{"taxonomy":"business_type","embeddable":true,"href":"https:\/\/www.sage.com\/fr-fr\/blog\/api\/wp\/v2\/business_type?post=8323"},{"taxonomy":"lilypad","embeddable":true,"href":"https:\/\/www.sage.com\/fr-fr\/blog\/api\/wp\/v2\/lilypad?post=8323"},{"taxonomy":"context","embeddable":true,"href":"https:\/\/www.sage.com\/fr-fr\/blog\/api\/wp\/v2\/context?post=8323"},{"taxonomy":"industry","embeddable":true,"href":"https:\/\/www.sage.com\/fr-fr\/blog\/api\/wp\/v2\/industry?post=8323"},{"taxonomy":"persona","embeddable":true,"href":"https:\/\/www.sage.com\/fr-fr\/blog\/api\/wp\/v2\/persona?post=8323"},{"taxonomy":"imagine_tag","embeddable":true,"href":"https:\/\/www.sage.com\/fr-fr\/blog\/api\/wp\/v2\/imagine_tag?post=8323"},{"taxonomy":"author","embeddable":true,"href":"https:\/\/www.sage.com\/fr-fr\/blog\/api\/wp\/v2\/coauthors?post=8323"}],"curies":[{"name":"wp","href":"https:\/\/api.w.org\/{rel}","templated":true}]}}