{"id":8354,"date":"2020-07-01T08:00:23","date_gmt":"2020-07-01T06:00:23","guid":{"rendered":"https:\/\/www.sage.com\/fr-fr\/blog\/?p=8354"},"modified":"2026-01-27T11:50:53","modified_gmt":"2026-01-27T10:50:53","slug":"cloud-catalyseur-innovation","status":"publish","type":"post","link":"https:\/\/www.sage.com\/fr-fr\/blog\/cloud-catalyseur-innovation\/","title":{"rendered":"Le Cloud : un catalyseur d\u2019innovation"},"content":{"rendered":"<header class=\"entry-header has-dark-background-color entry-header--has-illustration entry-header--has-illustration--generic\">\n\t<div class=\"container\">\n\t\t<div class=\"entry-header__row row align-center\">\n\t\t\t<div class=\"col col-lg-7 col-xlg-6 entry-header__content\">\n\t\t\t\t\t\t\t<div class=\"component component-single-header\">\n\t\t\t\t\t\t\t\t\t\t<div class=\"entry-header__misc text--subtitle text--uppercase text--small\">\n\t\t\t\t\t\t\t<a href=\"https:\/\/www.sage.com\/fr-fr\/blog\/categorie\/digitalisation-et-tendances\/\" class=\"entry-header__link\">Digitalisation &amp; Tendances<\/a>\t\t\t\t\t\t<\/div>\n\t\t\t\t\n\t\t\t\t<div class=\"entry-title-wrapper\">\n\t\t\t\t\t<h1 class=\"entry-title\">\n\t\t\t\t\t\tLe Cloud : un catalyseur d\u2019innovation\t\t\t\t\t<\/h1>\n\t\t\t\t<\/div>\n\n\t\t\t\t\t\t\t\t\t<p class=\"entry-header__description\">\n\t\t\t\t\t\t\t\t\t\t\t<\/p>\n\t\t\t\t\n\t\t\t\t\n\t\t\t\t\n\t\t\t<\/div>\n\n\t\t\t\t\t<\/div>\n\t\t\t\t\t<\/div>\n\t<\/div>\n\t<div class=\"single-post-details container\">\n\t\t<div class=\"col\">\n\t\t\t<span class=\"posted-on \"><time class=\"entry-date published\" datetime=\"2020-07-01T08:00:23+02:00\">July 1, 2020<\/time><\/span><span class=\"reading-time\"> min de lecture<\/span>\n\t\t<button\n\t\t\ttype=\"button\"\n\t\t\tclass=\"social-share-button button button--icon button--secondary js-social-share-button\"\n\t\t\tdata-share-title=\"Le Cloud : un catalyseur d\u2019innovation\"\n\t\t\tdata-share-url=\"https:\/\/www.sage.com\/fr-fr\/blog\/cloud-catalyseur-innovation\/\"\n\t\t\tdata-share-text=\"Veuillez lire cet article int\u00e9ressant\"\n\t\t>\n\t\t\t<span class=\"social-share-button__share-label\">Partager<\/span>\n\t\t\t<span class=\"social-share-button__copy-label\" hidden>Copier le lien<\/span>\n\t\t\t<span class=\"social-share-button__copy-tooltip\" aria-hidden=\"true\" hidden>Copi\u00e9<\/span>\n\t\t<\/button>\n\n\t\t\t\t<\/div>\n\t<\/div>\n<\/header>\n\n\n\n<div class=\"wp-block-post-author has-dark-background-color alignfull\">\n\t<div class=\"container\">\n\t\t<div class=\"col\">\n\t\t\t\t\t\t\t<div class=\"co-authors\">\n\t\t\t\t\t\n\t\t<div class=\"entry-author-wrapper\">\n\t\t\t<a class=\"entry-author\" href=\"https:\/\/www.sage.com\/fr-fr\/blog\/author\/arnaudpetit\/\">\n\t\t\t\t<img loading=\"lazy\" decoding=\"async\" width=\"40\" height=\"40\" src=\"https:\/\/www.sage.com\/fr-fr\/blog\/wp-content\/uploads\/sites\/4\/2023\/06\/Arnaud-Petit.jpg\" class=\"entry-author__image\" alt=\"arnaud-petit\" \/>\t\t\t\t<span class=\"entry-author__name\">Arnaud Petit<\/span>\n\t\t\t<\/a>\n\n\t\t\t\t\t<\/div>\n\n\t\t\t\t\t\t<\/div>\n\t\t\t\t\t<\/div>\n\t<\/div>\n<\/div>\n\n\n\n\n\n<p>L&#8217;utilisation du Cloud joue un r\u00f4le majeur dans le d\u00e9veloppement et la croissance de votre entreprise, favorisant sa transformation digitale et l\u2019innovation.<\/p>\n\n\n\n<h2 class=\"wp-block-heading\" id=\"h-une-transformation-digitale-simplifiee\">Une transformation digitale simplifi\u00e9e<\/h2>\n\n\n\n<p>Maturit\u00e9 digitale et performance vont de pair. Selon le barom\u00e8tre Croissance &amp; Digital r\u00e9alis\u00e9 par Ipsos, les \u00ab champions \u00bb europ\u00e9ens du <strong>digital<\/strong> sont 3 fois plus profitables et progressent 4,5 fois plus que les autres. Mais, seules 48 % des entreprises tricolores sont r\u00e9ellement engag\u00e9es sur le sujet. Le manque de temps (pour 54 % des r\u00e9pondants), les co\u00fbts engendr\u00e9s (49 %) et la complexit\u00e9 de mise en \u0153uvre (39&nbsp;%)\u00b9 sont les raisons principales qui expliquent la faible implication des entreprises fran\u00e7aises.<\/p>\n\n\n\n<p>Pourtant, le <a href=\"https:\/\/www.sage.com\/fr-fr\/blog\/glossaire\/cloud-computing-definition-du-cloud-computing\/\"><strong>Cloud computing<\/strong><\/a> est en mesure de lever ces barri\u00e8res. Il s\u2019agit d\u2019utiliser des <strong>solutions logicielles<\/strong> h\u00e9berg\u00e9es sur un <strong>serveur<\/strong>, accessibles \u00e0 distance, factur\u00e9es g\u00e9n\u00e9ralement \u00e0 l\u2019usage et dont la maintenance est op\u00e9r\u00e9e par un prestataire. Non seulement le Cloud permet de d\u00e9charger l\u2019entreprise des contraintes techniques chronophages (gestion, s\u00e9curit\u00e9, etc.), mais il permet de mutualiser de nombreux applicatifs m\u00e9tier : comptabilit\u00e9, ressources humaines, facturation ou encore gestion de projet. Gr\u00e2ce \u00e0 leur ouverture, ces applicatifs m\u00e9tier peuvent \u00eatre compl\u00e9t\u00e9s par des Apps utilisables sur smartphone qui renforcent encore la mobilit\u00e9 et la productivit\u00e9 de collaborateurs. Faciles \u00e0 mettre en \u0153uvre et \u00e0 piloter, les solutions Cloud acc\u00e9l\u00e8rent la <strong>transformation digitale<\/strong> des entreprises, gage de performance et d\u2019innovation.<\/p>\n\n\n\n<p><strong>\u00c0 noter :<\/strong><br>\n<em>Auparavant, l\u2019entreprise \u00e9tait limit\u00e9e par la capacit\u00e9 de son serveur interne. Gr\u00e2ce \u00e0 la mise en place d\u2019une solution utilisant le Cloud, elle a autant de capacit\u00e9 virtuelle que n\u00e9cessaire pour pourvoir aux besoins de performance requis par le d\u00e9veloppement de l&#8217;entreprise.<\/em><\/p>\n\n\n\n<h2 class=\"wp-block-heading\" id=\"h-une-gestion-externalisee\">Une gestion externalis\u00e9e<\/h2>\n\n\n\n<p>Avec une solution Cloud, vous d\u00e9l\u00e9guez la gestion, ainsi que les <strong>mises \u00e0 jour<\/strong> logicielles et mat\u00e9rielles \u00e0 votre prestataire. Les applications utilis\u00e9es sont susceptibles d\u2019\u00e9voluer plusieurs fois par an, au gr\u00e9 des nouvelles r\u00e9glementations, des \u00e9volutions du march\u00e9 et de vos besoins. En plus de toujours disposer des derni\u00e8res innovations logicielles, vous n&#8217;avez plus \u00e0 vous soucier de l&#8217;infrastructure informatique de votre entreprise.<\/p>\n\n\n\n<p>D\u00e9barrass\u00e9e des op\u00e9rations techniques (impl\u00e9mentation, maintenance, logicielle et mat\u00e9rielle etc.), l\u2019entreprise est susceptible faire \u00e9voluer ses outils informatiques plus facilement. Le cycle d\u2019<strong>innovation<\/strong> s\u2019en voit ainsi acc\u00e9l\u00e9r\u00e9, dans la mesure o\u00f9 le logiciel n\u2019est plus consid\u00e9r\u00e9 comme une contrainte mais comme un moteur de <strong>d\u00e9veloppement<\/strong>.<\/p>\n\n\n\n<p><em>Vous souvenez-vous des pr\u00e9mices de l\u2019<a href=\"https:\/\/www.sage.com\/fr-fr\/blog\/glossaire\/definition-qu-est-ce-qu-une-solution-erp-pgi\/\"><strong>ERP<\/strong><\/a> (progiciel de gestion int\u00e9gr\u00e9) ? Peu mis \u00e0 jour en raison de la complexit\u00e9 de la d\u00e9marche, il n\u2019\u00e9tait g\u00e9n\u00e9ralement renouvel\u00e9 par les entreprises qu\u2019une fois devenu obsol\u00e8te ou non conforme \u00e0 la l\u00e9gislation. Gr\u00e2ce au Cloud, cette solution est actualis\u00e9e r\u00e9guli\u00e8rement \u2013 parfois sans m\u00eame que les collaborateurs ne s\u2019en rendent compte \u2013 et dispose ainsi de toutes les derni\u00e8res fonctionnalit\u00e9s.<\/em><\/p>\n\n\n\n<h2 class=\"wp-block-heading\" id=\"h-une-haute-scalabilite-pour-une-haute-adaptabilite\">Une haute scalabilit\u00e9 pour une haute adaptabilit\u00e9<\/h2>\n\n\n\n<p>Avec le <strong>Cloud<\/strong>, ce n\u2019est plus l\u2019entreprise qui s\u2019adapte au logiciel, mais l\u2019inverse. Vous pouvez en effet jouer sur diff\u00e9rents leviers afin d\u2019adapter les solutions cloud \u00e0 vos besoins m\u00e9tiers:<\/p>\n\n\n\n<ul class=\"wp-block-list\">\n<li>augmentez ou r\u00e9duisez le nombre d\u2019utilisateurs ;<\/li>\n\n\n\n<li>souscrivez \u00e0 de nouvelles fonctionnalit\u00e9s au rythme de l\u2019\u00e9volution de votre activit\u00e9 ;<\/li>\n\n\n\n<li>adapter la disponibilit\u00e9 des applications en fonction du rythme du business (p\u00e9riode de paie, f\u00eates de fin d&#8217;ann\u00e9e, saisonnalit\u00e9).<\/li>\n<\/ul>\n\n\n\n<p>Cette haute <strong>scalabilit\u00e9<\/strong> &#8211; capacit\u00e9 d&#8217;une solution \u00e0 s&#8217;adapter \u00e0 un changement d&#8217;ordre de grandeur de la demande\u2013 est d\u2019ailleurs favoris\u00e9e par le mode de <strong>collaboration<\/strong> client-fournisseur. Gr\u00e2ce \u00e0 celui-ci, vous pouvez faire part de vos attentes \u00e0 votre prestataire afin que ce dernier fasse \u00e9voluer sa solution en cons\u00e9quence. Ainsi, l\u2019entreprise dispose toujours d\u2019une solution logicielle qui r\u00e9pond \u00e0 ses imp\u00e9ratifs m\u00e9tiers. Les outils \u00e9tant \u00e0 la mesure de ses objectifs, elle peut innover et prosp\u00e9rer.<\/p>\n\n\n\n<p><em>Vous attendez un trafic plus important sur votre site e-commerce \u00e0 l&#8217;occasion des soldes ? Alors qu\u2019autrefois vous auriez \u00e9t\u00e9 limit\u00e9 par la capacit\u00e9 de vos serveurs internes, la technologie cloud vous permet d&#8217;augmenter la bande passante et de disposer d&#8217;un accompagnement technique pour affronter ce pic d&#8217;activit\u00e9.<\/em><\/p>\n\n\n\n<p>Avec les nouvelles technologies, le Cloud ne cesse d\u2019\u00e9voluer . Le processus d\u2019innovation en entreprise va pouvoir \u00e0 son tour s\u2019acc\u00e9l\u00e9rer. Le d\u00e9veloppement de l\u2019<strong>intelligence artificielle<\/strong> (IA) en est d\u2019ailleurs la meilleure illustration, notamment gr\u00e2ce \u00e0 sa capacit\u00e9 \u00e0 renforcer l\u2019<strong>automatisation<\/strong> des t\u00e2ches et l\u2019<strong>analyse pr\u00e9dictive<\/strong>.<\/p>\n\n\n\n<p>\u00b9<em><a href=\"https:\/\/www.ipsos.com\/sites\/default\/files\/ct\/news\/documents\/2019-04\/barometre_croissance_digital_edition_2019.pdf\" target=\"_blank\" rel=\"noopener noreferrer\">Barom\u00e8tre Croissance &amp; Digital<\/a> &#8211; Ipsos pour ACSEL &#8211; 2019<\/em><\/p>\n\n\n<div class=\"single-cta\">\n\t<div class=\"single-cta__positioner\">\n\t\t<div class=\"single-cta__wrapper has-dark-background-color\">\n\t\t\t<div class=\"single-cta__content\">\n\t\t\t\t\t\t\t\t<h2 class=\"single-cta__title h3\">Inscrivez-vous \u00e0 la e-newsletter mensuelle<\/h2>\n\n\t\t\t\t\n\t\t\t\t\t\t\t\t\t\t\t\t\t\t<a\n\t\t\t\t\t\thref=\"#gate-a947ade1-e692-455f-94ce-a275d72a9a11\"\n\t\t\t\t\t\tclass=\"single-cta__button button button--primary\"\n\t\t\t\t\t\t\t\t\t\t\t\t\t\t\t\t\t>Je m&#039;abonne<\/a>\n\t\t\t\t\t\t\t<\/div>\n\n\t\t\t\t\t<\/div>\n\n\t\t\t\t\t<img decoding=\"async\" width=\"1024\" height=\"779\" src=\"https:\/\/www.sage.com\/fr-fr\/blog\/wp-content\/uploads\/sites\/4\/2021\/05\/spreadsheets-1024x779-1.jpg\" class=\"single-cta__image\" alt=\"\" loading=\"lazy\" srcset=\"https:\/\/www.sage.com\/fr-fr\/blog\/wp-content\/uploads\/sites\/4\/2021\/05\/spreadsheets-1024x779-1.jpg 1024w\" sizes=\"auto, (min-width: 48em) 33vw, 100vw\" \/>\t\t\t<\/div>\n<\/div>\n","protected":false},"excerpt":{"rendered":"<p>L&#8217;utilisation du Cloud joue un r\u00f4le majeur dans le d\u00e9veloppement et la croissance de votre entreprise, favorisant sa transformation digitale et l\u2019innovation. Une transformation digitale simplifi\u00e9e Maturit\u00e9 digitale et performance vont de pair. Selon le barom\u00e8tre Croissance &amp; Digital r\u00e9alis\u00e9 par Ipsos, les \u00ab champions \u00bb europ\u00e9ens du digital sont 3 fois plus profitables et [&hellip;]<\/p>\n","protected":false},"author":1693,"featured_media":8355,"comment_status":"closed","ping_status":"closed","sticky":false,"template":"","format":"standard","meta":{"_sage_video":false,"post_featured_image_hide":false,"footnotes":""},"categories":[16],"tags":[99,224],"business_type":[8,9,11],"lilypad":[],"context":[],"industry":[],"persona":[34,37],"imagine_tag":[439,450,864,861,862,859,860],"coauthors":[926],"class_list":["post-8354","post","type-post","status-publish","format-standard","has-post-thumbnail","hentry","category-digitalisation-et-tendances","tag-erp","tag-ia-digitalisation","business_type-artisans-et-petites-entreprises","business_type-petites-et-moyennes-entreprises","business_type-expertise-comptable"],"sage_meta":{"region":"fr-fr","author_name":"Arnaud Petit","featured_image":"https:\/\/www.sage.com\/fr-fr\/blog\/wp-content\/uploads\/sites\/4\/2020\/06\/cloud-catalyseur-innovation.jpg","imagine_tags":{"439":"Cloud","450":"ERP","864":"Hub-cloud_All","861":"Hub-cloud_DG","862":"Hub-cloud_DSI","859":"Hub-cloud_Responsable Finance","860":"Hub-cloud_Responsable Paie &amp; RH"}},"distributor_meta":false,"distributor_terms":false,"distributor_media":false,"distributor_original_site_name":"Sage Advice France","distributor_original_site_url":"https:\/\/www.sage.com\/fr-fr\/blog","push-errors":false,"_links":{"self":[{"href":"https:\/\/www.sage.com\/fr-fr\/blog\/api\/wp\/v2\/posts\/8354","targetHints":{"allow":["GET"]}}],"collection":[{"href":"https:\/\/www.sage.com\/fr-fr\/blog\/api\/wp\/v2\/posts"}],"about":[{"href":"https:\/\/www.sage.com\/fr-fr\/blog\/api\/wp\/v2\/types\/post"}],"author":[{"embeddable":true,"href":"https:\/\/www.sage.com\/fr-fr\/blog\/api\/wp\/v2\/users\/1693"}],"replies":[{"embeddable":true,"href":"https:\/\/www.sage.com\/fr-fr\/blog\/api\/wp\/v2\/comments?post=8354"}],"version-history":[{"count":0,"href":"https:\/\/www.sage.com\/fr-fr\/blog\/api\/wp\/v2\/posts\/8354\/revisions"}],"wp:featuredmedia":[{"embeddable":true,"href":"https:\/\/www.sage.com\/fr-fr\/blog\/api\/wp\/v2\/media\/8355"}],"wp:attachment":[{"href":"https:\/\/www.sage.com\/fr-fr\/blog\/api\/wp\/v2\/media?parent=8354"}],"wp:term":[{"taxonomy":"category","embeddable":true,"href":"https:\/\/www.sage.com\/fr-fr\/blog\/api\/wp\/v2\/categories?post=8354"},{"taxonomy":"post_tag","embeddable":true,"href":"https:\/\/www.sage.com\/fr-fr\/blog\/api\/wp\/v2\/tags?post=8354"},{"taxonomy":"business_type","embeddable":true,"href":"https:\/\/www.sage.com\/fr-fr\/blog\/api\/wp\/v2\/business_type?post=8354"},{"taxonomy":"lilypad","embeddable":true,"href":"https:\/\/www.sage.com\/fr-fr\/blog\/api\/wp\/v2\/lilypad?post=8354"},{"taxonomy":"context","embeddable":true,"href":"https:\/\/www.sage.com\/fr-fr\/blog\/api\/wp\/v2\/context?post=8354"},{"taxonomy":"industry","embeddable":true,"href":"https:\/\/www.sage.com\/fr-fr\/blog\/api\/wp\/v2\/industry?post=8354"},{"taxonomy":"persona","embeddable":true,"href":"https:\/\/www.sage.com\/fr-fr\/blog\/api\/wp\/v2\/persona?post=8354"},{"taxonomy":"imagine_tag","embeddable":true,"href":"https:\/\/www.sage.com\/fr-fr\/blog\/api\/wp\/v2\/imagine_tag?post=8354"},{"taxonomy":"author","embeddable":true,"href":"https:\/\/www.sage.com\/fr-fr\/blog\/api\/wp\/v2\/coauthors?post=8354"}],"curies":[{"name":"wp","href":"https:\/\/api.w.org\/{rel}","templated":true}]}}