{"id":8354,"date":"2020-07-01T08:00:23","date_gmt":"2020-07-01T06:00:23","guid":{"rendered":"https:\/\/www.sage.com\/fr-fr\/blog\/?p=8354"},"modified":"2026-01-27T11:50:53","modified_gmt":"2026-01-27T10:50:53","slug":"cloud-catalyseur-innovation","status":"publish","type":"post","link":"https:\/\/www.sage.com\/fr-fr\/blog\/cloud-catalyseur-innovation\/","title":{"rendered":"Le Cloud : un catalyseur d\u2019innovation"},"content":{"rendered":"<header class=\"entry-header has-dark-background-color entry-header--has-illustration entry-header--has-illustration--generic\">\n\t<div class=\"container\">\n\t\t<div class=\"entry-header__row row align-center\">\n\t\t\t<div class=\"col col-lg-7 col-xlg-6 entry-header__content\">\n\t\t\t\t\t\t\t<div class=\"component component-single-header\">\n\t\t\t\t\t\t\t\t\t\t<div class=\"entry-header__misc text--subtitle text--uppercase text--small\">\n\t\t\t\t\t\t\t<a href=\"https:\/\/www.sage.com\/fr-fr\/blog\/categorie\/digitalisation-et-tendances\/\" class=\"entry-header__link\">Digitalisation &amp; Tendances<\/a>\t\t\t\t\t\t<\/div>\n\t\t\t\t\n\t\t\t\t<div class=\"entry-title-wrapper\">\n\t\t\t\t\t<h1 class=\"entry-title\">\n\t\t\t\t\t\tLe Cloud : un catalyseur d\u2019innovation\t\t\t\t\t<\/h1>\n\t\t\t\t<\/div>\n\n\t\t\t\t\t\t\t\t\t<p class=\"entry-header__description\">\n\t\t\t\t\t\t\t\t\t\t\t<\/p>\n\t\t\t\t\n\t\t\t\t\n\t\t\t\t\n\t\t\t<\/div>\n\n\t\t\t\t\t<\/div>\n\t\t\t\t\t<\/div>\n\t<\/div>\n\t\t<div class=\"single-post-details container\">\n\t\t<div class=\"col\">\n\t\t\t<span class=\"posted-on \">Publi\u00e9 le <time class=\"entry-date published\" datetime=\"2020-07-01T08:00:23+02:00\">1 juillet 2020<\/time><\/span><span class=\"reading-time\"> min de lecture<\/span>\n\t\t<button\n\t\t\ttype=\"button\"\n\t\t\tclass=\"social-share-button button button--icon button--secondary js-social-share-button\"\n\t\t\tdata-share-title=\"Le Cloud : un catalyseur d\u2019innovation\"\n\t\t\tdata-share-url=\"https:\/\/www.sage.com\/fr-fr\/blog\/cloud-catalyseur-innovation\/\"\n\t\t\tdata-share-text=\"Veuillez lire cet article int\u00e9ressant\"\n\t\t>\n\t\t\t<span class=\"social-share-button__share-label\">Partager<\/span>\n\t\t\t<span class=\"social-share-button__copy-label\" hidden>Copier le lien<\/span>\n\t\t\t<span class=\"social-share-button__copy-tooltip\" aria-hidden=\"true\" hidden>Copi\u00e9<\/span>\n\t\t<\/button>\n\n\t\t\t\t<\/div>\n\t<\/div>\n\t<\/header>\n\n\n\n<div class=\"wp-block-post-author has-dark-background-color alignfull\">\n\t<div class=\"container\">\n\t\t<div class=\"col\">\n\t\t\t\t\t\t\t<div class=\"co-authors\">\n\t\t\t\t\t\n\t\t<div class=\"entry-author-wrapper\">\n\t\t\t<a class=\"entry-author\" href=\"https:\/\/www.sage.com\/fr-fr\/blog\/author\/arnaudpetit\/\">\n\t\t\t\t<img loading=\"lazy\" decoding=\"async\" width=\"40\" height=\"40\" src=\"https:\/\/www.sage.com\/fr-fr\/blog\/wp-content\/uploads\/sites\/4\/2023\/06\/Arnaud-Petit.jpg\" class=\"entry-author__image\" alt=\"arnaud-petit\" \/>\t\t\t\t<span class=\"entry-author__name\">Arnaud Petit<\/span>\n\t\t\t<\/a>\n\n\t\t\t\t\t<\/div>\n\n\t\t\t\t\t\t<\/div>\n\t\t\t\t\t<\/div>\n\t<\/div>\n<\/div>\n\n\n\n\n\n<p class=\"wp-block-paragraph\">L&rsquo;utilisation du Cloud joue un r\u00f4le majeur dans le d\u00e9veloppement et la croissance de votre entreprise, favorisant sa transformation digitale et l\u2019innovation.<\/p>\n\n\n\n<h2 class=\"wp-block-heading\" id=\"h-une-transformation-digitale-simplifiee\">Une transformation digitale simplifi\u00e9e<\/h2>\n\n\n\n<p class=\"wp-block-paragraph\">Maturit\u00e9 digitale et performance vont de pair. Selon le barom\u00e8tre Croissance &amp; Digital r\u00e9alis\u00e9 par Ipsos, les \u00ab champions \u00bb europ\u00e9ens du <strong>digital<\/strong> sont 3 fois plus profitables et progressent 4,5 fois plus que les autres. Mais, seules 48 % des entreprises tricolores sont r\u00e9ellement engag\u00e9es sur le sujet. Le manque de temps (pour 54 % des r\u00e9pondants), les co\u00fbts engendr\u00e9s (49 %) et la complexit\u00e9 de mise en \u0153uvre (39&nbsp;%)\u00b9 sont les raisons principales qui expliquent la faible implication des entreprises fran\u00e7aises.<\/p>\n\n\n\n<p class=\"wp-block-paragraph\">Pourtant, le <a href=\"https:\/\/www.sage.com\/fr-fr\/blog\/glossaire\/cloud-computing-definition-du-cloud-computing\/\"><strong>Cloud computing<\/strong><\/a> est en mesure de lever ces barri\u00e8res. Il s\u2019agit d\u2019utiliser des <strong>solutions logicielles<\/strong> h\u00e9berg\u00e9es sur un <strong>serveur<\/strong>, accessibles \u00e0 distance, factur\u00e9es g\u00e9n\u00e9ralement \u00e0 l\u2019usage et dont la maintenance est op\u00e9r\u00e9e par un prestataire. Non seulement le Cloud permet de d\u00e9charger l\u2019entreprise des contraintes techniques chronophages (gestion, s\u00e9curit\u00e9, etc.), mais il permet de mutualiser de nombreux applicatifs m\u00e9tier : comptabilit\u00e9, ressources humaines, facturation ou encore gestion de projet. Gr\u00e2ce \u00e0 leur ouverture, ces applicatifs m\u00e9tier peuvent \u00eatre compl\u00e9t\u00e9s par des Apps utilisables sur smartphone qui renforcent encore la mobilit\u00e9 et la productivit\u00e9 de collaborateurs. Faciles \u00e0 mettre en \u0153uvre et \u00e0 piloter, les solutions Cloud acc\u00e9l\u00e8rent la <strong>transformation digitale<\/strong> des entreprises, gage de performance et d\u2019innovation.<\/p>\n\n\n\n<p class=\"wp-block-paragraph\"><strong>\u00c0 noter :<\/strong><br>\n<em>Auparavant, l\u2019entreprise \u00e9tait limit\u00e9e par la capacit\u00e9 de son serveur interne. Gr\u00e2ce \u00e0 la mise en place d\u2019une solution utilisant le Cloud, elle a autant de capacit\u00e9 virtuelle que n\u00e9cessaire pour pourvoir aux besoins de performance requis par le d\u00e9veloppement de l&rsquo;entreprise.<\/em><\/p>\n\n\n\n<h2 class=\"wp-block-heading\" id=\"h-une-gestion-externalisee\">Une gestion externalis\u00e9e<\/h2>\n\n\n\n<p class=\"wp-block-paragraph\">Avec une solution Cloud, vous d\u00e9l\u00e9guez la gestion, ainsi que les <strong>mises \u00e0 jour<\/strong> logicielles et mat\u00e9rielles \u00e0 votre prestataire. Les applications utilis\u00e9es sont susceptibles d\u2019\u00e9voluer plusieurs fois par an, au gr\u00e9 des nouvelles r\u00e9glementations, des \u00e9volutions du march\u00e9 et de vos besoins. En plus de toujours disposer des derni\u00e8res innovations logicielles, vous n&rsquo;avez plus \u00e0 vous soucier de l&rsquo;infrastructure informatique de votre entreprise.<\/p>\n\n\n\n<p class=\"wp-block-paragraph\">D\u00e9barrass\u00e9e des op\u00e9rations techniques (impl\u00e9mentation, maintenance, logicielle et mat\u00e9rielle etc.), l\u2019entreprise est susceptible faire \u00e9voluer ses outils informatiques plus facilement. Le cycle d\u2019<strong>innovation<\/strong> s\u2019en voit ainsi acc\u00e9l\u00e9r\u00e9, dans la mesure o\u00f9 le logiciel n\u2019est plus consid\u00e9r\u00e9 comme une contrainte mais comme un moteur de <strong>d\u00e9veloppement<\/strong>.<\/p>\n\n\n\n<p class=\"wp-block-paragraph\"><em>Vous souvenez-vous des pr\u00e9mices de l\u2019<a href=\"https:\/\/www.sage.com\/fr-fr\/blog\/glossaire\/definition-qu-est-ce-qu-une-solution-erp-pgi\/\"><strong>ERP<\/strong><\/a> (progiciel de gestion int\u00e9gr\u00e9) ? Peu mis \u00e0 jour en raison de la complexit\u00e9 de la d\u00e9marche, il n\u2019\u00e9tait g\u00e9n\u00e9ralement renouvel\u00e9 par les entreprises qu\u2019une fois devenu obsol\u00e8te ou non conforme \u00e0 la l\u00e9gislation. Gr\u00e2ce au Cloud, cette solution est actualis\u00e9e r\u00e9guli\u00e8rement \u2013 parfois sans m\u00eame que les collaborateurs ne s\u2019en rendent compte \u2013 et dispose ainsi de toutes les derni\u00e8res fonctionnalit\u00e9s.<\/em><\/p>\n\n\n\n<h2 class=\"wp-block-heading\" id=\"h-une-haute-scalabilite-pour-une-haute-adaptabilite\">Une haute scalabilit\u00e9 pour une haute adaptabilit\u00e9<\/h2>\n\n\n\n<p class=\"wp-block-paragraph\">Avec le <strong>Cloud<\/strong>, ce n\u2019est plus l\u2019entreprise qui s\u2019adapte au logiciel, mais l\u2019inverse. Vous pouvez en effet jouer sur diff\u00e9rents leviers afin d\u2019adapter les solutions cloud \u00e0 vos besoins m\u00e9tiers:<\/p>\n\n\n\n<ul class=\"wp-block-list\">\n<li>augmentez ou r\u00e9duisez le nombre d\u2019utilisateurs ;<\/li>\n\n\n\n<li>souscrivez \u00e0 de nouvelles fonctionnalit\u00e9s au rythme de l\u2019\u00e9volution de votre activit\u00e9 ;<\/li>\n\n\n\n<li>adapter la disponibilit\u00e9 des applications en fonction du rythme du business (p\u00e9riode de paie, f\u00eates de fin d&rsquo;ann\u00e9e, saisonnalit\u00e9).<\/li>\n<\/ul>\n\n\n\n<p class=\"wp-block-paragraph\">Cette haute <strong>scalabilit\u00e9<\/strong> &#8211; capacit\u00e9 d&rsquo;une solution \u00e0 s&rsquo;adapter \u00e0 un changement d&rsquo;ordre de grandeur de la demande\u2013 est d\u2019ailleurs favoris\u00e9e par le mode de <strong>collaboration<\/strong> client-fournisseur. Gr\u00e2ce \u00e0 celui-ci, vous pouvez faire part de vos attentes \u00e0 votre prestataire afin que ce dernier fasse \u00e9voluer sa solution en cons\u00e9quence. Ainsi, l\u2019entreprise dispose toujours d\u2019une solution logicielle qui r\u00e9pond \u00e0 ses imp\u00e9ratifs m\u00e9tiers. Les outils \u00e9tant \u00e0 la mesure de ses objectifs, elle peut innover et prosp\u00e9rer.<\/p>\n\n\n\n<p class=\"wp-block-paragraph\"><em>Vous attendez un trafic plus important sur votre site e-commerce \u00e0 l&rsquo;occasion des soldes ? Alors qu\u2019autrefois vous auriez \u00e9t\u00e9 limit\u00e9 par la capacit\u00e9 de vos serveurs internes, la technologie cloud vous permet d&rsquo;augmenter la bande passante et de disposer d&rsquo;un accompagnement technique pour affronter ce pic d&rsquo;activit\u00e9.<\/em><\/p>\n\n\n\n<p class=\"wp-block-paragraph\">Avec les nouvelles technologies, le Cloud ne cesse d\u2019\u00e9voluer . Le processus d\u2019innovation en entreprise va pouvoir \u00e0 son tour s\u2019acc\u00e9l\u00e9rer. Le d\u00e9veloppement de l\u2019<strong>intelligence artificielle<\/strong> (IA) en est d\u2019ailleurs la meilleure illustration, notamment gr\u00e2ce \u00e0 sa capacit\u00e9 \u00e0 renforcer l\u2019<strong>automatisation<\/strong> des t\u00e2ches et l\u2019<strong>analyse pr\u00e9dictive<\/strong>.<\/p>\n\n\n\n<p class=\"wp-block-paragraph\">\u00b9<em><a href=\"https:\/\/www.ipsos.com\/sites\/default\/files\/ct\/news\/documents\/2019-04\/barometre_croissance_digital_edition_2019.pdf\" target=\"_blank\" rel=\"noopener noreferrer\">Barom\u00e8tre Croissance &amp; Digital<\/a> &#8211; Ipsos pour ACSEL &#8211; 2019<\/em><\/p>\n\n\n<div class=\"single-cta\">\n\t<div class=\"single-cta__positioner on-scroll-highlight__target\">\n\t\t<div class=\"single-cta__wrapper has-dark-background-color\">\n\t\t\t<div class=\"single-cta__content\">\n\t\t\t\t\t\t\t\t<h2 class=\"single-cta__title h3\">Inscrivez-vous \u00e0 la e-newsletter mensuelle<\/h2>\n\n\t\t\t\t\n\t\t\t\t\t\t\t\t\t\t\t\t\t\t<a\n\t\t\t\t\t\thref=\"#gate-a947ade1-e692-455f-94ce-a275d72a9a11\"\n\t\t\t\t\t\tclass=\"single-cta__button button button--primary\"\n\t\t\t\t\t\t\t\t\t\t\t\t\t\t\t\t\t>Je m&#039;abonne<\/a>\n\t\t\t\t\t\t\t<\/div>\n\n\t\t\t\t\t<\/div>\n\n\t\t\t\t\t<img decoding=\"async\" width=\"1024\" height=\"779\" src=\"https:\/\/www.sage.com\/fr-fr\/blog\/wp-content\/uploads\/sites\/4\/2021\/05\/spreadsheets-1024x779-1.jpg\" class=\"single-cta__image\" alt=\"\" loading=\"lazy\" srcset=\"https:\/\/www.sage.com\/fr-fr\/blog\/wp-content\/uploads\/sites\/4\/2021\/05\/spreadsheets-1024x779-1.jpg 1024w\" sizes=\"auto, (min-width: 48em) 33vw, 100vw\" \/>\t\t\t<\/div>\n<\/div>\n\n<section class=\"more-topics alignfull has-grey-light-background-color wp-block-sage-post-topics\">\n\t<div class=\"container\">\n\t\t<div class=\"row\">\n\t\t\t<div class=\"col col-12 col-lg-4\">\n\t\t\t\t<h3 class=\"more-topics__title h2\">Parcourir plus de sujets depuis cet article<\/h3>\n\t\t\t<\/div>\n\t\t\t<div class=\"col col-12 col-lg-8\">\n\t\t\t\t<ul class=\"post-tags__list\">\n\t\t\t\t\t\t\t\t\t\t\t<li class=\"post-tags__item\">\n\t\t\t\t\t\t\t<a href=\"https:\/\/www.sage.com\/fr-fr\/blog\/tag\/erp\/\" class=\"post-tags__link button button--secondary\">\n\t\t\t\t\t\t\t\tERP\t\t\t\t\t\t\t<\/a>\n\t\t\t\t\t\t<\/li>\n\t\t\t\t\t\t\t\t\t\t\t<li class=\"post-tags__item\">\n\t\t\t\t\t\t\t<a href=\"https:\/\/www.sage.com\/fr-fr\/blog\/tag\/ia-digitalisation\/\" class=\"post-tags__link button button--secondary\">\n\t\t\t\t\t\t\t\tIA-Digitalisation\t\t\t\t\t\t\t<\/a>\n\t\t\t\t\t\t<\/li>\n\t\t\t\t\t\t\t\t\t<\/ul>\n\t\t\t<\/div>\n\t\t<\/div>\n\t<\/div>\n<\/section>\n\n<div class=\"alignfull wp-block-sage-related-posts\">\n\t<section class=\"related-posts card-grid has-dark-background-color\">\n\t<div class=\"container\">\n\t\t\t\t\t<div class=\"row\">\n\t\t\t\t<div class=\"col\">\n\t\t\t\t\t<h2 class=\"related-posts__heading related-posts__heading--featured h1\">Explorez plus d&#039;articles<\/h2>\n\t\t\t\t<\/div>\n\t\t\t<\/div>\n\n\t\t\t<div class=\"row related-posts__featured\">\n\t\t\t\t<div class=\"col card-grid__item\">\n\t\t\t\t\t<article\n\t\tclass=\"card-post related-post related-post-0 post-30159 post type-post status-publish format-standard has-post-thumbnail hentry category-interviews-clients tag-erp tag-temoignages-clients business_type-petites-et-moyennes-entreprises industry-services card-post--is-clickable\"\n>\n\t<div class=\"card-post__media-wrapper\">\n\t\t<figure class=\"card-post__media\">\n\t\t\t\t\t\t\t<img decoding=\"async\" width=\"1438\" height=\"810\" src=\"https:\/\/www.sage.com\/fr-fr\/blog\/wp-content\/uploads\/sites\/4\/2026\/07\/samshield-temoignage-sage-x3-article-1438x810.jpg\" class=\"card-post__image\" alt=\"Samshield, en hypercroissance, stabilise ses donn\u00e9es avec Sage X3\" loading=\"lazy\" srcset=\"https:\/\/www.sage.com\/fr-fr\/blog\/wp-content\/uploads\/sites\/4\/2026\/07\/samshield-temoignage-sage-x3-article-684x384.jpg 684w, https:\/\/www.sage.com\/fr-fr\/blog\/wp-content\/uploads\/sites\/4\/2026\/07\/samshield-temoignage-sage-x3-article-768x433.jpg 768w, https:\/\/www.sage.com\/fr-fr\/blog\/wp-content\/uploads\/sites\/4\/2026\/07\/samshield-temoignage-sage-x3-article-1438x810.jpg 1438w\" sizes=\"auto, (min-width: 48em) 250px, (min-width: 30em) 100vw, 100vw\" \/>\t\t\t\n\t\t\t\n\t\t\t\t\t<\/figure>\n\t<\/div>\n\n\t<div class=\"card-post__content\">\n\t\t\t\t\t<div class=\"card-post__label\">Recommand\u00e9<\/div>\n\t\t\n\t\t\t\t\t<div class=\"card-post__meta\">\n\t\t\t\t\t\t\t\t\t\t\t\t\t\t\t\t\t\t\t<span class=\"card-post__meta-text\"><span class=\"posted-on \"><time class=\"entry-date published\" datetime=\"2026-07-31T09:30:00+02:00\">31 juillet 2026<\/time><\/span><\/span>\n\t\t\t\t\t\t\t\t\t\t\t<span class=\"card-post__meta-text\"><span class=\"reading-time\">5 min de lecture<\/span><\/span>\n\t\t\t\t\t\t\t\t\t\t\t\t<\/div>\n\t\t\n\t\t<p class=\"card-post__title h3\">\n\t\t\t\t\t\t\t<a\n\t\t\t\t\tclass=\"card-post__title-link\"\n\t\t\t\t\thref=\"https:\/\/www.sage.com\/fr-fr\/blog\/temoignage-samshield-equipements-equitation-sage-x3\/\"\n\t\t\t\t>\n\t\t\t\n\t\t\tSamshield, en hypercroissance, stabilise ses donn\u00e9es avec Sage X3\n\t\t\t\t\t\t\t<\/a>\n\t\t\t\t\t<\/p>\n\n\t\t\n\t\t\t\t\t<p class=\"card-post__description\">\n\t\t\t\tSamshield, leader fran\u00e7ais du casque d\u2019\u00e9quitation, a choisi Sage X3 pour stabiliser ses donn\u00e9es dans un contexte d\u2019hypercroissance de son offre globale d\u2019\u00e9quipements pour l\u2019\u00e9quitation.\nAvec 10 000 nouveaux articles\/an et une distribution internationale, l\u2019entreprise avait besoin d\u2019un ERP fiable, scalable et multidevises.\nR\u00e9sultat : des donn\u00e9es r\u00e9centes, propres et exploitables, une navigation fluide et une int\u00e9gration r\u00e9ussie avec d\u2019autres applications m\u00e9tiers.\nD\u00e9couvrez comment Integrasoft a accompagn\u00e9 ce projet avec r\u00e9activit\u00e9. Un cas d\u2019usage id\u00e9al pour les entreprises en forte croissance.\t\t\t<\/p>\n\t\t\n\t\t\t<\/div>\n\n\t<\/article>\n\t\t\t\t<\/div>\n\t\t\t<\/div>\n\t\t\n\t\t\t\t\t<div class=\"row related-posts__non-featured\">\n\t\t\t\t<div class=\"col col-12\">\n\t\t\t\t\t<h2 class=\"related-posts__heading related-posts__heading--more h4\">En savoir plus sur ce sujet<\/h2>\n\t\t\t\t<\/div>\n\n\t\t\t\t\n\t\t\t\t\t<div class=\"col col-6 col-lg-3 card-grid__item\">\n\t\t\t\t\t\t<article\n\t\tclass=\"card-post related-post related-post-1 post-30150 post type-post status-publish format-standard has-post-thumbnail hentry category-digitalisation-et-tendances tag-experience-client-et-satisfaction tag-facture-electronique tag-ia-digitalisation tag-logiciel-de-gestion tag-paiement-en-ligne business_type-artisans-et-petites-entreprises business_type-petites-et-moyennes-entreprises business_type-expertise-comptable industry-btp industry-industrie industry-negoce industry-services\"\n>\n\t\t\t<a\n\t\t\tclass=\"card-post__link\"\n\t\t\thref=\"https:\/\/www.sage.com\/fr-fr\/blog\/facture-electronique-paiement-ia-trio-reinvente-gestion-entreprise\/\"\n\t\t\t\t\t>\n\t\t\t<figure class=\"card-post__media\">\n\t\t\t\t\t\t\t<img decoding=\"async\" width=\"684\" height=\"384\" src=\"https:\/\/www.sage.com\/fr-fr\/blog\/wp-content\/uploads\/sites\/4\/2026\/07\/PhotoSAGEADVICE-684x384.jpeg\" class=\"card-post__image\" alt=\"Arnaud Petit, DG Sage\" loading=\"lazy\" srcset=\"https:\/\/www.sage.com\/fr-fr\/blog\/wp-content\/uploads\/sites\/4\/2026\/07\/PhotoSAGEADVICE-684x384.jpeg 684w, https:\/\/www.sage.com\/fr-fr\/blog\/wp-content\/uploads\/sites\/4\/2026\/07\/PhotoSAGEADVICE-768x512.jpeg 768w, https:\/\/www.sage.com\/fr-fr\/blog\/wp-content\/uploads\/sites\/4\/2026\/07\/PhotoSAGEADVICE-1215x810.jpeg 1215w\" sizes=\"auto, (min-width: 48em) 250px, (min-width: 30em) 100vw, 100vw\" \/>\t\t\t\n\t\t\t\n\t\t\t\t\t<\/figure>\n\n\t\t\n\t\t\t\t\t<div class=\"card-post__meta\">\n\t\t\t\t\t\t\t\t\t\t\t\t\t\t\t\t\t\t\t\t\t\t\t\t\t\t<span class=\"card-post__meta-text\"><span class=\"posted-on \"><time class=\"entry-date published\" datetime=\"2026-07-29T09:30:00+02:00\">29 juillet 2026<\/time><\/span><\/span>\n\t\t\t\t\t\t\t\t\t\t\t\t\t\t\t\t\t\t\t\t\t\t\t\t<span class=\"card-post__meta-text\"><span class=\"reading-time\">9 min de lecture<\/span><\/span>\n\t\t\t\t\t\t\t\t\t\t\t\t\t\t\t\t\t\t<\/div>\n\t\t\n\t\t<p class=\"card-post__title h5\">\n\t\t\tFacturation \u00e9lectronique, paiement et IA : comment ce trio va transformer la gestion des entreprises\t\t<\/p>\n\n\t\t\t<\/a>\n\t\n\t\n\t\t\n\t\n\t<\/article>\n\t\t\t\t\t<\/div>\n\t\t\t\t\n\t\t\t\t\t<div class=\"col col-6 col-lg-3 card-grid__item\">\n\t\t\t\t\t\t<article\n\t\tclass=\"card-post related-post related-post-2 post-30065 post type-post status-publish format-standard has-post-thumbnail hentry category-digitalisation-et-tendances tag-daf-directeur-administratif-financier tag-facture-electronique tag-ia-digitalisation business_type-artisans-et-petites-entreprises industry-services\"\n>\n\t\t\t<a\n\t\t\tclass=\"card-post__link\"\n\t\t\thref=\"https:\/\/www.sage.com\/fr-fr\/blog\/intelligence-artificielle-et-fonction-finance-comment-le-role-du-daf-evolue\/\"\n\t\t\t\t\t>\n\t\t\t<figure class=\"card-post__media\">\n\t\t\t\t\t\t\t<img decoding=\"async\" width=\"684\" height=\"384\" src=\"https:\/\/www.sage.com\/fr-fr\/blog\/wp-content\/uploads\/sites\/4\/2024\/10\/BrandShoot-LND_June2024_Financial-Services_0453-684x384.jpg\" class=\"card-post__image\" alt=\"Intelligence artificielle et finance : r\u00f4le du DAF | Sage Advice France\" loading=\"lazy\" srcset=\"https:\/\/www.sage.com\/fr-fr\/blog\/wp-content\/uploads\/sites\/4\/2024\/10\/BrandShoot-LND_June2024_Financial-Services_0453-684x384.jpg 684w, https:\/\/www.sage.com\/fr-fr\/blog\/wp-content\/uploads\/sites\/4\/2024\/10\/BrandShoot-LND_June2024_Financial-Services_0453-768x512.jpg 768w, https:\/\/www.sage.com\/fr-fr\/blog\/wp-content\/uploads\/sites\/4\/2024\/10\/BrandShoot-LND_June2024_Financial-Services_0453-1214x810.jpg 1214w\" sizes=\"auto, (min-width: 48em) 250px, (min-width: 30em) 100vw, 100vw\" \/>\t\t\t\n\t\t\t\n\t\t\t\t\t<\/figure>\n\n\t\t\n\t\t\t\t\t<div class=\"card-post__meta\">\n\t\t\t\t\t\t\t\t\t\t\t\t\t\t\t\t\t\t\t\t\t\t\t\t\t\t<span class=\"card-post__meta-text\"><span class=\"posted-on \"><time class=\"entry-date published\" datetime=\"2026-07-21T10:00:00+02:00\">21 juillet 2026<\/time><\/span><\/span>\n\t\t\t\t\t\t\t\t\t\t\t\t\t\t\t\t\t\t\t\t\t\t\t\t<span class=\"card-post__meta-text\"><span class=\"reading-time\">6 min de lecture<\/span><\/span>\n\t\t\t\t\t\t\t\t\t\t\t\t\t\t\t\t\t\t<\/div>\n\t\t\n\t\t<p class=\"card-post__title h5\">\n\t\t\tIntelligence artificielle et fonction finance : comment le r\u00f4le du DAF \u00e9volue\t\t<\/p>\n\n\t\t\t<\/a>\n\t\n\t\n\t\t\n\t\n\t<\/article>\n\t\t\t\t\t<\/div>\n\t\t\t\t\n\t\t\t\t\t<div class=\"col col-6 col-lg-3 card-grid__item\">\n\t\t\t\t\t\t<article\n\t\tclass=\"card-post related-post related-post-3 post-30034 post type-post status-publish format-standard has-post-thumbnail hentry category-legal-et-reglementation tag-facture-electronique tag-ia-digitalisation tag-pme-pmi business_type-artisans-et-petites-entreprises business_type-petites-et-moyennes-entreprises industry-btp industry-industrie industry-negoce industry-services\"\n>\n\t\t\t<a\n\t\t\tclass=\"card-post__link\"\n\t\t\thref=\"https:\/\/www.sage.com\/fr-fr\/blog\/facturation-electronique-socle-ia-maitrisee\/\"\n\t\t\t\t\t>\n\t\t\t<figure class=\"card-post__media card-post__media--video\">\n\t\t\t\t\t\t\t<img decoding=\"async\" width=\"684\" height=\"384\" src=\"https:\/\/www.sage.com\/fr-fr\/blog\/wp-content\/uploads\/sites\/4\/2022\/04\/GettyImages-965936890-684x384.jpg\" class=\"card-post__image\" alt=\"Facturation \u00e9lectronique, socle d\u2019une IA ma\u00eetris\u00e9e\" loading=\"lazy\" srcset=\"https:\/\/www.sage.com\/fr-fr\/blog\/wp-content\/uploads\/sites\/4\/2022\/04\/GettyImages-965936890-684x384.jpg 684w, https:\/\/www.sage.com\/fr-fr\/blog\/wp-content\/uploads\/sites\/4\/2022\/04\/GettyImages-965936890-768x432.jpg 768w, https:\/\/www.sage.com\/fr-fr\/blog\/wp-content\/uploads\/sites\/4\/2022\/04\/GettyImages-965936890-1440x810.jpg 1440w\" sizes=\"auto, (min-width: 48em) 250px, (min-width: 30em) 100vw, 100vw\" \/>\t\t\t\n\t\t\t\t\t\t\t\t\t\t\t\t<span class=\"card-post__play-video\">\n\t\t\t\t\t\t<svg role=\"presentation\" aria-hidden=\"true\" focusable=\"false\" class=\"card-post__play-icon svg-icon\" width=\"28\" height=\"28\" xmlns=\"http:\/\/www.w3.org\/2000\/svg\" viewbox=\"0 0 33 36\"><path d=\"M3.947.936C1.889 1.016 0 2.661 0 4.878v27.11c0 2.956 3.36 4.896 5.999 3.463l24.965-13.555c2.715-1.474 2.715-5.451 0-6.925L6 1.416a3.96 3.96 0 0 0-2.052-.48Zm.032 2.6c.232-.001.475.058.713.187L29.66 17.28c.986.535.986 1.774 0 2.309L4.692 33.144c-.952.517-1.999-.088-1.999-1.155V4.878c0-.533.261-.95.642-1.17.19-.11.411-.171.644-.172\" \/><\/svg>\t\t\t\t\t<\/span>\n\t\t\t\t\t\t\t\n\t\t\t\t\t<\/figure>\n\n\t\t\n\t\t\t\t\t<div class=\"card-post__meta\">\n\t\t\t\t\t\t\t\t\t<svg role=\"presentation\" aria-hidden=\"true\" focusable=\"false\" width=\"24\" height=\"24\" class=\"card-post__meta-icon svg-icon\" xmlns=\"http:\/\/www.w3.org\/2000\/svg\" viewbox=\"0 0 24 24\"><path d=\"M5.25 3C3.74 3 2.5 4.24 2.5 5.75v12.5C2.5 19.76 3.74 21 5.25 21h14c1.51 0 2.75-1.24 2.75-2.75V5.75C22 4.24 20.76 3 19.25 3zm0 1.5h14c.699 0 1.25.551 1.25 1.25v12.5a1.24 1.24 0 0 1-1.25 1.25h-14A1.24 1.24 0 0 1 4 18.25V5.75c0-.699.551-1.25 1.25-1.25m.25.75a.5.5 0 0 0-.5.5v.5a.5.5 0 0 0 .5.5H6a.5.5 0 0 0 .5-.5v-.5a.5.5 0 0 0-.5-.5zm13 0a.5.5 0 0 0-.5.5v.5a.5.5 0 0 0 .5.5h.5a.5.5 0 0 0 .5-.5v-.5a.5.5 0 0 0-.5-.5zm-8.25 2.751A1.248 1.248 0 0 0 9 9.251v5.5c0 .442.231.849.613 1.074.389.231.846.237 1.239.021l5.001-2.751c.396-.219.646-.639.646-1.094s-.25-.876-.646-1.095l-.001-.001-5.002-2.751a1.25 1.25 0 0 0-.601-.153zM5.5 8.25a.5.5 0 0 0-.5.5v.5a.5.5 0 0 0 .5.5H6a.5.5 0 0 0 .5-.5v-.5a.5.5 0 0 0-.5-.5zm13 0a.5.5 0 0 0-.5.5v.5a.5.5 0 0 0 .5.5h.5a.5.5 0 0 0 .5-.5v-.5a.5.5 0 0 0-.5-.5zm-8 1.423L14.731 12 10.5 14.328zm-5 1.577a.5.5 0 0 0-.5.5v.5a.5.5 0 0 0 .5.5H6a.5.5 0 0 0 .5-.5v-.5a.5.5 0 0 0-.5-.5zm13 0a.5.5 0 0 0-.5.5v.5a.5.5 0 0 0 .5.5h.5a.5.5 0 0 0 .5-.5v-.5a.5.5 0 0 0-.5-.5zm-13 3a.5.5 0 0 0-.5.5v.5a.5.5 0 0 0 .5.5H6a.5.5 0 0 0 .5-.5v-.5a.5.5 0 0 0-.5-.5zm13 0a.5.5 0 0 0-.5.5v.5a.5.5 0 0 0 .5.5h.5a.5.5 0 0 0 .5-.5v-.5a.5.5 0 0 0-.5-.5zm-13 3a.5.5 0 0 0-.5.5v.5a.5.5 0 0 0 .5.5H6a.5.5 0 0 0 .5-.5v-.5a.5.5 0 0 0-.5-.5zm13 0a.5.5 0 0 0-.5.5v.5a.5.5 0 0 0 .5.5h.5a.5.5 0 0 0 .5-.5v-.5a.5.5 0 0 0-.5-.5z\" \/><\/svg>\t\t\t\t\t\t\t\t\t\t\t\t\t\t\t\t\t\t\t\t\t\t\t\t\t\t<span class=\"card-post__meta-text\"><span class=\"posted-on \"><time class=\"entry-date published\" datetime=\"2026-07-01T10:00:00+02:00\">1 juillet 2026<\/time><\/span><\/span>\n\t\t\t\t\t\t\t\t\t\t\t\t\t\t\t\t\t\t\t\t\t\t\t\t<span class=\"card-post__meta-text\"><span class=\"reading-time\">4 min de lecture<\/span><\/span>\n\t\t\t\t\t\t\t\t\t\t\t\t\t\t\t\t\t\t<\/div>\n\t\t\n\t\t<p class=\"card-post__title h5\">\n\t\t\t\u00a0La facturation \u00e9lectronique, socle d\u2019une IA ma\u00eetris\u00e9e\t\t<\/p>\n\n\t\t\t<\/a>\n\t\n\t\n\t\t\n\t\n\t<\/article>\n\t\t\t\t\t<\/div>\n\t\t\t\t\n\t\t\t\t\t<div class=\"col col-6 col-lg-3 card-grid__item\">\n\t\t\t\t\t\t<article\n\t\tclass=\"card-post related-post related-post-4 post-30016 post type-post status-publish format-standard has-post-thumbnail hentry category-guides-et-modeles-gratuits tag-comptabilite tag-daf-directeur-administratif-financier tag-ia-digitalisation tag-intelligence-artificielle tag-logiciel-de-gestion business_type-artisans-et-petites-entreprises business_type-petites-et-moyennes-entreprises industry-btp industry-industrie industry-negoce industry-services\"\n>\n\t\t\t<a\n\t\t\tclass=\"card-post__link\"\n\t\t\thref=\"https:\/\/www.sage.com\/fr-fr\/blog\/guide-pilotage-financier-avantage-concurrentiel\/\"\n\t\t\t\t\t>\n\t\t\t<figure class=\"card-post__media\">\n\t\t\t\t\t\t\t<img decoding=\"async\" width=\"684\" height=\"384\" src=\"https:\/\/www.sage.com\/fr-fr\/blog\/wp-content\/uploads\/sites\/4\/2023\/09\/GettyImages-1392324314-684x384.jpg\" class=\"card-post__image\" alt=\"Livre blanc PILOTAGE FINANCIER NOUVELLE G\u00c9N\u00c9RATION : L\u2019AVANTAGE CONCURRENTIEL 2027\" loading=\"lazy\" srcset=\"https:\/\/www.sage.com\/fr-fr\/blog\/wp-content\/uploads\/sites\/4\/2023\/09\/GettyImages-1392324314-684x384.jpg 684w, https:\/\/www.sage.com\/fr-fr\/blog\/wp-content\/uploads\/sites\/4\/2023\/09\/GettyImages-1392324314-768x512.jpg 768w, https:\/\/www.sage.com\/fr-fr\/blog\/wp-content\/uploads\/sites\/4\/2023\/09\/GettyImages-1392324314-1215x810.jpg 1215w\" sizes=\"auto, (min-width: 48em) 250px, (min-width: 30em) 100vw, 100vw\" \/>\t\t\t\n\t\t\t\n\t\t\t\t\t<\/figure>\n\n\t\t\n\t\t\t\t\t<div class=\"card-post__meta\">\n\t\t\t\t\t\t\t\t\t<svg role=\"presentation\" aria-hidden=\"true\" focusable=\"false\" width=\"24\" height=\"24\" class=\"card-post__meta-icon svg-icon\" xmlns=\"http:\/\/www.w3.org\/2000\/svg\" viewbox=\"0 0 24 24\"><path d=\"M11.988 2.989a.75.75 0 0 0-.739.761v10.689l-1.72-1.72a.75.75 0 0 0-.957-.099.75.75 0 0 0-.315.776c.031.146.104.28.211.384l3 3a.75.75 0 0 0 1.06 0l3-3a.76.76 0 0 0 .231-.533.74.74 0 0 0-.22-.538q-.108-.106-.247-.164c-.139-.058-.191-.057-.291-.056s-.198.022-.29.061-.174.097-.243.169l-1.72 1.72V3.75a.76.76 0 0 0-.22-.541.76.76 0 0 0-.542-.22zM5.75 8.5C4.24 8.5 3 9.74 3 11.25v7C3 19.76 4.24 21 5.75 21h12.5c1.51 0 2.75-1.24 2.75-2.75v-7c0-1.51-1.24-2.75-2.75-2.75h-3a.76.76 0 0 0-.537.216.74.74 0 0 0-.223.535.76.76 0 0 0 .223.535.74.74 0 0 0 .537.216h3c.699 0 1.25.551 1.25 1.25v7a1.24 1.24 0 0 1-1.25 1.25H5.75a1.24 1.24 0 0 1-1.25-1.25v-7c0-.699.551-1.25 1.25-1.25h3a.76.76 0 0 0 .537-.216.74.74 0 0 0 .223-.535.76.76 0 0 0-.223-.535.75.75 0 0 0-.537-.216z\" \/><\/svg>\t\t\t\t\t\t\t\t\t\t\t\t\t\t\t\t\t\t\t\t\t\t\t\t\t\t<span class=\"card-post__meta-text\"><span class=\"posted-on \"><time class=\"entry-date published\" datetime=\"2026-06-26T18:34:56+02:00\">26 juin 2026<\/time><\/span><\/span>\n\t\t\t\t\t\t\t\t\t\t\t\t\t\t\t\t\t\t\t\t\t\t\t\t<span class=\"card-post__meta-text\"><span class=\"reading-time\">2 min de lecture<\/span><\/span>\n\t\t\t\t\t\t\t\t\t\t\t\t\t\t\t\t\t\t<\/div>\n\t\t\n\t\t<p class=\"card-post__title h5\">\n\t\t\tPilotage financier nouvelle g\u00e9n\u00e9ration : l\u2019avantage concurrentiel 2027\t\t<\/p>\n\n\t\t\t<\/a>\n\t\n\t\n\t\t\n\t\n\t<\/article>\n\t\t\t\t\t<\/div>\n\t\t\t\t\t\t\t<\/div>\n\t\t\t<\/div>\n<\/section>\n<\/div>\n","protected":false},"excerpt":{"rendered":"<p>L&rsquo;utilisation du Cloud joue un r\u00f4le majeur dans le d\u00e9veloppement et la croissance de votre entreprise, favorisant sa transformation digitale et l\u2019innovation. Une transformation digitale simplifi\u00e9e Maturit\u00e9 digitale et performance vont de pair. Selon le barom\u00e8tre Croissance &amp; Digital r\u00e9alis\u00e9 par Ipsos, les \u00ab champions \u00bb europ\u00e9ens du digital sont 3 fois plus profitables et [&hellip;]<\/p>\n","protected":false},"author":1693,"featured_media":8355,"comment_status":"closed","ping_status":"closed","sticky":false,"template":"","format":"standard","meta":{"_yoast_wpseo_is_cornerstone":"","_yoast_wpseo_meta-robots-noindex":"","_yoast_wpseo_meta-robots-nofollow":"","_yoast_wpseo_opengraph-title":"","_yoast_wpseo_opengraph-description":"","_yoast_wpseo_opengraph-image":"","_yoast_wpseo_opengraph-image-id":"","_yoast_wpseo_twitter-title":"","_yoast_wpseo_twitter-description":"","_yoast_wpseo_twitter-image":"","_yoast_wpseo_twitter-image-id":"","_yoast_wpseo_schema_page_type":"","_yoast_wpseo_schema_article_type":"","_sage_video":false,"_yoast_wpseo_focuskeywords":"","_yoast_wpseo_keywordsynonyms":"","_yoast_wpseo_primary_category":"16","post_featured_image_hide":false,"sage_hide_published_date":false,"sage_hide_read_time":false,"sage_hide_share_buttons":false,"_pwl_sage_podcast_buzzsprout_src":"","footnotes":""},"categories":[16],"tags":[99,224],"business_type":[8,9,11],"lilypad":[],"context":[],"industry":[],"persona":[34,37],"imagine_tag":[439,450,864,861,862,859,860],"coauthors":[926],"class_list":["post-8354","post","type-post","status-publish","format-standard","has-post-thumbnail","hentry","category-digitalisation-et-tendances","tag-erp","tag-ia-digitalisation","business_type-artisans-et-petites-entreprises","business_type-petites-et-moyennes-entreprises","business_type-expertise-comptable"],"sage_meta":{"region":"fr-fr","author_name":"Arnaud Petit","featured_image":"https:\/\/www.sage.com\/fr-fr\/blog\/wp-content\/uploads\/sites\/4\/2020\/06\/cloud-catalyseur-innovation.jpg","imagine_tags":{"439":"Cloud","450":"ERP","864":"Hub-cloud_All","861":"Hub-cloud_DG","862":"Hub-cloud_DSI","859":"Hub-cloud_Responsable Finance","860":"Hub-cloud_Responsable Paie &amp; RH"}},"distributor_meta":false,"distributor_terms":false,"distributor_media":false,"distributor_original_site_name":"Sage Advice France","distributor_original_site_url":"https:\/\/www.sage.com\/fr-fr\/blog","push-errors":false,"_links":{"self":[{"href":"https:\/\/www.sage.com\/fr-fr\/blog\/api\/wp\/v2\/posts\/8354","targetHints":{"allow":["GET"]}}],"collection":[{"href":"https:\/\/www.sage.com\/fr-fr\/blog\/api\/wp\/v2\/posts"}],"about":[{"href":"https:\/\/www.sage.com\/fr-fr\/blog\/api\/wp\/v2\/types\/post"}],"author":[{"embeddable":true,"href":"https:\/\/www.sage.com\/fr-fr\/blog\/api\/wp\/v2\/users\/1693"}],"replies":[{"embeddable":true,"href":"https:\/\/www.sage.com\/fr-fr\/blog\/api\/wp\/v2\/comments?post=8354"}],"version-history":[{"count":0,"href":"https:\/\/www.sage.com\/fr-fr\/blog\/api\/wp\/v2\/posts\/8354\/revisions"}],"wp:featuredmedia":[{"embeddable":true,"href":"https:\/\/www.sage.com\/fr-fr\/blog\/api\/wp\/v2\/media\/8355"}],"wp:attachment":[{"href":"https:\/\/www.sage.com\/fr-fr\/blog\/api\/wp\/v2\/media?parent=8354"}],"wp:term":[{"taxonomy":"category","embeddable":true,"href":"https:\/\/www.sage.com\/fr-fr\/blog\/api\/wp\/v2\/categories?post=8354"},{"taxonomy":"post_tag","embeddable":true,"href":"https:\/\/www.sage.com\/fr-fr\/blog\/api\/wp\/v2\/tags?post=8354"},{"taxonomy":"business_type","embeddable":true,"href":"https:\/\/www.sage.com\/fr-fr\/blog\/api\/wp\/v2\/business_type?post=8354"},{"taxonomy":"lilypad","embeddable":true,"href":"https:\/\/www.sage.com\/fr-fr\/blog\/api\/wp\/v2\/lilypad?post=8354"},{"taxonomy":"context","embeddable":true,"href":"https:\/\/www.sage.com\/fr-fr\/blog\/api\/wp\/v2\/context?post=8354"},{"taxonomy":"industry","embeddable":true,"href":"https:\/\/www.sage.com\/fr-fr\/blog\/api\/wp\/v2\/industry?post=8354"},{"taxonomy":"persona","embeddable":true,"href":"https:\/\/www.sage.com\/fr-fr\/blog\/api\/wp\/v2\/persona?post=8354"},{"taxonomy":"imagine_tag","embeddable":true,"href":"https:\/\/www.sage.com\/fr-fr\/blog\/api\/wp\/v2\/imagine_tag?post=8354"},{"taxonomy":"author","embeddable":true,"href":"https:\/\/www.sage.com\/fr-fr\/blog\/api\/wp\/v2\/coauthors?post=8354"}],"curies":[{"name":"wp","href":"https:\/\/api.w.org\/{rel}","templated":true}]}}