{"id":8994,"date":"2021-01-25T09:40:45","date_gmt":"2021-01-25T08:40:45","guid":{"rendered":"https:\/\/www.sage.com\/fr-fr\/blog\/?p=8994"},"modified":"2024-01-02T14:48:38","modified_gmt":"2024-01-02T13:48:38","slug":"brexit-entreprises-francaises-consequences","status":"publish","type":"post","link":"https:\/\/www.sage.com\/fr-fr\/blog\/brexit-entreprises-francaises-consequences\/","title":{"rendered":"Brexit : quels effets collat\u00e9raux pour les entreprises fran\u00e7aises ?"},"content":{"rendered":"<header class=\"entry-header has-dark-background-color entry-header--has-illustration entry-header--has-illustration--generic\">\n\t<div class=\"container\">\n\t\t<div class=\"entry-header__row row align-center\">\n\t\t\t<div class=\"col col-lg-7 col-xlg-6 entry-header__content\">\n\t\t\t\t\t\t\t<div class=\"component component-single-header\">\n\t\t\t\t\t\t\t\t\t\t<div class=\"entry-header__misc text--subtitle text--uppercase text--small\">\n\t\t\t\t\t\t\t<a href=\"https:\/\/www.sage.com\/fr-fr\/blog\/categorie\/legal-et-reglementation\/\" class=\"entry-header__link\">L\u00e9gal &amp; R\u00e9glementation<\/a>\t\t\t\t\t\t<\/div>\n\t\t\t\t\n\t\t\t\t<div class=\"entry-title-wrapper\">\n\t\t\t\t\t<h1 class=\"entry-title\">\n\t\t\t\t\t\tBrexit : quels effets collat\u00e9raux pour les entreprises fran\u00e7aises ?\t\t\t\t\t<\/h1>\n\t\t\t\t<\/div>\n\n\t\t\t\t\t\t\t\t\t<p class=\"entry-header__description\">\n\t\t\t\t\t\t\t\t\t\t\t<\/p>\n\t\t\t\t\n\t\t\t\t\n\t\t\t\t\n\t\t\t<\/div>\n\n\t\t\t\t\t<\/div>\n\t\t\t\t\t<\/div>\n\t<\/div>\n\t<div class=\"single-post-details container\">\n\t\t<div class=\"col\">\n\t\t\t<span class=\"posted-on \"><time class=\"entry-date published\" datetime=\"2021-01-25T09:40:45+01:00\">January 25, 2021<\/time><\/span><span class=\"reading-time\"> min de lecture<\/span>\n\t\t<button\n\t\t\ttype=\"button\"\n\t\t\tclass=\"social-share-button button button--icon button--secondary js-social-share-button\"\n\t\t\tdata-share-title=\"Brexit : quels effets collat\u00e9raux pour les entreprises fran\u00e7aises ?\"\n\t\t\tdata-share-url=\"https:\/\/www.sage.com\/fr-fr\/blog\/brexit-entreprises-francaises-consequences\/\"\n\t\t\tdata-share-text=\"Veuillez lire cet article int\u00e9ressant\"\n\t\t>\n\t\t\t<span class=\"social-share-button__share-label\">Partager<\/span>\n\t\t\t<span class=\"social-share-button__copy-label\" hidden>Copier le lien<\/span>\n\t\t\t<span class=\"social-share-button__copy-tooltip\" aria-hidden=\"true\" hidden>Copi\u00e9<\/span>\n\t\t<\/button>\n\n\t\t\t\t<\/div>\n\t<\/div>\n<\/header>\n\n\n<div class=\"wp-block-post-author has-dark-background-color alignfull\">\n\t<div class=\"container\">\n\t\t<div class=\"col\">\n\t\t\t\t\t\t\t<div class=\"co-authors\">\n\t\t\t\t\t\n\t\t<div class=\"entry-author-wrapper\">\n\t\t\t<a class=\"entry-author\" href=\"https:\/\/www.sage.com\/fr-fr\/blog\/author\/sabineducrot\/\">\n\t\t\t\t<img loading=\"lazy\" decoding=\"async\" width=\"40\" height=\"40\" src=\"https:\/\/www.sage.com\/fr-fr\/blog\/wp-content\/uploads\/sites\/4\/2021\/04\/Sabine-Ducrot-Ciss-350x350.png\" class=\"entry-author__image\" alt=\"\" \/>\t\t\t\t<span class=\"entry-author__name\">Sabine Ducrot-Ciss<\/span>\n\t\t\t<\/a>\n\n\t\t\t\t\t<\/div>\n\n\t\t\t\t\t\t<\/div>\n\t\t\t\t\t<\/div>\n\t<\/div>\n<\/div>\n\n\n\n<p class=\"\">L\u2019accord de libre \u00e9change n\u00e9goci\u00e9 in extremis fin 2020 marque la fin de la p\u00e9riode de transition post Brexit entre l\u2019Union Europ\u00e9enne et le Royaume-Uni. Depuis le 1er janvier 2021, le droit de l\u2019Union europ\u00e9enne ne s\u2018applique donc plus pour les \u00e9changes outre-Manche. Si le d\u00e9sastre parfois redout\u00e9 de rupture compl\u00e8te de la supply chain a \u00e9t\u00e9 \u00e9vit\u00e9, ce nouvel accord est synonyme de formalit\u00e9s douani\u00e8res et d\u2019\u00e9ventuels casse-t\u00eate administratifs. Voici les r\u00e8gles \u00e0 suivre pour continuer \u00e0 commercer avec le Royaume-Uni.<\/p>\n\n\n\n<h2 class=\"wp-block-heading\">L\u2019accord du Brexit, un mal pour un bien<\/h2>\n\n\n\n<p class=\"\">Certes, l&#8217;accord de commerce et de coop\u00e9ration n&#8217;offre pas la m\u00eame libert\u00e9 d&#8217;\u00e9changes qu&#8217;au temps o\u00f9 le <strong>Royaume-Uni<\/strong> faisait partie int\u00e9grante de l\u2019Union Europ\u00e9enne et du march\u00e9 commun. Malgr\u00e9 tout, il va bien au-del\u00e0 d&#8217;un accord \u00ab classique \u00bb de <strong>libre-\u00e9change<\/strong> et permet de continuer de commercer outre-Manche de mani\u00e8re relativement avantageuse. \u00c0 ce titre, plusieurs \u00e9l\u00e9ments essentiels de cet accord sont \u00e0 retenir :\u00b9<\/p>\n\n\n\n<ul class=\"wp-block-list\">\n<li><strong>L&#8217;absence de tarifs douaniers<\/strong> : l&#8217;accord ne pr\u00e9voit pas de tarifs douaniers et de contingents suppl\u00e9mentaires, et ce, sur toutes les marchandises. Une bonne nouvelle car, sans cela, certains produits auraient \u00e9t\u00e9 touch\u00e9s par des droits de douane sup\u00e9rieurs de plus de 40 % aux droits de l&#8217;<strong>Organisation Mondiale du Commerce (OMC)<\/strong>.<\/li>\n\n\n\n<li><strong>Le respect des \u00ab r\u00e8gles d&#8217;origine \u00bb<\/strong> : pour s&#8217;\u00e9viter des droits de douane, les entreprises doivent prouver l&#8217;origine de leurs produits. Cette d\u00e9marche reste n\u00e9anmoins simplifi\u00e9e car la certification d\u2019origine peut \u00eatre apport\u00e9e par les professionnels eux-m\u00eames.<\/li>\n\n\n\n<li><strong>Des proc\u00e9dures douani\u00e8res simplifi\u00e9es<\/strong> : les contr\u00f4les douaniers s&#8217;appliquent d\u00e9sormais \u00e0 toutes les marchandises \u00e9chang\u00e9es, qui doivent \u00eatre syst\u00e9matiquement d\u00e9clar\u00e9es avant leur entr\u00e9e sur le sol europ\u00e9en. Malgr\u00e9 tout, les formalit\u00e9s \u00e0 r\u00e9aliser restent relativement l\u00e9g\u00e8res, notamment gr\u00e2ce \u00e0 l\u2019usage de documents douaniers \u00e0 code-barres.<\/li>\n<\/ul>\n\n\n\n<p class=\"\"><strong>Le Royaume-Uni : 6e client de la France<\/strong><br>D\u2019un point de vue commercial, le Brexit est loin d\u2019\u00eatre anodin puisque le Royaume-Uni est l\u2019un des principaux partenaires commerciaux de la France. L\u2019Hexagone a import\u00e9 pour 21,1 milliards d&#8217;euros et export\u00e9 pour 33,6 milliards d&#8217;euros avec le Royaume-Uni en 2019. Des chiffres qui font de notre voisin britannique notre 6e client et notre 7e fournisseur.\u00b2<\/p>\n\n\n\n<h2 class=\"wp-block-heading\">Importation et exportation : des contr\u00f4les limit\u00e9s<\/h2>\n\n\n\n<p class=\"\">En ce qui concerne les exportations, vous \u00eates exempt\u00e9 de droits de douane sur l&#8217;ensemble des produits, \u00e0 condition d\u2019effectuer syst\u00e9matiquement une <strong>d\u00e9claration en douane<\/strong>, mentionnant l\u2019origine des produits.\u00b3<br><strong>\u00c0 l\u2019importation<\/strong>, vous devez d\u00e9poser <strong>une d\u00e9claration sommaire d\u2019entr\u00e9e (ENS)<\/strong>, et ce, au sein du <strong>syst\u00e8me informatique ICS<\/strong> (Import Control System) <strong>fran\u00e7ais<\/strong>. Tous les transports sont concern\u00e9s par cette obligation, \u00e0 l&#8217;exception :<\/p>\n\n\n\n<ul class=\"wp-block-list\">\n<li>des envois postaux ;<\/li>\n\n\n\n<li>des v\u00e9hicules roulant \u00e0 vide ;<\/li>\n\n\n\n<li>des bagages personnels des voyageurs ;<\/li>\n\n\n\n<li>des emballages vides non couverts par un contrat de transport<sup>4<\/sup>.<\/li>\n<\/ul>\n\n\n\n<p class=\"\"><strong>\u00c0 l\u2019importation comme \u00e0 l\u2019exportation<\/strong>, vos chauffeurs devront se munir de plusieurs documents, dont la nature d\u00e9pend du convoi :<\/p>\n\n\n\n<ul class=\"wp-block-list\">\n<li>pour <strong>la plupart des marchandises<\/strong>, le chauffeur devra pr\u00e9senter son permis de conduire, les papiers du v\u00e9hicule, la lettre de voiture CMR (contrat de transport international de marchandises par route) et le num\u00e9ro MRN (num\u00e9ro de r\u00e9f\u00e9rence ma\u00eetre), mentionn\u00e9 dans un document \u00e0 code-barres obtenu suite \u00e0 la d\u00e9claration en douane ;<\/li>\n\n\n\n<li>pour <strong>les produits sanitaires et phytosanitaires<\/strong>, un contr\u00f4le des documents est syst\u00e9matique, tandis qu&#8217;un contr\u00f4le physique de la marchandise pourra \u00eatre r\u00e9alis\u00e9 au cas par cas ;<\/li>\n\n\n\n<li>pour <strong>les produits issus de la p\u00eache<\/strong>, une autorisation sp\u00e9cifique est n\u00e9cessaire et vous pourrez aussi faire l&#8217;objet d&#8217;un contr\u00f4le ;<\/li>\n\n\n\n<li>pour <strong>un transport \u00e0 vide<\/strong>, seuls le permis et les papiers du v\u00e9hicule sont n\u00e9cessaires <sup>5<\/sup>.<\/li>\n<\/ul>\n\n\n\n<h2 class=\"wp-block-heading\">Un cadre qui reste \u00e0 d\u00e9finir pour la protection des donn\u00e9es<\/h2>\n\n\n\n<p class=\"\">Comme l&#8217;a soulign\u00e9 la CNIL, <a href=\"https:\/\/www.sage.com\/fr-fr\/blog\/rgpd-un-retard-de-conformite-a-rattraper\/\"><strong>le RGPD<\/strong> (R\u00e8glement europ\u00e9en pour la protection des donn\u00e9es personnelles)<\/a> reste applicable sur toutes les donn\u00e9es transmises vers le Royaume-Uni, et ce, jusqu&#8217;au <strong>1er juillet 2021<\/strong>. Autrement dit, les r\u00e8gles que vous suivez actuellement restent inchang\u00e9es durant cette p\u00e9riode de transition et vous n&#8217;avez donc pas davantage de formalit\u00e9s \u00e0 accomplir en la mati\u00e8re. D&#8217;ici l\u00e0, le futur cadre doit \u00eatre d\u00e9fini. Toutefois, si la <strong>Commission europ\u00e9enne<\/strong> n&#8217;autorise pas un transfert g\u00e9n\u00e9ral des donn\u00e9es personnelles, toutes vos communications seront consid\u00e9r\u00e9es comme \u00e9tant un <strong>transfert de donn\u00e9es vers un pays tiers<\/strong>. Dans cette hypoth\u00e8se, de nouvelles d\u00e9marches seront donc \u00e0 entreprendre (nouvelles clauses contractuelles, etc.).<sup>6<\/sup><\/p>\n\n\n\n<p class=\"\">En revanche, <strong>le guichet unique n&#8217;est plus applicable au Royaume-Uni depuis le 1er janvier 2021<\/strong>. Simplifiant les traitements transfrontaliers, cet outil permet d&#8217;harmoniser les r\u00e8gles \u00e0 suivre au niveau europ\u00e9en. Ainsi, si les responsables du traitement et les sous-traitants sont uniquement install\u00e9s au Royaume-Uni, vous n&#8217;aurez d&#8217;autre choix que de d\u00e9signer un repr\u00e9sentant dans l&#8217;Union, comme le stipule l&#8217;article 27 du RGPD.<sup>6<\/sup><\/p>\n\n\n\n<p class=\"\">En ce qui concerne les donn\u00e9es envoy\u00e9es depuis le Royaume-Uni vers la France, <strong>c&#8217;est le gouvernement britannique qui fixe les r\u00e8gles<\/strong>. Pour l&#8217;heure, il a annonc\u00e9 que les formalit\u00e9s actuelles resteraient inchang\u00e9es et qu&#8217;il n&#8217;y aurait donc pas de changements sp\u00e9cifiques. \u00c0 vous cependant de v\u00e9rifier r\u00e9guli\u00e8rement aupr\u00e8s des autorit\u00e9s britanniques que la situation n&#8217;\u00e9volue pas.<sup>7<\/sup><\/p>\n\n\n\n<h2 class=\"wp-block-heading\">Des cons\u00e9quences contractuelles et fiscales \u00e0 anticiper<\/h2>\n\n\n\n<p class=\"\">Si vous avez conclu des contrats avec le Royaume-Uni <strong>avant le 31 d\u00e9cembre 2020<\/strong>, leur <strong>validit\u00e9 juridique n&#8217;est pas affect\u00e9e<\/strong>. Il pourra n\u00e9anmoins \u00eatre utile \u2013 voire m\u00eame obligatoire \u2013 de les r\u00e9viser, notamment pour fiabiliser vos relations contractuelles ou si des informations sont d\u00e9sormais caduques (s&#8217;il est pr\u00e9cis\u00e9 que le Royaume-Uni est membre de l&#8217;Union europ\u00e9enne par exemple).<sup>8<\/sup><\/p>\n\n\n\n<p class=\"\"><strong>Avez-vous fait votre diagnostic Brexit ?<\/strong><br>S&#8217;adressant \u00e0 toutes les entreprises fran\u00e7aises, la plateforme <a href=\"https:\/\/www.votrediagnosticbrexit.fr\/\" target=\"_blank\" rel=\"noopener noreferrer\">Autodiagnostic Brexit<\/a> vous permet d&#8217;\u00e9valuer les cons\u00e9quences sur votre activit\u00e9 de la sortie du Royaume-Uni de l&#8217;Union europ\u00e9enne. Rapide et simple \u00e0 utiliser, elle dresse les \u00e9volutions \u00e0 pr\u00e9parer sur 9 th\u00e9matiques diff\u00e9rentes (exportation, importation, services, transport, etc.).<\/p>\n\n\n\n<p class=\"\">Sur <strong>le plan fiscal<\/strong>, il est recommand\u00e9 de se rapprocher de la <strong>Direction g\u00e9n\u00e9rale des Finances publiques<\/strong>, dans la mesure o\u00f9 les cons\u00e9quences du Brexit vont varier essentiellement selon la nature de votre activit\u00e9. Les exemples pr\u00e9sent\u00e9s ci-dessous en sont d\u2019ailleurs l\u2019illustration :<sup>9<\/sup><\/p>\n\n\n\n<ul class=\"wp-block-list\">\n<li><strong>Vous r\u00e9alisez des op\u00e9rations intracommunautaires<\/strong> : vous d\u00e9pendez d\u00e9sormais des op\u00e9rations d&#8217;importation et d&#8217;exportation de biens, vous obligeant notamment \u00e0 r\u00e9aliser des d\u00e9clarations de douane ;<\/li>\n\n\n\n<li><strong>Vous r\u00e9alisez des op\u00e9rations imposables \u00e0 la TVA<\/strong> : vous devez d\u00e9sormais d\u00e9clarer et payer la TVA directement aux autorit\u00e9s britanniques ;<\/li>\n\n\n\n<li><strong>Vous utilisez le mini-guichet TVA MOSS<\/strong> : pour les prestations r\u00e9alis\u00e9es avant le 31 d\u00e9cembre 2020, vous devez d\u00e9clarer et payer la TVA due au Royaume-Uni sur le MOSS avant le 20 janvier 2021. Quant aux prestations fournies \u00e0 partir du 1er janvier 2021, elles doivent \u00eatre d\u00e9clar\u00e9es selon les modalit\u00e9s fix\u00e9es par les autorit\u00e9s britanniques.<\/li>\n<\/ul>\n\n\n\n<p class=\"\">Pour aller plus loin, rendez-vous sur le <a href=\"https:\/\/brexit.gouv.fr\/sites\/brexit\/accueil.html\" target=\"_blank\" rel=\"noopener noreferrer\">portail du gouvernement d\u00e9di\u00e9 \u00e0 la pr\u00e9paration au Brexit<\/a> ;<\/p>\n\n\n\n<p class=\"\">D\u00e9couvrez \u00e9galement nos articles anglophones sur le Brexit :<\/p>\n\n\n\n<ul class=\"wp-block-list\">\n<li><a href=\"https:\/\/www.sage.com\/en-gb\/blog\/postponed-vat-accounting\/\" target=\"_blank\" rel=\"noopener noreferrer\">Postponed VAT accounting: How it works for businesses importing goods into the UK<\/a><\/li>\n\n\n\n<li><a href=\"https:\/\/www.sage.com\/en-gb\/blog\/sage-accounting-head-start-brexit\/\" target=\"_blank\" rel=\"noopener noreferrer\">How Sage is helping small businesses thrive in a post-Brexit world<\/a><\/li>\n<\/ul>\n\n\n\n<p class=\"\"><strong>Pour aller plus loin sur les sujets l\u00e9gaux &amp; r\u00e9glementations, d\u2019autres articles peuvent vous int\u00e9resser :<\/strong><\/p>\n\n\n\n<ul class=\"wp-block-list\">\n<li><a href=\"https:\/\/www.sage.com\/fr-fr\/blog\/obligations-dirigeants-crise\/\">Dirigeant : vos droits et obligations en p\u00e9riode de crise vis-\u00e0-vis de vos salari\u00e9s<\/a> ;<\/li>\n\n\n\n<li><a href=\"https:\/\/www.sage.com\/fr-fr\/blog\/ceo-quels-talents-pour-vous-entourer\/\">CEO : de quels talents faut-il vous entourer ?<\/a><\/li>\n<\/ul>\n\n\n\n<p class=\"\">Sources :<br>\u00b9Accord de commerce et de coop\u00e9ration entre l\u2019UE et le Royaume-Uni : une relation nouvelle, et de grands changements &#8211; Commission europ\u00e9enne &#8211; 2020<br>\u00b2Royaume-Uni : relations \u00e9conomiques bilat\u00e9rales &#8211; Direction g\u00e9n\u00e9rale du Tr\u00e9sor &#8211; 2020<br>\u00b3Formalit\u00e9s douani\u00e8res &#8211; Le portail du gouvernement sur la pr\u00e9paration au Brexit \u2013 2020<br><sup>4<\/sup>Import control system (ICS) Brexit &#8211; Formalit\u00e9s douani\u00e8res s\u00fbret\u00e9\/s\u00e9curit\u00e9 obligatoires (ENS) \u00e0 l\u2019introduction sur le territoire douanier de l\u2019Union (TDU) &#8211; Direction g\u00e9n\u00e9rale des douanes et droits indirects \u2013 2020<br><sup>5<\/sup>Une fronti\u00e8re intelligente pour des conducteurs avertis &#8211; Direction g\u00e9n\u00e9rale des douanes et droits indirects \u2013 2020<br><sup>6<\/sup>Brexit : le RGPD reste applicable au Royaume-Uni jusqu\u2019au 1er Juillet 2021 &#8211; CNIL &#8211; 2020<br><sup>7<\/sup>Protection des donn\u00e9es &#8211; Le portail du gouvernement sur la pr\u00e9paration au Brexit \u2013 2020<br><sup>8<\/sup>La validit\u00e9 des contrats &#8211; Le portail du gouvernement sur la pr\u00e9paration au Brexit \u2013 2020<br><sup>9<\/sup>Brexit : liste de questions\/r\u00e9ponses \u00e0 destination des professionnels &#8211; Direction g\u00e9n\u00e9rale des Finances publiques &#8211; 2021<\/p>\n\n\n<div class=\"single-cta\">\n\t<div class=\"single-cta__positioner\">\n\t\t<div class=\"single-cta__wrapper has-dark-background-color\">\n\t\t\t<div class=\"single-cta__content\">\n\t\t\t\t\t\t\t\t<h2 class=\"single-cta__title h3\">Inscrivez-vous \u00e0 la e-newsletter mensuelle<\/h2>\n\n\t\t\t\t\n\t\t\t\t\t\t\t\t\t\t\t\t\t\t<a\n\t\t\t\t\t\thref=\"#gate-a947ade1-e692-455f-94ce-a275d72a9a11\"\n\t\t\t\t\t\tclass=\"single-cta__button button button--primary\"\n\t\t\t\t\t\t\t\t\t\t\t\t\t\t\t\t\t>Je m&#039;abonne<\/a>\n\t\t\t\t\t\t\t<\/div>\n\n\t\t\t\t\t<\/div>\n\n\t\t\t\t\t<img decoding=\"async\" width=\"1024\" height=\"779\" src=\"https:\/\/www.sage.com\/fr-fr\/blog\/wp-content\/uploads\/sites\/4\/2021\/05\/spreadsheets-1024x779-1.jpg\" class=\"single-cta__image\" alt=\"\" loading=\"lazy\" srcset=\"https:\/\/www.sage.com\/fr-fr\/blog\/wp-content\/uploads\/sites\/4\/2021\/05\/spreadsheets-1024x779-1.jpg 1024w\" sizes=\"auto, (min-width: 48em) 33vw, 100vw\" \/>\t\t\t<\/div>\n<\/div>\n","protected":false},"excerpt":{"rendered":"<p>L\u2019accord de libre \u00e9change n\u00e9goci\u00e9 in extremis fin 2020 marque la fin de la p\u00e9riode de transition post Brexit entre l\u2019Union Europ\u00e9enne et le Royaume-Uni. Depuis le 1er janvier 2021, le droit de l\u2019Union europ\u00e9enne ne s\u2018applique donc plus pour les \u00e9changes outre-Manche. Si le d\u00e9sastre parfois redout\u00e9 de rupture compl\u00e8te de la supply chain [&hellip;]<\/p>\n","protected":false},"author":902,"featured_media":15904,"comment_status":"closed","ping_status":"closed","sticky":false,"template":"","format":"standard","meta":{"_sage_video":false,"post_featured_image_hide":false,"footnotes":""},"categories":[13],"tags":[315,487,28],"business_type":[8,9,11],"lilypad":[],"context":[],"industry":[23,24,25,26],"persona":[35,38,39,34,36,37,40],"imagine_tag":[451,728,857,456,462,464,454,715,806],"coauthors":[901],"class_list":["post-8994","post","type-post","status-publish","format-standard","has-post-thumbnail","hentry","category-legal-et-reglementation","tag-fiscalite-impot","tag-rgpd","tag-tva","business_type-artisans-et-petites-entreprises","business_type-petites-et-moyennes-entreprises","business_type-expertise-comptable","industry-btp","industry-industrie","industry-negoce","industry-services"],"sage_meta":{"region":"fr-fr","author_name":"Sabine Ducrot-Ciss","featured_image":"https:\/\/www.sage.com\/fr-fr\/blog\/wp-content\/uploads\/sites\/4\/2023\/09\/GettyImages-607477465.jpg","imagine_tags":{"451":"CRM","728":"DAF - DSI","857":"Fiscalit\u00e9 &amp; Tr\u00e9sorerie","456":"Gestion Commerciale","462":"Grandes Entreprises","464":"Indutstrie","454":"Paie et RH","715":"R\u00e9glementation sociale","806":"RGPD"}},"distributor_meta":false,"distributor_terms":false,"distributor_media":false,"distributor_original_site_name":"Sage Advice France","distributor_original_site_url":"https:\/\/www.sage.com\/fr-fr\/blog","push-errors":false,"_links":{"self":[{"href":"https:\/\/www.sage.com\/fr-fr\/blog\/api\/wp\/v2\/posts\/8994","targetHints":{"allow":["GET"]}}],"collection":[{"href":"https:\/\/www.sage.com\/fr-fr\/blog\/api\/wp\/v2\/posts"}],"about":[{"href":"https:\/\/www.sage.com\/fr-fr\/blog\/api\/wp\/v2\/types\/post"}],"author":[{"embeddable":true,"href":"https:\/\/www.sage.com\/fr-fr\/blog\/api\/wp\/v2\/users\/902"}],"replies":[{"embeddable":true,"href":"https:\/\/www.sage.com\/fr-fr\/blog\/api\/wp\/v2\/comments?post=8994"}],"version-history":[{"count":0,"href":"https:\/\/www.sage.com\/fr-fr\/blog\/api\/wp\/v2\/posts\/8994\/revisions"}],"wp:featuredmedia":[{"embeddable":true,"href":"https:\/\/www.sage.com\/fr-fr\/blog\/api\/wp\/v2\/media\/15904"}],"wp:attachment":[{"href":"https:\/\/www.sage.com\/fr-fr\/blog\/api\/wp\/v2\/media?parent=8994"}],"wp:term":[{"taxonomy":"category","embeddable":true,"href":"https:\/\/www.sage.com\/fr-fr\/blog\/api\/wp\/v2\/categories?post=8994"},{"taxonomy":"post_tag","embeddable":true,"href":"https:\/\/www.sage.com\/fr-fr\/blog\/api\/wp\/v2\/tags?post=8994"},{"taxonomy":"business_type","embeddable":true,"href":"https:\/\/www.sage.com\/fr-fr\/blog\/api\/wp\/v2\/business_type?post=8994"},{"taxonomy":"lilypad","embeddable":true,"href":"https:\/\/www.sage.com\/fr-fr\/blog\/api\/wp\/v2\/lilypad?post=8994"},{"taxonomy":"context","embeddable":true,"href":"https:\/\/www.sage.com\/fr-fr\/blog\/api\/wp\/v2\/context?post=8994"},{"taxonomy":"industry","embeddable":true,"href":"https:\/\/www.sage.com\/fr-fr\/blog\/api\/wp\/v2\/industry?post=8994"},{"taxonomy":"persona","embeddable":true,"href":"https:\/\/www.sage.com\/fr-fr\/blog\/api\/wp\/v2\/persona?post=8994"},{"taxonomy":"imagine_tag","embeddable":true,"href":"https:\/\/www.sage.com\/fr-fr\/blog\/api\/wp\/v2\/imagine_tag?post=8994"},{"taxonomy":"author","embeddable":true,"href":"https:\/\/www.sage.com\/fr-fr\/blog\/api\/wp\/v2\/coauthors?post=8994"}],"curies":[{"name":"wp","href":"https:\/\/api.w.org\/{rel}","templated":true}]}}