{"id":9533,"date":"2021-05-11T08:00:34","date_gmt":"2021-05-11T06:00:34","guid":{"rendered":"https:\/\/www.sage.com\/fr-fr\/blog\/?p=9533"},"modified":"2023-02-24T18:05:03","modified_gmt":"2023-02-24T17:05:03","slug":"sage-et-microsoft-le-meilleur-du-cloud","status":"publish","type":"post","link":"https:\/\/www.sage.com\/fr-fr\/blog\/sage-et-microsoft-le-meilleur-du-cloud\/","title":{"rendered":"Sage et Microsoft Azure, le meilleur du cloud pour votre entreprise"},"content":{"rendered":"<header class=\"entry-header has-dark-background-color entry-header--has-illustration entry-header--has-illustration--generic\">\n\t<div class=\"container\">\n\t\t<div class=\"entry-header__row row align-center\">\n\t\t\t<div class=\"col col-lg-7 col-xlg-6 entry-header__content\">\n\t\t\t\t\t\t\t<div class=\"component component-single-header\">\n\t\t\t\t\t\t\t\t\t\t<div class=\"entry-header__misc text--subtitle text--uppercase text--small\">\n\t\t\t\t\t\t\t<a href=\"https:\/\/www.sage.com\/fr-fr\/blog\/categorie\/digitalisation-et-tendances\/\" class=\"entry-header__link\">Digitalisation &amp; Tendances<\/a>\t\t\t\t\t\t<\/div>\n\t\t\t\t\n\t\t\t\t<div class=\"entry-title-wrapper\">\n\t\t\t\t\t<h1 class=\"entry-title\">\n\t\t\t\t\t\tSage et Microsoft Azure, le meilleur du cloud pour votre entreprise\t\t\t\t\t<\/h1>\n\t\t\t\t<\/div>\n\n\t\t\t\t\t\t\t\t\t<p class=\"entry-header__description\">\n\t\t\t\t\t\t\t\t\t\t\t<\/p>\n\t\t\t\t\n\t\t\t\t\n\t\t\t\t\n\t\t\t<\/div>\n\n\t\t\t\t\t<\/div>\n\t\t\t\t\t<\/div>\n\t<\/div>\n\t<div class=\"single-post-details container\">\n\t\t<div class=\"col\">\n\t\t\t<span class=\"posted-on \"><time class=\"entry-date published\" datetime=\"2021-05-11T08:00:34+02:00\">mai 11, 2021<\/time><\/span><span class=\"reading-time\"> min de lecture<\/span>\n\t\t<button\n\t\t\ttype=\"button\"\n\t\t\tclass=\"social-share-button button button--icon button--secondary js-social-share-button\"\n\t\t\tdata-share-title=\"Sage et Microsoft Azure, le meilleur du cloud pour votre entreprise\"\n\t\t\tdata-share-url=\"https:\/\/www.sage.com\/fr-fr\/blog\/sage-et-microsoft-le-meilleur-du-cloud\/\"\n\t\t\tdata-share-text=\"Veuillez lire cet article int\u00e9ressant\"\n\t\t>\n\t\t\t<span class=\"social-share-button__share-label\">Partager<\/span>\n\t\t\t<span class=\"social-share-button__copy-label\" hidden>Copier le lien<\/span>\n\t\t\t<span class=\"social-share-button__copy-tooltip\" aria-hidden=\"true\" hidden>Copi\u00e9<\/span>\n\t\t<\/button>\n\n\t\t\t\t<\/div>\n\t<\/div>\n<\/header>\n\n\n<div class=\"wp-block-post-author has-dark-background-color alignfull\">\n\t<div class=\"container\">\n\t\t<div class=\"col\">\n\t\t\t\t\t\t\t<div class=\"co-authors\">\n\t\t\t\t\t\n\t\t<div class=\"entry-author-wrapper\">\n\t\t\t<a class=\"entry-author\" href=\"https:\/\/www.sage.com\/fr-fr\/blog\/author\/pacomelesage\/\">\n\t\t\t\t<img loading=\"lazy\" decoding=\"async\" width=\"40\" height=\"40\" src=\"https:\/\/www.sage.com\/fr-fr\/blog\/wp-content\/uploads\/sites\/4\/2020\/04\/Pacome-Lesage-350x350-1.jpg\" class=\"entry-author__image\" alt=\"Pacome-Lesage\" \/>\t\t\t\t<span class=\"entry-author__name\">Pac\u00f4me Lesage<\/span>\n\t\t\t<\/a>\n\n\t\t\t\t\t<\/div>\n\n\t\t\t\t\t\t<\/div>\n\t\t\t\t\t<\/div>\n\t<\/div>\n<\/div>\n\n\n\n<p class=\"\">Sage a choisi de s\u2019allier avec les solutions d\u2019h\u00e9bergement cloud de Microsoft Azure pour embarquer ses clients dans la r\u00e9volution Cloud et leur permettre de b\u00e9n\u00e9ficier de tous les atouts de la digitalisation. Un vrai mariage de c\u0153ur et de raison au service des entreprises et de leurs performances, d\u00e9crypt\u00e9 par Pacome Lesage, Pr\u00e9sident Sage Europe du Sud et Agn\u00e8s Van De Walle, Directrice de l\u2019entit\u00e9 One Commercial Partner chez Microsoft.<\/p>\n\n\n\n<h2 class=\"wp-block-heading\">Sage et Microsoft, deux \u00e9diteurs naturellement compl\u00e9mentaires<\/h2>\n\n\n\n<p class=\"\"><iframe loading=\"lazy\" title=\"YouTube video player\" src=\"https:\/\/www.youtube.com\/embed\/zw5wpdOgX7w\" allowfullscreen=\"allowfullscreen\" width=\"560\" height=\"315\" frameborder=\"0\"><\/iframe><br>Sage et Microsoft sont deux acteurs majeurs de l\u2019informatique d\u2019entreprises, dont la mission commune est de proposer les meilleures solutions possibles en termes <strong>de simplification, d\u2019agilit\u00e9, d\u2019<a href=\"https:\/\/www.sage.com\/fr-fr\/blog\/cloud-catalyseur-innovation\/\">optimisation des performances<\/a> ou encore de travail en mobilit\u00e9<\/strong>. Avec une seule id\u00e9e en t\u00eate : faciliter le quotidien des entreprises de toute taille et de tous secteurs.<\/p>\n\n\n\n<p class=\"\">\u00ab <em>Nous cr\u00e9ons ensemble une proposition de valeur unique pour accompagner la croissance des entreprises, \u00e0 l\u2019image de la liaison naturelle entre les solutions de gestion de Sage et nos outils de productivit\u00e9 Microsoft 365<\/em> \u00bb, explique Agn\u00e8s Van De Walle, Directrice de l\u2019entit\u00e9 One Commercial Partner chez Microsoft. Cette interop\u00e9rabilit\u00e9 se concr\u00e9tise notamment dans la facilit\u00e9 d\u2019exporter les documents Sage sous Excel ou Word, ou de les envoyer par mail, directement sur Outlook.<\/p>\n\n\n\n<p class=\"\">Le partenariat entre Sage et Microsoft permet donc de d\u00e9velopper un service unique et une offre qui change le quotidien des entreprises, \u00e0 l\u2019image de <a href=\"https:\/\/www.sage.com\/fr-fr\/produits\/sage-active\/\">Sage Active<\/a> qui r\u00e9unit les solutions de gestion de comptabilit\u00e9 et de la paie sur une m\u00eame plateforme en ligne, intuitive et facile d\u2019acc\u00e8s.<\/p>\n\n\n\n<h2 class=\"wp-block-heading\">Permettre aux solutions SaaS de Sage d\u2019exprimer toute leur valeur<\/h2>\n\n\n\n<p class=\"\"><iframe loading=\"lazy\" title=\"YouTube video player\" src=\"https:\/\/www.youtube.com\/embed\/TJoiNpWcT8E\" allowfullscreen=\"allowfullscreen\" width=\"560\" height=\"315\" frameborder=\"0\"><\/iframe><\/p>\n\n\n\n<p class=\"\">Pour Sage, le choix des solutions d\u2019h\u00e9bergement Microsoft Azure sonne comme une \u00e9vidence. \u00ab <em>D\u2019un point de vue technologique, Microsoft Azure est l\u2019une des meilleures plateformes d\u2019h\u00e9bergement <a href=\"https:\/\/www.sage.com\/fr-fr\/blog\/le-cloud-transition-digitale-flexibilite-entreprise\/\">Cloud<\/a> pour permettre aux solutions SaaS de Sage d\u2019exprimer toute leur valeur qu\u2019elles peuvent et doivent cr\u00e9er pour les entreprises<\/em> \u00bb, confirme Pac\u00f4me Lesage, Pr\u00e9sident Sage Europe du sud.<\/p>\n\n\n\n<p class=\"\">Microsoft est en effet un gage de fiabilit\u00e9, s\u00e9curit\u00e9, adaptabilit\u00e9 et performance.<\/p>\n\n\n\n<ul class=\"wp-block-list\">\n<li><strong>La fiabilit\u00e9<\/strong>, avec un parc d\u2019h\u00e9bergement unique au monde (160 data centers dont 4 en France), qui permet d\u2019assurer la continuit\u00e9 d\u2019activit\u00e9 ;<\/li>\n\n\n\n<li><strong>La s\u00e9curit\u00e9<\/strong>, qui inclut la confidentialit\u00e9 des donn\u00e9es, dans un cloud de confiance et certifi\u00e9 : Microsoft est ainsi le premier fournisseur de services cloud \u00e0 r\u00e9pondre aux normes fran\u00e7aises tr\u00e8s strictes en mati\u00e8re de stockage et de traitement des donn\u00e9es de sant\u00e9 ;<\/li>\n\n\n\n<li>Enfin, <strong>l\u2019adaptabilit\u00e9 et la performance<\/strong>, avec des innovations et des mises \u00e0 jour quasi quotidiennes, pour assurer un produit toujours plus performant.<\/li>\n<\/ul>\n\n\n\n<h2 class=\"wp-block-heading\">Mieux g\u00e9rer le travail en mobilit\u00e9 et l\u2019ouvrir<\/h2>\n\n\n\n<p class=\"\"><iframe loading=\"lazy\" title=\"YouTube video player\" src=\"https:\/\/www.youtube.com\/embed\/2L3DIRYxrfs\" allowfullscreen=\"allowfullscreen\" width=\"560\" height=\"315\" frameborder=\"0\"><\/iframe><\/p>\n\n\n\n<p class=\"\">La disponibilit\u00e9 des solutions et leur disponibilit\u00e9 <a href=\"https:\/\/www.sage.com\/fr-fr\/blog\/glossaire\/saas-definition-du-logiciel-saas\/\">en SaaS<\/a> vont bien s\u00fbr continuer \u00e0 \u00e9voluer et \u00e0 s\u2019approfondir \u00e0 l\u2019avenir. La crise sanitaire a mis en lumi\u00e8re deux tendances de fond, autour de la gestion des donn\u00e9es et du travail en mobilit\u00e9, qui devraient prendre encore plus d\u2019importance dans les prochaines ann\u00e9es. Par exemple, l\u2019int\u00e9gration des solutions Sage dans Teams, hub de collaboration de r\u00e9f\u00e9rence des entreprises (utilis\u00e9 par 115 millions de personnes chaque jour dans le monde) permettra d\u2019am\u00e9liorer encore l\u2019exp\u00e9rience du travail en mobilit\u00e9, pour une productivit\u00e9 optimis\u00e9e et une dynamique d\u2019\u00e9quipes renforc\u00e9e.<\/p>\n\n\n\n<p class=\"\">Autre tendance de fond : l\u2019essor des outils low-code ou <a href=\"https:\/\/www.sage.com\/fr-fr\/blog\/no-code-entrepreneurs-booster-entreprise\/\">no-code<\/a>, qui permettent \u00e0 chacun, m\u00eame de d\u00e9velopper une application m\u00e9tier, personnalis\u00e9e selon ses besoins. Power Apps ou Power Automate en sont de bons exemples c\u00f4t\u00e9 Microsoft, tout comme la nouvelle marketplace de Sage adoss\u00e9e \u00e0 Sage Active \u201c<em>Cela transforme la mani\u00e8re dont nous d\u00e9veloppons les logiciels, de mani\u00e8re plus modulaire et plus ouverte, pour plus facilement faire monter \u00e0 bord nos partenaires<\/em>\u201d confirme Pacome Lesage. Une autre facette de <a href=\"https:\/\/www.sage.com\/fr-fr\/blog\/le-cloud-au-service-de-la-flexibilite-de-votre-entreprise\/\">l\u2019agilit\u00e9<\/a> permise par le Cloud et un champ des possibles infinis pour les \u00e9cosyst\u00e8mes Sage et <a href=\"https:\/\/www.microsoft.com\/fr-fr\" target=\"_blank\" rel=\"noopener noreferrer\">Microsoft<\/a>.<\/p>\n\n\n\n<p class=\"\">Pour aller plus loin :<\/p>\n\n\n\n<ul class=\"wp-block-list\">\n<li><a href=\"https:\/\/www.sage.com\/fr-fr\/blog\/cloud-avantages-reels-vs-attendus\/\">Cloud : les avantages r\u00e9els d\u00e9passent les b\u00e9n\u00e9fices attendus ;<\/a><\/li>\n\n\n\n<li><a href=\"https:\/\/www.sage.com\/fr-fr\/blog\/cloud-reinvention-metiers-fonctions\/\">Le Cloud, facteur de r\u00e9invention des m\u00e9tiers et des fonctions ;<\/a><\/li>\n\n\n\n<li><a href=\"https:\/\/www.sage.com\/fr-fr\/blog\/cloud-levier-performance-croissance\/\">Le Cloud, un levier de performance et de croissance.<\/a><\/li>\n<\/ul>\n\n\n<div class=\"single-cta\">\n\t<div class=\"single-cta__positioner\">\n\t\t<div class=\"single-cta__wrapper has-dark-background-color\">\n\t\t\t<div class=\"single-cta__content\">\n\t\t\t\t\t\t\t\t<h2 class=\"single-cta__title h3\">Inscrivez-vous \u00e0 la e-newsletter mensuelle<\/h2>\n\n\t\t\t\t\n\t\t\t\t\t\t\t\t\t\t\t\t\t\t<a\n\t\t\t\t\t\thref=\"#gate-a947ade1-e692-455f-94ce-a275d72a9a11\"\n\t\t\t\t\t\tclass=\"single-cta__button button button--primary\"\n\t\t\t\t\t\t\t\t\t\t\t\t\t\t\t\t\t>Je m&#039;abonne<\/a>\n\t\t\t\t\t\t\t<\/div>\n\n\t\t\t\t\t<\/div>\n\n\t\t\t\t\t<img decoding=\"async\" width=\"1024\" height=\"779\" src=\"https:\/\/www.sage.com\/fr-fr\/blog\/wp-content\/uploads\/sites\/4\/2021\/05\/spreadsheets-1024x779-1.jpg\" class=\"single-cta__image\" alt=\"\" loading=\"lazy\" srcset=\"https:\/\/www.sage.com\/fr-fr\/blog\/wp-content\/uploads\/sites\/4\/2021\/05\/spreadsheets-1024x779-1.jpg 1024w\" sizes=\"auto, (min-width: 48em) 33vw, 100vw\" \/>\t\t\t<\/div>\n<\/div>\n","protected":false},"excerpt":{"rendered":"<p>Sage a choisi de s\u2019allier avec les solutions d\u2019h\u00e9bergement cloud de Microsoft Azure pour embarquer ses clients dans la r\u00e9volution Cloud et leur permettre de b\u00e9n\u00e9ficier de tous les atouts de la digitalisation. Un vrai mariage de c\u0153ur et de raison au service des entreprises et de leurs performances, d\u00e9crypt\u00e9 par Pacome Lesage, Pr\u00e9sident Sage [&hellip;]<\/p>\n","protected":false},"author":1021,"featured_media":9534,"comment_status":"closed","ping_status":"closed","sticky":false,"template":"","format":"standard","meta":{"_sage_video":true,"post_featured_image_hide":false,"footnotes":""},"categories":[16],"tags":[99,224,807],"business_type":[9],"lilypad":[],"context":[],"industry":[23,24,25,26],"persona":[35,34,37],"imagine_tag":[439,462,864],"coauthors":[935],"class_list":["post-9533","post","type-post","status-publish","format-standard","has-post-thumbnail","hentry","category-digitalisation-et-tendances","tag-erp","tag-ia-digitalisation","tag-interview-client-ou-expert","business_type-petites-et-moyennes-entreprises","industry-btp","industry-industrie","industry-negoce","industry-services"],"sage_meta":{"region":"fr-fr","author_name":"Pac\u00f4me Lesage","featured_image":"https:\/\/www.sage.com\/fr-fr\/blog\/wp-content\/uploads\/sites\/4\/2021\/05\/microsoftetsage.png","imagine_tags":{"439":"Cloud","462":"Grandes Entreprises","864":"Hub-cloud_All"}},"distributor_meta":false,"distributor_terms":false,"distributor_media":false,"distributor_original_site_name":"Sage Advice France","distributor_original_site_url":"https:\/\/www.sage.com\/fr-fr\/blog","push-errors":false,"_links":{"self":[{"href":"https:\/\/www.sage.com\/fr-fr\/blog\/api\/wp\/v2\/posts\/9533","targetHints":{"allow":["GET"]}}],"collection":[{"href":"https:\/\/www.sage.com\/fr-fr\/blog\/api\/wp\/v2\/posts"}],"about":[{"href":"https:\/\/www.sage.com\/fr-fr\/blog\/api\/wp\/v2\/types\/post"}],"author":[{"embeddable":true,"href":"https:\/\/www.sage.com\/fr-fr\/blog\/api\/wp\/v2\/users\/1021"}],"replies":[{"embeddable":true,"href":"https:\/\/www.sage.com\/fr-fr\/blog\/api\/wp\/v2\/comments?post=9533"}],"version-history":[{"count":0,"href":"https:\/\/www.sage.com\/fr-fr\/blog\/api\/wp\/v2\/posts\/9533\/revisions"}],"wp:featuredmedia":[{"embeddable":true,"href":"https:\/\/www.sage.com\/fr-fr\/blog\/api\/wp\/v2\/media\/9534"}],"wp:attachment":[{"href":"https:\/\/www.sage.com\/fr-fr\/blog\/api\/wp\/v2\/media?parent=9533"}],"wp:term":[{"taxonomy":"category","embeddable":true,"href":"https:\/\/www.sage.com\/fr-fr\/blog\/api\/wp\/v2\/categories?post=9533"},{"taxonomy":"post_tag","embeddable":true,"href":"https:\/\/www.sage.com\/fr-fr\/blog\/api\/wp\/v2\/tags?post=9533"},{"taxonomy":"business_type","embeddable":true,"href":"https:\/\/www.sage.com\/fr-fr\/blog\/api\/wp\/v2\/business_type?post=9533"},{"taxonomy":"lilypad","embeddable":true,"href":"https:\/\/www.sage.com\/fr-fr\/blog\/api\/wp\/v2\/lilypad?post=9533"},{"taxonomy":"context","embeddable":true,"href":"https:\/\/www.sage.com\/fr-fr\/blog\/api\/wp\/v2\/context?post=9533"},{"taxonomy":"industry","embeddable":true,"href":"https:\/\/www.sage.com\/fr-fr\/blog\/api\/wp\/v2\/industry?post=9533"},{"taxonomy":"persona","embeddable":true,"href":"https:\/\/www.sage.com\/fr-fr\/blog\/api\/wp\/v2\/persona?post=9533"},{"taxonomy":"imagine_tag","embeddable":true,"href":"https:\/\/www.sage.com\/fr-fr\/blog\/api\/wp\/v2\/imagine_tag?post=9533"},{"taxonomy":"author","embeddable":true,"href":"https:\/\/www.sage.com\/fr-fr\/blog\/api\/wp\/v2\/coauthors?post=9533"}],"curies":[{"name":"wp","href":"https:\/\/api.w.org\/{rel}","templated":true}]}}