{"id":9923,"date":"2023-03-23T16:26:08","date_gmt":"2023-03-23T15:26:08","guid":{"rendered":"https:\/\/www.sage.com\/fr-fr\/blog\/?p=9923"},"modified":"2025-05-07T15:34:20","modified_gmt":"2025-05-07T13:34:20","slug":"quatre-bonnes-raisons-de-passer-a-la-comptabilite-en-mode-cloud","status":"publish","type":"post","link":"https:\/\/www.sage.com\/fr-fr\/blog\/quatre-bonnes-raisons-de-passer-a-la-comptabilite-en-mode-cloud\/","title":{"rendered":"4 bonnes raisons de passer \u00e0 la comptabilit\u00e9 en mode Cloud"},"content":{"rendered":"<header class=\"entry-header has-dark-background-color entry-header--has-illustration entry-header--has-illustration--generic\">\n\t<div class=\"container\">\n\t\t<div class=\"entry-header__row row align-center\">\n\t\t\t<div class=\"col col-lg-7 col-xlg-6 entry-header__content\">\n\t\t\t\t\t\t\t<div class=\"component component-single-header\">\n\t\t\t\t\t\t\t\t\t\t<div class=\"entry-header__misc text--subtitle text--uppercase text--small\">\n\t\t\t\t\t\t\t<a href=\"https:\/\/www.sage.com\/fr-fr\/blog\/categorie\/digitalisation-et-tendances\/\" class=\"entry-header__link\">Digitalisation &amp; Tendances<\/a>\t\t\t\t\t\t<\/div>\n\t\t\t\t\n\t\t\t\t<div class=\"entry-title-wrapper\">\n\t\t\t\t\t<h1 class=\"entry-title\">\n\t\t\t\t\t\t4 bonnes raisons de passer \u00e0 la comptabilit\u00e9 en mode Cloud\t\t\t\t\t<\/h1>\n\t\t\t\t<\/div>\n\n\t\t\t\t\t\t\t\t\t<p class=\"entry-header__description\">\n\t\t\t\t\t\t\t\t\t\t\t<\/p>\n\t\t\t\t\n\t\t\t\t\n\t\t\t\t\n\t\t\t<\/div>\n\n\t\t\t\t\t<\/div>\n\t\t\t\t\t<\/div>\n\t<\/div>\n\t<div class=\"single-post-details container\">\n\t\t<div class=\"col\">\n\t\t\t<span class=\"posted-on \"><time class=\"entry-date published\" datetime=\"2023-03-23T16:26:08+01:00\">23 mars 2023<\/time><\/span><span class=\"reading-time\"> min de lecture<\/span>\n\t\t<button\n\t\t\ttype=\"button\"\n\t\t\tclass=\"social-share-button button button--icon button--secondary js-social-share-button\"\n\t\t\tdata-share-title=\"4 bonnes raisons de passer \u00e0 la comptabilit\u00e9 en mode Cloud\"\n\t\t\tdata-share-url=\"https:\/\/www.sage.com\/fr-fr\/blog\/quatre-bonnes-raisons-de-passer-a-la-comptabilite-en-mode-cloud\/\"\n\t\t\tdata-share-text=\"Veuillez lire cet article int\u00e9ressant\"\n\t\t>\n\t\t\t<span class=\"social-share-button__share-label\">Partager<\/span>\n\t\t\t<span class=\"social-share-button__copy-label\" hidden>Copier le lien<\/span>\n\t\t\t<span class=\"social-share-button__copy-tooltip\" aria-hidden=\"true\" hidden>Copi\u00e9<\/span>\n\t\t<\/button>\n\n\t\t\t\t<\/div>\n\t<\/div>\n<\/header>\n\n\n<div class=\"wp-block-post-author has-dark-background-color alignfull\">\n\t<div class=\"container\">\n\t\t<div class=\"col\">\n\t\t\t\t\t\t\t<div class=\"co-authors\">\n\t\t\t\t\t\n\t\t<div class=\"entry-author-wrapper\">\n\t\t\t<a class=\"entry-author\" href=\"https:\/\/www.sage.com\/fr-fr\/blog\/author\/cedric-suire\/\">\n\t\t\t\t<img loading=\"lazy\" decoding=\"async\" width=\"40\" height=\"40\" src=\"https:\/\/www.sage.com\/fr-fr\/blog\/wp-content\/uploads\/sites\/4\/2018\/10\/Suire-Cedric_350x350.jpg\" class=\"entry-author__image\" alt=\"\" \/>\t\t\t\t<span class=\"entry-author__name\">C\u00e9dric Suire<\/span>\n\t\t\t<\/a>\n\n\t\t\t\t\t<\/div>\n\n\t\t\t\t\t\t<\/div>\n\t\t\t\t\t<\/div>\n\t<\/div>\n<\/div>\n\n\n\n<p class=\"\">Comptabilit\u00e9 en mode Cloud : plus collaboratif, plus souple, plus l\u00e9ger \u00e0 financer et \u00e0 mettre en \u0153uvre et, bien s\u00fbr, mieux s\u00e9curis\u00e9 que le mod\u00e8le On-premise, le Cloud a le vent en poupe aupr\u00e8s des entreprises de toutes tailles et de tous secteurs. Comme le d\u00e9montre l&rsquo;<a href=\"https:\/\/www.sage.com\/fr-fr\/blog\/cloud-avantages-reels-vs-attendus\/\">\u00e9tude <\/a>r\u00e9alis\u00e9e par l&rsquo;institut <a href=\"https:\/\/www.opinion-way.com\/fr\/\" target=\"_blank\" rel=\"noopener\">Opinion Way<\/a> pour Sage, les b\u00e9n\u00e9fices r\u00e9els et tangibles du Cloud d\u00e9passent les esp\u00e9rances des chefs d\u2019entreprise. Selon cette \u00e9tude, un dirigeant d\u2019entreprise sur deux voit dans la transformation num\u00e9rique un enjeu de premi\u00e8re importance, que seule devance la question de la RSE (responsabilit\u00e9 sociale et environnementale). Une transformation num\u00e9rique qui passe, notamment, par la mont\u00e9e en puissance du <a href=\"https:\/\/www.sage.com\/fr-fr\/blog\/glossaire\/cloud-computing-definition-du-cloud-computing\/\">Cloud<\/a>, dans une logique de g\u00e9n\u00e9ralisation du t\u00e9l\u00e9travail et des espaces de travail communs.<\/p>\n\n\n<div class=\"single-cta\">\n\t<a\n\t\tclass=\"button button--primary gate-426deb70-43fe-4c3e-9bd6-5c4b1ac63b8f\"\n\t\trole=\"button\"\n\t\tdata-button-location=\"content_area\"\n\t\thref=\"#gate-426deb70-43fe-4c3e-9bd6-5c4b1ac63b8f\"\n\t>T\u00e9l\u00e9chargez le livre blanc \u00ab\u00a0Sage Active comptabilit\u00e9 : de la simple tenue automatis\u00e9e au pilotage avanc\u00e9\u00a0\u00bb<\/a>\n<\/div>\n\n\n\n\n<h2 class=\"wp-block-heading\" id=\"h-comptabilite-en-mode-cloud-votre-bureau-a-tout-moment-et-en-tout-lieu\">Comptabilit\u00e9 en mode Cloud : votre bureau \u00e0 tout moment et en tout lieu<\/h2>\n\n\n\n<p class=\"\">Contrairement \u00e0 un logiciel <a href=\"https:\/\/www.sage.com\/fr-fr\/blog\/glossaire\/on-premise-definition\/\">On-premise<\/a> (en mode licence), un<a href=\"https:\/\/www.sage.com\/fr-fr\/produits\/sage-active\/\"> logiciel comptable <\/a>en mode Cloud est accessible \u00ab <em>on demand<\/em> \u00bb via une simple connexion Internet. Passer sa comptabilit\u00e9 en mode <a href=\"https:\/\/www.sage.com\/fr-fr\/blog\/10-idees-recues-sur-le-cloud\/\">Cloud<\/a>, c\u2019est donc s\u2019offrir un syst\u00e8me souple et flexible dans lequel chaque collaborateur peut, selon ses niveaux d\u2019autorisation, acc\u00e9der \u00e0 tout moment et en tout lieu \u00e0 ses donn\u00e9es :<\/p>\n\n\n\n<ul class=\"wp-block-list\">\n<li>Les<a href=\"https:\/\/www.sage.com\/fr-fr\/dematerialisation\/facture-electronique\/\"> e-factures<\/a> clients<\/li>\n\n\n\n<li>Les <a href=\"https:\/\/www.sage.com\/fr-fr\/blog\/e-facturation-maximiser-opportunites-avec-automatisation\/\">e-factures <\/a>fournisseurs<\/li>\n\n\n\n<li>Les documents bancaires<\/li>\n\n\n\n<li>Les notes de frais<\/li>\n\n\n\n<li>Et bien d\u2019autres documents administratifs, comptables, financiers, juridiques, fiscaux, sociaux\u2026<\/li>\n<\/ul>\n\n\n\n<p class=\"\">Que l\u2019on se trouve au bureau, chez soi, en rendez-vous client ou m\u00eame dans sa voiture, il suffit d\u2019un terminal fixe ou mobile (smartphone, tablette) et d\u2019un navigateur Web pour se connecter. C\u2019est ce que l\u2019on appelle l\u2019accessibilit\u00e9 <em><a href=\"https:\/\/www.sage.com\/fr-fr\/blog\/glossaire\/atawad-definition\/\">ATAWADAC<\/a> <\/em> (<em>anytime, anywhere, any device, any content <\/em>) : cela correspond aux modes de vie actuels, qui font la part belle au t\u00e9l\u00e9travail et \u00e0 la <a href=\"https:\/\/www.sage.com\/fr-fr\/blog\/solutions-saas-1er-investissement-tpe-pme-2023\/\">mobilit\u00e9<\/a>.<br>Enfin, le Cloud facilite le <a href=\"https:\/\/www.sage.com\/fr-fr\/blog\/avantages-comptabilite-collaborative\/\">travail collaboratif.<\/a> Avec lui, par exemple, plus de risques de travailler sur un document obsol\u00e8te. Le Cloud permet d\u2019acc\u00e9der \u00e0 un espace de travail commun, num\u00e9rique, dans lequel les versions des documents sont toujours \u00e0 jour.<\/p>\n\n\n\n<h2 class=\"wp-block-heading\" id=\"h-le-cloud-moins-lourd-financierement-et-moins-contraignant\">Le Cloud, moins lourd financi\u00e8rement et moins contraignant<\/h2>\n\n\n\n<p class=\"\">En mode Cloud, vous avez acc\u00e8s \u00e0 votre<a href=\"https:\/\/www.sage.com\/fr-fr\/blog\/sage-active-comptabilite-de-la-simple-tenue-automatisee-au-pilotage-avance\/\"> logiciel comptable<\/a> en contrepartie du versement d\u2019un abonnement mensuel. Vous n\u2019en \u00eates donc pas \u00e0 proprement parler \u00ab propri\u00e9taire \u00bb mais plut\u00f4t \u00ab locataire \u00bb\u2026 Et vous payez pour l\u2019usage que vous en faites. Ce qui est int\u00e9ressant financi\u00e8rement puisque c\u2019est une charge financi\u00e8re initiale beaucoup plus l\u00e9g\u00e8re, qui n\u2019a aucun impact, par exemple, sur votre capacit\u00e9 d\u2019investissement. Le Cloud permet \u00e0 de petites entreprises de disposer d\u2019un logiciel de comptabilit\u00e9 de derni\u00e8re g\u00e9n\u00e9ration. Les co\u00fbts d\u2019impl\u00e9mentation, par ailleurs, sont quasi n\u00e9gligeables.<br>Autre atout du Cloud : votre logiciel comptable est h\u00e9berg\u00e9 \u00e0 l\u2019ext\u00e9rieur de votre entreprise, dans un entrep\u00f4t ultra-s\u00e9curis\u00e9. Sa mise \u00e0 jour et sa maintenance incombent non pas \u00e0 votre entreprise, mais \u00e0 votre \u00e9diteur. Vous n\u2019avez tout simplement pas \u00e0 vous en pr\u00e9occuper et vous \u00eates en permanence assur\u00e9 de b\u00e9n\u00e9ficier de la toute derni\u00e8re version du <a href=\"https:\/\/www.sage.com\/fr-fr\/blog\/sage-business-cloud-nouvelle-approche-de-gestion\/\">logiciel comptable, <\/a>avec ses derni\u00e8res am\u00e9liorations techniques et ses mises \u00e0 jour l\u00e9gales et r\u00e9glementaires.<\/p>\n\n\n\n<h2 class=\"wp-block-heading\" id=\"h-le-cloud-le-choix-de-la-modularite\">Le Cloud, le choix de la modularit\u00e9<\/h2>\n\n\n\n<p class=\"\"><strong>Un<a href=\"https:\/\/www.sage.com\/fr-fr\/cp\/logiciels-sage-comptabilite-et-gestion-commerciale\/\"> syst\u00e8me de comptabilit\u00e9<\/a> en Cloud se d\u00e9ploie en quelques jours<\/strong>, contre plusieurs mois pour un syst\u00e8me traditionnel. La prise en main du logiciel comptable est simple et rapide. Il est \u00e9galement beaucoup plus<a href=\"https:\/\/www.sage.com\/fr-fr\/blog\/cloud-reinvention-metiers-fonctions\/\"> souple et modulable<\/a>. <\/p>\n\n\n\n<p class=\"\">Vous embauchez un collaborateur ? A contrario, une personne quitte le service ? Vous changez de cabinet d\u2019expertise comptable ? <strong>La gestion des droits se fait en quelques clics <\/strong>et est imm\u00e9diatement prise en compte.<br>De m\u00eame, en mode Cloud, le logiciel comptable s\u2019int\u00e8gre dans un \u00e9cosyst\u00e8me de solutions applicatives. Celles-ci peuvent concerner :<\/p>\n\n\n\n<ul class=\"wp-block-list\">\n<li>La gestion des frais professionnels<\/li>\n\n\n\n<li>La gestion commerciale<\/li>\n\n\n\n<li>La paie et la <a href=\"https:\/\/www.sage.com\/fr-fr\/blog\/cloud-rh-enrichissez-votre-digitalisation\/\">gestion des ressources humaines<\/a> &#8230;<\/li>\n<\/ul>\n\n\n\n<p class=\"\">Ces solutions compl\u00e9mentaires seront accessibles au m\u00eame endroit et sont, bien entendu, parfaitement compatibles. Selon vos besoins, vous pourrez, ou non, vous abonner \u00e0 l\u2019utilisation de ces outils. Vous configurerez votre solution sur-mesure et la ferez \u00e9voluer dans le temps.<\/p>\n\n\n\n<h2 class=\"wp-block-heading\" id=\"h-passer-a-la-comptabilite-sur-le-cloud-pour-une-securite-maximum\">Passer \u00e0 la comptabilit\u00e9 sur le Cloud pour une s\u00e9curit\u00e9 maximum<\/h2>\n\n\n\n<p class=\"\">S\u2019il est une cat\u00e9gorie de donn\u00e9es que l\u2019on souhaite prot\u00e9ger au maximum, ce sont bien les donn\u00e9es comptables et financi\u00e8res. Donn\u00e9es sensibles, elles m\u00e9ritent les meilleurs syst\u00e8mes de protection contre les intrusions physiques, les virus\u2026 En mode Cloud, vos donn\u00e9es seront h\u00e9berg\u00e9es dans des <strong><em>data centers<\/em> <a href=\"https:\/\/www.sage.com\/fr-fr\/blog\/cyber-securite-reponse-au-niveau\/\">hautement s\u00e9curis\u00e9s<\/a><\/strong>, \u00e9quip\u00e9s de technologies prot\u00e9geant contre le vol :<\/p>\n\n\n\n<ul class=\"wp-block-list\">\n<li>Syst\u00e8mes de vid\u00e9osurveillance<\/li>\n\n\n\n<li>Contr\u00f4le biom\u00e9trique des acc\u00e8s.<\/li>\n<\/ul>\n\n\n\n<p class=\"\">De plus, ces entrep\u00f4ts de donn\u00e9es sont dot\u00e9s de <strong>syst\u00e8mes sophistiqu\u00e9s de protection anti-virus<\/strong>&nbsp;:<\/p>\n\n\n\n<ul class=\"wp-block-list\">\n<li>Chiffrement des donn\u00e9es<\/li>\n\n\n\n<li>Sauvegardes automatiques qui vous permettraient d\u2019acc\u00e9der \u00e0 vos donn\u00e9es si, d\u2019aventure, un probl\u00e8me survenait.<\/li>\n<\/ul>\n\n\n\n<p class=\"\">En tout \u00e9tat de cause, ces <em>data warehouses<\/em>  sont de v\u00e9ritables forteresses, dot\u00e9es de syst\u00e8mes de s\u00e9curit\u00e9 incomparablement plus puissants et sophistiqu\u00e9s que ceux d\u2019une PME.<\/p>\n\n\n\n<p class=\"\">En conclusion, le Cloud donne au Responsable Comptable l\u2019opportunit\u00e9 d\u2019op\u00e9rer dans une toute autre dimension. Pour vous en convaincre d\u00e9couvrez comment Sage Business Cloud Comptabilit\u00e9 fait entrer les TPE\/PME dans l\u2019univers de la comptabilit\u00e9 d\u2019action.<\/p>\n\n\n\n<p class=\"\">Article initialement publi\u00e9 le 19\/07\/2021. Derni\u00e8re mise \u00e0 jour le 23\/03\/2023<\/p>\n\n\n\n<p class=\"\">Ces articles peuvent \u00e9galement vous int\u00e9resser : <\/p>\n\n\n\n<ul class=\"wp-block-list\">\n<li><a href=\"https:\/\/www.sage.com\/fr-fr\/blog\/solutions-saas-1er-investissement-tpe-pme-2023\/\">Mobilit\u00e9 et Cloud : priorit\u00e9 TPE \u2013 PME 2023<\/a><\/li>\n\n\n\n<li><a href=\"https:\/\/www.sage.com\/fr-fr\/blog\/cloud-levier-performance-croissance\/\">Le Cloud, un levier de performance et de croissance<\/a><\/li>\n\n\n\n<li><a href=\"https:\/\/www.sage.com\/fr-fr\/blog\/bureau-digital-de-la-fonction-finance\/\">Le bureau digital de la fonction finance<\/a> <\/li>\n\n\n\n<li><a href=\"https:\/\/www.sage.com\/fr-fr\/blog\/finance-dynamique-quels-outils-digitaux\/\">Quels outils digitaux pour la finance dynamique ?<\/a><\/li>\n\n\n\n<li><a href=\"https:\/\/www.sage.com\/fr-fr\/blog\/dans-confiance-numerique-il-y-a-dabord-confiance\/\">Dans confiance num\u00e9rique, il y a d\u2019abord confiance<\/a><\/li>\n\n\n\n<li><a href=\"https:\/\/www.sage.com\/fr-fr\/blog\/le-dsi-et-le-cloud-vers-digitalisation-entreprise\/\">Le DSI et le Cloud : en route vers la digitalisation de l\u2019entreprise<\/a><\/li>\n<\/ul>\n \n<div class=\"single-cta gated-content\">\n\t<div class=\"single-cta__positioner\">\n\t\t<div class=\"single-cta__wrapper has-dark-background-color\">\n\t\t\t<div class=\"single-cta__content\">\n\t\t\t\t\t\t\t\t<h2 class=\"single-cta__title h3\">Sage Active comptabilit\u00e9 : de la simple tenue automatis\u00e9e au pilotage avanc\u00e9<\/h2>\n\n\t\t\t\t\n\t\t\t\t\t\t\t\t\t\t\t\t\t\t<a\n\t\t\t\t\t\thref=\"#gate-426deb70-43fe-4c3e-9bd6-5c4b1ac63b8f\"\n\t\t\t\t\t\tclass=\"single-cta__button button button--primary\"\n\t\t\t\t\t\t\t\t\t\t\t\t\t\t\t\t\t>T\u00e9l\u00e9chargez le livre blanc<\/a>\n\t\t\t\t\t\t\t<\/div>\n\n\t\t\t\t\t<\/div>\n\n\t\t\t\t\t<img decoding=\"async\" width=\"1215\" height=\"810\" src=\"https:\/\/www.sage.com\/fr-fr\/blog\/wp-content\/uploads\/sites\/4\/2023\/01\/PhotoSageActiveCompta-1215x810.jpg\" class=\"single-cta__image\" alt=\"Sage Active comptabilit\u00e9 : De la simple tenue automatis\u00e9e au pilotage avanc\u00e9\" loading=\"lazy\" srcset=\"https:\/\/www.sage.com\/fr-fr\/blog\/wp-content\/uploads\/sites\/4\/2023\/01\/PhotoSageActiveCompta-1215x810.jpg 1215w\" sizes=\"auto, (min-width: 48em) 33vw, 100vw\" \/>\t\t\t<\/div>\n<\/div>\n\n\n<div class=\"single-cta\">\n\t<div class=\"single-cta__positioner\">\n\t\t<div class=\"single-cta__wrapper has-dark-background-color\">\n\t\t\t<div class=\"single-cta__content\">\n\t\t\t\t\t\t\t\t<h2 class=\"single-cta__title h3\">Inscrivez-vous \u00e0 la e-newsletter mensuelle<\/h2>\n\n\t\t\t\t\n\t\t\t\t\t\t\t\t\t\t\t\t\t\t<a\n\t\t\t\t\t\thref=\"#gate-a947ade1-e692-455f-94ce-a275d72a9a11\"\n\t\t\t\t\t\tclass=\"single-cta__button button button--primary\"\n\t\t\t\t\t\t\t\t\t\t\t\t\t\t\t\t\t>Je m&#039;abonne<\/a>\n\t\t\t\t\t\t\t<\/div>\n\n\t\t\t\t\t<\/div>\n\n\t\t\t\t\t<img decoding=\"async\" width=\"1024\" height=\"779\" src=\"https:\/\/www.sage.com\/fr-fr\/blog\/wp-content\/uploads\/sites\/4\/2021\/05\/spreadsheets-1024x779-1.jpg\" class=\"single-cta__image\" alt=\"\" loading=\"lazy\" srcset=\"https:\/\/www.sage.com\/fr-fr\/blog\/wp-content\/uploads\/sites\/4\/2021\/05\/spreadsheets-1024x779-1.jpg 1024w\" sizes=\"auto, (min-width: 48em) 33vw, 100vw\" \/>\t\t\t<\/div>\n<\/div>\n","protected":false},"excerpt":{"rendered":"<p>Comptabilit\u00e9 en mode Cloud : plus collaboratif, plus souple, plus l\u00e9ger \u00e0 financer et \u00e0 mettre en \u0153uvre et, bien s\u00fbr, mieux s\u00e9curis\u00e9 que le mod\u00e8le On-premise, le Cloud a le vent en poupe aupr\u00e8s des entreprises de toutes tailles et de tous secteurs. Comme le d\u00e9montre l&rsquo;\u00e9tude r\u00e9alis\u00e9e par l&rsquo;institut Opinion Way pour Sage, [&hellip;]<\/p>\n","protected":false},"author":293,"featured_media":9952,"comment_status":"closed","ping_status":"closed","sticky":false,"template":"","format":"standard","meta":{"_sage_video":false,"post_featured_image_hide":false,"footnotes":""},"categories":[16],"tags":[70,224],"business_type":[8],"lilypad":[],"context":[],"industry":[23,24,25,26],"persona":[867,34,37,40],"imagine_tag":[439,446,728,463,452,456,460,459],"coauthors":[924],"class_list":["post-9923","post","type-post","status-publish","format-standard","has-post-thumbnail","hentry","category-digitalisation-et-tendances","tag-comptabilite","tag-ia-digitalisation","business_type-artisans-et-petites-entreprises","industry-btp","industry-industrie","industry-negoce","industry-services"],"sage_meta":{"region":"fr-fr","author_name":"C\u00e9dric Suire","featured_image":"https:\/\/www.sage.com\/fr-fr\/blog\/wp-content\/uploads\/sites\/4\/2021\/07\/4-bonnes-raisons-de-passer-a-la-comptabilite-Cloud-Header.jpg","imagine_tags":{"439":"Cloud","446":"Comptabilit\u00e9","728":"DAF - DSI","463":"Expertise comptable","452":"Experts-Comptables","456":"Gestion Commerciale","460":"Petites Entreprises","459":"Petites et Moyennes Entreprises"}},"distributor_meta":false,"distributor_terms":false,"distributor_media":false,"distributor_original_site_name":"Sage Advice France","distributor_original_site_url":"https:\/\/www.sage.com\/fr-fr\/blog","push-errors":false,"_links":{"self":[{"href":"https:\/\/www.sage.com\/fr-fr\/blog\/api\/wp\/v2\/posts\/9923","targetHints":{"allow":["GET"]}}],"collection":[{"href":"https:\/\/www.sage.com\/fr-fr\/blog\/api\/wp\/v2\/posts"}],"about":[{"href":"https:\/\/www.sage.com\/fr-fr\/blog\/api\/wp\/v2\/types\/post"}],"author":[{"embeddable":true,"href":"https:\/\/www.sage.com\/fr-fr\/blog\/api\/wp\/v2\/users\/293"}],"replies":[{"embeddable":true,"href":"https:\/\/www.sage.com\/fr-fr\/blog\/api\/wp\/v2\/comments?post=9923"}],"version-history":[{"count":0,"href":"https:\/\/www.sage.com\/fr-fr\/blog\/api\/wp\/v2\/posts\/9923\/revisions"}],"wp:featuredmedia":[{"embeddable":true,"href":"https:\/\/www.sage.com\/fr-fr\/blog\/api\/wp\/v2\/media\/9952"}],"wp:attachment":[{"href":"https:\/\/www.sage.com\/fr-fr\/blog\/api\/wp\/v2\/media?parent=9923"}],"wp:term":[{"taxonomy":"category","embeddable":true,"href":"https:\/\/www.sage.com\/fr-fr\/blog\/api\/wp\/v2\/categories?post=9923"},{"taxonomy":"post_tag","embeddable":true,"href":"https:\/\/www.sage.com\/fr-fr\/blog\/api\/wp\/v2\/tags?post=9923"},{"taxonomy":"business_type","embeddable":true,"href":"https:\/\/www.sage.com\/fr-fr\/blog\/api\/wp\/v2\/business_type?post=9923"},{"taxonomy":"lilypad","embeddable":true,"href":"https:\/\/www.sage.com\/fr-fr\/blog\/api\/wp\/v2\/lilypad?post=9923"},{"taxonomy":"context","embeddable":true,"href":"https:\/\/www.sage.com\/fr-fr\/blog\/api\/wp\/v2\/context?post=9923"},{"taxonomy":"industry","embeddable":true,"href":"https:\/\/www.sage.com\/fr-fr\/blog\/api\/wp\/v2\/industry?post=9923"},{"taxonomy":"persona","embeddable":true,"href":"https:\/\/www.sage.com\/fr-fr\/blog\/api\/wp\/v2\/persona?post=9923"},{"taxonomy":"imagine_tag","embeddable":true,"href":"https:\/\/www.sage.com\/fr-fr\/blog\/api\/wp\/v2\/imagine_tag?post=9923"},{"taxonomy":"author","embeddable":true,"href":"https:\/\/www.sage.com\/fr-fr\/blog\/api\/wp\/v2\/coauthors?post=9923"}],"curies":[{"name":"wp","href":"https:\/\/api.w.org\/{rel}","templated":true}]}}