{"id":1197,"date":"2021-03-30T16:14:05","date_gmt":"2021-03-30T15:14:05","guid":{"rendered":"https:\/\/www.sage.com\/fr-ma\/blog\/?p=1197"},"modified":"2025-10-28T12:31:49","modified_gmt":"2025-10-28T11:31:49","slug":"teledeclaration-fiscale-au-maroc-ce-quil-faut-savoir","status":"publish","type":"post","link":"https:\/\/www.sage.com\/fr-ma\/blog\/teledeclaration-fiscale-au-maroc-ce-quil-faut-savoir\/","title":{"rendered":"T\u00e9l\u00e9d\u00e9claration fiscale au Maroc : Ce qu\u2019il faut savoir."},"content":{"rendered":"<header class=\"entry-header has-dark-background-color entry-header--has-illustration entry-header--has-illustration--generic\">\n\t<div class=\"container\">\n\t\t<div class=\"entry-header__row row align-center\">\n\t\t\t<div class=\"col col-lg-7 col-xlg-6 entry-header__content\">\n\t\t\t\t\t\t\t<div class=\"component component-single-header\">\n\t\t\t\t\t\t\t\t\t\t<div class=\"entry-header__misc text--subtitle text--uppercase text--small\">\n\t\t\t\t\t\t\t<a href=\"https:\/\/www.sage.com\/fr-ma\/blog\/category\/digitalisation-tendances\/\" class=\"entry-header__link\">Digitalisation &amp; Tendances<\/a>\t\t\t\t\t\t<\/div>\n\t\t\t\t\n\t\t\t\t<div class=\"entry-title-wrapper\">\n\t\t\t\t\t<h1 class=\"entry-title\">\n\t\t\t\t\t\tT\u00e9l\u00e9d\u00e9claration fiscale au Maroc : Ce qu\u2019il faut savoir.\t\t\t\t\t<\/h1>\n\t\t\t\t<\/div>\n\n\t\t\t\t\t\t\t\t\t<p class=\"entry-header__description\">\n\t\t\t\t\t\t\t\t\t\t\t<\/p>\n\t\t\t\t\n\t\t\t\t\n\t\t\t\t\n\t\t\t<\/div>\n\n\t\t\t\t\t<\/div>\n\t\t\t\t\t<\/div>\n\t<\/div>\n\t\t<div class=\"single-post-details container\">\n\t\t<div class=\"col\">\n\t\t\t<span class=\"posted-on \">Publi\u00e9 le <time class=\"entry-date published\" datetime=\"2021-03-30T16:14:05+01:00\">mars 30, 2021<\/time><\/span><span class=\"reading-time\"> min de lecture<\/span>\n\t\t<button\n\t\t\ttype=\"button\"\n\t\t\tclass=\"social-share-button button button--icon button--secondary js-social-share-button\"\n\t\t\tdata-share-title=\"T\u00e9l\u00e9d\u00e9claration fiscale au Maroc : Ce qu\u2019il faut savoir.\"\n\t\t\tdata-share-url=\"https:\/\/www.sage.com\/fr-ma\/blog\/teledeclaration-fiscale-au-maroc-ce-quil-faut-savoir\/\"\n\t\t\tdata-share-text=\"Veuillez lire cet article int\u00e9ressant\"\n\t\t>\n\t\t\t<span class=\"social-share-button__share-label\">Partager<\/span>\n\t\t\t<span class=\"social-share-button__copy-label\" hidden>Copier le lien<\/span>\n\t\t\t<span class=\"social-share-button__copy-tooltip\" aria-hidden=\"true\" hidden>Copi\u00e9<\/span>\n\t\t<\/button>\n\n\t\t\t\t<\/div>\n\t<\/div>\n\t<\/header>\n\n\n\n<div class=\"wp-block-post-author has-dark-background-color alignfull\">\n\t<div class=\"container\">\n\t\t<div class=\"col\">\n\t\t\t\t\t\t\t<div class=\"co-authors\">\n\t\t\t\t\t\n\t\t<div class=\"entry-author-wrapper\">\n\t\t\t<a class=\"entry-author\" href=\"https:\/\/www.sage.com\/fr-ma\/blog\/author\/abdellahmarrakchi1\/\">\n\t\t\t\t<img loading=\"lazy\" decoding=\"async\" width=\"40\" height=\"40\" src=\"https:\/\/www.sage.com\/fr-ma\/blog\/wp-content\/uploads\/sites\/23\/2020\/03\/Abdellah-350x350.jpg\" class=\"entry-author__image\" alt=\"\" srcset=\"https:\/\/www.sage.com\/fr-ma\/blog\/wp-content\/uploads\/sites\/23\/2020\/03\/Abdellah-350x350.jpg 350w, https:\/\/www.sage.com\/fr-ma\/blog\/wp-content\/uploads\/sites\/23\/2020\/03\/Abdellah.jpg 600w\" sizes=\"auto, (max-width: 40px) 100vw, 40px\" \/>\t\t\t\t<span class=\"entry-author__name\">Abdellah Marrakchi<\/span>\n\t\t\t<\/a>\n\n\t\t\t\t\t<\/div>\n\n\t\t\t\t\t\t<\/div>\n\t\t\t\t\t<\/div>\n\t<\/div>\n<\/div>\n\n\n\n\n\n<p class=\"wp-block-paragraph\"><b>Aujourd\u2019hui au Maroc, contribuables, particuliers, entreprises ou professionnels sont en mesure d\u2019effectuer en ligne leurs d\u00e9clarations fiscales, t\u00e9l\u00e9-payer et r\u00e9cup\u00e9rer leurs attestations. Un basculement qui s\u2019est fait progressivement, qui connait un r\u00e9el succ\u00e8s. Les chiffres le confirment. &nbsp; <\/b><\/p>\n\n\n\n<p class=\"wp-block-paragraph\">Sur les derni\u00e8res ann\u00e9es, une r\u00e9volution a \u00e9t\u00e9 apport\u00e9e par la Direction G\u00e9n\u00e9rale des Imp\u00f4ts (DGI) \u00e0 l\u2019ensemble des proc\u00e9dures gr\u00e2ce \u00e0 la digitalisation et la d\u00e9mat\u00e9rialisation mises en place dans le cadre du plan Maroc Numeric 2020. Si l\u2019ambition a \u00e9t\u00e9 mise en avant en 2008, sa mise en place effective s\u2019est faite de mani\u00e8re progressive pour ne jamais brusquer le basculement et pour permettre aux contribuables de pouvoir suivre le rythme et pour adapter leurs syst\u00e8mes d\u2019informations.<\/p>\n\n\n\n<p class=\"wp-block-paragraph\">L&rsquo;objectif premier a \u00e9t\u00e9 d\u2019instaurer un climat de confiance et de transparence entre l\u2019administration fiscale et les contribuables en am\u00e9liorant et en facilitant cette relation.&nbsp;La DGI a, \u00e0 cet effet, mis en place plusieurs plateformes pour permettre cette fluidit\u00e9.<\/p>\n\n\n\n<p class=\"wp-block-paragraph\">C&rsquo;est ainsi que depuis 2017, toutes les entreprises, quel que soit leur niveau de chiffre d\u2019affaires, sont tenues de r\u00e9gler leurs imp\u00f4ts par voie de t\u00e9l\u00e9d\u00e9claration gr\u00e2ce au service SIMPL, qui contient SIMPL-TVA, SIMPL-IR et SIMPL-IS. Ceci s\u2019est fait d\u2019une fa\u00e7on progressive.<\/p>\n\n\n\n<p class=\"wp-block-paragraph\">C\u2019est en 2015 que la DGI a pris la d\u00e9cision de passer \u00e0 la t\u00e9l\u00e9d\u00e9claration en obligeant les entreprises ayant un chiffre d\u2019Affaires sup\u00e9rieur \u00e0 50 millions de dirhams de le faire sur ses plateformes. En 2016, c\u2019\u00e9tait autour de celles avec un chiffre d\u2019Affaires sup\u00e9rieur \u00e0 10 millions de dirhams, avant de g\u00e9n\u00e9raliser pour l\u2019ensemble des acteurs.<\/p>\n\n\n\n<p class=\"wp-block-paragraph\">Le moins qu\u2019on puisse dire, c\u2019est que la DGI ne cache pas sa satisfaction \u00e0 la suite de cela. En 2019 par exemple, le nombre d\u2019op\u00e9rations d\u00e9mat\u00e9rialis\u00e9es effectu\u00e9es d\u00e9passe les 14,7 millions, soit plus de 5 fois le volume enregistr\u00e9 en 2016 et en progression de 47% par rapport \u00e0 2018.&nbsp;Les t\u00e9l\u00e9paiements et les t\u00e9l\u00e9d\u00e9clarations, quant \u00e0 eux, concentrent 76% des op\u00e9rations r\u00e9alis\u00e9es de mani\u00e8re d\u00e9mat\u00e9rialis\u00e9e durant l\u2019ann\u00e9e derni\u00e8re.<\/p>\n\n\n\n<p class=\"wp-block-paragraph\">Globalement, la digitalisation et la d\u00e9mat\u00e9rialisation se sont traduites par des hausses importantes en termes de recettes brutes g\u00e9n\u00e9r\u00e9es par la DGI. Entre 2015 et 2019, elles se sont am\u00e9lior\u00e9es de presque 40% passant de <a href=\"about:blank\">117 \u00e0 162 milliards de dirhams, dont 88% ont \u00e9t\u00e9 t\u00e9l\u00e9-pay\u00e9s<\/a>. Les responsables de l\u2019administration fiscale expliquent aussi que l\u2019automatisation des processus ont aussi donn\u00e9 lieu \u00e0 une am\u00e9lioration du <a href=\"about:blank\">taux de conformit\u00e9 qui se situe en 2019 \u00e0 34%, ce qui correspond \u00e0 un total de 7 170 d\u00e9clarations d\u00e9pos\u00e9es et 694,5 millions de dirhams recouvr\u00e9s.&nbsp;<\/a><\/p>\n\n\n\n<p class=\"wp-block-paragraph\">C&rsquo;est d\u2019ailleurs l\u2019une des raisons qui ont permis au Maroc d\u2019am\u00e9liorer son score au niveau du <a href=\"https:\/\/www.doingbusiness.org\/content\/dam\/doingBusiness\/country\/m\/morocco\/MAR.pdf\">Doing Business<\/a>. La composante \u201cPaiement des imp\u00f4ts et taxes\u201d est d\u2019une importance capitale dans l\u2019\u00e9quation g\u00e9n\u00e9rale qui permet d\u2019\u00e9tablir la note finale et ainsi le classement des pays. Sur ce volet, le Royaume s\u2019est hiss\u00e9 du 41\u00e8me rang en 2017 \u00e0 la 24\u00e8me place sur les 190 pays not\u00e9s. Il faut dire que depuis 2012, la DGI et sa transformation ont permis au Maroc de faire un bond de 88 places.<\/p>\n\n\n\n<p class=\"wp-block-paragraph\">Entrant dans les priorit\u00e9s majeures de l\u2019\u00e9tat, le d\u00e9veloppement du programme de l&rsquo;Administration en ligne, appel\u00e9 commun\u00e9ment E-Gov, semble \u00eatre une r\u00e9ussite \u00e0 la DGI et l\u2019\u00e9volution des chiffres confirment aussi l\u2019adh\u00e9sion des contribuables.<\/p>\n\n\n\n<p class=\"wp-block-paragraph\">Il faut dire aussi que les contribuables et plus particuli\u00e8rement les entreprises ont vu dans la d\u00e9claration en ligne un nombre important d\u2019avantages. Selon plusieurs dirigeants d\u2019entreprises, le gain en termes de temps est consid\u00e9rable, le risque d\u2019erreur est r\u00e9duit et la conformit\u00e9 l\u00e9gale assur\u00e9e.<\/p>\n\n\n\n<p class=\"wp-block-paragraph\">La plateforme mise en place par la DGI offre aussi au contribuable la possibilit\u00e9 d\u2019avoir un suivi m\u00e9ticuleux de la proc\u00e9dure et d\u2019une fa\u00e7on transparente. Les dirigeants se r\u00e9jouissent de pouvoir suivre leur dossier jusqu\u2019\u00e0 sa prise en main par les \u00e9quipes de la DGI.<\/p>\n\n\n\n<p class=\"wp-block-paragraph\">Et \u00e7a ne s\u2019est pas arr\u00eat\u00e9 au paiement et aux d\u00e9clarations. La DGI a aussi rendu possible l\u2019\u00e9dition des \u00e9tats de synth\u00e8se conformes aux d\u00e9clarations souscrites du r\u00e9sultat fiscal \u00e0 travers la plateforme SIMPL. D&rsquo;ailleurs, les adh\u00e9rents des t\u00e9l\u00e9services ont la possibilit\u00e9 de t\u00e9l\u00e9charger plusieurs attestations comme le bulletin de notification du num\u00e9ro d\u2019identification fiscale, l\u2019attestation d\u2019inscription \u00e0 la taxe professionnelle, l\u2019attestation du chiffre d\u2019affaires, l\u2019attestation de r\u00e9gularit\u00e9 fiscale, l\u2019attestation de revenu, l\u2019attestation de radiation de la taxe professionnelle et l\u2019attestation de paiement de la Taxe Sp\u00e9ciale Annuelle sur les V\u00e9hicules.<\/p>\n\n\n\n<p class=\"wp-block-paragraph\">Des nouveaut\u00e9s ont aussi \u00e9t\u00e9 greff\u00e9es \u00e0 l\u2019application mobile \u201cDARIBATI\u201d, mise en place par la DGI au mois de juillet 2019, et qui concernent la consultation de la situation fiscale (d\u00e9clarations, versements, remboursements et restitutions, taxes et imp\u00f4ts \u00e9mis\u2026), le paiement, l\u2019achat des timbres fiscaux.<\/p>\n\n\n\n<p class=\"wp-block-paragraph\">&nbsp;<\/p>\n\n\n<div class=\"single-cta\">\n\t<div class=\"single-cta__positioner on-scroll-highlight__target\">\n\t\t<div class=\"single-cta__wrapper has-dark-background-color\">\n\t\t\t<div class=\"single-cta__content\">\n\t\t\t\t\t\t\t\t<h2 class=\"single-cta__title h3\">Abonnez-vous \u00e0 la newsletter Sage Advice et recevez, directement dans votre bo\u00eete email, nos tous derniers conseils.<\/h2>\n\n\t\t\t\t\n\t\t\t\t\t\t\t\t\t\t\t\t\t\t<a\n\t\t\t\t\t\thref=\"#gate-d40c4109-9f94-4698-b25d-78127a854343\"\n\t\t\t\t\t\tclass=\"single-cta__button button button--primary\"\n\t\t\t\t\t\t\t\t\t\t\t\t\t\t\t\t\t>S&#039;abonner<\/a>\n\t\t\t\t\t\t\t<\/div>\n\n\t\t\t\t\t<\/div>\n\n\t\t\t\t\t<img decoding=\"async\" width=\"1064\" height=\"810\" src=\"https:\/\/www.sage.com\/fr-ma\/blog\/wp-content\/uploads\/sites\/23\/2019\/05\/GettyImages-683807936_super-1064x810.jpg\" class=\"single-cta__image\" alt=\"\" loading=\"lazy\" srcset=\"https:\/\/www.sage.com\/fr-ma\/blog\/wp-content\/uploads\/sites\/23\/2019\/05\/GettyImages-683807936_super-1064x810.jpg 1064w\" sizes=\"auto, (min-width: 48em) 33vw, 100vw\" \/>\t\t\t<\/div>\n<\/div>\n\n<section class=\"more-topics alignfull has-grey-light-background-color wp-block-sage-post-topics\">\n\t<div class=\"container\">\n\t\t<div class=\"row\">\n\t\t\t<div class=\"col col-12 col-lg-4\">\n\t\t\t\t<h3 class=\"more-topics__title h2\">Parcourir plus de sujets depuis cet article<\/h3>\n\t\t\t<\/div>\n\t\t\t<div class=\"col col-12 col-lg-8\">\n\t\t\t\t<ul class=\"post-tags__list\">\n\t\t\t\t\t\t\t\t\t\t\t<li class=\"post-tags__item\">\n\t\t\t\t\t\t\t<a href=\"https:\/\/www.sage.com\/fr-ma\/blog\/tag\/digitalisation\/\" class=\"post-tags__link button button--secondary\">\n\t\t\t\t\t\t\t\tDigitalisation\t\t\t\t\t\t\t<\/a>\n\t\t\t\t\t\t<\/li>\n\t\t\t\t\t\t\t\t\t\t\t<li class=\"post-tags__item\">\n\t\t\t\t\t\t\t<a href=\"https:\/\/www.sage.com\/fr-ma\/blog\/tag\/logiciels\/\" class=\"post-tags__link button button--secondary\">\n\t\t\t\t\t\t\t\tlogiciels\t\t\t\t\t\t\t<\/a>\n\t\t\t\t\t\t<\/li>\n\t\t\t\t\t\t\t\t\t\t\t<li class=\"post-tags__item\">\n\t\t\t\t\t\t\t<a href=\"https:\/\/www.sage.com\/fr-ma\/blog\/tag\/tva\/\" class=\"post-tags__link button button--secondary\">\n\t\t\t\t\t\t\t\tTVA\t\t\t\t\t\t\t<\/a>\n\t\t\t\t\t\t<\/li>\n\t\t\t\t\t\t\t\t\t<\/ul>\n\t\t\t<\/div>\n\t\t<\/div>\n\t<\/div>\n<\/section>\n\n<div class=\"alignfull wp-block-sage-related-posts\">\n\t<section class=\"related-posts card-grid has-dark-background-color\">\n\t<div class=\"container\">\n\t\t\t\t\t<div class=\"row\">\n\t\t\t\t<div class=\"col\">\n\t\t\t\t\t<h2 class=\"related-posts__heading related-posts__heading--featured h1\">Explorez plus d&#039;articles<\/h2>\n\t\t\t\t<\/div>\n\t\t\t<\/div>\n\n\t\t\t<div class=\"row related-posts__featured\">\n\t\t\t\t<div class=\"col card-grid__item\">\n\t\t\t\t\t<article\n\t\tclass=\"card-post related-post related-post-0 post-3176 post type-post status-publish format-standard has-post-thumbnail hentry category-digitalisation-tendances category-digitalisation-ou-transformation-digitale category-legal-reglementation category-moyennes-et-grandes-entreprises tag-comptabilite tag-daf tag-digitalisation tag-digitalisation-ou-transformation-digitale tag-facturation-electronique business_type-artisan-et-petite-entreprise business_type-petite-et-moyenne-entreprise business_type-expertise-comptable card-post--is-clickable\"\n>\n\t<div class=\"card-post__media-wrapper\">\n\t\t<figure class=\"card-post__media\">\n\t\t\t\t\t\t\t<img decoding=\"async\" width=\"1440\" height=\"810\" src=\"https:\/\/www.sage.com\/fr-ma\/blog\/wp-content\/uploads\/sites\/23\/2022\/04\/GettyImages-1307905824-1440x810.jpg\" class=\"card-post__image\" alt=\"\" loading=\"lazy\" srcset=\"https:\/\/www.sage.com\/fr-ma\/blog\/wp-content\/uploads\/sites\/23\/2022\/04\/GettyImages-1307905824-684x384.jpg 684w, https:\/\/www.sage.com\/fr-ma\/blog\/wp-content\/uploads\/sites\/23\/2022\/04\/GettyImages-1307905824-768x432.jpg 768w, https:\/\/www.sage.com\/fr-ma\/blog\/wp-content\/uploads\/sites\/23\/2022\/04\/GettyImages-1307905824-1440x810.jpg 1440w\" sizes=\"auto, (min-width: 48em) 250px, (min-width: 30em) 100vw, 100vw\" \/>\t\t\t\n\t\t\t\n\t\t\t\t\t<\/figure>\n\t<\/div>\n\n\t<div class=\"card-post__content\">\n\t\t\t\t\t<div class=\"card-post__label\">Recommand\u00e9<\/div>\n\t\t\n\t\t\t\t\t<div class=\"card-post__meta\">\n\t\t\t\t\t\t\t\t\t\t\t\t\t\t\t\t\t\t\t<span class=\"card-post__meta-text\"><span class=\"posted-on \"><time class=\"entry-date published\" datetime=\"2025-04-24T12:58:00+01:00\">avril 24, 2025<\/time><\/span><\/span>\n\t\t\t\t\t\t\t\t\t\t\t<span class=\"card-post__meta-text\"><span class=\"reading-time\">6 min de lecture<\/span><\/span>\n\t\t\t\t\t\t\t\t\t\t\t\t<\/div>\n\t\t\n\t\t<p class=\"card-post__title h3\">\n\t\t\t\t\t\t\t<a\n\t\t\t\t\tclass=\"card-post__title-link\"\n\t\t\t\t\thref=\"https:\/\/www.sage.com\/fr-ma\/blog\/quels-defis-pour-la-facture-electronique-au-maroc\/\"\n\t\t\t\t>\n\t\t\t\n\t\t\tQuels d\u00e9fis pour la facture \u00e9lectronique\u00a0au Maroc ?\n\t\t\t\t\t\t\t<\/a>\n\t\t\t\t\t<\/p>\n\n\t\t\n\t\t\t\t\t<p class=\"card-post__description\">\n\t\t\t\tLe projet de facturation \u00e9lectronique repr\u00e9sente une r\u00e9elle rupture dans les pratiques des entreprises au Maroc. Appr\u00e9ci\u00e9 \u00e0 l\u2019\u00e9chelle humaine et au niveau organisationnel, c\u2019est toute une transformation culturelle qui attend le tissu \u00e9conomique national.\t\t\t<\/p>\n\t\t\n\t\t\t<\/div>\n\n\t<\/article>\n\t\t\t\t<\/div>\n\t\t\t<\/div>\n\t\t\n\t\t\t\t\t<div class=\"row related-posts__non-featured\">\n\t\t\t\t<div class=\"col col-12\">\n\t\t\t\t\t<h2 class=\"related-posts__heading related-posts__heading--more h4\">En savoir plus sur ce sujet<\/h2>\n\t\t\t\t<\/div>\n\n\t\t\t\t\n\t\t\t\t\t<div class=\"col col-6 col-lg-3 card-grid__item\">\n\t\t\t\t\t\t<article\n\t\tclass=\"card-post related-post related-post-1 post-3178 post type-post status-publish format-standard has-post-thumbnail hentry category-digitalisation-tendances category-digitalisation-ou-transformation-digitale category-legal-reglementation tag-daf tag-digitalisation tag-digitalisation-ou-transformation-digitale tag-facturation-electronique business_type-artisan-et-petite-entreprise business_type-petite-et-moyenne-entreprise\"\n>\n\t\t\t<a\n\t\t\tclass=\"card-post__link\"\n\t\t\thref=\"https:\/\/www.sage.com\/fr-ma\/blog\/facturation-electronique-le-guide-pour-dematerialiser-vos-factures\/\"\n\t\t\t\t\t>\n\t\t\t<figure class=\"card-post__media\">\n\t\t\t\t\t\t\t<img decoding=\"async\" width=\"684\" height=\"384\" src=\"https:\/\/www.sage.com\/fr-ma\/blog\/wp-content\/uploads\/sites\/23\/2023\/10\/GettyImages-912803244-684x384.jpg\" class=\"card-post__image\" alt=\"\" loading=\"lazy\" srcset=\"https:\/\/www.sage.com\/fr-ma\/blog\/wp-content\/uploads\/sites\/23\/2023\/10\/GettyImages-912803244-684x384.jpg 684w, https:\/\/www.sage.com\/fr-ma\/blog\/wp-content\/uploads\/sites\/23\/2023\/10\/GettyImages-912803244-768x512.jpg 768w, https:\/\/www.sage.com\/fr-ma\/blog\/wp-content\/uploads\/sites\/23\/2023\/10\/GettyImages-912803244-1215x810.jpg 1215w\" sizes=\"auto, (min-width: 48em) 250px, (min-width: 30em) 100vw, 100vw\" \/>\t\t\t\n\t\t\t\n\t\t\t\t\t<\/figure>\n\n\t\t\n\t\t\t\t\t<div class=\"card-post__meta\">\n\t\t\t\t\t\t\t\t\t\t\t\t\t\t\t\t\t\t\t\t\t\t\t\t\t\t<span class=\"card-post__meta-text\"><span class=\"posted-on \"><time class=\"entry-date published\" datetime=\"2025-04-06T13:02:00+01:00\">avril 6, 2025<\/time><\/span><\/span>\n\t\t\t\t\t\t\t\t\t\t\t\t\t\t\t\t\t\t\t\t\t\t\t\t<span class=\"card-post__meta-text\"><span class=\"reading-time\">7 min de lecture<\/span><\/span>\n\t\t\t\t\t\t\t\t\t\t\t\t\t\t\t\t\t\t<\/div>\n\t\t\n\t\t<p class=\"card-post__title h5\">\n\t\t\tFacturation \u00e9lectronique\u00a0: le guide pour d\u00e9mat\u00e9rialiser vos factures\t\t<\/p>\n\n\t\t\t<\/a>\n\t\n\t\n\t\t\n\t\n\t<\/article>\n\t\t\t\t\t<\/div>\n\t\t\t\t\n\t\t\t\t\t<div class=\"col col-6 col-lg-3 card-grid__item\">\n\t\t\t\t\t\t<article\n\t\tclass=\"card-post related-post related-post-2 post-3024 post type-post status-publish format-standard has-post-thumbnail hentry category-delais-de-paiement category-digitalisation-tendances category-digitalisation-ou-transformation-digitale tag-digitalisation tag-digitalisation-ou-transformation-digitale tag-tresorerie tag-tva business_type-artisan-et-petite-entreprise business_type-petite-et-moyenne-entreprise business_type-expertise-comptable\"\n>\n\t\t\t<a\n\t\t\tclass=\"card-post__link\"\n\t\t\thref=\"https:\/\/www.sage.com\/fr-ma\/blog\/delais-de-paiement-quel-bilan-de-la-loi-a-ce-jour\/\"\n\t\t\t\t\t>\n\t\t\t<figure class=\"card-post__media\">\n\t\t\t\t\t\t\t<img decoding=\"async\" width=\"684\" height=\"384\" src=\"https:\/\/www.sage.com\/fr-ma\/blog\/wp-content\/uploads\/sites\/23\/2023\/10\/GettyImages-1481370237-684x384.jpg\" class=\"card-post__image\" alt=\"\" loading=\"lazy\" srcset=\"https:\/\/www.sage.com\/fr-ma\/blog\/wp-content\/uploads\/sites\/23\/2023\/10\/GettyImages-1481370237-684x384.jpg 684w, https:\/\/www.sage.com\/fr-ma\/blog\/wp-content\/uploads\/sites\/23\/2023\/10\/GettyImages-1481370237-768x432.jpg 768w, https:\/\/www.sage.com\/fr-ma\/blog\/wp-content\/uploads\/sites\/23\/2023\/10\/GettyImages-1481370237.jpg 1440w\" sizes=\"auto, (min-width: 48em) 250px, (min-width: 30em) 100vw, 100vw\" \/>\t\t\t\n\t\t\t\n\t\t\t\t\t<\/figure>\n\n\t\t\n\t\t\t\t\t<div class=\"card-post__meta\">\n\t\t\t\t\t\t\t\t\t\t\t\t\t\t\t\t\t\t\t\t\t\t\t\t\t\t<span class=\"card-post__meta-text\"><span class=\"posted-on \"><time class=\"entry-date published\" datetime=\"2024-10-08T12:25:33+01:00\">octobre 8, 2024<\/time><\/span><\/span>\n\t\t\t\t\t\t\t\t\t\t\t\t\t\t\t\t\t\t\t\t\t\t\t\t<span class=\"card-post__meta-text\"><span class=\"reading-time\">6 min de lecture<\/span><\/span>\n\t\t\t\t\t\t\t\t\t\t\t\t\t\t\t\t\t\t<\/div>\n\t\t\n\t\t<p class=\"card-post__title h5\">\n\t\t\tD\u00e9lais de paiement\u00a0: quel bilan de la Loi, \u00e0 ce jour\u00a0?\t\t<\/p>\n\n\t\t\t<\/a>\n\t\n\t\n\t\t\n\t\n\t<\/article>\n\t\t\t\t\t<\/div>\n\t\t\t\t\n\t\t\t\t\t<div class=\"col col-6 col-lg-3 card-grid__item\">\n\t\t\t\t\t\t<article\n\t\tclass=\"card-post related-post related-post-3 post-3007 post type-post status-publish format-standard has-post-thumbnail hentry category-digitalisation-tendances category-legal-reglementation tag-reglementation tag-tresorerie tag-tva\"\n>\n\t\t\t<a\n\t\t\tclass=\"card-post__link\"\n\t\t\thref=\"https:\/\/www.sage.com\/fr-ma\/blog\/tva-et-solidarite-fiscale-responsables-financiers-en-premiere-ligne\/\"\n\t\t\t\t\t>\n\t\t\t<figure class=\"card-post__media\">\n\t\t\t\t\t\t\t<img decoding=\"async\" width=\"684\" height=\"384\" src=\"https:\/\/www.sage.com\/fr-ma\/blog\/wp-content\/uploads\/sites\/23\/2023\/10\/GettyImages-1160135293-684x384.jpg\" class=\"card-post__image\" alt=\"\" loading=\"lazy\" srcset=\"https:\/\/www.sage.com\/fr-ma\/blog\/wp-content\/uploads\/sites\/23\/2023\/10\/GettyImages-1160135293-684x384.jpg 684w, https:\/\/www.sage.com\/fr-ma\/blog\/wp-content\/uploads\/sites\/23\/2023\/10\/GettyImages-1160135293-768x432.jpg 768w, https:\/\/www.sage.com\/fr-ma\/blog\/wp-content\/uploads\/sites\/23\/2023\/10\/GettyImages-1160135293.jpg 1440w\" sizes=\"auto, (min-width: 48em) 250px, (min-width: 30em) 100vw, 100vw\" \/>\t\t\t\n\t\t\t\n\t\t\t\t\t<\/figure>\n\n\t\t\n\t\t\t\t\t<div class=\"card-post__meta\">\n\t\t\t\t\t\t\t\t\t\t\t\t\t\t\t\t\t\t\t\t\t\t\t\t\t\t<span class=\"card-post__meta-text\"><span class=\"posted-on \"><time class=\"entry-date published\" datetime=\"2024-06-14T09:21:09+01:00\">juin 14, 2024<\/time><\/span><\/span>\n\t\t\t\t\t\t\t\t\t\t\t\t\t\t\t\t\t\t\t\t\t\t\t\t<span class=\"card-post__meta-text\"><span class=\"reading-time\">4 min de lecture<\/span><\/span>\n\t\t\t\t\t\t\t\t\t\t\t\t\t\t\t\t\t\t<\/div>\n\t\t\n\t\t<p class=\"card-post__title h5\">\n\t\t\tTVA et solidarit\u00e9 fiscale. Responsables financiers en premi\u00e8re ligne\t\t<\/p>\n\n\t\t\t<\/a>\n\t\n\t\n\t\t\n\t\n\t<\/article>\n\t\t\t\t\t<\/div>\n\t\t\t\t\n\t\t\t\t\t<div class=\"col col-6 col-lg-3 card-grid__item\">\n\t\t\t\t\t\t<article\n\t\tclass=\"card-post related-post related-post-4 post-3005 post type-post status-publish format-standard has-post-thumbnail hentry category-digitalisation-tendances category-legal-reglementation tag-reglementation tag-tresorerie tag-tva business_type-artisan-et-petite-entreprise business_type-petite-et-moyenne-entreprise business_type-expertise-comptable\"\n>\n\t\t\t<a\n\t\t\tclass=\"card-post__link\"\n\t\t\thref=\"https:\/\/www.sage.com\/fr-ma\/blog\/tva-et-retenues-a-la-source-comment-faire-face-aux-nouvelles-regles-fiscales\/\"\n\t\t\t\t\t>\n\t\t\t<figure class=\"card-post__media\">\n\t\t\t\t\t\t\t<img decoding=\"async\" width=\"684\" height=\"384\" src=\"https:\/\/www.sage.com\/fr-ma\/blog\/wp-content\/uploads\/sites\/23\/2023\/10\/GettyImages-1483132604-684x384.jpg\" class=\"card-post__image\" alt=\"\" loading=\"lazy\" srcset=\"https:\/\/www.sage.com\/fr-ma\/blog\/wp-content\/uploads\/sites\/23\/2023\/10\/GettyImages-1483132604-684x384.jpg 684w, https:\/\/www.sage.com\/fr-ma\/blog\/wp-content\/uploads\/sites\/23\/2023\/10\/GettyImages-1483132604-768x512.jpg 768w, https:\/\/www.sage.com\/fr-ma\/blog\/wp-content\/uploads\/sites\/23\/2023\/10\/GettyImages-1483132604-1215x810.jpg 1215w\" sizes=\"auto, (min-width: 48em) 250px, (min-width: 30em) 100vw, 100vw\" \/>\t\t\t\n\t\t\t\n\t\t\t\t\t<\/figure>\n\n\t\t\n\t\t\t\t\t<div class=\"card-post__meta\">\n\t\t\t\t\t\t\t\t\t\t\t\t\t\t\t\t\t\t\t\t\t\t\t\t\t\t<span class=\"card-post__meta-text\"><span class=\"posted-on \"><time class=\"entry-date published\" datetime=\"2024-06-14T09:16:33+01:00\">juin 14, 2024<\/time><\/span><\/span>\n\t\t\t\t\t\t\t\t\t\t\t\t\t\t\t\t\t\t\t\t\t\t\t\t<span class=\"card-post__meta-text\"><span class=\"reading-time\">3 min de lecture<\/span><\/span>\n\t\t\t\t\t\t\t\t\t\t\t\t\t\t\t\t\t\t<\/div>\n\t\t\n\t\t<p class=\"card-post__title h5\">\n\t\t\tTVA et Retenues \u00e0 la source. Comment faire face aux nouvelles r\u00e8gles fiscales\u00a0?\t\t<\/p>\n\n\t\t\t<\/a>\n\t\n\t\n\t\t\n\t\n\t<\/article>\n\t\t\t\t\t<\/div>\n\t\t\t\t\t\t\t<\/div>\n\t\t\t<\/div>\n<\/section>\n<\/div>\n","protected":false},"excerpt":{"rendered":"<p>Aujourd\u2019hui au Maroc, contribuables, particuliers, entreprises ou professionnels sont en mesure d\u2019effectuer en ligne leurs d\u00e9clarations fiscales, t\u00e9l\u00e9-payer et r\u00e9cup\u00e9rer leurs attestations. Un basculement qui s\u2019est fait progressivement, qui connait un r\u00e9el succ\u00e8s. Les chiffres le confirment. &nbsp; Sur les derni\u00e8res ann\u00e9es, une r\u00e9volution a \u00e9t\u00e9 apport\u00e9e par la Direction G\u00e9n\u00e9rale des Imp\u00f4ts (DGI) \u00e0 [&hellip;]<\/p>\n","protected":false},"author":998,"featured_media":1202,"comment_status":"closed","ping_status":"closed","sticky":false,"template":"","format":"standard","meta":{"_yoast_wpseo_is_cornerstone":"","_yoast_wpseo_meta-robots-noindex":"","_yoast_wpseo_meta-robots-nofollow":"","_yoast_wpseo_opengraph-title":"","_yoast_wpseo_opengraph-description":"","_yoast_wpseo_opengraph-image":"","_yoast_wpseo_opengraph-image-id":"","_yoast_wpseo_twitter-title":"","_yoast_wpseo_twitter-description":"","_yoast_wpseo_twitter-image":"","_yoast_wpseo_twitter-image-id":"","_yoast_wpseo_schema_page_type":"","_yoast_wpseo_schema_article_type":"","_sage_video":false,"_yoast_wpseo_focuskeywords":"","_yoast_wpseo_keywordsynonyms":"","_yoast_wpseo_primary_category":"158","post_featured_image_hide":false,"sage_hide_published_date":false,"sage_hide_read_time":false,"sage_hide_share_buttons":false,"_pwl_sage_podcast_buzzsprout_src":"","footnotes":""},"categories":[158],"tags":[283,264,223],"business_type":[],"context":[],"industry":[],"persona":[],"imagine_tag":[313],"coauthors":[365],"class_list":["post-1197","post","type-post","status-publish","format-standard","has-post-thumbnail","hentry","category-digitalisation-tendances","tag-digitalisation","tag-logiciels","tag-tva"],"sage_meta":{"region":"fr-ma","author_name":"Abdellah Marrakchi","featured_image":"https:\/\/www.sage.com\/fr-ma\/blog\/wp-content\/uploads\/sites\/23\/2021\/03\/Slider-LP-TVA-29.jpg","imagine_tags":{"313":"TVA"}},"distributor_meta":false,"distributor_terms":false,"distributor_media":false,"distributor_original_site_name":"Sage Advice Maroc","distributor_original_site_url":"https:\/\/www.sage.com\/fr-ma\/blog","push-errors":false,"_links":{"self":[{"href":"https:\/\/www.sage.com\/fr-ma\/blog\/api\/wp\/v2\/posts\/1197","targetHints":{"allow":["GET"]}}],"collection":[{"href":"https:\/\/www.sage.com\/fr-ma\/blog\/api\/wp\/v2\/posts"}],"about":[{"href":"https:\/\/www.sage.com\/fr-ma\/blog\/api\/wp\/v2\/types\/post"}],"author":[{"embeddable":true,"href":"https:\/\/www.sage.com\/fr-ma\/blog\/api\/wp\/v2\/users\/998"}],"replies":[{"embeddable":true,"href":"https:\/\/www.sage.com\/fr-ma\/blog\/api\/wp\/v2\/comments?post=1197"}],"version-history":[{"count":0,"href":"https:\/\/www.sage.com\/fr-ma\/blog\/api\/wp\/v2\/posts\/1197\/revisions"}],"wp:featuredmedia":[{"embeddable":true,"href":"https:\/\/www.sage.com\/fr-ma\/blog\/api\/wp\/v2\/media\/1202"}],"wp:attachment":[{"href":"https:\/\/www.sage.com\/fr-ma\/blog\/api\/wp\/v2\/media?parent=1197"}],"wp:term":[{"taxonomy":"category","embeddable":true,"href":"https:\/\/www.sage.com\/fr-ma\/blog\/api\/wp\/v2\/categories?post=1197"},{"taxonomy":"post_tag","embeddable":true,"href":"https:\/\/www.sage.com\/fr-ma\/blog\/api\/wp\/v2\/tags?post=1197"},{"taxonomy":"business_type","embeddable":true,"href":"https:\/\/www.sage.com\/fr-ma\/blog\/api\/wp\/v2\/business_type?post=1197"},{"taxonomy":"context","embeddable":true,"href":"https:\/\/www.sage.com\/fr-ma\/blog\/api\/wp\/v2\/context?post=1197"},{"taxonomy":"industry","embeddable":true,"href":"https:\/\/www.sage.com\/fr-ma\/blog\/api\/wp\/v2\/industry?post=1197"},{"taxonomy":"persona","embeddable":true,"href":"https:\/\/www.sage.com\/fr-ma\/blog\/api\/wp\/v2\/persona?post=1197"},{"taxonomy":"imagine_tag","embeddable":true,"href":"https:\/\/www.sage.com\/fr-ma\/blog\/api\/wp\/v2\/imagine_tag?post=1197"},{"taxonomy":"author","embeddable":true,"href":"https:\/\/www.sage.com\/fr-ma\/blog\/api\/wp\/v2\/coauthors?post=1197"}],"curies":[{"name":"wp","href":"https:\/\/api.w.org\/{rel}","templated":true}]}}