{"id":1579,"date":"2022-01-31T16:44:21","date_gmt":"2022-01-31T15:44:21","guid":{"rendered":"https:\/\/www.sage.com\/fr-ma\/blog\/?p=1579"},"modified":"2025-10-28T12:28:41","modified_gmt":"2025-10-28T11:28:41","slug":"cloud-prive-public-hybride-que-choisir","status":"publish","type":"post","link":"https:\/\/www.sage.com\/fr-ma\/blog\/cloud-prive-public-hybride-que-choisir\/","title":{"rendered":"Cloud priv\u00e9, public, hybride : que choisir ?"},"content":{"rendered":"<header class=\"entry-header has-dark-background-color entry-header--has-illustration entry-header--has-illustration--generic\">\n\t<div class=\"container\">\n\t\t<div class=\"entry-header__row row align-center\">\n\t\t\t<div class=\"col col-lg-7 col-xlg-6 entry-header__content\">\n\t\t\t\t\t\t\t<div class=\"component component-single-header\">\n\t\t\t\t\t\t\t\t\t\t<div class=\"entry-header__misc text--subtitle text--uppercase text--small\">\n\t\t\t\t\t\t\t<a href=\"https:\/\/www.sage.com\/fr-ma\/blog\/category\/digitalisation-tendances\/\" class=\"entry-header__link\">Digitalisation &amp; Tendances<\/a>\t\t\t\t\t\t<\/div>\n\t\t\t\t\n\t\t\t\t<div class=\"entry-title-wrapper\">\n\t\t\t\t\t<h1 class=\"entry-title\">\n\t\t\t\t\t\tCloud priv\u00e9, public, hybride : que choisir ?\t\t\t\t\t<\/h1>\n\t\t\t\t<\/div>\n\n\t\t\t\t\t\t\t\t\t<p class=\"entry-header__description\">\n\t\t\t\t\t\t\t\t\t\t\t<\/p>\n\t\t\t\t\n\t\t\t\t\n\t\t\t\t\n\t\t\t<\/div>\n\n\t\t\t\t\t<\/div>\n\t\t\t\t\t<\/div>\n\t<\/div>\n\t<div class=\"single-post-details container\">\n\t\t<div class=\"col\">\n\t\t\t<span class=\"posted-on \"><time class=\"entry-date published\" datetime=\"2022-01-31T16:44:21+01:00\">January 31, 2022<\/time><\/span><span class=\"reading-time\"> min de lecture<\/span>\n\t\t<button\n\t\t\ttype=\"button\"\n\t\t\tclass=\"social-share-button button button--icon button--secondary js-social-share-button\"\n\t\t\tdata-share-title=\"Cloud priv\u00e9, public, hybride : que choisir ?\"\n\t\t\tdata-share-url=\"https:\/\/www.sage.com\/fr-ma\/blog\/cloud-prive-public-hybride-que-choisir\/\"\n\t\t\tdata-share-text=\"Veuillez lire cet article int\u00e9ressant\"\n\t\t>\n\t\t\t<span class=\"social-share-button__share-label\">Partager<\/span>\n\t\t\t<span class=\"social-share-button__copy-label\" hidden>Copier le lien<\/span>\n\t\t\t<span class=\"social-share-button__copy-tooltip\" aria-hidden=\"true\" hidden>Copi\u00e9<\/span>\n\t\t<\/button>\n\n\t\t\t\t<\/div>\n\t<\/div>\n<\/header>\n\n\n\n<div class=\"wp-block-post-author has-dark-background-color alignfull\">\n\t<div class=\"container\">\n\t\t<div class=\"col\">\n\t\t\t\t\t\t\t<div class=\"co-authors\">\n\t\t\t\t\t\n\t\t<div class=\"entry-author-wrapper\">\n\t\t\t<a class=\"entry-author\" href=\"https:\/\/www.sage.com\/fr-ma\/blog\/author\/cedric-suire\/\">\n\t\t\t\t<img decoding=\"async\" alt=\"\" src=\"https:\/\/www.sage.com\/fr-fr\/blog\/wp-content\/uploads\/sites\/4\/2018\/10\/Suire-Cedric_350x350.jpg\" class=\"entry-author__image\" height=\"40\" width=\"40\" fetchpriority=\"high\" \/>\t\t\t\t<span class=\"entry-author__name\">C\u00e9dric Suire<\/span>\n\t\t\t<\/a>\n\n\t\t\t\t\t<\/div>\n\n\t\t\t\t\t\t<\/div>\n\t\t\t\t\t<\/div>\n\t<\/div>\n<\/div>\n\n\n\n\n\n<p>Pratique, flexible, accessible, s\u00e9curis\u00e9, le <a href=\"https:\/\/www.sage.com\/fr-ma\/blog\/glossaire\/cloud-computing\/\">Cloud Computing<\/a> attire un nombre croissant d\u2019organisations de tous ordres et de toutes tailles, convaincues de ses <a href=\"https:\/\/www.sage.com\/fr-ma\/blog\/cloud-une-evidence-strategique\/\">multiples avantages<\/a>. Mais d\u00e8s lors que l\u2019on d\u00e9cide de passer au <a href=\"https:\/\/www.sage.com\/fr-ma\/blog\/glossaire\/cloud-computing\/\">Cloud<\/a>, une question se pose : dois-je opter pour un<strong> Cloud public<\/strong>, un <strong>Cloud priv\u00e9<\/strong> ou un <a href=\"https:\/\/www.sage.com\/fr-ma\/blog\/cloud-hybride-quelle-strategie-dentreprise-efficace\/\"><strong>Cloud hybride<\/strong><\/a> ? Dans tous les cas, vos donn\u00e9es sont h\u00e9berg\u00e9es dans un serveur situ\u00e9 soit \u00e0 l\u2019ext\u00e9rieur de votre entreprise (dans un data center), soit en interne, mais pas sur vos propres disques durs. Pour acc\u00e9der aux donn\u00e9es, \u00e0 tout moment et en tout lieu, vos collaborateurs et partenaires utiliseront <strong>une simple connexion Internet<\/strong>. Cloud public, cloud priv\u00e9 ou cloud hybride : ces explications et conseils vous permettront de faire le bon choix.<\/p>\n\n\n\n<div class=\"single-cta gated-content\">\n\t<div class=\"single-cta__positioner\">\n\t\t<div class=\"single-cta__wrapper has-dark-background-color\">\n\t\t\t<div class=\"single-cta__content\">\n\t\t\t\t\t\t\t\t<h2 class=\"single-cta__title h3\">10 id\u00e9es re\u00e7ues sur le Cloud<\/h2>\n\n\t\t\t\t\t\t\t\t\t<div class=\"single-cta__description\">\n\t\t\t\t\t\t<p><!-- wp:paragraph --><\/p>\n<p class=\"\">Et comment s\u2019en d\u00e9barrasser\u2026<\/p>\n<p><!-- \/wp:paragraph --><\/p>\n\t\t\t\t\t<\/div>\n\t\t\t\t\n\t\t\t\t\t\t\t\t\t\t\t\t\t\t<a\n\t\t\t\t\t\thref=\"#gate-7318a7a4-4fee-4148-9c9e-f0d0e048e383\"\n\t\t\t\t\t\tclass=\"single-cta__button button button--primary\"\n\t\t\t\t\t\t\t\t\t\t\t\t\t\t\t\t\t>T\u00e9l\u00e9charger gratuitement le livre blanc<\/a>\n\t\t\t\t\t\t\t<\/div>\n\n\t\t\t\t\t<\/div>\n\n\t\t\t\t\t<img decoding=\"async\" width=\"1215\" height=\"810\" src=\"https:\/\/www.sage.com\/fr-ma\/blog\/wp-content\/uploads\/sites\/23\/2023\/10\/GettyImages-1459190037-1215x810.jpg\" class=\"single-cta__image\" alt=\"\" loading=\"lazy\" srcset=\"https:\/\/www.sage.com\/fr-ma\/blog\/wp-content\/uploads\/sites\/23\/2023\/10\/GettyImages-1459190037-1215x810.jpg 1215w\" sizes=\"auto, (min-width: 48em) 33vw, 100vw\" \/>\t\t\t<\/div>\n<\/div>\n\n\n\n<h2 class=\"wp-block-heading\" id=\"h-cloud-public-pour-une-facilite-et-une-rapidite-de-mise-en-place-optimales\">Cloud public, pour une facilit\u00e9 et une rapidit\u00e9 de mise en place optimales<\/h2>\n\n\n\n<p>On parle de <strong>Cloud public<\/strong>, ou de <strong>Cloud mutualis\u00e9<\/strong>, d\u00e8s lors que vos donn\u00e9es sont h\u00e9berg\u00e9es sur des serveurs ext\u00e9rieurs \u00e0 votre entreprise et <strong>\u00e9galement utilis\u00e9s par d\u2019autres clients utilisateurs<\/strong>. \u00c9videmment, seules pourront acc\u00e9der \u00e0 vos donn\u00e9es les personnes que vous aurez autoris\u00e9es \u00e0 le faire : vos salari\u00e9s, partenaires, etc. Cloud public ne veut pas dire Cloud ouvert\u2026<br>Les prestataires les plus connus dans ce domaine sont des poids lourds de l\u2019informatique tels qu\u2019Amazon, IBM, Google ou encore Microsoft, qui, entre autres activit\u00e9s, proposent des prestations de Cloud. Disposant d\u2019infrastructures gigantesques (des <em>data warehouses<\/em>, ou entrep\u00f4ts de donn\u00e9es), ces entreprises les \u00ab louent \u00bb \u00e0 des tiers. Le principe de facturation est simple et proportionnel \u00e0 l\u2019utilisation que vous faites des infrastructures : <strong>plus vous transf\u00e9rez de donn\u00e9es, plus la facture sera \u00e9lev\u00e9e<\/strong>.<\/p>\n\n\n\n<p>Les principaux avantages du Cloud public sont :<\/p>\n\n\n\n<ul class=\"wp-block-list\">\n<li>Sa <strong>facilit\u00e9 et sa l\u00e9g\u00e8ret\u00e9 de mise en \u0153uvre<\/strong> : les infrastructures \u00e9tant d\u00e9j\u00e0 op\u00e9rationnelles, vous en b\u00e9n\u00e9ficiez quelques instants apr\u00e8s avoir contractualis\u00e9 avec un fournisseur.<\/li>\n\n\n\n<li>Les <strong>frais de mise en service quasi nuls<\/strong>.<\/li>\n\n\n\n<li>Sa modularit\u00e9 : \u00e0 tout moment, vous pouvez <strong>augmenter ou diminuer le dimensionnement de votre Cloud en fonction de vos besoins<\/strong>.<\/li>\n\n\n\n<li><strong><a href=\"https:\/\/www.sage.com\/fr-fr\/blog\/datacenter-maintenance-refroidissement\/\">La maintenance et la s\u00e9curit\u00e9 de ces infrastructures<\/a> \u00e9tant assur\u00e9es par de gigantesques acteurs<\/strong>, elles b\u00e9n\u00e9ficient d\u2019investissements colossaux et de <strong>technologies de pointe<\/strong>.<\/li>\n<\/ul>\n\n\n\n<p>Pour toutes ces raisons, le Cloud public est la formule pr\u00e9f\u00e9r\u00e9e de beaucoup de TPE-PME.<\/p>\n\n\n\n<p>En revanche, le Cloud public pr\u00e9sente quelques inconv\u00e9nients :<\/p>\n\n\n\n<ul class=\"wp-block-list\">\n<li>Il peut se r\u00e9v\u00e9ler <strong>co\u00fbteux si vous y faites transiter d\u2019\u00e9normes quantit\u00e9s de donn\u00e9es<\/strong> puisque votre facture d\u00e9pend de votre consommation.<\/li>\n\n\n\n<li><strong>Bas\u00e9 sur un principe de mutualisation<\/strong>, il ne r\u00e9pond pas forc\u00e9ment \u00e0 vos besoins particuliers, notamment si vous utilisez des logiciels tr\u00e8s sp\u00e9cifiques (logiciels m\u00e9tiers par exemple).<\/li>\n\n\n\n<li>En optant pour le Cloud public, <strong>vous liez, d\u2019une certaine mani\u00e8re, votre sort \u00e0 celui d\u2019entreprises tierces<\/strong>, ce qui est un frein quasi philosophique aux yeux de certains dirigeants, notamment s\u2019ils poss\u00e8dent des donn\u00e9es tr\u00e8s sensibles.<\/li>\n<\/ul>\n\n\n\n<h2 class=\"wp-block-heading\" id=\"h-cloud-prive-pour-garder-la-maitrise-de-son-cloud-et-de-ses-couts\">Cloud priv\u00e9, pour garder la ma\u00eetrise de son Cloud et de ses co\u00fbts<\/h2>\n\n\n\n<p>A l\u2019inverse du Cloud public ou mutualis\u00e9, le <strong>Cloud priv\u00e9<\/strong>, \u00e9galement appel\u00e9 <strong>Cloud d\u00e9di\u00e9<\/strong>, est un Cloud qui vous est totalement sp\u00e9cifique, c\u2019est-\u00e0-dire qui fait appel \u00e0 <strong>vos propres serveurs<\/strong>. Beaucoup de Clouds priv\u00e9s sont install\u00e9s au sein m\u00eame de l\u2019entreprise utilisatrice, mais il est \u00e9galement possible d\u2019h\u00e9berger les serveurs chez un prestataire ext\u00e9rieur. Dans tous les cas, <strong>les serveurs ne seront utilis\u00e9s que par vous<\/strong>, vos collaborateurs et vos partenaires.<\/p>\n\n\n\n<p>Les avantages du Cloud priv\u00e9 sont quasi oppos\u00e9s \u00e0 ceux du Cloud public, \u00e0 savoir :<\/p>\n\n\n\n<ul class=\"wp-block-list\">\n<li>La <strong>fixit\u00e9 des co\u00fbts<\/strong> : quel que soit le volume de donn\u00e9es qui transitent via les serveurs, le co\u00fbt est stable et connu. Il d\u00e9pend du type de serveurs que vous avez choisi et des co\u00fbts de maintenance et de s\u00e9curit\u00e9 qui y sont associ\u00e9s, et non de l\u2019utilisation que vous faites du Cloud.<\/li>\n\n\n\n<li>Votre infrastructure est la v\u00f4tre<strong>,<\/strong> <strong>con\u00e7ue \u00e0 vos mesures et pour vos besoins<\/strong>.<\/li>\n<\/ul>\n\n\n\n<p>En revanche, le Cloud priv\u00e9 pr\u00e9sente quelques inconv\u00e9nients :<\/p>\n\n\n\n<ul class=\"wp-block-list\">\n<li>Il est bien s\u00fbr beaucoup <strong>plus lourd et co\u00fbteux \u00e0 mettre en \u0153uvre<\/strong>.<\/li>\n\n\n\n<li>Il est beaucoup <strong>moins ais\u00e9 d\u2019augmenter ou de diminuer la voilure<\/strong>.<\/li>\n<\/ul>\n\n\n\n<h2 class=\"wp-block-heading\" id=\"h-cloud-hybride-le-meilleur-des-deux-mondes\">Cloud hybride, le meilleur des deux mondes ?<\/h2>\n\n\n\n<p>Enfin, certaines entreprises optent pour un Cloud hybride, c\u2019est-\u00e0-dire qu\u2019elles associent, dans leur environnement informatique, <strong>un ou plusieurs Cloud(s) priv\u00e9(s) et un ou plusieurs Cloud(s) public(s)<\/strong> <strong>capables de dialoguer entre eux.<\/strong> Attention, il ne faut pas confondre Cloud hybride et multicloud. Dans le cas du multicloud, l\u2019entreprise d\u00e9cide de faire appel \u00e0 plusieurs fournisseurs de Cloud. Mais le <a href=\"https:\/\/www.sage.com\/fr-fr\/blog\/glossaire\/multicloud-avantages-fournisseur\/\">multicloud<\/a> peut \u00eatre 100% public ou 100% priv\u00e9, auquel cas on ne parlera pas de Cloud hybride.<br>Plus complexe \u00e0 mettre en \u0153uvre, donc plut\u00f4t r\u00e9serv\u00e9 aux grandes organisations, le Cloud hybride est pourtant la solution id\u00e9ale pour b\u00e9n\u00e9ficier du meilleur des deux mondes :<\/p>\n\n\n\n<ul class=\"wp-block-list\">\n<li>La facilit\u00e9 de mise en \u0153uvre du Cloud public et sa flexibilit\u00e9, int\u00e9ressante pour des entreprises qui connaissent des pics d\u2019activit\u00e9 par exemple<\/li>\n\n\n\n<li>La possibilit\u00e9 de construire <strong>une infrastructure sur-mesure<\/strong>, offerte par le Cloud priv\u00e9, et int\u00e9ressante pour une entreprise qui g\u00e8re des donn\u00e9es sensibles et utilise des logiciels particuliers.<\/li>\n<\/ul>\n\n\n\n<p>Pour aller plus loin :<\/p>\n\n\n\n<ul class=\"wp-block-list\">\n<li><a href=\"https:\/\/www.sage.com\/fr-ma\/blog\/le-cloud-quest-ce-que-cela-change-dans-votre-quotidien\/\">Le Cloud de confiance, un nouveau label pour s\u00e9curiser les op\u00e9rations en ligne<\/a><\/li>\n\n\n\n<li><a href=\"https:\/\/www.sage.com\/fr-ma\/blog\/transition-digitale-de-votre-entreprise-optez-pour-le-cloud\/\">Transition digitale de votre entreprise : optez pour le cloud !<\/a><\/li>\n\n\n\n<li><a href=\"https:\/\/www.sage.com\/fr-ma\/blog\/facilitez-votre-gestion-grace-au-cloud\/\">4 bonnes raisons de passer \u00e0 la comptabilit\u00e9 en mode Cloud<\/a><\/li>\n<\/ul>\n\n\n\n<div class=\"single-cta gated-content\">\n\t<div class=\"single-cta__positioner\">\n\t\t<div class=\"single-cta__wrapper has-dark-background-color\">\n\t\t\t<div class=\"single-cta__content\">\n\t\t\t\t\t\t\t\t<h2 class=\"single-cta__title h3\">10 id\u00e9es re\u00e7ues sur le Cloud<\/h2>\n\n\t\t\t\t\t\t\t\t\t<div class=\"single-cta__description\">\n\t\t\t\t\t\t<p><!-- wp:paragraph --><\/p>\n<p class=\"\">Et comment s\u2019en d\u00e9barrasser\u2026<\/p>\n<p><!-- \/wp:paragraph --><\/p>\n\t\t\t\t\t<\/div>\n\t\t\t\t\n\t\t\t\t\t\t\t\t\t\t\t\t\t\t<a\n\t\t\t\t\t\thref=\"#gate-7318a7a4-4fee-4148-9c9e-f0d0e048e383\"\n\t\t\t\t\t\tclass=\"single-cta__button button button--primary\"\n\t\t\t\t\t\t\t\t\t\t\t\t\t\t\t\t\t>T\u00e9l\u00e9charger gratuitement le livre blanc<\/a>\n\t\t\t\t\t\t\t<\/div>\n\n\t\t\t\t\t<\/div>\n\n\t\t\t\t\t<img decoding=\"async\" width=\"1215\" height=\"810\" src=\"https:\/\/www.sage.com\/fr-ma\/blog\/wp-content\/uploads\/sites\/23\/2023\/10\/GettyImages-1459190037-1215x810.jpg\" class=\"single-cta__image\" alt=\"\" loading=\"lazy\" srcset=\"https:\/\/www.sage.com\/fr-ma\/blog\/wp-content\/uploads\/sites\/23\/2023\/10\/GettyImages-1459190037-1215x810.jpg 1215w\" sizes=\"auto, (min-width: 48em) 33vw, 100vw\" \/>\t\t\t<\/div>\n<\/div>\n\n\n<div class=\"single-cta\">\n\t<div class=\"single-cta__positioner\">\n\t\t<div class=\"single-cta__wrapper has-dark-background-color\">\n\t\t\t<div class=\"single-cta__content\">\n\t\t\t\t\t\t\t\t<h2 class=\"single-cta__title h3\">Abonnez-vous \u00e0 la newsletter Sage Advice et recevez, directement dans votre bo\u00eete email, nos tous derniers conseils.<\/h2>\n\n\t\t\t\t\n\t\t\t\t\t\t\t\t\t\t\t\t\t\t<a\n\t\t\t\t\t\thref=\"#gate-d40c4109-9f94-4698-b25d-78127a854343\"\n\t\t\t\t\t\tclass=\"single-cta__button button button--primary\"\n\t\t\t\t\t\t\t\t\t\t\t\t\t\t\t\t\t>S&#039;abonner<\/a>\n\t\t\t\t\t\t\t<\/div>\n\n\t\t\t\t\t<\/div>\n\n\t\t\t\t\t<img decoding=\"async\" width=\"1064\" height=\"810\" src=\"https:\/\/www.sage.com\/fr-ma\/blog\/wp-content\/uploads\/sites\/23\/2019\/05\/GettyImages-683807936_super-1064x810.jpg\" class=\"single-cta__image\" alt=\"\" loading=\"lazy\" srcset=\"https:\/\/www.sage.com\/fr-ma\/blog\/wp-content\/uploads\/sites\/23\/2019\/05\/GettyImages-683807936_super-1064x810.jpg 1064w\" sizes=\"auto, (min-width: 48em) 33vw, 100vw\" \/>\t\t\t<\/div>\n<\/div>\n","protected":false},"excerpt":{"rendered":"<p>Pratique, flexible, accessible, s\u00e9curis\u00e9, le Cloud Computing attire un nombre croissant d\u2019organisations de tous ordres et de toutes tailles, convaincues de ses multiples avantages. Mais d\u00e8s lors que l\u2019on d\u00e9cide de passer au Cloud, une question se pose : dois-je opter pour un Cloud public, un Cloud priv\u00e9 ou un Cloud hybride ? Dans tous [&hellip;]<\/p>\n","protected":false},"author":293,"featured_media":1578,"comment_status":"closed","ping_status":"closed","sticky":false,"template":"","format":"standard","meta":{"_sage_video":false,"post_featured_image_hide":false,"footnotes":""},"categories":[158],"tags":[144,150,239],"business_type":[13,14,16],"context":[],"industry":[],"persona":[],"imagine_tag":[],"coauthors":[397],"class_list":["post-1579","post","type-post","status-publish","format-standard","has-post-thumbnail","hentry","category-digitalisation-tendances","tag-daf","tag-dsi","tag-saas","business_type-artisan-et-petite-entreprise","business_type-petite-et-moyenne-entreprise","business_type-expertise-comptable"],"sage_meta":{"region":"fr-ma","author_name":"C\u00e9dric Suire","featured_image":"https:\/\/www.sage.com\/fr-ma\/blog\/wp-content\/uploads\/sites\/23\/2022\/01\/Cantelowes-1327.27803-1.jpg","imagine_tags":[]},"distributor_meta":false,"distributor_terms":false,"distributor_media":false,"distributor_original_site_name":"Sage Advice Maroc","distributor_original_site_url":"https:\/\/www.sage.com\/fr-ma\/blog","push-errors":false,"_links":{"self":[{"href":"https:\/\/www.sage.com\/fr-ma\/blog\/api\/wp\/v2\/posts\/1579","targetHints":{"allow":["GET"]}}],"collection":[{"href":"https:\/\/www.sage.com\/fr-ma\/blog\/api\/wp\/v2\/posts"}],"about":[{"href":"https:\/\/www.sage.com\/fr-ma\/blog\/api\/wp\/v2\/types\/post"}],"author":[{"embeddable":true,"href":"https:\/\/www.sage.com\/fr-ma\/blog\/api\/wp\/v2\/users\/293"}],"replies":[{"embeddable":true,"href":"https:\/\/www.sage.com\/fr-ma\/blog\/api\/wp\/v2\/comments?post=1579"}],"version-history":[{"count":0,"href":"https:\/\/www.sage.com\/fr-ma\/blog\/api\/wp\/v2\/posts\/1579\/revisions"}],"wp:featuredmedia":[{"embeddable":true,"href":"https:\/\/www.sage.com\/fr-ma\/blog\/api\/wp\/v2\/media\/1578"}],"wp:attachment":[{"href":"https:\/\/www.sage.com\/fr-ma\/blog\/api\/wp\/v2\/media?parent=1579"}],"wp:term":[{"taxonomy":"category","embeddable":true,"href":"https:\/\/www.sage.com\/fr-ma\/blog\/api\/wp\/v2\/categories?post=1579"},{"taxonomy":"post_tag","embeddable":true,"href":"https:\/\/www.sage.com\/fr-ma\/blog\/api\/wp\/v2\/tags?post=1579"},{"taxonomy":"business_type","embeddable":true,"href":"https:\/\/www.sage.com\/fr-ma\/blog\/api\/wp\/v2\/business_type?post=1579"},{"taxonomy":"context","embeddable":true,"href":"https:\/\/www.sage.com\/fr-ma\/blog\/api\/wp\/v2\/context?post=1579"},{"taxonomy":"industry","embeddable":true,"href":"https:\/\/www.sage.com\/fr-ma\/blog\/api\/wp\/v2\/industry?post=1579"},{"taxonomy":"persona","embeddable":true,"href":"https:\/\/www.sage.com\/fr-ma\/blog\/api\/wp\/v2\/persona?post=1579"},{"taxonomy":"imagine_tag","embeddable":true,"href":"https:\/\/www.sage.com\/fr-ma\/blog\/api\/wp\/v2\/imagine_tag?post=1579"},{"taxonomy":"author","embeddable":true,"href":"https:\/\/www.sage.com\/fr-ma\/blog\/api\/wp\/v2\/coauthors?post=1579"}],"curies":[{"name":"wp","href":"https:\/\/api.w.org\/{rel}","templated":true}]}}