{"id":2148,"date":"2022-07-26T15:19:23","date_gmt":"2022-07-26T14:19:23","guid":{"rendered":"https:\/\/www.sage.com\/fr-ma\/blog\/?p=2148"},"modified":"2025-10-28T12:28:09","modified_gmt":"2025-10-28T11:28:09","slug":"6-fonctions-dans-les-rh-dont-vous-navez-pas-encore-entendu-parler","status":"publish","type":"post","link":"https:\/\/www.sage.com\/fr-ma\/blog\/6-fonctions-dans-les-rh-dont-vous-navez-pas-encore-entendu-parler\/","title":{"rendered":"L&rsquo;\u00e9quipe RH de 2030 : 6 fonctions dans les ressources humaines dont vous n&rsquo;avez peut-\u00eatre pas encore entendu parler"},"content":{"rendered":"<header class=\"entry-header has-dark-background-color entry-header--has-illustration entry-header--has-illustration--generic\">\n\t<div class=\"container\">\n\t\t<div class=\"entry-header__row row align-center\">\n\t\t\t<div class=\"col col-lg-7 col-xlg-6 entry-header__content\">\n\t\t\t\t\t\t\t<div class=\"component component-single-header\">\n\t\t\t\t\t\t\t\t\t\t<div class=\"entry-header__misc text--subtitle text--uppercase text--small\">\n\t\t\t\t\t\t\t<a href=\"https:\/\/www.sage.com\/fr-ma\/blog\/category\/management-rh\/\" class=\"entry-header__link\">Management &amp; RH<\/a>\t\t\t\t\t\t<\/div>\n\t\t\t\t\n\t\t\t\t<div class=\"entry-title-wrapper\">\n\t\t\t\t\t<h1 class=\"entry-title\">\n\t\t\t\t\t\tL&rsquo;\u00e9quipe RH de 2030 : 6 fonctions dans les ressources humaines dont vous n&rsquo;avez peut-\u00eatre pas encore entendu parler\t\t\t\t\t<\/h1>\n\t\t\t\t<\/div>\n\n\t\t\t\t\t\t\t\t\t<p class=\"entry-header__description\">\n\t\t\t\t\t\t\t\t\t\t\t<\/p>\n\t\t\t\t\n\t\t\t\t\n\t\t\t\t\n\t\t\t<\/div>\n\n\t\t\t\t\t<\/div>\n\t\t\t\t\t<\/div>\n\t<\/div>\n\t<div class=\"single-post-details container\">\n\t\t<div class=\"col\">\n\t\t\t<span class=\"posted-on \"><time class=\"entry-date published\" datetime=\"2022-07-26T15:19:23+01:00\">juillet 26, 2022<\/time><\/span><span class=\"reading-time\"> min de lecture<\/span>\n\t\t<button\n\t\t\ttype=\"button\"\n\t\t\tclass=\"social-share-button button button--icon button--secondary js-social-share-button\"\n\t\t\tdata-share-title=\"L&rsquo;\u00e9quipe RH de 2030 : 6 fonctions dans les ressources humaines dont vous n&rsquo;avez peut-\u00eatre pas encore entendu parler\"\n\t\t\tdata-share-url=\"https:\/\/www.sage.com\/fr-ma\/blog\/6-fonctions-dans-les-rh-dont-vous-navez-pas-encore-entendu-parler\/\"\n\t\t\tdata-share-text=\"Veuillez lire cet article int\u00e9ressant\"\n\t\t>\n\t\t\t<span class=\"social-share-button__share-label\">Partager<\/span>\n\t\t\t<span class=\"social-share-button__copy-label\" hidden>Copier le lien<\/span>\n\t\t\t<span class=\"social-share-button__copy-tooltip\" aria-hidden=\"true\" hidden>Copi\u00e9<\/span>\n\t\t<\/button>\n\n\t\t\t\t<\/div>\n\t<\/div>\n<\/header>\n\n\n\n<div class=\"wp-block-post-author has-dark-background-color alignfull\">\n\t<div class=\"container\">\n\t\t<div class=\"col\">\n\t\t\t\t\t\t\t<div class=\"co-authors\">\n\t\t\t\t\t\n\t\t<div class=\"entry-author-wrapper\">\n\t\t\t<a class=\"entry-author\" href=\"https:\/\/www.sage.com\/fr-ma\/blog\/author\/jessicafuhl\/\">\n\t\t\t\t<img decoding=\"async\" alt=\"\" src=\"https:\/\/www.sage.com\/en-au\/blog\/wp-content\/uploads\/sites\/5\/2020\/10\/Jess-fuhl.jpg\" class=\"entry-author__image\" height=\"40\" width=\"40\" fetchpriority=\"high\" \/>\t\t\t\t<span class=\"entry-author__name\">Jessica Leyshon<\/span>\n\t\t\t<\/a>\n\n\t\t\t\t\t<\/div>\n\n\t\t\t\t\t\t<\/div>\n\t\t\t\t\t<\/div>\n\t<\/div>\n<\/div>\n\n\n\n\n\n<p><span style=\"font-weight: 400;\">D\u2019ici moins de dix ans, votre organisation pourrait \u00eatre compos\u00e9e de fonctions dont vous n&rsquo;avez m\u00eame pas encore entendu parler.<\/span><\/p>\n\n\n\n<p><span style=\"font-weight: 400;\">La mani\u00e8re dont nous travaillons a chang\u00e9 \u00e0 jamais. Que ce soit du fait des m\u00e9dias sociaux ou de l&rsquo;analyse de donn\u00e9es, ou encore face \u00e0 l&rsquo;augmentation spectaculaire du travail \u00e0 distance et du travail flexible, suite \u00e0 la pand\u00e9mie mondiale.<\/span><\/p>\n\n\n\n<p><span style=\"font-weight: 400;\">Ces dix prochaines ann\u00e9es, la croissance technologique se poursuivra comme dans les ann\u00e9es 2010&nbsp;; elle est m\u00eame probablement amen\u00e9e \u00e0 s&rsquo;accentuer.<\/span><\/p>\n\n\n\n<p><span style=\"font-weight: 400;\">D&rsquo;ici \u00e0 la fin de la prochaine d\u00e9cennie, vous pouvez vous attendre \u00e0 ce que la fonction des ressources humaines soit m\u00e9connaissable par rapport \u00e0 ce qu&rsquo;elle est aujourd&rsquo;hui.<\/span><\/p>\n\n\n\n<p><span style=\"font-weight: 400;\">L&rsquo;un des principaux changements auxquels vous pouvez vous attendre est l&rsquo;apparition d&rsquo;un certain nombre de nouvelles fonctions dans chaque \u00e9quipe charg\u00e9e des RH et du capital humain.<\/span><\/p>\n\n\n\n<p><span style=\"font-weight: 400;\">\u00ab\u00a0The changing face of HR\u00a0\u00bb (\u00ab\u00a0L&rsquo;\u00e9volution du profil des RH\u00a0\u00bb), notre dernier rapport d\u2019enqu\u00eate, est le r\u00e9sultat d&rsquo;une \u00e9tude aupr\u00e8s de 500 professionnels des RH et du capital humain dans des entreprises de taille moyenne \u00e0 l&rsquo;\u00e9chelle mondiale, avant la pand\u00e9mie.<\/span><\/p>\n\n\n\n<p><span style=\"font-weight: 400;\">Nos interlocuteurs nous ont fait part de certains des changements qu&rsquo;ils attendaient de leur organisation et de ceux qu&rsquo;ils conduisaient d\u00e9j\u00e0.<\/span><\/p>\n\n\n\n<p><span style=\"font-weight: 400;\">Leurs conclusions nous ont permis de d\u00e9celer des tendances dans la mani\u00e8re dont les ressources humaines devraient \u00e9voluer dans les dix ann\u00e9es \u00e0 venir.<\/span><\/p>\n\n\n\n<h2 class=\"wp-block-heading\" id=\"h-meconnaissable-d-ici-dix-ans\"><strong>\u00ab\u00a0M\u00e9connaissable\u00a0\u00bb d&rsquo;ici dix ans<\/strong><\/h2>\n\n\n\n<p><span style=\"font-weight: 400;\">Commen\u00e7ons par le haut&nbsp;: selon les responsables des ressources humaines que nous avons interrog\u00e9s, la fonction de directeur des Ressources Humaines aura totalement chang\u00e9 d\u2019ici dix ans.<\/span><\/p>\n\n\n\n<p><span style=\"font-weight: 400;\">C&rsquo;est l&rsquo;une des conclusions les plus surprenantes que nous ayons faites&nbsp;: 82&nbsp;% d&rsquo;entre eux l&rsquo;ont confirm\u00e9 lorsque nous leur avons pos\u00e9 la question.<\/span><\/p>\n\n\n\n<p><span style=\"font-weight: 400;\">Alors, d&rsquo;o\u00f9 vient le changement&nbsp;?<\/span><\/p>\n\n\n\n<p><span style=\"font-weight: 400;\">86&nbsp;% des personnes interrog\u00e9es ont affirm\u00e9 que les directeurs des RH devront se perfectionner dans plusieurs domaines cl\u00e9s&nbsp;; ainsi, leur travail quotidien sera sans doute compl\u00e8tement diff\u00e9rent dans les dix ann\u00e9es \u00e0 venir.<\/span><\/p>\n\n\n\n<p><span style=\"font-weight: 400;\">In\u00e9vitablement, ce sera le cas \u00e9galement pour les \u00e9quipes RH.<\/span><\/p>\n\n\n\n<p><span style=\"font-weight: 400;\">Mais ce n&rsquo;est qu&rsquo;un aper\u00e7u des nombreuses fa\u00e7ons dont les \u00e9quipes RH seront appel\u00e9es \u00e0 \u00e9voluer. Voici six fonctions que vous pouvez vous attendre \u00e0 voir appara\u00eetre au sein des \u00e9quipes RH au cours de la prochaine d\u00e9cennie.<\/span><\/p>\n\n\n\n<h2 class=\"wp-block-heading\" id=\"h-1-specialiste-des-donnees-rh\">1. <strong>Sp\u00e9cialiste des donn\u00e9es RH<\/strong><\/h2>\n\n\n\n<p><span style=\"font-weight: 400;\">Des donn\u00e9es, rien que des donn\u00e9es. Les \u00e9quipes RH risquent de se noyer dans les donn\u00e9es si elles ne savent pas ce qu&rsquo;elles recherchent&nbsp;; mais quand une question exige une r\u00e9ponse imm\u00e9diate, c&rsquo;est une ressource inestimable.<\/span><\/p>\n\n\n\n<p><span style=\"font-weight: 400;\">Parmi les professionnels des RH et du capital humain que nous avons interrog\u00e9s, 42&nbsp;% nous ont affirm\u00e9 que, dans leur organisation, ils avaient d\u00e9j\u00e0 int\u00e9gr\u00e9 la prise de d\u00e9cision en mati\u00e8re de RH bas\u00e9e sur les donn\u00e9es&nbsp;; un autre groupe de 41&nbsp;% pr\u00e9voyait de le faire dans les douze prochains mois.<\/span><\/p>\n\n\n\n<p><span style=\"font-weight: 400;\">Dans le m\u00eame temps, 38&nbsp;% d&rsquo;entre eux utilisent des donn\u00e9es relatives aux RH en temps r\u00e9el pour orienter la prise de d\u00e9cision, et 51&nbsp;% envisagent de franchir ce pas.<\/span><\/p>\n\n\n\n<p><span style=\"font-weight: 400;\">Cela signifie qu&rsquo;au cours des dix prochaines ann\u00e9es, nous devrions nous attendre \u00e0 ce qu&rsquo;une quantit\u00e9 incroyable de donn\u00e9es sur les personnes soient collect\u00e9es et stock\u00e9es par les grandes organisations.<\/span><\/p>\n\n\n\n<p><span style=\"font-weight: 400;\">\u00c0 mesure que de nouvelles fa\u00e7ons de travailler \u2014&nbsp;telles que le travail \u00e0 distance et le travail hybride&nbsp;\u2014 se g\u00e9n\u00e9ralisent, l&rsquo;analyse de cette \u00e9norme masse de donn\u00e9es sera essentielle.<\/span><\/p>\n\n\n\n<p><span style=\"font-weight: 400;\">L&rsquo;aide d&rsquo;un professionnel sera n\u00e9cessairement requise&nbsp;; en l&rsquo;occurence, un expert des donn\u00e9es, \u00e0 m\u00eame de rep\u00e9rer des tendances et des sch\u00e9mas types dans de vastes quantit\u00e9s de donn\u00e9es.<\/span><\/p>\n\n\n\n<h2 class=\"wp-block-heading\" id=\"h-2-responsable-des-technologies-rh\">2. <strong>Responsable des technologies RH<\/strong><\/h2>\n\n\n\n<p><span style=\"font-weight: 400;\">Votre \u00e9quipe RH dispose-t-elle des comp\u00e9tences n\u00e9cessaires pour rester \u00e0 la pointe des technologies li\u00e9es aux RH&nbsp;?<\/span><\/p>\n\n\n\n<p><span style=\"font-weight: 400;\">43&nbsp;% des professionnels des RH interrog\u00e9s nous ont r\u00e9pondu par la n\u00e9gative. Et ce, malgr\u00e9 le fait que 50&nbsp;% des personnes interrog\u00e9es ont affirm\u00e9 qu&rsquo;elles continuaient \u00e0 investir dans les technologies li\u00e9es aux RH.<\/span><\/p>\n\n\n\n<p><span style=\"font-weight: 400;\">Cela signifie que de nombreuses entreprises investissent dans les technologies li\u00e9es aux RH sans disposer d&rsquo;un sp\u00e9cialiste d\u00e9di\u00e9 pour en superviser la mise en \u0153uvre.<\/span><\/p>\n\n\n\n<p><span style=\"font-weight: 400;\">En raison de la croissance des technologies li\u00e9es aux RH escompt\u00e9e au cours des dix prochaines ann\u00e9es, cette situation devra changer&nbsp;; les entreprises chercheront \u00e0 recruter des experts dans ces technologies pour superviser leurs \u00e9quipes RH.<\/span><\/p>\n\n\n\n<h2 class=\"wp-block-heading\" id=\"h-3-responsable-des-sciences-comportementales\">3. <strong>Responsable des sciences comportementales<\/strong><\/h2>\n\n\n\n<p><span style=\"font-weight: 400;\">Nous avons d\u00e9j\u00e0 mentionn\u00e9 le volume de donn\u00e9es sur les personnes qui sont collect\u00e9es \u00e0 ce jour.<\/span><\/p>\n\n\n\n<p><span style=\"font-weight: 400;\">Si un sp\u00e9cialiste des donn\u00e9es peut aider \u00e0 collecter, stocker et analyser ces donn\u00e9es, il appartiendra aux professionnels d\u00e9di\u00e9s de les interpr\u00e9ter afin de susciter des changements de comportement au sein des organisations.<\/span><\/p>\n\n\n\n<p><span style=\"font-weight: 400;\">Avec une telle quantit\u00e9 de donn\u00e9es disponibles, un responsable en sciences comportementales devra, sans nul doute, \u00eatre \u00e0 cheval entre la technologie et les personnes.<\/span><\/p>\n\n\n\n<p><span style=\"font-weight: 400;\">Ils ne manqueront certainement pas de donn\u00e9es : 40&nbsp;% des directeurs des RH interrog\u00e9s ont d\u00e9clar\u00e9 qu&rsquo;ils collectaient en permanence des donn\u00e9es sur la performance de leurs employ\u00e9s, tandis que 47&nbsp;% pr\u00e9voient de commencer \u00e0 le faire d&rsquo;ici un an.<\/span><\/p>\n\n\n\n<h2 class=\"wp-block-heading\" id=\"h-4-responsable-de-la-communication-et-du-marketing\">4. <strong>Responsable de la communication et du marketing<\/strong><\/h2>\n\n\n\n<p><span style=\"font-weight: 400;\">Il y a un d\u00e9calage flagrant entre l&rsquo;importance des comp\u00e9tences en marketing, telle qu&rsquo;elle est per\u00e7ue dans les \u00e9quipes RH, et le nombre de personnes qui poss\u00e8dent r\u00e9ellement ces comp\u00e9tences.<\/span><\/p>\n\n\n\n<p><span style=\"font-weight: 400;\">Notre \u00e9tude a r\u00e9v\u00e9l\u00e9 que 73&nbsp;% de personnes interrog\u00e9es estimaient que ces comp\u00e9tences seraient utiles dans les trois prochaines ann\u00e9es, mais que seulement 30&nbsp;% des \u00e9quipes avaient d\u00e9j\u00e0 engag\u00e9 des professionnels du marketing.<\/span><\/p>\n\n\n\n<p><span style=\"font-weight: 400;\">Un expert en marketing et en communication pourrait aider votre organisation \u00e0 recruter de tels profils gr\u00e2ce \u00e0 des campagnes cibl\u00e9es&nbsp;; ils pourraient m\u00eame \u00eatre charg\u00e9s de la gestion de vos actifs tels que votre site web, votre blog et vos r\u00e9seaux sociaux.<\/span><\/p>\n\n\n\n<h2 class=\"wp-block-heading\" id=\"h-5-responsable-de-la-creativite\">5. <strong>Responsable de la cr\u00e9ativit\u00e9<\/strong><\/h2>\n\n\n\n<p><span style=\"font-weight: 400;\">\u00c0 l&rsquo;instar du responsable du marketing, le responsable de la cr\u00e9ativit\u00e9 aura pour t\u00e2che de veiller \u00e0 ce que l&rsquo;\u00e9quipe charg\u00e9e RH de votre organisation soit per\u00e7ue comme innovante et avant-gardiste, et que votre entreprise soit un lieu de travail passionnant et \u00e9panouissant.<\/span><\/p>\n\n\n\n<p><span style=\"font-weight: 400;\">Le responsable de la cr\u00e9ativit\u00e9 devra avoir de l&rsquo;exp\u00e9rience dans le lancement de campagnes incluant des vid\u00e9os, des outils num\u00e9riques, voire d&rsquo;autres m\u00e9dias.<\/span><\/p>\n\n\n\n<p><span style=\"font-weight: 400;\">Il devra \u00e9galement apporter des id\u00e9es innovantes sur les fa\u00e7ons d&rsquo;am\u00e9liorer l&rsquo;exp\u00e9rience des employ\u00e9s dans l&rsquo;entreprise.<\/span><\/p>\n\n\n\n<p><span style=\"font-weight: 400;\">Notre groupe d&rsquo;experts s&rsquo;accorde sur ce point&nbsp;: 73&nbsp;% des responsables RH interrog\u00e9s ont affirm\u00e9 que la cr\u00e9ativit\u00e9 sera une comp\u00e9tence importante dans les trois ans \u00e0 venir.<\/span><\/p>\n\n\n\n<h2 class=\"wp-block-heading\" id=\"h-6-responsable-du-bien-etre-des-employes\">6. <strong>Responsable du bien-\u00eatre des employ\u00e9s<\/strong><\/h2>\n\n\n\n<p><span style=\"font-weight: 400;\">Dans les ann\u00e9es 2010, la sant\u00e9 mentale et le bien-\u00eatre au travail sont devenu un sujet de conversation majeur parmi les professionnels des RH et du capital humain.<\/span><\/p>\n\n\n\n<p><span style=\"font-weight: 400;\">Tandis que le stress et l&rsquo;\u00e9puisement professionnel co\u00fbtent aux organisations leurs meilleurs talents, et que les nouvelles m\u00e9thodes de travail \u2013&nbsp;telles que le travail flexible et \u00e0 distance&nbsp;\u2013 deviennent de plus en plus populaires dans les entreprises ax\u00e9es sur les personnes, nous nous attendons \u00e0 observer une croissance accrue dans ces domaines.<\/span><\/p>\n\n\n\n<p><span style=\"font-weight: 400;\">Pourtant, seuls 37&nbsp;% des professionnels des RH et du capital humain interrog\u00e9s nous ont affirm\u00e9 avoir mis en place un programme holistique de bien-\u00eatre au sein de leur organisation&nbsp;; le potentiel est donc consid\u00e9rable.<\/span><\/p>\n\n\n\n<p><span style=\"font-weight: 400;\">N\u00e9anmoins, plut\u00f4t que d&rsquo;agir par elles-m\u00eames, nous sommes persuad\u00e9s que les organisations auront besoin de professionnels capables d&rsquo;assumer la responsabilit\u00e9 de superviser le bien-\u00eatre de la totalit\u00e9 des effectifs, et de r\u00e9aliser dans l&rsquo;organisation des changements b\u00e9n\u00e9fiques en termes de sant\u00e9 mentale et de bien-\u00eatre.<\/span><\/p>\n\n\n\n<h2 class=\"wp-block-heading\" id=\"h-et-vous-qu-en-pensez-vous\"><strong>Et vous, qu&rsquo;en pensez-vous ?<\/strong><\/h2>\n\n\n\n<p><span style=\"font-weight: 400;\">Selon vous, quelles fonctions li\u00e9es aux RH et au capital humain deviendront essentielles au cours de la prochaine d\u00e9cennie ? Votre organisation cherchera-t-elle \u00e0 recruter de nouveaux experts en RH et en capital humain, ou tenterez-vous d&rsquo;am\u00e9liorer les comp\u00e9tences en interne ? Dites-nous ce que vous en pensez dans les commentaires ci-dessous.<\/span><\/p>\n\n\n<div class=\"single-cta\">\n\t<div class=\"single-cta__positioner\">\n\t\t<div class=\"single-cta__wrapper has-dark-background-color\">\n\t\t\t<div class=\"single-cta__content\">\n\t\t\t\t\t\t\t\t<h2 class=\"single-cta__title h3\">Abonnez-vous \u00e0 la newsletter Sage Advice et recevez, directement dans votre bo\u00eete email, nos tous derniers conseils.<\/h2>\n\n\t\t\t\t\n\t\t\t\t\t\t\t\t\t\t\t\t\t\t<a\n\t\t\t\t\t\thref=\"#gate-d40c4109-9f94-4698-b25d-78127a854343\"\n\t\t\t\t\t\tclass=\"single-cta__button button button--primary\"\n\t\t\t\t\t\t\t\t\t\t\t\t\t\t\t\t\t>S&#039;abonner<\/a>\n\t\t\t\t\t\t\t<\/div>\n\n\t\t\t\t\t<\/div>\n\n\t\t\t\t\t<img decoding=\"async\" width=\"1064\" height=\"810\" src=\"https:\/\/www.sage.com\/fr-ma\/blog\/wp-content\/uploads\/sites\/23\/2019\/05\/GettyImages-683807936_super-1064x810.jpg\" class=\"single-cta__image\" alt=\"\" loading=\"lazy\" srcset=\"https:\/\/www.sage.com\/fr-ma\/blog\/wp-content\/uploads\/sites\/23\/2019\/05\/GettyImages-683807936_super-1064x810.jpg 1064w\" sizes=\"auto, (min-width: 48em) 33vw, 100vw\" \/>\t\t\t<\/div>\n<\/div>\n","protected":false},"excerpt":{"rendered":"<p>How will HR and People teams change over the next decade? We asked the professionals \u2013 now, here are 6 new roles we expect to see\u2026<\/p>\n","protected":false},"author":1118,"featured_media":2154,"comment_status":"closed","ping_status":"closed","sticky":false,"template":"","format":"standard","meta":{"_sage_video":false,"post_featured_image_hide":false,"footnotes":""},"categories":[160],"tags":[265,124,266],"business_type":[13,14,16],"context":[],"industry":[],"persona":[],"imagine_tag":[],"coauthors":[401],"class_list":["post-2148","post","type-post","status-publish","format-standard","has-post-thumbnail","hentry","category-management-rh","tag-pme","tag-rh","tag-rh-ressources-humaines-sirh","business_type-artisan-et-petite-entreprise","business_type-petite-et-moyenne-entreprise","business_type-expertise-comptable"],"sage_meta":{"region":"fr-ma","author_name":"Jessica Leyshon","featured_image":"https:\/\/www.sage.com\/fr-ma\/blog\/wp-content\/uploads\/sites\/23\/2022\/07\/CROWDSTACKER_BB_0407.31071.jpg","imagine_tags":[]},"distributor_meta":false,"distributor_terms":false,"distributor_media":false,"distributor_original_site_name":"Sage Advice Maroc","distributor_original_site_url":"https:\/\/www.sage.com\/fr-ma\/blog","push-errors":false,"_links":{"self":[{"href":"https:\/\/www.sage.com\/fr-ma\/blog\/api\/wp\/v2\/posts\/2148","targetHints":{"allow":["GET"]}}],"collection":[{"href":"https:\/\/www.sage.com\/fr-ma\/blog\/api\/wp\/v2\/posts"}],"about":[{"href":"https:\/\/www.sage.com\/fr-ma\/blog\/api\/wp\/v2\/types\/post"}],"author":[{"embeddable":true,"href":"https:\/\/www.sage.com\/fr-ma\/blog\/api\/wp\/v2\/users\/1118"}],"replies":[{"embeddable":true,"href":"https:\/\/www.sage.com\/fr-ma\/blog\/api\/wp\/v2\/comments?post=2148"}],"version-history":[{"count":0,"href":"https:\/\/www.sage.com\/fr-ma\/blog\/api\/wp\/v2\/posts\/2148\/revisions"}],"wp:featuredmedia":[{"embeddable":true,"href":"https:\/\/www.sage.com\/fr-ma\/blog\/api\/wp\/v2\/media\/2154"}],"wp:attachment":[{"href":"https:\/\/www.sage.com\/fr-ma\/blog\/api\/wp\/v2\/media?parent=2148"}],"wp:term":[{"taxonomy":"category","embeddable":true,"href":"https:\/\/www.sage.com\/fr-ma\/blog\/api\/wp\/v2\/categories?post=2148"},{"taxonomy":"post_tag","embeddable":true,"href":"https:\/\/www.sage.com\/fr-ma\/blog\/api\/wp\/v2\/tags?post=2148"},{"taxonomy":"business_type","embeddable":true,"href":"https:\/\/www.sage.com\/fr-ma\/blog\/api\/wp\/v2\/business_type?post=2148"},{"taxonomy":"context","embeddable":true,"href":"https:\/\/www.sage.com\/fr-ma\/blog\/api\/wp\/v2\/context?post=2148"},{"taxonomy":"industry","embeddable":true,"href":"https:\/\/www.sage.com\/fr-ma\/blog\/api\/wp\/v2\/industry?post=2148"},{"taxonomy":"persona","embeddable":true,"href":"https:\/\/www.sage.com\/fr-ma\/blog\/api\/wp\/v2\/persona?post=2148"},{"taxonomy":"imagine_tag","embeddable":true,"href":"https:\/\/www.sage.com\/fr-ma\/blog\/api\/wp\/v2\/imagine_tag?post=2148"},{"taxonomy":"author","embeddable":true,"href":"https:\/\/www.sage.com\/fr-ma\/blog\/api\/wp\/v2\/coauthors?post=2148"}],"curies":[{"name":"wp","href":"https:\/\/api.w.org\/{rel}","templated":true}]}}