{"id":10947,"date":"2026-01-22T07:29:20","date_gmt":"2026-01-22T07:29:20","guid":{"rendered":"https:\/\/www.sage.com\/pt-pt\/blog\/?p=10947"},"modified":"2026-01-22T07:29:21","modified_gmt":"2026-01-22T07:29:21","slug":"calendario-laboral-feriados-portugal","status":"publish","type":"post","link":"https:\/\/www.sage.com\/pt-pt\/blog\/calendario-laboral-feriados-portugal\/","title":{"rendered":"Calend\u00e1rio laboral 2026: Feriados nacionais e locais em Portugal"},"content":{"rendered":"<header class=\"entry-header has-dark-background-color entry-header--has-illustration entry-header--has-illustration--generic\">\n\t<div class=\"container\">\n\t\t<div class=\"entry-header__row row align-center\">\n\t\t\t<div class=\"col col-lg-7 col-xlg-6 entry-header__content\">\n\t\t\t\t\t\t\t<div class=\"component component-single-header\">\n\t\t\t\t\t\t\t\t\t\t<div class=\"entry-header__misc text--subtitle text--uppercase text--small\">\n\t\t\t\t\t\t\t<a href=\"https:\/\/www.sage.com\/pt-pt\/blog\/category\/rh-e-lideranca\/\" class=\"entry-header__link\">RH e Lideran\u00e7a<\/a>\t\t\t\t\t\t<\/div>\n\t\t\t\t\n\t\t\t\t<div class=\"entry-title-wrapper\">\n\t\t\t\t\t<h1 class=\"entry-title\">\n\t\t\t\t\t\tCalend\u00e1rio laboral 2026: Feriados nacionais e locais em Portugal\t\t\t\t\t<\/h1>\n\t\t\t\t<\/div>\n\n\t\t\t\t\t\t\t\t\t<p class=\"entry-header__description\">\n\t\t\t\t\t\t\t\t\t\t\t<\/p>\n\t\t\t\t\n\t\t\t\t\n\t\t\t\t\n\t\t\t<\/div>\n\n\t\t\t\t\t<\/div>\n\t\t\t\t\t<\/div>\n\t<\/div>\n\t<div class=\"single-post-details container\">\n\t\t<div class=\"col\">\n\t\t\t<span class=\"posted-on \"><time class=\"entry-date published\" datetime=\"2026-01-22T07:29:20+00:00\">January 22, 2026<\/time><\/span><span class=\"reading-time\"> minutos de leitura<\/span>\n\t\t<button\n\t\t\ttype=\"button\"\n\t\t\tclass=\"social-share-button button button--icon button--secondary js-social-share-button\"\n\t\t\tdata-share-title=\"Calend\u00e1rio laboral 2026: Feriados nacionais e locais em Portugal\"\n\t\t\tdata-share-url=\"https:\/\/www.sage.com\/pt-pt\/blog\/calendario-laboral-feriados-portugal\/\"\n\t\t\tdata-share-text=\"Por favor, leia este artigo interessante\"\n\t\t>\n\t\t\t<span class=\"social-share-button__share-label\">Partilhar<\/span>\n\t\t\t<span class=\"social-share-button__copy-label\" hidden>Copiar link<\/span>\n\t\t\t<span class=\"social-share-button__copy-tooltip\" aria-hidden=\"true\" hidden>Copiada<\/span>\n\t\t<\/button>\n\n\t\t\t\t<\/div>\n\t<\/div>\n<\/header>\n\n\n\n<div class=\"wp-block-post-author has-dark-background-color alignfull\">\n\t<div class=\"container\">\n\t\t<div class=\"col\">\n\t\t\t\t\t\t\t<div class=\"co-authors\">\n\t\t\t\t\t\n\t\t<div class=\"entry-author-wrapper\">\n\t\t\t<a class=\"entry-author\" href=\"https:\/\/www.sage.com\/pt-pt\/blog\/author\/anacalaca\/\">\n\t\t\t\t<img loading=\"lazy\" decoding=\"async\" width=\"40\" height=\"40\" src=\"https:\/\/www.sage.com\/pt-pt\/blog\/wp-content\/uploads\/sites\/15\/2024\/10\/Ana-Calaca_PT-350x350.jpg\" class=\"entry-author__image\" alt=\"Ana Cala\u00e7a\" srcset=\"https:\/\/www.sage.com\/pt-pt\/blog\/wp-content\/uploads\/sites\/15\/2024\/10\/Ana-Calaca_PT-350x350.jpg 350w, https:\/\/www.sage.com\/pt-pt\/blog\/wp-content\/uploads\/sites\/15\/2024\/10\/Ana-Calaca_PT.jpg 407w\" sizes=\"auto, (max-width: 40px) 100vw, 40px\" \/>\t\t\t\t<span class=\"entry-author__name\">Ana Cala\u00e7a<\/span>\n\t\t\t<\/a>\n\n\t\t\t\t\t<\/div>\n\n\t\t\t\t\t\t<\/div>\n\t\t\t\t\t<\/div>\n\t<\/div>\n<\/div>\n\n\n\n\n\n<p class=\"has-paragraph-medium-font-size\" id=\"h-\">Este ano surgem v\u00e1rias oportunidades para prolongar fins de semana e planear descansos estrat\u00e9gicos: o Calend\u00e1rio laboral 2026 re\u00fane os feriados nacionais e locais para o ajudar a estruturar o ano com equil\u00edbrio entre expediente e lazer.<\/p>\n\n\n\n<ul class=\"wp-block-list\">\n<li>O planeamento antecipado dos feriados facilita a organiza\u00e7\u00e3o de equipas, evita sobrecargas e promove um melhor equil\u00edbrio entre trabalho e descanso.<\/li>\n\n\n\n<li>Este artigo apresenta o calend\u00e1rio laboral 2026 em Portugal, com os feriados nacionais, as possibilidades de ponte e alguns feriados locais, para que possa planear com crit\u00e9rio.<\/li>\n<\/ul>\n\n\n\n<p>Em 2026, \u00e9 essencial, segundo o Calend\u00e1rio laboral 2026 em Portugal, ter em conta os feriados nacionais e municipais para <strong>programar pausas e aus\u00eancias com antecipa\u00e7\u00e3o<\/strong>. O ano prev\u00ea diversas datas que permitem fins de semana prolongados, assim como algum feriado a meio de semana que, com um dia de f\u00e9rias, se <strong>transforma numa pausa maior<\/strong>. Ao todo, estar\u00e3o registados os feriados nacionais fixos, aos quais se somam os locais que cada munic\u00edpio definir\u00e1.<\/p>\n\n\n\n<p><em><mark class=\"highlight-and-share\"><strong>PARTILHE!<\/strong> Planeie o seu descanso em 2026: feriados nacionais + feriados locais = ano melhor estruturado.<\/mark><\/em><\/p>\n\n\n\n<div class=\"single-cta gated-content\">\n\t<div class=\"single-cta__positioner\">\n\t\t<div class=\"single-cta__wrapper has-dark-background-color\">\n\t\t\t<div class=\"single-cta__content\">\n\t\t\t\t\t\t\t\t<h2 class=\"single-cta__title h3\">Calend\u00e1rio Trabalho 2026<\/h2>\n\n\t\t\t\t\t\t\t\t\t<div class=\"single-cta__description\">\n\t\t\t\t\t\t<p><!-- wp:paragraph --><\/p>\n<p><strong>DESCARREGUE GR\u00c1TIS<\/strong> <strong>O SEU CALEND\u00c0RIO DE 2026!<\/strong> \ud83d\udce5<\/p>\n<p><!-- \/wp:paragraph --><\/p>\n<p><!-- wp:paragraph --><\/p>\n<p>\u2705 Este calend\u00e1rio inclui todos os feriados nacionais e municipais de Portugal.<br \/>\u2705 N\u00e3o perca esta oportunidade de organizar-se com anteced\u00eancia.<\/p>\n<p><!-- \/wp:paragraph --><\/p>\n\t\t\t\t\t<\/div>\n\t\t\t\t\n\t\t\t\t\t\t\t\t\t\t\t\t\t\t<a\n\t\t\t\t\t\thref=\"#gate-ea1f419b-0bb7-440b-9fa6-17384a6c354b\"\n\t\t\t\t\t\tclass=\"single-cta__button button button--primary\"\n\t\t\t\t\t\t\t\t\t\t\t\t\t\t\t\t\t>Quero o meu calend\u00e1rio GR\u00c1TIS!<\/a>\n\t\t\t\t\t\t\t<\/div>\n\n\t\t\t\t\t<\/div>\n\n\t\t\t\t\t<img decoding=\"async\" width=\"1252\" height=\"810\" src=\"https:\/\/www.sage.com\/pt-pt\/blog\/wp-content\/uploads\/sites\/15\/2025\/03\/1700x1100_1-1252x810.jpg\" class=\"single-cta__image\" alt=\"Sage\" loading=\"lazy\" srcset=\"https:\/\/www.sage.com\/pt-pt\/blog\/wp-content\/uploads\/sites\/15\/2025\/03\/1700x1100_1-1252x810.jpg 1252w\" sizes=\"auto, (min-width: 48em) 33vw, 100vw\" \/>\t\t\t<\/div>\n<\/div>\n\n\n\n<h2 class=\"wp-block-heading\" id=\"h-indice-do-post\">\u00cdndice do post<\/h2>\n\n\n<?xml encoding=\"utf-8\" ?><div class=\"wp-block-yoast-seo-table-of-contents yoast-table-of-contents\"><ul><li><a href=\"#h-indice-do-post\" data-level=\"2\">&Iacute;ndice do post<\/a><\/li><li><a href=\"#feriados-nacionais\" data-level=\"2\">Feriados Nacionais<\/a><ul><li><a href=\"#calendario-laboral-2026-feriados-nacionais\" data-level=\"3\">Calend&aacute;rio laboral 2026: Feriados Nacionais<\/a><\/li><\/ul><\/li><li><a href=\"#pontes-e-fins-de-semana-prolongados\" data-level=\"2\">Pontes e Fins de Semana Prolongados<\/a><ul><li><a href=\"#calendario-laboral-2026-feriados-locais\" data-level=\"3\">Calend&aacute;rio laboral 2026: Feriados Locais<\/a><\/li><\/ul><\/li><\/ul><\/div>\n\n\n\n<figure class=\"wp-block-pullquote\"><blockquote><p>Com o <a href=\"https:\/\/www.sage.com\/pt-pt\/recursos-humanos\/\"><strong>Sage RH<\/strong><\/a>, planeie o Calend\u00e1rio laboral 2026 em Portugal da sua equipa e organize feriados, pontes e pausas com facilidade.<\/p><\/blockquote><\/figure>\n\n\n\n<h2 class=\"wp-block-heading\" id=\"feriados-nacionais\">Feriados Nacionais<\/h2>\n\n\n\n<p>De acordo com o Calend\u00e1rio laboral 2026 em Portugal, os <strong>feriados nacionais mant\u00eam o seu peso simb\u00f3lico na cultura portuguesa<\/strong>, assinalando momentos hist\u00f3ricos, religiosos e sociais que fazem parte da identidade do pa\u00eds. Este ano distribuem-se ao longo de v\u00e1rios <a href=\"https:\/\/www.sage.com\/pt-pt\/blog\/dias-uteis-de-expediente-e-corridos\/\">dias<\/a> da semana, criando excelentes oportunidades para <strong>pausas estrat\u00e9gicas e descanso adicional<\/strong>.<\/p>\n\n\n\n<p>Alguns destes feriados s\u00e3o obrigat\u00f3rios para a maioria dos trabalhadores, enquanto outros (como o Carnaval) dependem de toler\u00e2ncias de ponto ou acordos com a entidade empregadora.<\/p>\n\n\n\n<h3 class=\"wp-block-heading\" id=\"calendario-laboral-2026-feriados-nacionais\">Calend\u00e1rio laboral 2026: Feriados Nacionais<\/h3>\n\n\n\n<ul class=\"wp-block-list\">\n<li><strong>1 de janeiro \u2013 Ano Novo (quinta-feira): <\/strong>O ano inicia-se com um feriado a meio da semana.<\/li>\n\n\n\n<li><strong>17 de fevereiro \u2013 Carnaval (ter\u00e7a-feira): <\/strong>Embora n\u00e3o seja feriado obrigat\u00f3rio, muitas regi\u00f5es e entidades p\u00fablicas adoptam toler\u00e2ncia de ponto.\u00a0<\/li>\n\n\n\n<li><strong>3 de abril \u2013 Sexta-Feira Santa: <\/strong>Este \u00e9 um dos per\u00edodos religiosos mais significativos do calend\u00e1rio, antecedendo o domingo de P\u00e1scoa (5 de abril).<\/li>\n\n\n\n<li><strong>25 de abril \u2013 Dia da Liberdade (s\u00e1bado): <\/strong>Celebrado em todo o pa\u00eds. Em 2026, calha num<strong> <\/strong>s\u00e1bado, o que retira a possibilidade de uma ponte.<\/li>\n\n\n\n<li><strong>1 de maio \u2013 Dia do Trabalhador (sexta-feira): <\/strong>Em 2026, o feriado proporciona tr\u00eas dias consecutivos de descanso sem qualquer necessidade de tirar f\u00e9rias.<\/li>\n\n\n\n<li><strong>4 de junho \u2013 Corpo de Deus (quinta-feira): <\/strong>Este feriado volta a surgir a meio da semana, oferecendo a oportunidade perfeita para uma pausa mais longa.<\/li>\n\n\n\n<li><strong>10 de junho \u2013 Dia de Portugal, de Cam\u00f5es e das Comunidades Portuguesas (quarta-feira): <\/strong>Um dos feriados mais emblem\u00e1ticos do pa\u00eds, localizado a meio da semana.<\/li>\n\n\n\n<li><strong>15 de agosto \u2013 Assun\u00e7\u00e3o de Nossa Senhora (s\u00e1bado): <\/strong>A meio do ver\u00e3o, este feriado oferece um dia de festa religiosa, ainda que coincida com o s\u00e1bado, sem impacto direto na semana de trabalho<strong>.<\/strong><\/li>\n\n\n\n<li><strong>5 de outubro \u2013 Implanta\u00e7\u00e3o da Rep\u00fablica (segunda-feira): <\/strong>Um excelente in\u00edcio de semana com feriado nacional. Ideal para um fim de semana prolongado.<\/li>\n\n\n\n<li><strong>1 de novembro \u2013 Todos os Santos (domingo): <\/strong>Dedicado \u00e0 mem\u00f3ria e tradi\u00e7\u00e3o, mas coincidente com o domingo, sem efeito no expediente semanal.<\/li>\n\n\n\n<li><strong>1 de dezembro \u2013 Restaura\u00e7\u00e3o da Independ\u00eancia (ter\u00e7a-feira): <\/strong>Comemorando a recupera\u00e7\u00e3o da soberania portuguesa em 1640, este feriado cai numa ter\u00e7a-feira em 2026.\u00a0<\/li>\n\n\n\n<li><strong>8 de dezembro \u2013 Imaculada Concei\u00e7\u00e3o (ter\u00e7a-feira): <\/strong>Uma data religiosa que proporciona uma pequena pausa no in\u00edcio de dezembro.<\/li>\n\n\n\n<li><strong>25 de dezembro \u2013 Natal (sexta-feira): <\/strong>Um dos feriados mais aguardados. Em 2026, permite uma celebra\u00e7\u00e3o tranquila seguida de um fim de semana prolongado.<\/li>\n<\/ul>\n\n\n\n<h2 class=\"wp-block-heading\" id=\"pontes-e-fins-de-semana-prolongados\">Pontes e Fins de Semana Prolongados<\/h2>\n\n\n\n<p>Consultando o Calend\u00e1rio laboral 2026 em Portugal, verifica-se que v\u00e1rios feriados acontecem em dias estrat\u00e9gicos. Isso cria oportunidades ideais para <strong>organizar pausas longas com o m\u00ednimo de dias de <\/strong><a href=\"https:\/\/www.sage.com\/pt-pt\/blog\/dias-de-ferias\/\"><strong>f\u00e9rias<\/strong><\/a>. Entre as melhores ocasi\u00f5es est\u00e3o:<\/p>\n\n\n\n<ul class=\"wp-block-list\">\n<li><strong>1 de maio \u2013 Dia do Trabalhador:<\/strong> A sexta-feira transforma automaticamente o feriado num fim de semana prolongado perfeito.<\/li>\n<\/ul>\n\n\n\n<ul class=\"wp-block-list\">\n<li><strong>5 de outubro \u2013 Implanta\u00e7\u00e3o da Rep\u00fablica:<\/strong> numa segunda-feira possibilita um fim de semana de tr\u00eas dias conveniente para descansar, viajar ou aproveitar tempo em fam\u00edlia.<\/li>\n\n\n\n<li><strong>25 de dezembro \u2013 Natal:<\/strong> Como o Natal ocorre a uma sexta-feira, \u00e9 poss\u00edvel usufruir de um per\u00edodo prolongado sem necessidade de ponte.<\/li>\n<\/ul>\n\n\n\n<p>Al\u00e9m destas datas, outros feriados a meio da semana, como 10 de Junho ou 8 de dezembro, permitem <strong>criar pausas personalizadas<\/strong> com apenas um dia de f\u00e9rias adicional.<\/p>\n\n\n\n<h3 class=\"wp-block-heading\" id=\"calendario-laboral-2026-feriados-locais\">Calend\u00e1rio laboral 2026: Feriados Locais<\/h3>\n\n\n\n<p>Tal como acontece todos os anos, cada munic\u00edpio portugu\u00eas tem a possibilidade de celebrar <strong>feriados pr\u00f3prios<\/strong>, normalmente associados aos santos padroeiros ou a tradi\u00e7\u00f5es culturais e hist\u00f3ricas espec\u00edficas. Estes dias representam <strong>momentos importantes para as comunidades locais<\/strong>.<\/p>\n\n\n\n<ul class=\"wp-block-list\">\n<li><strong>Santo Ant\u00f3nio (13 de junho \u2013 Lisboa) (s\u00e1bado):<\/strong> Um dos feriados municipais mais emblem\u00e1ticos, marcado por arraiais, sardinhas e celebra\u00e7\u00e3o popular em toda a capital.<\/li>\n\n\n\n<li><strong>S\u00e3o Jo\u00e3o (24 de junho \u2013 Porto, Braga e outras cidades) (quarta-feira):<\/strong> Um dos maiores eventos populares do pa\u00eds. Em 2026, volta a animar o Norte com martelinhos, fogueiras e muita m\u00fasica.<\/li>\n\n\n\n<li><strong>S\u00e3o Pedro (29 de junho \u2013 Sintra, \u00c9vora e outros munic\u00edpios) (segunda-feira):<\/strong> Data tradicional celebrada em v\u00e1rias regi\u00f5es, oferecendo um dia de descanso e festividade aos seus habitantes.<\/li>\n<\/ul>\n\n\n\n<p>O calend\u00e1rio laboral de 2026 em Portugal oferece m\u00faltiplas oportunidades para pausas prolongadas. Tanto a n\u00edvel nacional como local, permitindo que as organiza\u00e7\u00f5es e colaboradores planifiquem com anteced\u00eancia. A conjuga\u00e7\u00e3o de feriados nacionais, feriados locais e a estrat\u00e9gia de pontes \u00e9 uma <strong>ferramenta poderosa para gerir o tempo de descanso, melhorar o bem-estar e manter a <\/strong><a href=\"https:\/\/www.sage.com\/pt-pt\/blog\/produtividade-laboral-equipa\/\"><strong>produtividade<\/strong><\/a>. Com este panorama delineado, 2026 pode muito bem tornar-se um ano melhor estruturado para <a href=\"https:\/\/www.sage.com\/pt-pt\/blog\/work-life-balance-pr-ticas-organizacionais-para-encontrar-o-equilibrio-entre-o-trabalho-e-a-vida-pessoal\/\">trabalho e descanso<\/a>.<\/p>\n\n\n\n<div class=\"single-cta gated-content\">\n\t<div class=\"single-cta__positioner\">\n\t\t<div class=\"single-cta__wrapper has-dark-background-color\">\n\t\t\t<div class=\"single-cta__content\">\n\t\t\t\t\t\t\t\t<h2 class=\"single-cta__title h3\">Calend\u00e1rio Trabalho 2026<\/h2>\n\n\t\t\t\t\t\t\t\t\t<div class=\"single-cta__description\">\n\t\t\t\t\t\t<p><!-- wp:paragraph --><\/p>\n<p>DESCARREGUE GRATUITAMENTE \ud83d\udce5 A sua vers\u00e3o do calend\u00e1rio com todos os feriados nacionais e municipais em Portugal em 2026.<\/p>\n<p><!-- \/wp:paragraph --><\/p>\n\t\t\t\t\t<\/div>\n\t\t\t\t\n\t\t\t\t\t\t\t\t\t\t\t\t\t\t<a\n\t\t\t\t\t\thref=\"#gate-ea1f419b-0bb7-440b-9fa6-17384a6c354b\"\n\t\t\t\t\t\tclass=\"single-cta__button button button--primary\"\n\t\t\t\t\t\t\t\t\t\t\t\t\t\t\t\t\t>Quero o meu calend\u00e1rio GR\u00c1TIS!<\/a>\n\t\t\t\t\t\t\t<\/div>\n\n\t\t\t\t\t<\/div>\n\n\t\t\t\t\t<img decoding=\"async\" width=\"1252\" height=\"810\" src=\"https:\/\/www.sage.com\/pt-pt\/blog\/wp-content\/uploads\/sites\/15\/2025\/03\/1700x1100_2-1252x810.jpg\" class=\"single-cta__image\" alt=\"Sage\" loading=\"lazy\" srcset=\"https:\/\/www.sage.com\/pt-pt\/blog\/wp-content\/uploads\/sites\/15\/2025\/03\/1700x1100_2-1252x810.jpg 1252w\" sizes=\"auto, (min-width: 48em) 33vw, 100vw\" \/>\t\t\t<\/div>\n<\/div>\n\n\n\n<p><em><strong>Nota do editor:<\/strong> Este artigo foi publicado anteriormente e atualizado para 2026 pela sua relev\u00e2ncia.<\/em><\/p>\n","protected":false},"excerpt":{"rendered":"<p>Descubra nuestro calend\u00e1rio laboral com todos os feriados nacionais e locais para momentos de descanso ao longo de todo o ano.<\/p>\n","protected":false},"author":1826,"featured_media":9563,"comment_status":"closed","ping_status":"closed","sticky":false,"template":"","format":"standard","meta":{"_sage_video":false,"post_featured_image_hide":false,"footnotes":""},"categories":[15],"tags":[229,212,222],"business_type":[3],"context":[],"industry":[],"persona":[],"imagine_tag":[184],"coauthors":[488],"class_list":["post-10947","post","type-post","status-publish","format-standard","has-post-thumbnail","hentry","category-rh-e-lideranca","tag-colaboradores","tag-pessoas","tag-recursos-humanos","business_type-medias-empresas"],"sage_meta":{"region":"pt-pt","author_name":"Ana Cala\u00e7a","featured_image":"https:\/\/www.sage.com\/pt-pt\/blog\/wp-content\/uploads\/sites\/15\/2023\/10\/GettyImages-1140336019.jpg","imagine_tags":{"184":"Software de Recursos Humanos"}},"distributor_meta":false,"distributor_terms":false,"distributor_media":false,"distributor_original_site_name":"Sage Advice Portugal","distributor_original_site_url":"https:\/\/www.sage.com\/pt-pt\/blog","push-errors":false,"_links":{"self":[{"href":"https:\/\/www.sage.com\/pt-pt\/blog\/api\/wp\/v2\/posts\/10947","targetHints":{"allow":["GET"]}}],"collection":[{"href":"https:\/\/www.sage.com\/pt-pt\/blog\/api\/wp\/v2\/posts"}],"about":[{"href":"https:\/\/www.sage.com\/pt-pt\/blog\/api\/wp\/v2\/types\/post"}],"author":[{"embeddable":true,"href":"https:\/\/www.sage.com\/pt-pt\/blog\/api\/wp\/v2\/users\/1826"}],"replies":[{"embeddable":true,"href":"https:\/\/www.sage.com\/pt-pt\/blog\/api\/wp\/v2\/comments?post=10947"}],"version-history":[{"count":0,"href":"https:\/\/www.sage.com\/pt-pt\/blog\/api\/wp\/v2\/posts\/10947\/revisions"}],"wp:featuredmedia":[{"embeddable":true,"href":"https:\/\/www.sage.com\/pt-pt\/blog\/api\/wp\/v2\/media\/9563"}],"wp:attachment":[{"href":"https:\/\/www.sage.com\/pt-pt\/blog\/api\/wp\/v2\/media?parent=10947"}],"wp:term":[{"taxonomy":"category","embeddable":true,"href":"https:\/\/www.sage.com\/pt-pt\/blog\/api\/wp\/v2\/categories?post=10947"},{"taxonomy":"post_tag","embeddable":true,"href":"https:\/\/www.sage.com\/pt-pt\/blog\/api\/wp\/v2\/tags?post=10947"},{"taxonomy":"business_type","embeddable":true,"href":"https:\/\/www.sage.com\/pt-pt\/blog\/api\/wp\/v2\/business_type?post=10947"},{"taxonomy":"context","embeddable":true,"href":"https:\/\/www.sage.com\/pt-pt\/blog\/api\/wp\/v2\/context?post=10947"},{"taxonomy":"industry","embeddable":true,"href":"https:\/\/www.sage.com\/pt-pt\/blog\/api\/wp\/v2\/industry?post=10947"},{"taxonomy":"persona","embeddable":true,"href":"https:\/\/www.sage.com\/pt-pt\/blog\/api\/wp\/v2\/persona?post=10947"},{"taxonomy":"imagine_tag","embeddable":true,"href":"https:\/\/www.sage.com\/pt-pt\/blog\/api\/wp\/v2\/imagine_tag?post=10947"},{"taxonomy":"author","embeddable":true,"href":"https:\/\/www.sage.com\/pt-pt\/blog\/api\/wp\/v2\/coauthors?post=10947"}],"curies":[{"name":"wp","href":"https:\/\/api.w.org\/{rel}","templated":true}]}}