{"id":12180,"date":"2025-10-20T10:33:47","date_gmt":"2025-10-20T09:33:47","guid":{"rendered":"https:\/\/www.sage.com\/pt-pt\/blog\/?p=12180"},"modified":"2025-10-30T18:44:03","modified_gmt":"2025-10-30T18:44:03","slug":"como-lidar-com-o-absentismo","status":"publish","type":"post","link":"https:\/\/www.sage.com\/pt-pt\/blog\/como-lidar-com-o-absentismo\/","title":{"rendered":"Como lidar com o absentismo injustificado: Protocolo de atua\u00e7\u00e3o para o departamento de RH"},"content":{"rendered":"<header class=\"entry-header has-dark-background-color entry-header--has-illustration entry-header--has-illustration--generic\">\n\t<div class=\"container\">\n\t\t<div class=\"entry-header__row row align-center\">\n\t\t\t<div class=\"col col-lg-7 col-xlg-6 entry-header__content\">\n\t\t\t\t\t\t\t<div class=\"component component-single-header\">\n\t\t\t\t\t\t\t\t\t\t<div class=\"entry-header__misc text--subtitle text--uppercase text--small\">\n\t\t\t\t\t\t\t<a href=\"https:\/\/www.sage.com\/pt-pt\/blog\/category\/rh-e-lideranca\/\" class=\"entry-header__link\">RH e Lideran\u00e7a<\/a>\t\t\t\t\t\t<\/div>\n\t\t\t\t\n\t\t\t\t<div class=\"entry-title-wrapper\">\n\t\t\t\t\t<h1 class=\"entry-title\">\n\t\t\t\t\t\tComo lidar com o absentismo injustificado: Protocolo de atua\u00e7\u00e3o para o departamento de RH\t\t\t\t\t<\/h1>\n\t\t\t\t<\/div>\n\n\t\t\t\t\t\t\t\t\t<p class=\"entry-header__description\">\n\t\t\t\t\t\t\t\t\t\t\t<\/p>\n\t\t\t\t\n\t\t\t\t\n\t\t\t\t\n\t\t\t<\/div>\n\n\t\t\t\t\t<\/div>\n\t\t\t\t\t<\/div>\n\t<\/div>\n\t<div class=\"single-post-details container\">\n\t\t<div class=\"col\">\n\t\t\t<span class=\"posted-on \"><time class=\"entry-date published\" datetime=\"2025-10-20T10:33:47+01:00\">October 20, 2025<\/time><\/span><span class=\"reading-time\"> minutos de leitura<\/span>\n\t\t<button\n\t\t\ttype=\"button\"\n\t\t\tclass=\"social-share-button button button--icon button--secondary js-social-share-button\"\n\t\t\tdata-share-title=\"Como lidar com o absentismo injustificado: Protocolo de atua\u00e7\u00e3o para o departamento de RH\"\n\t\t\tdata-share-url=\"https:\/\/www.sage.com\/pt-pt\/blog\/como-lidar-com-o-absentismo\/\"\n\t\t\tdata-share-text=\"Por favor, leia este artigo interessante\"\n\t\t>\n\t\t\t<span class=\"social-share-button__share-label\">Partilhar<\/span>\n\t\t\t<span class=\"social-share-button__copy-label\" hidden>Copiar link<\/span>\n\t\t\t<span class=\"social-share-button__copy-tooltip\" aria-hidden=\"true\" hidden>Copiada<\/span>\n\t\t<\/button>\n\n\t\t\t\t<\/div>\n\t<\/div>\n<\/header>\n\n\n\n<div class=\"wp-block-post-author has-dark-background-color alignfull\">\n\t<div class=\"container\">\n\t\t<div class=\"col\">\n\t\t\t\t\t\t\t<div class=\"co-authors\">\n\t\t\t\t\t\n\t\t<div class=\"entry-author-wrapper\">\n\t\t\t<a class=\"entry-author\" href=\"https:\/\/www.sage.com\/pt-pt\/blog\/author\/anacalaca\/\">\n\t\t\t\t<img loading=\"lazy\" decoding=\"async\" width=\"40\" height=\"40\" src=\"https:\/\/www.sage.com\/pt-pt\/blog\/wp-content\/uploads\/sites\/15\/2024\/10\/Ana-Calaca_PT-350x350.jpg\" class=\"entry-author__image\" alt=\"Ana Cala\u00e7a\" srcset=\"https:\/\/www.sage.com\/pt-pt\/blog\/wp-content\/uploads\/sites\/15\/2024\/10\/Ana-Calaca_PT-350x350.jpg 350w, https:\/\/www.sage.com\/pt-pt\/blog\/wp-content\/uploads\/sites\/15\/2024\/10\/Ana-Calaca_PT.jpg 407w\" sizes=\"auto, (max-width: 40px) 100vw, 40px\" \/>\t\t\t\t<span class=\"entry-author__name\">Ana Cala\u00e7a<\/span>\n\t\t\t<\/a>\n\n\t\t\t\t\t<\/div>\n\n\t\t\t\t\t\t<\/div>\n\t\t\t\t\t<\/div>\n\t<\/div>\n<\/div>\n\n\n\n\n\n<p class=\"has-paragraph-medium-font-size\">Estrat\u00e9gias pr\u00e1ticas e um protocolo claro sobre como lidar com o absentismo injustificado, garantindo uma atua\u00e7\u00e3o justa e eficaz do departamento de RH.<\/p>\n\n\n\n<ul class=\"wp-block-list\">\n<li>O absentismo injustificado \u00e9 um desafio recorrente para muitas PME, afetando n\u00e3o apenas a produtividade, mas tamb\u00e9m o clima organizacional.<\/li>\n\n\n\n<li>Lidar com este problema exige um equil\u00edbrio delicado entre a aplica\u00e7\u00e3o das normas legais e a gest\u00e3o emp\u00e1tica das pessoas. Este guia prop\u00f5e um <strong>protocolo de atua\u00e7\u00e3o<\/strong> que ajuda as empresas a definir respostas coerentes e preventivas.<\/li>\n<\/ul>\n\n\n\n<p>A aus\u00eancia n\u00e3o comunicada de um colaborador pode criar desorganiza\u00e7\u00e3o, sobrecarga de tarefas e atrasos nas opera\u00e7\u00f5es. Quando estas faltas se repetem, o impacto multiplica-se, comprometendo o desempenho coletivo.<br>Por isso, como lidar com o absentismo deixou de ser apenas uma quest\u00e3o disciplinar: <strong>\u00e9 uma parte essencial da <\/strong><a href=\"https:\/\/www.sage.com\/pt-pt\/blog\/ferramentas-departamento-recursos-humanos-uma-so-pessoa\/\"><strong>gest\u00e3o estrat\u00e9gica de pessoas<\/strong><\/a>.<\/p>\n\n\n\n<p>O primeiro passo \u00e9 compreender que cada falta deve ser analisada dentro de um contexto. H\u00e1 situa\u00e7\u00f5es pontuais que merecem di\u00e1logo, mas tamb\u00e9m h\u00e1 padr\u00f5es que indicam problemas de motiva\u00e7\u00e3o, desorganiza\u00e7\u00e3o ou at\u00e9 conflito interno.&nbsp;<\/p>\n\n\n\n<p><em><mark class=\"highlight-and-share\"><strong>PARTILHE! <\/strong>O absentismo injustificado corr\u00f3i a produtividade das PME. Um protocolo claro e humano \u00e9 a chave para restaurar o equil\u00edbrio.<\/mark><\/em><\/p>\n\n\n\n<div class=\"single-cta gated-content\">\n\t<div class=\"single-cta__positioner\">\n\t\t<div class=\"single-cta__wrapper has-dark-background-color\">\n\t\t\t<div class=\"single-cta__content\">\n\t\t\t\t\t\t\t\t<h2 class=\"single-cta__title h3\">Leve o seu RH do papel \u00e0 nuvem<\/h2>\n\n\t\t\t\t\t\t\t\t\t<div class=\"single-cta__description\">\n\t\t\t\t\t\t<p><!-- wp:paragraph --><\/p>\n<p>Descubra como modernizar a gest\u00e3o de RH da sua PME com 7 passos simples:<\/p>\n<p><!-- \/wp:paragraph --><\/p>\n<p><!-- wp:paragraph --><\/p>\n<p>\u2705 Simplifique processos manuais.<br \/>\u2705 Automatize tarefas repetitivas.<br \/>\u2705 Foque-se nas pessoas, n\u00e3o na papelada.<\/p>\n<p><!-- \/wp:paragraph --><\/p>\n\t\t\t\t\t<\/div>\n\t\t\t\t\n\t\t\t\t\t\t\t\t\t\t\t\t\t\t<a\n\t\t\t\t\t\thref=\"#gate-8875e0a7-64f7-4e96-bcf2-09b829b5983e\"\n\t\t\t\t\t\tclass=\"single-cta__button button button--primary\"\n\t\t\t\t\t\t\t\t\t\t\t\t\t\t\t\t\t>\ud83d\udcd8 Descarregue o guia gratuito<\/a>\n\t\t\t\t\t\t\t<\/div>\n\n\t\t\t\t\t<\/div>\n\n\t\t\t\t\t<img decoding=\"async\" width=\"1252\" height=\"810\" src=\"https:\/\/www.sage.com\/pt-pt\/blog\/wp-content\/uploads\/sites\/15\/2025\/10\/1700x1100_A-1252x810.jpg\" class=\"single-cta__image\" alt=\"Sage\" loading=\"lazy\" srcset=\"https:\/\/www.sage.com\/pt-pt\/blog\/wp-content\/uploads\/sites\/15\/2025\/10\/1700x1100_A-1252x810.jpg 1252w\" sizes=\"auto, (min-width: 48em) 33vw, 100vw\" \/>\t\t\t<\/div>\n<\/div>\n\n\n<?xml encoding=\"utf-8\" ?><div class=\"wp-block-yoast-seo-table-of-contents yoast-table-of-contents\"><ul><li><a href=\"#como-lidar-com-o-absentismo-protocolo-para-o-departamento-de-rh\" data-level=\"2\">Como lidar com o absentismo: protocolo para o departamento de RH&nbsp;<\/a><ul><li><a href=\"#identificar-e-registar-a-ausencia\" data-level=\"3\">1. Identificar e registar a aus&ecirc;ncia<\/a><\/li><li><a href=\"#analisar-a-reincidencia-e-o-contexto\" data-level=\"3\">2. Analisar a reincid&ecirc;ncia e o contexto<\/a><\/li><li><a href=\"#comunicar-de-forma-imediata-e-transparente\" data-level=\"3\">3. Comunicar de forma imediata e transparente<\/a><\/li><li><a href=\"#como-lidar-com-o-absentismo-respeitando-o-codigo-do-trabalho\" data-level=\"3\">4. Como lidar com o absentismo respeitando o C&oacute;digo do Trabalho&nbsp;<\/a><\/li><li><a href=\"#reunir-com-o-colaborador\" data-level=\"3\">5. Reunir com o colaborador<\/a><\/li><li><a href=\"#implementar-medidas-corretivas\" data-level=\"3\">6. Implementar medidas corretivas<\/a><\/li><li><a href=\"#gestao-proativa-como-lidar-com-o-absentismo-antes-que-se-repita\" data-level=\"3\">7. Gest&atilde;o proativa: como lidar com o absentismo antes que se repita&nbsp;<\/a><\/li><\/ul><\/li><li><a href=\"#boas-praticas-para-prevenir-o-absentismo-injustificado\" data-level=\"2\">Boas pr&aacute;ticas para prevenir o absentismo injustificado<\/a><\/li><li><a href=\"#como-lidar-com-o-absentismo-erros-que-o-rh-deve-evitar\" data-level=\"2\">Como lidar com o absentismo: erros que o RH deve evitar&nbsp;<\/a><\/li><li><a href=\"#quick-wins-ganhos-rapidos-para-o-rh\" data-level=\"2\">Quick Wins: ganhos r&aacute;pidos para o RH<\/a><\/li><\/ul><\/div>\n\n\n\n<figure class=\"wp-block-pullquote\"><blockquote><p>Experimente a <strong><a href=\"https:\/\/www.sage.com\/pt-pt\/sage-business-cloud\/hr\/\">Sage HR<\/a><\/strong> e simplifique o controlo de presen\u00e7as, justifica\u00e7\u00f5es e relat\u00f3rios em tempo real, mais efici\u00eancia, menos stress.<\/p><\/blockquote><\/figure>\n\n\n\n<h2 class=\"wp-block-heading\" id=\"como-lidar-com-o-absentismo-protocolo-para-o-departamento-de-rh\">Como lidar com o absentismo: protocolo para o departamento de RH&nbsp;<\/h2>\n\n\n\n<p><strong>Gerir faltas injustificadas de forma eficaz<\/strong> requer m\u00e9todo. Este protocolo orienta o RH sobre como lidar com o absentismo desde a identifica\u00e7\u00e3o at\u00e9 \u00e0 resolu\u00e7\u00e3o do problema, <strong>garantindo coer\u00eancia e legalidade em todas as etapas<\/strong>.<\/p>\n\n\n\n<h3 class=\"wp-block-heading\" id=\"identificar-e-registar-a-ausencia\">1. Identificar e registar a aus\u00eancia<\/h3>\n\n\n\n<p>A atua\u00e7\u00e3o come\u00e7a com o <strong>registo rigoroso da falta<\/strong>. O RH deve confirmar se houve comunica\u00e7\u00e3o pr\u00e9via, verificar o motivo e garantir que todos os dados s\u00e3o documentados: dia, hora e impacto operacional. A <strong>digitaliza\u00e7\u00e3o dos processos de RH<\/strong> facilita este passo, permitindo <a href=\"https:\/\/www.sage.com\/pt-pt\/blog\/centralizacao-dados-rh-beneficios-implementacao\/\">centralizar informa\u00e7\u00f5es<\/a> e evitar perdas de registos.<\/p>\n\n\n\n<h3 class=\"wp-block-heading\" id=\"analisar-a-reincidencia-e-o-contexto\">2. Analisar a reincid\u00eancia e o contexto<\/h3>\n\n\n\n<p>Nem toda a aus\u00eancia \u00e9 igual. Antes de avan\u00e7ar, \u00e9 essencial perceber se o <strong>comportamento \u00e9 isolado ou recorrente<\/strong>. Um hist\u00f3rico de absentismo pode revelar sinais de desmotiva\u00e7\u00e3o ou dificuldades pessoais. Com essa an\u00e1lise, o gestor consegue <strong>adotar uma resposta proporcional e justa<\/strong>, um dos segredos de como lidar com o absentismo sem comprometer a rela\u00e7\u00e3o com o colaborador.<\/p>\n\n\n\n<h3 class=\"wp-block-heading\" id=\"comunicar-de-forma-imediata-e-transparente\">3. Comunicar de forma imediata e transparente<\/h3>\n\n\n\n<p><strong>O di\u00e1logo \u00e9 fundamental<\/strong> para quem procura entender como lidar com o absentismo de forma humana e eficaz. O RH deve contactar o colaborador o mais rapidamente poss\u00edvel, de forma discreta e respeitosa, solicitando uma justifica\u00e7\u00e3o formal. Esta comunica\u00e7\u00e3o deve ser documentada e, sempre que poss\u00edvel, acompanhada de um superior hier\u00e1rquico. Agir com rapidez transmite seriedade e mostra que a <strong>empresa valoriza a presen\u00e7a e o compromisso de cada membro da equipa<\/strong>.<\/p>\n\n\n\n<h3 class=\"wp-block-heading\" id=\"como-lidar-com-o-absentismo-respeitando-o-codigo-do-trabalho\">4. Como lidar com o absentismo respeitando o C\u00f3digo do Trabalho&nbsp;<\/h3>\n\n\n\n<p>Parte essencial de como lidar com o absentismo \u00e9 compreender o enquadramento legal que o regula. <strong>O C\u00f3digo do Trabalho portugu\u00eas<\/strong> define que uma falta \u00e9 injustificada quando o colaborador n\u00e3o apresenta motivo v\u00e1lido nem comunica previamente a aus\u00eancia.&nbsp;<\/p>\n\n\n\n<p>As faltas injustificadas implicam perda de retribui\u00e7\u00e3o e, em caso de reincid\u00eancia grave, podem constituir justa causa para despedimento. O RH deve assegurar-se de que <strong>todas as medidas seguem o enquadramento legal<\/strong> e est\u00e3o devidamente documentadas.<\/p>\n\n\n\n<h3 class=\"wp-block-heading\" id=\"reunir-com-o-colaborador\">5. Reunir com o colaborador<\/h3>\n\n\n\n<p>Depois da an\u00e1lise e do registo, \u00e9 importante realizar uma reuni\u00e3o formal. Este momento \u00e9 decisivo para refor\u00e7ar pr\u00e1ticas sobre como lidar com o absentismo dentro da empresa.&nbsp;<\/p>\n\n\n\n<p>O objetivo n\u00e3o \u00e9 punir, mas compreender o motivo da falta e <strong>refor\u00e7ar a import\u00e2ncia da assiduidade<\/strong>. Esta conversa deve ser emp\u00e1tica, mas firme. \u00c9 uma oportunidade para refor\u00e7ar os valores da empresa e deixar claro que o absentismo prejudica toda a equipa.<\/p>\n\n\n\n<h3 class=\"wp-block-heading\" id=\"implementar-medidas-corretivas\">6. Implementar medidas corretivas<\/h3>\n\n\n\n<p>Com base nas conclus\u00f5es da reuni\u00e3o, podem <strong>ser definidas medidas proporcionais<\/strong> quando se justificarem por comportamentos indevidos: advert\u00eancia verbal, nota de ocorr\u00eancia ou penaliza\u00e7\u00e3o conforme o regulamento interno.&nbsp;<\/p>\n\n\n\n<p>Paralelamente, o RH pode propor acompanhamento adicional, forma\u00e7\u00e3o, reorganiza\u00e7\u00e3o de <a href=\"https:\/\/www.sage.com\/pt-pt\/blog\/gestao-de-horarios\/\">hor\u00e1rios<\/a> ou apoio psicol\u00f3gico, porque a <strong>empresa deve preocupar-se com o bem-estar dos colaboradores<\/strong>.<\/p>\n\n\n\n<h3 class=\"wp-block-heading\" id=\"gestao-proativa-como-lidar-com-o-absentismo-antes-que-se-repita\">7. Gest\u00e3o proativa: como lidar com o absentismo antes que se repita&nbsp;<\/h3>\n\n\n\n<p>Por fim, o departamento de RH deve acompanhar os resultados ao longo do tempo. <strong>A monitoriza\u00e7\u00e3o<\/strong> permite perceber se as medidas aplicadas foram eficazes e identificar sinais de novos epis\u00f3dios. A <a href=\"https:\/\/www.sage.com\/pt-pt\/blog\/integracao-de-novas-tecnologias-no-rh\/\">tecnologia<\/a> \u00e9 uma aliada poderosa: <strong>ferramentas digitais de gest\u00e3o de assiduidade<\/strong> ajudam a prevenir falhas, detetar padr\u00f5es e melhorar o planeamento interno.<\/p>\n\n\n\n<figure class=\"wp-block-pullquote\"><blockquote><p>A digitaliza\u00e7\u00e3o dos processos de RH facilita a monitoriza\u00e7\u00e3o do absentismo, ao centralizar informa\u00e7\u00f5es e evitar a perda de registos.<\/p><\/blockquote><\/figure>\n\n\n\n<h2 class=\"wp-block-heading\" id=\"boas-praticas-para-prevenir-o-absentismo-injustificado\">Boas pr\u00e1ticas para prevenir o absentismo injustificado<\/h2>\n\n\n\n<p><strong>Adotar boas pr\u00e1ticas<\/strong> \u00e9 essencial para compreender como lidar com o absentismo de forma preventiva e sustent\u00e1vel no ambiente de trabalho.<\/p>\n\n\n\n<ul class=\"wp-block-list\">\n<li><strong>Promover a comunica\u00e7\u00e3o cont\u00ednua:<\/strong> reuni\u00f5es regulares entre l\u00edderes e equipas evitam que pequenos problemas evoluam para aus\u00eancias prolongadas.<\/li>\n\n\n\n<li><strong>Reconhecer o <\/strong><a href=\"https:\/\/www.sage.com\/pt-pt\/blog\/beneficios-e-dificuldades-avaliacoes-desempenho\/\"><strong>desempenho<\/strong><\/a><strong>:<\/strong> colaboradores valorizados tendem a apresentar maior compromisso.<\/li>\n\n\n\n<li><strong>Oferecer <\/strong><a href=\"https:\/\/www.sage.com\/pt-pt\/blog\/flexibilidade-laboral-gestao-de-tempo\/\"><strong>flexibilidade<\/strong><\/a><strong> controlada:<\/strong> hor\u00e1rios adapt\u00e1veis reduzem o stress e equilibram as necessidades pessoais e profissionais.<\/li>\n\n\n\n<li><strong>Formar as <\/strong><a href=\"https:\/\/www.sage.com\/pt-pt\/blog\/x-e-y-lideranca-segundo-mcgregor\/\"><strong>lideran\u00e7as<\/strong><\/a><strong>:<\/strong> um l\u00edder preparado identifica sinais de desmotiva\u00e7\u00e3o antes que se transformem em absentismo.<\/li>\n<\/ul>\n\n\n\n<h2 class=\"wp-block-heading\" id=\"como-lidar-com-o-absentismo-erros-que-o-rh-deve-evitar\">Como lidar com o absentismo: erros que o RH deve evitar&nbsp;<\/h2>\n\n\n\n<p>Reconhecer os erros a tempo \u00e9 fundamental para evitar conflitos e problemas mais graves no futuro:<\/p>\n\n\n\n<ul class=\"wp-block-list\">\n<li><strong>Ignorar a primeira aus\u00eancia:<\/strong> pode parecer um caso isolado, mas o sil\u00eancio do RH transmite permissividade.<\/li>\n\n\n\n<li><strong>Exagerar na puni\u00e7\u00e3o:<\/strong> agir de forma desproporcional quebra a confian\u00e7a e agrava o problema.<\/li>\n\n\n\n<li><strong>N\u00e3o documentar os factos:<\/strong> a falta de registos \u00e9 um erro grave que compromete qualquer a\u00e7\u00e3o disciplinar.<\/li>\n\n\n\n<li><strong>Desconsiderar o contexto pessoal:<\/strong> empatia n\u00e3o significa fraqueza, \u00e9 uma <a href=\"https:\/\/www.sage.com\/pt-pt\/blog\/ferramentas-departamento-recursos-humanos-uma-so-pessoa\/\">ferramenta<\/a> de gest\u00e3o inteligente.<\/li>\n<\/ul>\n\n\n\n<h2 class=\"wp-block-heading\" id=\"quick-wins-ganhos-rapidos-para-o-rh\">Quick Wins: ganhos r\u00e1pidos para o RH<\/h2>\n\n\n\n<p>Para al\u00e9m das estrat\u00e9gias de longo prazo, existem a\u00e7\u00f5es imediatas que podem melhorar a gest\u00e3o do absentismo e aumentar a efici\u00eancia do departamento de RH:<\/p>\n\n\n\n<ul class=\"wp-block-list\">\n<li><strong>Centralizar registos digitais de presen\u00e7a<\/strong>, uma base \u00fanica reduz erros e agiliza relat\u00f3rios.<\/li>\n\n\n\n<li><strong>Criar alertas autom\u00e1ticos<\/strong> para aus\u00eancias n\u00e3o justificadas.<\/li>\n\n\n\n<li><strong>Definir respostas padr\u00e3o<\/strong> para diferentes n\u00edveis de reincid\u00eancia.<\/li>\n\n\n\n<li><strong>Integrar a comunica\u00e7\u00e3o entre RH e chefias<\/strong> atrav\u00e9s de plataformas colaborativas.<\/li>\n\n\n\n<li><strong>Divulgar pol\u00edticas claras de assiduidade<\/strong> no <a href=\"https:\/\/www.sage.com\/pt-pt\/blog\/melhorar-experiencia-colaborador-onboarding-retencao-talentos\/\"><em>onboarding<\/em><\/a> de novos colaboradores.<\/li>\n<\/ul>\n\n\n\n<figure class=\"wp-block-pullquote\"><blockquote><p>Adotar boas pr\u00e1ticas \u00e9 o primeiro passo para compreender como lidar com o absentismo de forma preventiva e sustent\u00e1vel, comece hoje a construir uma cultura de responsabilidade e presen\u00e7a.<\/p><\/blockquote><\/figure>\n\n\n\n<p>Gerir o absentismo injustificado exige <a href=\"https:\/\/www.sage.com\/pt-pt\/blog\/work-life-balance-pr-ticas-organizacionais-para-encontrar-o-equilibrio-entre-o-trabalho-e-a-vida-pessoal\/\">equil\u00edbrio<\/a> entre rigor e empatia. O protocolo proposto ajuda as PME a aplicar as normas de forma coerente, evitando decis\u00f5es impulsivas ou injustas. Ao compreender como lidar com o absentismo, o departamento de RH transforma um problema recorrente numa <strong>oportunidade de refor\u00e7ar a cultura organizacional e promover maior responsabilidade entre todos<\/strong>.<\/p>\n\n\n\n<div class=\"single-cta gated-content\">\n\t<div class=\"single-cta__positioner\">\n\t\t<div class=\"single-cta__wrapper has-dark-background-color\">\n\t\t\t<div class=\"single-cta__content\">\n\t\t\t\t\t\t\t\t<h2 class=\"single-cta__title h3\">Kit departamentos de RH de uma s\u00f3 pessoa<\/h2>\n\n\t\t\t\t\t\t\t\t\t<div class=\"single-cta__description\">\n\t\t\t\t\t\t<p><!-- wp:paragraph --><\/p>\n<p>Tudo o que precisa para gerir o seu departamento de forma mais eficaz:<\/p>\n<p><!-- \/wp:paragraph --><\/p>\n<p><!-- wp:paragraph --><\/p>\n<p>\u2705Modelo de question\u00e1rio de clima organizacional<br \/>\u2705Checklist de feedback construtivo<br \/>\u2705Infografia sobre o processo de onboarding<\/p>\n<p><!-- \/wp:paragraph --><\/p>\n\t\t\t\t\t<\/div>\n\t\t\t\t\n\t\t\t\t\t\t\t\t\t\t\t\t\t\t<a\n\t\t\t\t\t\thref=\"#gate-e9d262d6-58a5-44fc-8d89-f5dc79c3cdda\"\n\t\t\t\t\t\tclass=\"single-cta__button button button--primary\"\n\t\t\t\t\t\t\t\t\t\t\t\t\t\t\t\t\t>Quero o meu KIT gratuito<\/a>\n\t\t\t\t\t\t\t<\/div>\n\n\t\t\t\t\t<\/div>\n\n\t\t\t\t\t<img decoding=\"async\" width=\"1252\" height=\"810\" src=\"https:\/\/www.sage.com\/pt-pt\/blog\/wp-content\/uploads\/sites\/15\/2025\/09\/1700x1100_4.2-1252x810.jpg\" class=\"single-cta__image\" alt=\"Sage\" loading=\"lazy\" srcset=\"https:\/\/www.sage.com\/pt-pt\/blog\/wp-content\/uploads\/sites\/15\/2025\/09\/1700x1100_4.2-1252x810.jpg 1252w\" sizes=\"auto, (min-width: 48em) 33vw, 100vw\" \/>\t\t\t<\/div>\n<\/div>\n","protected":false},"excerpt":{"rendered":"<p>Descubra como lidar com o absentismo em PME com um protocolo pr\u00e1tico, legal e humano. Aprenda a gerir faltas injustificadas.<\/p>\n","protected":false},"author":1826,"featured_media":11580,"comment_status":"closed","ping_status":"closed","sticky":false,"template":"","format":"standard","meta":{"_sage_video":false,"post_featured_image_hide":false,"footnotes":""},"categories":[15],"tags":[229,102,241,222],"business_type":[3],"context":[],"industry":[],"persona":[],"imagine_tag":[184],"coauthors":[488],"class_list":["post-12180","post","type-post","status-publish","format-standard","has-post-thumbnail","hentry","category-rh-e-lideranca","tag-colaboradores","tag-empregar-pessoas-pela-primeira-vez","tag-equipa","tag-recursos-humanos","business_type-medias-empresas"],"sage_meta":{"region":"pt-pt","author_name":"Ana Cala\u00e7a","featured_image":"https:\/\/www.sage.com\/pt-pt\/blog\/wp-content\/uploads\/sites\/15\/2025\/07\/BrandShoot-US_Mar2025_Construction-Commerical_0752-low.jpg","imagine_tags":{"184":"Software de Recursos Humanos"}},"distributor_meta":false,"distributor_terms":false,"distributor_media":false,"distributor_original_site_name":"Sage Advice Portugal","distributor_original_site_url":"https:\/\/www.sage.com\/pt-pt\/blog","push-errors":false,"_links":{"self":[{"href":"https:\/\/www.sage.com\/pt-pt\/blog\/api\/wp\/v2\/posts\/12180","targetHints":{"allow":["GET"]}}],"collection":[{"href":"https:\/\/www.sage.com\/pt-pt\/blog\/api\/wp\/v2\/posts"}],"about":[{"href":"https:\/\/www.sage.com\/pt-pt\/blog\/api\/wp\/v2\/types\/post"}],"author":[{"embeddable":true,"href":"https:\/\/www.sage.com\/pt-pt\/blog\/api\/wp\/v2\/users\/1826"}],"replies":[{"embeddable":true,"href":"https:\/\/www.sage.com\/pt-pt\/blog\/api\/wp\/v2\/comments?post=12180"}],"version-history":[{"count":0,"href":"https:\/\/www.sage.com\/pt-pt\/blog\/api\/wp\/v2\/posts\/12180\/revisions"}],"wp:featuredmedia":[{"embeddable":true,"href":"https:\/\/www.sage.com\/pt-pt\/blog\/api\/wp\/v2\/media\/11580"}],"wp:attachment":[{"href":"https:\/\/www.sage.com\/pt-pt\/blog\/api\/wp\/v2\/media?parent=12180"}],"wp:term":[{"taxonomy":"category","embeddable":true,"href":"https:\/\/www.sage.com\/pt-pt\/blog\/api\/wp\/v2\/categories?post=12180"},{"taxonomy":"post_tag","embeddable":true,"href":"https:\/\/www.sage.com\/pt-pt\/blog\/api\/wp\/v2\/tags?post=12180"},{"taxonomy":"business_type","embeddable":true,"href":"https:\/\/www.sage.com\/pt-pt\/blog\/api\/wp\/v2\/business_type?post=12180"},{"taxonomy":"context","embeddable":true,"href":"https:\/\/www.sage.com\/pt-pt\/blog\/api\/wp\/v2\/context?post=12180"},{"taxonomy":"industry","embeddable":true,"href":"https:\/\/www.sage.com\/pt-pt\/blog\/api\/wp\/v2\/industry?post=12180"},{"taxonomy":"persona","embeddable":true,"href":"https:\/\/www.sage.com\/pt-pt\/blog\/api\/wp\/v2\/persona?post=12180"},{"taxonomy":"imagine_tag","embeddable":true,"href":"https:\/\/www.sage.com\/pt-pt\/blog\/api\/wp\/v2\/imagine_tag?post=12180"},{"taxonomy":"author","embeddable":true,"href":"https:\/\/www.sage.com\/pt-pt\/blog\/api\/wp\/v2\/coauthors?post=12180"}],"curies":[{"name":"wp","href":"https:\/\/api.w.org\/{rel}","templated":true}]}}