{"id":13605,"date":"2026-02-20T11:06:12","date_gmt":"2026-02-20T11:06:12","guid":{"rendered":"https:\/\/www.sage.com\/pt-pt\/blog\/?p=13605"},"modified":"2026-02-20T11:06:13","modified_gmt":"2026-02-20T11:06:13","slug":"regime-fiscal-alojamento-local-novas-taxas","status":"publish","type":"post","link":"https:\/\/www.sage.com\/pt-pt\/blog\/regime-fiscal-alojamento-local-novas-taxas\/","title":{"rendered":"A fiscalidade no alojamento local e imobili\u00e1rio: O que muda com as novas taxas"},"content":{"rendered":"<header class=\"entry-header has-dark-background-color entry-header--has-illustration entry-header--has-illustration--generic\">\n\t<div class=\"container\">\n\t\t<div class=\"entry-header__row row align-center\">\n\t\t\t<div class=\"col col-lg-7 col-xlg-6 entry-header__content\">\n\t\t\t\t\t\t\t<div class=\"component component-single-header\">\n\t\t\t\t\t\t\t\t\t\t<div class=\"entry-header__misc text--subtitle text--uppercase text--small\">\n\t\t\t\t\t\t\t<a href=\"https:\/\/www.sage.com\/pt-pt\/blog\/category\/estrategia-legal-e-processos\/\" class=\"entry-header__link\">Estrat\u00e9gia, Legal e Processos<\/a>\t\t\t\t\t\t<\/div>\n\t\t\t\t\n\t\t\t\t<div class=\"entry-title-wrapper\">\n\t\t\t\t\t<h1 class=\"entry-title\">\n\t\t\t\t\t\tA fiscalidade no alojamento local e imobili\u00e1rio: O que muda com as novas taxas\t\t\t\t\t<\/h1>\n\t\t\t\t<\/div>\n\n\t\t\t\t\t\t\t\t\t<p class=\"entry-header__description\">\n\t\t\t\t\t\t\t\t\t\t\t<\/p>\n\t\t\t\t\n\t\t\t\t\n\t\t\t\t\n\t\t\t<\/div>\n\n\t\t\t\t\t<\/div>\n\t\t\t\t\t<\/div>\n\t<\/div>\n\t<div class=\"single-post-details container\">\n\t\t<div class=\"col\">\n\t\t\t<span class=\"posted-on \"><time class=\"entry-date published\" datetime=\"2026-02-20T11:06:12+00:00\">February 20, 2026<\/time><\/span><span class=\"reading-time\"> minutos de leitura<\/span>\n\t\t<button\n\t\t\ttype=\"button\"\n\t\t\tclass=\"social-share-button button button--icon button--secondary js-social-share-button\"\n\t\t\tdata-share-title=\"A fiscalidade no alojamento local e imobili\u00e1rio: O que muda com as novas taxas\"\n\t\t\tdata-share-url=\"https:\/\/www.sage.com\/pt-pt\/blog\/regime-fiscal-alojamento-local-novas-taxas\/\"\n\t\t\tdata-share-text=\"Por favor, leia este artigo interessante\"\n\t\t>\n\t\t\t<span class=\"social-share-button__share-label\">Partilhar<\/span>\n\t\t\t<span class=\"social-share-button__copy-label\" hidden>Copiar link<\/span>\n\t\t\t<span class=\"social-share-button__copy-tooltip\" aria-hidden=\"true\" hidden>Copiada<\/span>\n\t\t<\/button>\n\n\t\t\t\t<\/div>\n\t<\/div>\n<\/header>\n\n\n\n<div class=\"wp-block-post-author has-dark-background-color alignfull\">\n\t<div class=\"container\">\n\t\t<div class=\"col\">\n\t\t\t\t\t\t\t<div class=\"co-authors\">\n\t\t\t\t\t\n\t\t<div class=\"entry-author-wrapper\">\n\t\t\t<a class=\"entry-author\" href=\"https:\/\/www.sage.com\/pt-pt\/blog\/author\/pedroribeiro\/\">\n\t\t\t\t<img loading=\"lazy\" decoding=\"async\" width=\"40\" height=\"40\" src=\"https:\/\/www.sage.com\/pt-pt\/blog\/wp-content\/uploads\/sites\/15\/2024\/06\/Sage-Advice-YT-logo-1-1-350x350.webp\" class=\"entry-author__image\" alt=\"Sage Advice Logo\" srcset=\"https:\/\/www.sage.com\/pt-pt\/blog\/wp-content\/uploads\/sites\/15\/2024\/06\/Sage-Advice-YT-logo-1-1-350x350.webp 350w, https:\/\/www.sage.com\/pt-pt\/blog\/wp-content\/uploads\/sites\/15\/2024\/06\/Sage-Advice-YT-logo-1-1.webp 500w\" sizes=\"auto, (max-width: 40px) 100vw, 40px\" \/>\t\t\t\t<span class=\"entry-author__name\">Pedro Ribeiro<\/span>\n\t\t\t<\/a>\n\n\t\t\t\t\t<\/div>\n\n\t\t\t\t\t\t<\/div>\n\t\t\t\t\t<\/div>\n\t<\/div>\n<\/div>\n\n\n\n<p class=\"has-paragraph-medium-font-size\">Como o regime fiscal do alojamento local evoluiu e o que realmente muda na pr\u00e1tica.<\/p>\n\n\n\n<ul class=\"wp-block-list\">\n<li>O debate fiscal em torno do alojamento local continua a influenciar decis\u00f5es de investimento imobili\u00e1rio.<\/li>\n\n\n\n<li>Deste modo, conhecer o regime fiscal do alojamento local torna-se central na an\u00e1lise de rentabilidade e conformidade fiscal.<\/li>\n<\/ul>\n\n\n\n<p>Nos \u00faltimos tempos, o debate em torno da <strong>fiscalidade do alojamento local<\/strong> e do imobili\u00e1rio intensificou-se.&nbsp;<\/p>\n\n\n\n<p>De facto, as altera\u00e7\u00f5es \u00e0s taxas e aos enquadramentos fiscais <strong>t\u00eam impacto direto na oferta habitacional<\/strong>, no investimento e na economia local.&nbsp;<\/p>\n\n\n\n<p>Nesta medida, compreender o regime fiscal do alojamento local \u00e9 essencial para empres\u00e1rios, investidores e contabilistas.<\/p>\n\n\n\n<p><em><mark class=\"highlight-and-share\"><strong>PARTILHE! <\/strong>O regime fiscal do alojamento local mudou menos do que parece. O essencial \u00e9 saber o que est\u00e1 em vigor e o que foi revogado.<\/mark><\/em><\/p>\n\n\n\n<div class=\"single-cta gated-content\">\n\t<div class=\"single-cta__positioner\">\n\t\t<div class=\"single-cta__wrapper has-dark-background-color\">\n\t\t\t<div class=\"single-cta__content\">\n\t\t\t\t\t\t\t\t<h2 class=\"single-cta__title h3\">Calend\u00e1rio Fiscal 2026<\/h2>\n\n\t\t\t\t\t\t\t\t\t<div class=\"single-cta__description\">\n\t\t\t\t\t\t<p><!-- wp:paragraph --><\/p>\n<p>Obtenha gratuitamente \ud83d\udce5 a sua vers\u00e3o do calend\u00e1rio em formatos PDF e Outlook com prazos fiscais, datas importantes e recomenda\u00e7\u00f5es para evitar san\u00e7\u00f5es. Descarregue agora!<\/p>\n<p><!-- \/wp:paragraph --><\/p>\n\t\t\t\t\t<\/div>\n\t\t\t\t\n\t\t\t\t\t\t\t\t\t\t\t\t\t\t<a\n\t\t\t\t\t\thref=\"#gate-1504af97-b525-4c50-b4c8-7cd80f9fe490\"\n\t\t\t\t\t\tclass=\"single-cta__button button button--primary\"\n\t\t\t\t\t\t\t\t\t\t\t\t\t\t\t\t\t>Obtenha j\u00e1 o seu calend\u00e1rio GRATUITO!<\/a>\n\t\t\t\t\t\t\t<\/div>\n\n\t\t\t\t\t<\/div>\n\n\t\t\t\t\t<img decoding=\"async\" width=\"1252\" height=\"810\" src=\"https:\/\/www.sage.com\/pt-pt\/blog\/wp-content\/uploads\/sites\/15\/2025\/02\/1700x1100-1-1252x810.jpg\" class=\"single-cta__image\" alt=\"Sage\" loading=\"lazy\" srcset=\"https:\/\/www.sage.com\/pt-pt\/blog\/wp-content\/uploads\/sites\/15\/2025\/02\/1700x1100-1-1252x810.jpg 1252w\" sizes=\"auto, (min-width: 48em) 33vw, 100vw\" \/>\t\t\t<\/div>\n<\/div>\n\n\n\n<h2 class=\"wp-block-heading\">\u00cdndice do post<\/h2>\n\n\n<?xml encoding=\"utf-8\" ?><div class=\"wp-block-yoast-seo-table-of-contents yoast-table-of-contents\"><ul><li><a href=\"#o-enquadramento-atual-do-regime-fiscal-do-alojamento-local\" data-level=\"2\">O enquadramento atual do regime fiscal do alojamento local<\/a><\/li><li><a href=\"#incerteza-regulatoria-e-efeito-psicologico-no-investimento\" data-level=\"2\">Incerteza regulat&oacute;ria e efeito psicol&oacute;gico no investimento<\/a><\/li><li><a href=\"#como-o-regime-fiscal-do-alojamento-local-afeta-a-habitacao\" data-level=\"2\">Como o regime fiscal do alojamento local afeta a habita&ccedil;&atilde;o<\/a><\/li><li><a href=\"#consequencias-para-a-economia-local-e-para-os-negocios\" data-level=\"2\">Consequ&ecirc;ncias para a economia local e para os neg&oacute;cios<\/a><\/li><li><a href=\"#o-papel-do-contabilista-num-contexto-fiscal-mais-exigente\" data-level=\"2\">O papel do contabilista num contexto fiscal mais exigente<\/a><\/li><li><a href=\"#tecnologia-como-aliada-na-gestao-fiscal\" data-level=\"2\">Tecnologia como aliada na gest&atilde;o fiscal<\/a><\/li><\/ul><\/div>\n\n\n\n<h2 class=\"wp-block-heading\" id=\"o-enquadramento-atual-do-regime-fiscal-do-alojamento-local\">O enquadramento atual do regime fiscal do alojamento local<\/h2>\n\n\n\n<p>O <strong>regime fiscal do alojamento local<\/strong> assenta, atualmente, num conjunto de regras que variam conforme o enquadramento do titular dos rendimentos.<\/p>\n\n\n\n<p>Em termos pr\u00e1ticos, os rendimentos podem ser <strong>tributados na categoria B ou F<\/strong> do <a href=\"https:\/\/info.portaldasfinancas.gov.pt\/pt\/informacao_fiscal\/codigos_tributarios\/cirs_rep\/Pages\/codigo-do-irs-indice.aspx\">IRS<\/a>. No caso das empresas, aplicam-se as regras de IRC.<\/p>\n\n\n\n<p>Contudo, foram criadas ao longo do tempo novas taxas como a <a href=\"https:\/\/www.rfflawyers.com\/pt\/know-how\/newsletters\/a-extincao-da-contribuicao-extraordinaria-sobre-o-alojamento-local-ceal\/5094\/\">Contribui\u00e7\u00e3o Extraordin\u00e1ria sobre o Alojamento Local (CEAL)<\/a>, a qual incidia sobre o valor patrimonial tribut\u00e1rio dos im\u00f3veis afetos a alojamento local, com uma <strong>taxa base de 15%,<\/strong> sujeita a coeficientes de ajustamento. Isto foi, progressivamente tornando enquadramento mais exigente.&nbsp;<\/p>\n\n\n\n<p>Importa sublinhar, no entanto, que a CEAL, amplamente discutida em 2023, foi revogada e n\u00e3o produz efeitos fiscais atualmente. Assim, n\u00e3o existe qualquer taxa extraordin\u00e1ria anual espec\u00edfica sobre im\u00f3veis afetos a alojamento local.<\/p>\n\n\n\n<p>De qualquer modo, o enquadramento fiscal do alojamento local deixa de ser uniforme e exige, sempre, uma an\u00e1lise caso a caso.<\/p>\n\n\n\n<figure class=\"wp-block-pullquote\"><blockquote><p>A complexidade crescente do regime fiscal do alojamento local exige planeamento, simula\u00e7\u00e3o e acompanhamento cont\u00ednuo por parte de profissionais qualificados.<\/p><\/blockquote><\/figure>\n\n\n\n<h2 class=\"wp-block-heading\" id=\"incerteza-regulatoria-e-efeito-psicologico-no-investimento\">Incerteza regulat\u00f3ria e efeito psicol\u00f3gico no investimento<\/h2>\n\n\n\n<p>Paralelamente ao alojamento local, os im\u00f3veis de elevado valor patrimonial (segmento luxo) passaram a estar no centro do debate fiscal.&nbsp;<\/p>\n\n\n\n<p>De facto, o refor\u00e7o da tributa\u00e7\u00e3o sobre <strong>im\u00f3veis de luxo<\/strong> visa aumentar a receita p\u00fablica e promover maior justi\u00e7a fiscal.<\/p>\n\n\n\n<p>Estas medidas <strong>incluem agravamentos<\/strong> no IMI e no AIMI, bem como altera\u00e7\u00f5es \u00e0 tributa\u00e7\u00e3o das mais-valias.<\/p>\n\n\n\n<p>Neste contexto, investidores com portef\u00f3lios imobili\u00e1rios diversificados ir\u00e3o provavelmente sentir um impacto direto na <a href=\"https:\/\/www.sage.com\/pt-pt\/blog\/5-dicas-para-economizar-recursos-financeiros\/\">rentabilidade l\u00edquida<\/a>.<\/p>\n\n\n\n<p>Por conseguinte, a fiscalidade do alojamento local cruza-se com a fiscalidade imobili\u00e1ria mais ampla. Assim, decis\u00f5es que antes eram simples passam a exigir simula\u00e7\u00f5es financeiras rigorosas.<\/p>\n\n\n\n<p>Al\u00e9m disso, a possibilidade de futuras revis\u00f5es mant\u00e9m-se no discurso pol\u00edtico, o que refor\u00e7a a necessidade de acompanhamento cont\u00ednuo.<\/p>\n\n\n\n<h2 class=\"wp-block-heading\" id=\"como-o-regime-fiscal-do-alojamento-local-afeta-a-habitacao\">Como o regime fiscal do alojamento local afeta a habita\u00e7\u00e3o<\/h2>\n\n\n\n<p>Um dos principais argumentos a favor das <strong>novas taxas<\/strong> prende-se com o acesso \u00e0 habita\u00e7\u00e3o. Segundo esta perspetiva, a press\u00e3o fiscal sobre o alojamento local poder\u00e1 <strong>libertar im\u00f3veis<\/strong> para arrendamento habitacional.<\/p>\n\n\n\n<p>No entanto, os efeitos n\u00e3o s\u00e3o lineares. Em algumas zonas, a redu\u00e7\u00e3o da oferta de alojamento local pode diminuir a atratividade tur\u00edstica. Deste modo, a economia local pode ressentir-se.<\/p>\n\n\n\n<p>Al\u00e9m disso, o <a href=\"https:\/\/www.sage.com\/pt-pt\/blog\/como-preparar-empresa-auditoria-surpresa\/\">aumento da carga fiscal<\/a> pode levar <strong>pequenos propriet\u00e1rios a abandonar o mercado<\/strong>. Nesta medida, o regime fiscal do alojamento local influencia n\u00e3o apenas pre\u00e7os, mas tamb\u00e9m a estrutura do mercado.<\/p>\n\n\n\n<h2 class=\"wp-block-heading\" id=\"consequencias-para-a-economia-local-e-para-os-negocios\">Consequ\u00eancias para a economia local e para os neg\u00f3cios<\/h2>\n\n\n\n<p>O <strong>alojamento local<\/strong> tem sido um motor econ\u00f3mico em muitas cidades. De facto, gera emprego, dinamiza o com\u00e9rcio e atrai investimento estrangeiro. Assim, <strong>altera\u00e7\u00f5es fiscais<\/strong> abruptas podem ter <strong>efeitos indiretos significativos<\/strong>.<\/p>\n\n\n\n<p>Por outro lado, a receita fiscal adicional pode ser canalizada para pol\u00edticas de habita\u00e7\u00e3o e infraestruturas. Deste modo, o equil\u00edbrio entre tributa\u00e7\u00e3o e desenvolvimento econ\u00f3mico torna-se essencial.<\/p>\n\n\n\n<p>Neste cen\u00e1rio, o <strong>regime fiscal do alojamento local<\/strong> deve ser encarado como um <strong>instrumento de pol\u00edtica econ\u00f3mica.<\/strong> Contudo, a sua aplica\u00e7\u00e3o exige previsibilidade e clareza.<\/p>\n\n\n\n<h2 class=\"wp-block-heading\" id=\"o-papel-do-contabilista-num-contexto-fiscal-mais-exigente\">O papel do contabilista num contexto fiscal mais exigente<\/h2>\n\n\n\n<p>Perante este enquadramento, <strong>o contabilista assume um papel estrat\u00e9gico<\/strong>. J\u00e1 n\u00e3o se limita ao cumprimento de obriga\u00e7\u00f5es declarativas. Pelo contr\u00e1rio, passa a <strong>apoiar decis\u00f5es de investimento<\/strong> e planeamento fiscal.<\/p>\n\n\n\n<p>A an\u00e1lise da&nbsp;regras fiscais aplic\u00e1veis ao alojamento local implica avaliar enquadramentos alternativos, <strong>impactos de novas taxas<\/strong> e riscos de incumprimento. Al\u00e9m disso, a atualiza\u00e7\u00e3o constante da legisla\u00e7\u00e3o torna-se indispens\u00e1vel.<\/p>\n\n\n\n<p>Neste ponto, <a href=\"https:\/\/www.sage.com\/pt-pt\/blog\/gestao-riscos-empresariais-digitalizacao\/\">ferramentas digitais<\/a> de apoio \u00e0 contabilidade ganham relev\u00e2ncia: automatizar processos permite libertar tempo para an\u00e1lise e aconselhamento.<\/p>\n\n\n\n<h2 class=\"wp-block-heading\" id=\"tecnologia-como-aliada-na-gestao-fiscal\">Tecnologia como aliada na gest\u00e3o fiscal<\/h2>\n\n\n\n<p>A gest\u00e3o eficaz da fiscalidade imobili\u00e1ria depende de <strong>informa\u00e7\u00e3o fi\u00e1vel e atualizada<\/strong>. Neste sentido, <strong>solu\u00e7\u00f5es digitais<\/strong> permitem consolidar dados, controlar prazos e reduzir erros.<\/p>\n\n\n\n<p>Al\u00e9m disso, plataformas especializadas ajudam a simular cen\u00e1rios fiscais e a antecipar impactos de novas taxas. Deste modo, <a href=\"https:\/\/www.sage.com\/pt-pt\/blog\/ser-o-melhor-especialista-em-contabilidade\/\">o contabilista refor\u00e7a o seu papel consultivo junto dos clientes<\/a>.<\/p>\n\n\n\n<p>A <strong>utiliza\u00e7\u00e3o de software<\/strong> adequado torna-se, assim, um fator cr\u00edtico para lidar com uma fiscalidade do alojamento local cada vez mais complexo.<\/p>\n\n\n\n<p>As <strong>novas taxas sobre o alojamento local<\/strong> e os im\u00f3veis de luxo est\u00e3o a transformar o mercado imobili\u00e1rio. Neste contexto, compreender o enquadramento fiscal do alojamento local \u00e9 essencial para decis\u00f5es informadas e sustent\u00e1veis.<\/p>\n\n\n\n<p>Gerir a complexidade fiscal exige mais do que conhecimento t\u00e9cnico. Com o <a href=\"https:\/\/www.google.com\/aclk?sa=L&amp;ai=DChsSEwjPocbQtouSAxXzQEECHa2eK1cYACICCAEQABoCd3M&amp;ae=2&amp;co=1&amp;gclid=CjwKCAiAmp3LBhAkEiwAJM2JUP71VX5onL8nED4FKJkBgGi68kwin60hgAnx3_TMs6RX3ynS83m36RoCBHIQAvD_BwE&amp;cce=2&amp;sig=AOD64_2XZxoQfV5Y_Y6AzLpixPzJJikaNA&amp;q&amp;adurl&amp;ved=2ahUKEwjHtMDQtouSAxXVfKQEHZcNPM8Q0Qx6BAgVEAE\">Sage for Accountants<\/a>, tens uma plataforma que apoia o cumprimento, a an\u00e1lise e o aconselhamento fiscal, ajudando-te a criar mais valor para os teus clientes.<\/p>\n\n\n\n<div class=\"single-cta gated-content\">\n\t<div class=\"single-cta__positioner\">\n\t\t<div class=\"single-cta__wrapper has-dark-background-color\">\n\t\t\t<div class=\"single-cta__content\">\n\t\t\t\t\t\t\t\t<h2 class=\"single-cta__title h3\">Calend\u00e1rio Fiscal 2026<\/h2>\n\n\t\t\t\t\t\t\t\t\t<div class=\"single-cta__description\">\n\t\t\t\t\t\t<p><!-- wp:paragraph --><\/p>\n<p>Aqui est\u00e1 a sua vers\u00e3o em formato PDF e Outlook:<\/p>\n<p><!-- \/wp:paragraph --><\/p>\n<p><!-- wp:paragraph --><\/p>\n<p>\u2705 Prazos para entrega de declara\u00e7\u00f5es e obriga\u00e7\u00f5es fiscais.<br \/>\u2705 Datas essenciais para a liquida\u00e7\u00e3o de impostos e contribui\u00e7\u00f5es.<br \/>\u2705 Recomenda\u00e7\u00f5es para evitar san\u00e7\u00f5es.<\/p>\n<p><!-- \/wp:paragraph --><\/p>\n\t\t\t\t\t<\/div>\n\t\t\t\t\n\t\t\t\t\t\t\t\t\t\t\t\t\t\t<a\n\t\t\t\t\t\thref=\"#gate-1504af97-b525-4c50-b4c8-7cd80f9fe490\"\n\t\t\t\t\t\tclass=\"single-cta__button button button--primary\"\n\t\t\t\t\t\t\t\t\t\t\t\t\t\t\t\t\t>Obtenha j\u00e1 o seu calend\u00e1rio GRATUITO!<\/a>\n\t\t\t\t\t\t\t<\/div>\n\n\t\t\t\t\t<\/div>\n\n\t\t\t\t\t<img decoding=\"async\" width=\"1252\" height=\"810\" src=\"https:\/\/www.sage.com\/pt-pt\/blog\/wp-content\/uploads\/sites\/15\/2025\/02\/1700x1100-1-1252x810.jpg\" class=\"single-cta__image\" alt=\"Sage\" loading=\"lazy\" srcset=\"https:\/\/www.sage.com\/pt-pt\/blog\/wp-content\/uploads\/sites\/15\/2025\/02\/1700x1100-1-1252x810.jpg 1252w\" sizes=\"auto, (min-width: 48em) 33vw, 100vw\" \/>\t\t\t<\/div>\n<\/div>\n","protected":false},"excerpt":{"rendered":"<p>Conhe\u00e7a o impacto das novas taxas no regime fiscal do alojamento local e no imobili\u00e1rio. Descubra implica\u00e7\u00f5es para contabilistas.<\/p>\n","protected":false},"author":1843,"featured_media":7426,"comment_status":"closed","ping_status":"closed","sticky":false,"template":"","format":"standard","meta":{"_sage_video":false,"post_featured_image_hide":false,"footnotes":""},"categories":[16],"tags":[72,71,75],"business_type":[135],"context":[],"industry":[],"persona":[],"imagine_tag":[136],"coauthors":[486],"class_list":["post-13605","post","type-post","status-publish","format-standard","has-post-thumbnail","hentry","category-estrategia-legal-e-processos","tag-impostos","tag-legislacao","tag-obrigacoes-das-empresas","business_type-contabilistas"],"sage_meta":{"region":"pt-pt","author_name":"Pedro Ribeiro","featured_image":"https:\/\/www.sage.com\/pt-pt\/blog\/wp-content\/uploads\/sites\/15\/2022\/04\/GettyImages-530281091.jpg","imagine_tags":{"136":"Contabilistas"}},"distributor_meta":false,"distributor_terms":false,"distributor_media":false,"distributor_original_site_name":"Sage Advice Portugal","distributor_original_site_url":"https:\/\/www.sage.com\/pt-pt\/blog","push-errors":false,"_links":{"self":[{"href":"https:\/\/www.sage.com\/pt-pt\/blog\/api\/wp\/v2\/posts\/13605","targetHints":{"allow":["GET"]}}],"collection":[{"href":"https:\/\/www.sage.com\/pt-pt\/blog\/api\/wp\/v2\/posts"}],"about":[{"href":"https:\/\/www.sage.com\/pt-pt\/blog\/api\/wp\/v2\/types\/post"}],"author":[{"embeddable":true,"href":"https:\/\/www.sage.com\/pt-pt\/blog\/api\/wp\/v2\/users\/1843"}],"replies":[{"embeddable":true,"href":"https:\/\/www.sage.com\/pt-pt\/blog\/api\/wp\/v2\/comments?post=13605"}],"version-history":[{"count":0,"href":"https:\/\/www.sage.com\/pt-pt\/blog\/api\/wp\/v2\/posts\/13605\/revisions"}],"wp:featuredmedia":[{"embeddable":true,"href":"https:\/\/www.sage.com\/pt-pt\/blog\/api\/wp\/v2\/media\/7426"}],"wp:attachment":[{"href":"https:\/\/www.sage.com\/pt-pt\/blog\/api\/wp\/v2\/media?parent=13605"}],"wp:term":[{"taxonomy":"category","embeddable":true,"href":"https:\/\/www.sage.com\/pt-pt\/blog\/api\/wp\/v2\/categories?post=13605"},{"taxonomy":"post_tag","embeddable":true,"href":"https:\/\/www.sage.com\/pt-pt\/blog\/api\/wp\/v2\/tags?post=13605"},{"taxonomy":"business_type","embeddable":true,"href":"https:\/\/www.sage.com\/pt-pt\/blog\/api\/wp\/v2\/business_type?post=13605"},{"taxonomy":"context","embeddable":true,"href":"https:\/\/www.sage.com\/pt-pt\/blog\/api\/wp\/v2\/context?post=13605"},{"taxonomy":"industry","embeddable":true,"href":"https:\/\/www.sage.com\/pt-pt\/blog\/api\/wp\/v2\/industry?post=13605"},{"taxonomy":"persona","embeddable":true,"href":"https:\/\/www.sage.com\/pt-pt\/blog\/api\/wp\/v2\/persona?post=13605"},{"taxonomy":"imagine_tag","embeddable":true,"href":"https:\/\/www.sage.com\/pt-pt\/blog\/api\/wp\/v2\/imagine_tag?post=13605"},{"taxonomy":"author","embeddable":true,"href":"https:\/\/www.sage.com\/pt-pt\/blog\/api\/wp\/v2\/coauthors?post=13605"}],"curies":[{"name":"wp","href":"https:\/\/api.w.org\/{rel}","templated":true}]}}