{"id":4550,"date":"2016-06-24T12:14:03","date_gmt":"2016-06-24T11:14:03","guid":{"rendered":"\/pt-pt\/blog\/?p=221"},"modified":"2025-12-03T15:37:46","modified_gmt":"2025-12-03T15:37:46","slug":"irs-a-saber","status":"publish","type":"post","link":"https:\/\/www.sage.com\/pt-pt\/blog\/irs-a-saber\/","title":{"rendered":"IRS: o que precisa de saber"},"content":{"rendered":"<header class=\"entry-header has-dark-background-color entry-header--has-illustration entry-header--has-illustration--generic\">\n\t<div class=\"container\">\n\t\t<div class=\"entry-header__row row align-center\">\n\t\t\t<div class=\"col col-lg-7 col-xlg-6 entry-header__content\">\n\t\t\t\t\t\t\t<div class=\"component component-single-header\">\n\t\t\t\t\t\t\t\t\t\t<div class=\"entry-header__misc text--subtitle text--uppercase text--small\">\n\t\t\t\t\t\t\t<a href=\"https:\/\/www.sage.com\/pt-pt\/blog\/category\/dinheiro-e-poupanca\/\" class=\"entry-header__link\">Dinheiro e Poupan\u00e7a<\/a>\t\t\t\t\t\t<\/div>\n\t\t\t\t\n\t\t\t\t<div class=\"entry-title-wrapper\">\n\t\t\t\t\t<h1 class=\"entry-title\">\n\t\t\t\t\t\tIRS: o que precisa de saber\t\t\t\t\t<\/h1>\n\t\t\t\t<\/div>\n\n\t\t\t\t\t\t\t\t\t<p class=\"entry-header__description\">\n\t\t\t\t\t\t\t\t\t\t\t<\/p>\n\t\t\t\t\n\t\t\t\t\n\t\t\t\t\n\t\t\t<\/div>\n\n\t\t\t\t\t<\/div>\n\t\t\t\t\t<\/div>\n\t<\/div>\n\t<div class=\"single-post-details container\">\n\t\t<div class=\"col\">\n\t\t\t<span class=\"posted-on \"><time class=\"entry-date published\" datetime=\"2016-06-24T12:14:03+01:00\">June 24, 2016<\/time><\/span><span class=\"reading-time\"> minutos de leitura<\/span>\n\t\t<button\n\t\t\ttype=\"button\"\n\t\t\tclass=\"social-share-button button button--icon button--secondary js-social-share-button\"\n\t\t\tdata-share-title=\"IRS: o que precisa de saber\"\n\t\t\tdata-share-url=\"https:\/\/www.sage.com\/pt-pt\/blog\/irs-a-saber\/\"\n\t\t\tdata-share-text=\"Por favor, leia este artigo interessante\"\n\t\t>\n\t\t\t<span class=\"social-share-button__share-label\">Partilhar<\/span>\n\t\t\t<span class=\"social-share-button__copy-label\" hidden>Copiar link<\/span>\n\t\t\t<span class=\"social-share-button__copy-tooltip\" aria-hidden=\"true\" hidden>Copiada<\/span>\n\t\t<\/button>\n\n\t\t\t\t<\/div>\n\t<\/div>\n<\/header>\n\n\n\n<div class=\"wp-block-post-author has-dark-background-color alignfull\">\n\t<div class=\"container\">\n\t\t<div class=\"col\">\n\t\t\t\t\t\t\t<div class=\"co-authors\">\n\t\t\t\t\t\n\t\t<div class=\"entry-author-wrapper\">\n\t\t\t<a class=\"entry-author\" href=\"https:\/\/www.sage.com\/pt-pt\/blog\/author\/brunolagos\/\">\n\t\t\t\t<img loading=\"lazy\" decoding=\"async\" width=\"40\" height=\"40\" src=\"https:\/\/www.sage.com\/pt-pt\/blog\/wp-content\/uploads\/sites\/15\/2019\/05\/brunolagos-263x300-1-SQUARE-350x350.jpg\" class=\"entry-author__image\" alt=\"\" srcset=\"https:\/\/www.sage.com\/pt-pt\/blog\/wp-content\/uploads\/sites\/15\/2019\/05\/brunolagos-263x300-1-SQUARE-350x350.jpg 350w, https:\/\/www.sage.com\/pt-pt\/blog\/wp-content\/uploads\/sites\/15\/2019\/05\/brunolagos-263x300-1-SQUARE-768x768.jpg 768w, https:\/\/www.sage.com\/pt-pt\/blog\/wp-content\/uploads\/sites\/15\/2019\/05\/brunolagos-263x300-1-SQUARE-810x810.jpg 810w, https:\/\/www.sage.com\/pt-pt\/blog\/wp-content\/uploads\/sites\/15\/2019\/05\/brunolagos-263x300-1-SQUARE-1536x1536.jpg 1536w, https:\/\/www.sage.com\/pt-pt\/blog\/wp-content\/uploads\/sites\/15\/2019\/05\/brunolagos-263x300-1-SQUARE.jpg 1890w\" sizes=\"auto, (max-width: 40px) 100vw, 40px\" \/>\t\t\t\t<span class=\"entry-author__name\">Bruno Lagos<\/span>\n\t\t\t<\/a>\n\n\t\t\t\t\t<\/div>\n\n\t\t\t\t\t\t<\/div>\n\t\t\t\t\t<\/div>\n\t<\/div>\n<\/div>\n\n\n\n\n\n<p>Como regra, o IRS sujeita a uma \u00fanica taxa de tributa\u00e7\u00e3o o rendimento global dos contribuintes. Esta regra \u00e9 a consequ\u00eancia de uma das caracter\u00edsticas do IRS: um imposto \u00fanico. <mark class=\"highlight-and-share\">Ao falarmos em rendimento global, queremos dizer que uma pessoa singular pode ter v\u00e1rias fontes de rendimento, designadamente, do Trabalho, Profissionais, Comerciais e Industriais, Agr\u00edcolas, Silv\u00edcolas e Pecu\u00e1rios, de Capitais, Prediais, de Mais-Valias e de Pens\u00f5es.<\/mark><\/p>\n\n\n\n<p>Sendo o IRS um imposto \u00fanico, o que \u00e9 tributado \u00e9 o <strong>rendimento l\u00edquido<\/strong> global do contribuinte ou do agregado familiar.<\/p>\n\n\n\n<p>O que nos propomos hoje \u00e9 falar sobre <strong>como se determina o rendimento l\u00edquido<\/strong> dos rendimentos profissionais, comerciais e industriais, agr\u00edcolas, silv\u00edcolas e pecu\u00e1rios (Categoria B). <mark class=\"highlight-and-share\">Pode-se determinar este <strong>rendimento l\u00edquido<\/strong> de forma direta, com base na contabilidade organizada, executada por um Contabilista Certificado, ou de forma indireta, por aplica\u00e7\u00e3o de coeficientes previstos no art.\u00ba 31\u00ba do C\u00f3digo do IRS.<\/mark><\/p>\n\n\n\n<p>Na avalia\u00e7\u00e3o direta, o Contabilista Certificado determina o <strong>rendimento l\u00edquido<\/strong> da Categoria B subtraindo \u00e0 totalidade dos rendimentos e ganhos a totalidade dos gastos e perdas diretamente ligados com a atividade da Categoria B e que est\u00e3o suportados documentalmente numa contabilidade organizada, como se de uma empresa se tratasse.<\/p>\n\n\n\n<p>Esta op\u00e7\u00e3o obriga a pagar os servi\u00e7os prestados pelo Contabilista Certificado e executar a <a href=\"https:\/\/www.sage.com\/pt-pt\/contabilistas\/\">contabilidade num programa inform\u00e1tico<\/a>. O referido programa inform\u00e1tico pode ser propriedade do titular do rendimento ou do Contabilista Certificado que o utilizar\u00e1 para executar a contabilidade do contribuinte que usufrui de rendimentos da Categoria B.<\/p>\n\n\n\n<p>Na op\u00e7\u00e3o pela contabilidade organizada ter\u00e1 de haver uma clara distin\u00e7\u00e3o entre o patrim\u00f3nio particular e o patrim\u00f3nio que est\u00e1 afeto \u00e0 atividade que gera rendimentos na Categoria B (ex: secret\u00e1ria, computador, carro, etc.).<\/p>\n\n\n\n<p>Como os rendimentos da Categoria B podem ser obtidos sem haver necessidade de uma estrutura empresarial (Arquiteto, Artista, Economista, M\u00e9dico, Jurista, Professor, Pintor, Outras presta\u00e7\u00f5es de servi\u00e7os, &nbsp;vendas de mercadorias e produtos, bem como \u00e0s presta\u00e7\u00f5es de servi\u00e7os efetuadas no \u00e2mbito de atividades hoteleiras e similares, restaura\u00e7\u00e3o e bebidas)<mark class=\"highlight-and-share\"> o legislador concebeu um <strong>regime simplificado<\/strong> para o c\u00e1lculo do <strong>rendimento l\u00edquido<\/strong> da Categoria B.<\/mark><\/p>\n\n\n\n<p>Esse regime consiste na aplica\u00e7\u00e3o de coeficientes previstos no C\u00f3digo do IRS sobre os rendimentos brutos cobrados pelos contribuintes que auferem rendimentos na Categoria B.<\/p>\n\n\n\n<h2 class=\"wp-block-heading\" id=\"h-esses-coeficientes-sao-os-seguintes\">Esses coeficientes s\u00e3o os seguintes:<\/h2>\n\n\n\n<p><em>a) 0,15 \u00e0s vendas de mercadorias e produtos, bem como \u00e0s presta\u00e7\u00f5es de servi\u00e7os efetuadas no \u00e2mbito de atividades hoteleiras e similares, restaura\u00e7\u00e3o e bebidas;<\/em><\/p>\n\n\n\n<p><em>b) 0,75 aos rendimentos das atividades profissionais especificamente previstas na tabela a que se refere o artigo 151.\u00ba;<\/em><\/p>\n\n\n\n<p><em>c) 0,35 aos rendimentos de presta\u00e7\u00f5es de servi\u00e7os n\u00e3o previstos nas al\u00edneas anteriores;<\/em><\/p>\n\n\n\n<p><em>d) 0,95 aos rendimentos provenientes de contratos que tenham por objeto a cess\u00e3o ou utiliza\u00e7\u00e3o tempor\u00e1ria da propriedade intelectual ou industrial ou a presta\u00e7\u00e3o de informa\u00e7\u00f5es respeitantes a uma experi\u00eancia adquirida no setor industrial, comercial ou cient\u00edfico, aos rendimentos de capitais imput\u00e1veis a atividades geradoras de rendimentos empresariais e profissionais, ao resultado positivo de rendimentos prediais, ao saldo positivo das mais e menos-valias e aos restantes incrementos patrimoniais;<\/em><\/p>\n\n\n\n<p><em>e) 0,30 aos subs\u00eddios ou subven\u00e7\u00f5es n\u00e3o destinados \u00e0 explora\u00e7\u00e3o;<\/em><\/p>\n\n\n\n<p><em>f) 0,10 aos subs\u00eddios destinados \u00e0 explora\u00e7\u00e3o e restantes rendimentos da categoria B n\u00e3o previstos nas al\u00edneas anteriores;<\/em><\/p>\n\n\n\n<p><em>g) 1 aos rendimentos decorrentes de presta\u00e7\u00f5es de servi\u00e7os efetuadas pelo s\u00f3cio a uma sociedade abrangida pelo regime da transpar\u00eancia fiscal, nos termos da al\u00ednea b) do n.\u00ba 1 do artigo 6.\u00ba do C\u00f3digo do IRC.<\/em><\/p>\n\n\n\n<p>Exemplificado a aplica\u00e7\u00e3o dos referidos coeficientes se um contribuinte se enquadrar na al\u00ednea b) referida anteriormente e receber por um servi\u00e7o prestado \u20ac 100 (rendimento bruto) pela aplica\u00e7\u00e3o do coeficiente de 0,75 ter\u00e1 um rendimento liquido de \u20ac75, isto \u00e9 presume-se que para executar aquele servi\u00e7o teve um gasto de \u20ac 25.<\/p>\n\n\n\n<p>No IRS, o Regime Simplificado \u00e9 a regra. A op\u00e7\u00e3o pela contabilidade organizada tem de ser feita na declara\u00e7\u00e3o de in\u00edcio de atividade ou numa declara\u00e7\u00e3o de altera\u00e7\u00f5es a entregar \u00e0 AT at\u00e9 mar\u00e7o.<\/p>\n\n\n\n<p>Cessa a aplica\u00e7\u00e3o do regime simplificado quando, durante dois anos consecutivos, o valor dos rendimentos brutos ultrapassar os \u20ac 200.000 ou, se num ano, ultrapassar os \u20ac 250.000, passando a forma de determinar <strong>o rendimento l\u00edquido<\/strong> a ter de ser feita pelo regime de contabilidade organizada.<\/p>\n\n\n\n<p>Os rendimentos da Categoria B ficam sujeitos a tributa\u00e7\u00e3o sempre que seja obrigat\u00f3ria a emiss\u00e3o de fatura ou desde o momento do recebimento por parte do contribuinte.<\/p>\n\n\n\n<p><strong>Os contribuintes que sejam tributados pelo regime simplificado entregam a declara\u00e7\u00e3o do IRS em maio com o Anexo B e os que optarem pelo regime de contabilidade organizada entregam a declara\u00e7\u00e3o do IRS tamb\u00e9m em maio mas com o Anexo C.<\/strong><\/p>\n\n\n<div class=\"gate-56228f27-e58f-435b-9b72-a561d684e263 wp-block-sage-subscription-form\"><div class=\"gcdc-loader gcv2-loader\"><\/div><\/div>","protected":false},"excerpt":{"rendered":"<p>\t\t\t\tComo regra, o IRS sujeita a uma \u00fanica taxa de tributa\u00e7\u00e3o o rendimento global dos contribuintes. Esta regra \u00e9 a consequ\u00eancia de uma das caracter\u00edsticas do IRS: um imposto \u00fanico. Ao falarmos em rendimento global queremos dizer que uma pessoa singular pode ter v\u00e1rias fontes de rendimento, designadamente, do Trabalho, Profissionais, Comerciais e Industriais, Agr\u00edcolas, Silv\u00edcolas e Pecu\u00e1rios, de Capitais, Prediais, de Mais-Valias e de Pens\u00f5es. Sendo o IRS um imposto \u00fanico, o que \u00e9 tributado \u00e9 o rendimento l\u00edquido global do contribuinte ou do agregado familiar. O que nos propomos hoje \u00e9 falar sobre como se determina o rendimento l\u00edquido dos rendimentos profissionais, comerciais e industriais, agr\u00edcolas, silv\u00edcolas e pecu\u00e1rios (Categoria B). Pode-se determinar este rendimento l\u00edquido de forma direta, com base na contabilidade organizada, executada por um Contabilista Certificado, ou de forma indireta, por aplica\u00e7\u00e3o de coeficientes previstos no art.\u00ba 31\u00ba do C\u00f3digo do IRS. Na avalia\u00e7\u00e3o direta, o Contabilista Certificado determina o rendimento l\u00edquido da Categoria B subtraindo \u00e0 totalidade dos rendimentos e ganhos a totalidade dos gastos e perdas diretamente ligados com a atividade da Categoria B e que est\u00e3o suportados documentalmente numa contabilidade organizada, como se de uma empresa se tratasse. Esta op\u00e7\u00e3o obriga a \u2026\t\t<\/p>\n","protected":false},"author":799,"featured_media":198,"comment_status":"open","ping_status":"closed","sticky":false,"template":"","format":"standard","meta":{"_sage_video":false,"post_featured_image_hide":false,"footnotes":""},"categories":[25,14,16],"tags":[52,83,53,71],"business_type":[2],"context":[],"industry":[],"persona":[41,51],"imagine_tag":[136,155,170],"coauthors":[504],"class_list":["post-4550","post","type-post","status-publish","format-standard","has-post-thumbnail","hentry","category-cumprir-legislacao-em-vigor","category-dinheiro-e-poupanca","category-estrategia-legal-e-processos","tag-contabilidade","tag-estrategia","tag-faturacao","tag-legislacao","business_type-pequenas-empresas"],"sage_meta":{"region":"pt-pt","author_name":"Bruno Lagos","featured_image":"https:\/\/www.sage.com\/pt-pt\/blog\/wp-content\/uploads\/sites\/15\/2019\/04\/GettyImages-518345325_super-e1577128677909.jpg","imagine_tags":{"136":"Contabilistas","155":"Legal","170":"Start up"}},"distributor_meta":false,"distributor_terms":false,"distributor_media":false,"distributor_original_site_name":"Sage Advice Portugal","distributor_original_site_url":"https:\/\/www.sage.com\/pt-pt\/blog","push-errors":false,"_links":{"self":[{"href":"https:\/\/www.sage.com\/pt-pt\/blog\/api\/wp\/v2\/posts\/4550","targetHints":{"allow":["GET"]}}],"collection":[{"href":"https:\/\/www.sage.com\/pt-pt\/blog\/api\/wp\/v2\/posts"}],"about":[{"href":"https:\/\/www.sage.com\/pt-pt\/blog\/api\/wp\/v2\/types\/post"}],"author":[{"embeddable":true,"href":"https:\/\/www.sage.com\/pt-pt\/blog\/api\/wp\/v2\/users\/799"}],"replies":[{"embeddable":true,"href":"https:\/\/www.sage.com\/pt-pt\/blog\/api\/wp\/v2\/comments?post=4550"}],"version-history":[{"count":0,"href":"https:\/\/www.sage.com\/pt-pt\/blog\/api\/wp\/v2\/posts\/4550\/revisions"}],"wp:featuredmedia":[{"embeddable":true,"href":"https:\/\/www.sage.com\/pt-pt\/blog\/api\/wp\/v2\/media\/198"}],"wp:attachment":[{"href":"https:\/\/www.sage.com\/pt-pt\/blog\/api\/wp\/v2\/media?parent=4550"}],"wp:term":[{"taxonomy":"category","embeddable":true,"href":"https:\/\/www.sage.com\/pt-pt\/blog\/api\/wp\/v2\/categories?post=4550"},{"taxonomy":"post_tag","embeddable":true,"href":"https:\/\/www.sage.com\/pt-pt\/blog\/api\/wp\/v2\/tags?post=4550"},{"taxonomy":"business_type","embeddable":true,"href":"https:\/\/www.sage.com\/pt-pt\/blog\/api\/wp\/v2\/business_type?post=4550"},{"taxonomy":"context","embeddable":true,"href":"https:\/\/www.sage.com\/pt-pt\/blog\/api\/wp\/v2\/context?post=4550"},{"taxonomy":"industry","embeddable":true,"href":"https:\/\/www.sage.com\/pt-pt\/blog\/api\/wp\/v2\/industry?post=4550"},{"taxonomy":"persona","embeddable":true,"href":"https:\/\/www.sage.com\/pt-pt\/blog\/api\/wp\/v2\/persona?post=4550"},{"taxonomy":"imagine_tag","embeddable":true,"href":"https:\/\/www.sage.com\/pt-pt\/blog\/api\/wp\/v2\/imagine_tag?post=4550"},{"taxonomy":"author","embeddable":true,"href":"https:\/\/www.sage.com\/pt-pt\/blog\/api\/wp\/v2\/coauthors?post=4550"}],"curies":[{"name":"wp","href":"https:\/\/api.w.org\/{rel}","templated":true}]}}