{"id":4554,"date":"2025-11-12T19:21:48","date_gmt":"2025-11-12T19:21:48","guid":{"rendered":"\/pt-pt\/blog\/?p=229"},"modified":"2026-01-08T11:50:40","modified_gmt":"2026-01-08T11:50:40","slug":"iniciar-atividade-12-passos","status":"publish","type":"post","link":"https:\/\/www.sage.com\/pt-pt\/blog\/iniciar-atividade-12-passos\/","title":{"rendered":"Como iniciar atividade como trabalhador independente: 12 passos"},"content":{"rendered":"<header class=\"entry-header has-dark-background-color entry-header--has-illustration entry-header--has-illustration--generic\">\n\t<div class=\"container\">\n\t\t<div class=\"entry-header__row row align-center\">\n\t\t\t<div class=\"col col-lg-7 col-xlg-6 entry-header__content\">\n\t\t\t\t\t\t\t<div class=\"component component-single-header\">\n\t\t\t\t\t\t\t\t\t\t<div class=\"entry-header__misc text--subtitle text--uppercase text--small\">\n\t\t\t\t\t\t\t<a href=\"https:\/\/www.sage.com\/pt-pt\/blog\/category\/crescimento-de-negocio-e-clientes\/\" class=\"entry-header__link\">Crescimento de Neg\u00f3cio e Clientes<\/a>\t\t\t\t\t\t<\/div>\n\t\t\t\t\n\t\t\t\t<div class=\"entry-title-wrapper\">\n\t\t\t\t\t<h1 class=\"entry-title\">\n\t\t\t\t\t\tComo iniciar atividade como trabalhador independente: 12 passos\t\t\t\t\t<\/h1>\n\t\t\t\t<\/div>\n\n\t\t\t\t\t\t\t\t\t<p class=\"entry-header__description\">\n\t\t\t\t\t\t\t\t\t\t\t<\/p>\n\t\t\t\t\n\t\t\t\t\n\t\t\t\t\n\t\t\t<\/div>\n\n\t\t\t\t\t<\/div>\n\t\t\t\t\t<\/div>\n\t<\/div>\n\t<div class=\"single-post-details container\">\n\t\t<div class=\"col\">\n\t\t\t<span class=\"posted-on \"><time class=\"entry-date published\" datetime=\"2025-11-12T19:21:48+00:00\">November 12, 2025<\/time><\/span><span class=\"reading-time\"> minutos de leitura<\/span>\n\t\t<button\n\t\t\ttype=\"button\"\n\t\t\tclass=\"social-share-button button button--icon button--secondary js-social-share-button\"\n\t\t\tdata-share-title=\"Como iniciar atividade como trabalhador independente: 12 passos\"\n\t\t\tdata-share-url=\"https:\/\/www.sage.com\/pt-pt\/blog\/iniciar-atividade-12-passos\/\"\n\t\t\tdata-share-text=\"Por favor, leia este artigo interessante\"\n\t\t>\n\t\t\t<span class=\"social-share-button__share-label\">Partilhar<\/span>\n\t\t\t<span class=\"social-share-button__copy-label\" hidden>Copiar link<\/span>\n\t\t\t<span class=\"social-share-button__copy-tooltip\" aria-hidden=\"true\" hidden>Copiada<\/span>\n\t\t<\/button>\n\n\t\t\t\t<\/div>\n\t<\/div>\n<\/header>\n\n\n\n<div class=\"wp-block-post-author has-dark-background-color alignfull\">\n\t<div class=\"container\">\n\t\t<div class=\"col\">\n\t\t\t\t\t\t\t<div class=\"co-authors\">\n\t\t\t\t\t\n\t\t<div class=\"entry-author-wrapper\">\n\t\t\t<a class=\"entry-author\" href=\"https:\/\/www.sage.com\/pt-pt\/blog\/author\/keirthomasbryant\/\">\n\t\t\t\t<img loading=\"lazy\" decoding=\"async\" width=\"40\" height=\"40\" src=\"https:\/\/www.sage.com\/pt-pt\/blog\/wp-content\/uploads\/sites\/15\/2025\/04\/Keir-350x350.jpg\" class=\"entry-author__image\" alt=\"Keir Thomas-Bryant\" srcset=\"https:\/\/www.sage.com\/pt-pt\/blog\/wp-content\/uploads\/sites\/15\/2025\/04\/Keir-350x350.jpg 350w, https:\/\/www.sage.com\/pt-pt\/blog\/wp-content\/uploads\/sites\/15\/2025\/04\/Keir.jpg 600w\" sizes=\"auto, (max-width: 40px) 100vw, 40px\" \/>\t\t\t\t<span class=\"entry-author__name\">Keir Thomas-Bryant<\/span>\n\t\t\t<\/a>\n\n\t\t\t\t\t<\/div>\n\n\t\t\t\t\t\t<\/div>\n\t\t\t\t\t<\/div>\n\t<\/div>\n<\/div>\n\n\n\n\n\n<p class=\"has-paragraph-medium-font-size\">Iniciar uma atividade como trabalhador independente em Portugal pode parecer um processo complexo, mas com a informa\u00e7\u00e3o certa torna-se muito mais simples. <\/p>\n\n\n\n<ul class=\"wp-block-list\">\n<li>Existem regras fiscais, obriga\u00e7\u00f5es legais e decis\u00f5es administrativas que devem ser consideradas desde o primeiro momento. <\/li>\n\n\n\n<li>guia pr\u00e1tico apresenta os 12 passos fundamentais para formalizar a sua atividade, evitar penaliza\u00e7\u00f5es e garantir que tudo est\u00e1 em conformidade com a legisla\u00e7\u00e3o em vigor.<\/li>\n<\/ul>\n\n\n\n<p>Se est\u00e1 a pensar abrir atividade como profissional liberal, prestador de servi\u00e7os ou <a href=\"https:\/\/www.sage.com\/pt-pt\/blog\/relacao-confianca-colaboradores\/\">freelancer<\/a>, siga estes passos essenciais para garantir uma entrada segura e legal no mercado de trabalho independente.<\/p>\n\n\n\n<div class=\"single-cta gated-content\">\n\t<div class=\"single-cta__positioner\">\n\t\t<div class=\"single-cta__wrapper has-dark-background-color\">\n\t\t\t<div class=\"single-cta__content\">\n\t\t\t\t\t\t\t\t<h2 class=\"single-cta__title h3\">Ter um neg\u00f3cio online<\/h2>\n\n\t\t\t\t\t\t\t\t\t<div class=\"single-cta__description\">\n\t\t\t\t\t\t<p><!-- wp:paragraph --><\/p>\n<p>\ud83d\udce5 <strong>Descarregue o seu guia completo e descubra:<\/strong><\/p>\n<p><!-- \/wp:paragraph --><\/p>\n<p><!-- wp:list --><\/p>\n<ul class=\"wp-block-list\"><!-- wp:list-item --><\/p>\n<li>Como alcan\u00e7ar milh\u00f5es de utilizadores online \ud83c\udf10<\/li>\n<p><!-- \/wp:list-item --><\/p>\n<p><!-- wp:list-item --><\/p>\n<li>Estrat\u00e9gias para simplificar o seu e-commerce \ud83d\udcb3<\/li>\n<p><!-- \/wp:list-item --><\/ul>\n<p><!-- \/wp:list --><\/p>\n\t\t\t\t\t<\/div>\n\t\t\t\t\n\t\t\t\t\t\t\t\t\t\t\t\t\t\t<a\n\t\t\t\t\t\thref=\"#gate-feff0f6a-637c-4054-b572-25e8a03ae32b\"\n\t\t\t\t\t\tclass=\"single-cta__button button button--primary\"\n\t\t\t\t\t\t\t\t\t\t\t\t\t\t\t\t\t>Quero o meu guia GR\u00c1TIS!<\/a>\n\t\t\t\t\t\t\t<\/div>\n\n\t\t\t\t\t<\/div>\n\n\t\t\t\t\t<img decoding=\"async\" width=\"1440\" height=\"810\" src=\"https:\/\/www.sage.com\/pt-pt\/blog\/wp-content\/uploads\/sites\/15\/2022\/04\/GettyImages-1035512574-1440x810.jpg\" class=\"single-cta__image\" alt=\"Sage\" loading=\"lazy\" srcset=\"https:\/\/www.sage.com\/pt-pt\/blog\/wp-content\/uploads\/sites\/15\/2022\/04\/GettyImages-1035512574-1440x810.jpg 1440w\" sizes=\"auto, (min-width: 48em) 33vw, 100vw\" \/>\t\t\t<\/div>\n<\/div>\n\n\n\n<h2 class=\"wp-block-heading\">\u00cdndice do post<\/h2>\n\n\n<?xml encoding=\"utf-8\" ?><div class=\"wp-block-yoast-seo-table-of-contents yoast-table-of-contents\"><ul><li><a href=\"#passo-1-emita-um-ato-isolado-se-so-vai-prestar-um-servico\" data-level=\"2\">Passo 1: Emita um ato isolado se s&oacute; vai prestar um servi&ccedil;o<\/a><\/li><li><a href=\"#passo-2-submeta-a-declaracao-de-inicio-de-atividade-online-ou-presencialmente\" data-level=\"2\">Passo 2: Submeta a declara&ccedil;&atilde;o de in&iacute;cio de atividade online ou presencialmente<\/a><\/li><li><a href=\"#solicite-a-senha\" data-level=\"2\">Passo 3: Solicite a senha de acesso ao Portal das Finan&ccedil;as<\/a><\/li><li><a href=\"#passo-4-contrate-um-contabilista-certificado-se-estiver-no-regime-de-contabilidade-organizada\" data-level=\"2\">Passo 4: Contrate um contabilista certificado se estiver no regime de contabilidade organizada<\/a><\/li><li><a href=\"#emita-fatura-recibo\" data-level=\"2\">Passo 5: Emita fatura-recibo ap&oacute;s cada servi&ccedil;o<\/a><\/li><li><a href=\"#passo-6-comunique-mensalmente-as-faturas-emitidas\" data-level=\"2\">Passo 6: Comunique mensalmente as faturas emitidas<\/a><\/li><li><a href=\"#aplique\" data-level=\"2\">Passo 7: Aplique e comunique a reten&ccedil;&atilde;o na fonte de IRS quando aplic&aacute;vel<\/a><\/li><li><a href=\"#passo-8-declare-os-rendimentos-sujeitos-a-retencao-no-irs\" data-level=\"2\">Passo 8: Declare os rendimentos sujeitos a reten&ccedil;&atilde;o no IRS<\/a><\/li><li><a href=\"#entregue\" data-level=\"2\">Passo 9: Entregue a declara&ccedil;&atilde;o peri&oacute;dica de IVA se estiver no Regime Normal<\/a><\/li><li><a href=\"#passo-10-verifique-se-continua-isento-de-iva-ao-abrigo-do-artigo-53-%C2%BA\" data-level=\"2\">Passo 10: Verifique se continua isento de IVA ao abrigo do artigo 53.&ordm;<\/a><\/li><li><a href=\"#entrege-a-declaracao\" data-level=\"2\">Passo 11: Entregue a declara&ccedil;&atilde;o anual de IRS com o anexo da sua atividade<\/a><\/li><li><a href=\"#passo-12-esteja-atento-aos-pagamentos-por-conta-nos-anos-seguintes\" data-level=\"2\">Passo 12: Esteja atento aos pagamentos por conta nos anos seguintes<\/a><\/li><\/ul><\/div>\n\n\n\n<div class=\"wp-block-buttons is-content-justification-center is-layout-flex wp-container-core-buttons-is-layout-16018d1d wp-block-buttons-is-layout-flex\">\n<div class=\"wp-block-button\"><a class=\"wp-block-button__link wp-element-button\" href=\"https:\/\/www.sage.com\/pt-pt\/produtos\/sage-one\/\">Sage One para Fatura\u00e7\u00e3o na cloud com suporte gratuito e ilimitado<\/a><\/div>\n<\/div>\n\n\n\n<h2 class=\"wp-block-heading\" id=\"passo-1-emita-um-ato-isolado-se-so-vai-prestar-um-servico\"><strong>Passo 1: Emita um ato isolado se s\u00f3 vai prestar um servi\u00e7o<\/strong><\/h2>\n\n\n\n<p>Evite a entrega da declara\u00e7\u00e3o de in\u00edcio de atividade se vai realizar apenas uma presta\u00e7\u00e3o de servi\u00e7o pontual. Neste caso, pode optar por emitir um <strong>ato isolado<\/strong>, um documento fiscal v\u00e1lido para opera\u00e7\u00f5es \u00fanicas e espor\u00e1dicas.<\/p>\n\n\n\n<ul class=\"wp-block-list\">\n<li><strong>Declare o rendimento<\/strong> posteriormente no <strong>Anexo B<\/strong> da <strong>declara\u00e7\u00e3o modelo 3 de IRS<\/strong>, mesmo tratando-se de um ato isolado.<\/li>\n<\/ul>\n\n\n\n<h2 class=\"wp-block-heading\" id=\"passo-2-submeta-a-declaracao-de-inicio-de-atividade-online-ou-presencialmente\"><strong>Passo 2: Submeta a declara\u00e7\u00e3o de in\u00edcio de atividade online ou presencialmente<\/strong><\/h2>\n\n\n\n<p>Aceda ao <strong>Portal das Finan\u00e7as<\/strong>, com a sua senha de acesso, e siga o caminho:<br><code>Servi\u00e7os Tribut\u00e1rios &gt; Cidad\u00e3os &gt; Entregar &gt; Declara\u00e7\u00f5es &gt; Atividade &gt; In\u00edcio de Atividade<\/code>.<\/p>\n\n\n\n<p>Aqui pode preencher e submeter a sua declara\u00e7\u00e3o de forma r\u00e1pida e segura.<\/p>\n\n\n\n<ul class=\"wp-block-list\">\n<li><strong>Dirija-se a um balc\u00e3o das Finan\u00e7as<\/strong> com o seu Cart\u00e3o de Cidad\u00e3o, caso prefira um atendimento presencial. Tamb\u00e9m \u00e9 poss\u00edvel adquirir o formul\u00e1rio em papel e entreg\u00e1-lo no local.<\/li>\n<\/ul>\n\n\n\n<h2 class=\"wp-block-heading\" id=\"solicite-a-senha\">Passo 3: Solicite a senha de acesso ao Portal das Finan\u00e7as<\/h2>\n\n\n\n<p>Obtenha a sua senha de acesso no site oficial do Portal das Finan\u00e7as, atrav\u00e9s da op\u00e7\u00e3o <strong>&#8220;Registar-me&#8221;<\/strong>. Este passo \u00e9 essencial para cumprir <a href=\"https:\/\/www.sage.com\/pt-pt\/blog\/criptoativos-incluindo-as-criptomoedas-consideracoes-contabilisticas-e-fiscais\/\">obriga\u00e7\u00f5es fiscais <\/a>de forma digital, como emitir recibos, consultar declara\u00e7\u00f5es e enviar documentos.<\/p>\n\n\n\n<ul class=\"wp-block-list\">\n<li><strong>Guarde a senha com seguran\u00e7a<\/strong>, pois ser\u00e1 a chave de acesso \u00e0 maioria dos servi\u00e7os online da Autoridade Tribut\u00e1ria.<\/li>\n<\/ul>\n\n\n\n<h2 class=\"wp-block-heading\" id=\"passo-4-contrate-um-contabilista-certificado-se-estiver-no-regime-de-contabilidade-organizada\"><strong>Passo 4: Contrate um contabilista certificado se estiver no regime de contabilidade organizada<\/strong><\/h2>\n\n\n\n<p>Verifique o regime fiscal que lhe foi atribu\u00eddo no momento do in\u00edcio de atividade. Se ficou enquadrado no regime de <strong>contabilidade organizada<\/strong>, \u00e9 obrigat\u00f3ria a contrata\u00e7\u00e3o de um <strong>contabilista certificado<\/strong>, que ser\u00e1 respons\u00e1vel pela gest\u00e3o e apresenta\u00e7\u00e3o da sua contabilidade.<\/p>\n\n\n\n<ul class=\"wp-block-list\">\n<li><strong>Formalize a rela\u00e7\u00e3o com o contabilista<\/strong>, pois este assumir\u00e1 responsabilidade t\u00e9cnica perante a Autoridade Tribut\u00e1ria.<\/li>\n<\/ul>\n\n\n\n<h2 class=\"wp-block-heading\" id=\"emita-fatura-recibo\"><strong>Passo 5: Emita fatura-recibo ap\u00f3s cada servi\u00e7o<\/strong><\/h2>\n\n\n\n<p>Emita sempre uma <strong><a href=\"https:\/\/www.sage.com\/pt-pt\/blog\/tag\/faturacao-certificada\/\">fatura-recibo<\/a><\/strong> (tamb\u00e9m conhecida como recibo verde) logo ap\u00f3s concluir um servi\u00e7o ou vender bens. Se o pagamento for feito mais tarde, emita primeiro a fatura e, posteriormente, o recibo correspondente ao valor recebido.<\/p>\n\n\n\n<ul class=\"wp-block-list\">\n<li><strong>Utilize o Portal das Finan\u00e7as<\/strong> para emitir estes documentos eletronicamente ou, em alternativa, adquira um programa de fatura\u00e7\u00e3o certificado.<\/li>\n\n\n\n<li><strong>Emita recibo tamb\u00e9m nos casos de adiantamento<\/strong>, mesmo que o servi\u00e7o ainda n\u00e3o tenha sido prestado na totalidade.<\/li>\n<\/ul>\n\n\n\n<h2 class=\"wp-block-heading\" id=\"passo-6-comunique-mensalmente-as-faturas-emitidas\"><strong>Passo 6: Comunique mensalmente as faturas emitidas<\/strong><\/h2>\n\n\n\n<p>Comunique todas as faturas e faturas-recibo emitidas, at\u00e9 ao <strong>dia 25 do m\u00eas seguinte<\/strong>, se estiver a utilizar um programa de fatura\u00e7\u00e3o pr\u00f3prio.<\/p>\n\n\n\n<ul class=\"wp-block-list\">\n<li><strong>Evite coimas por falta de comunica\u00e7\u00e3o<\/strong>, submetendo atempadamente os dados no Portal das Finan\u00e7as, atrav\u00e9s do ficheiro SAF-T ou sistema compat\u00edvel.<\/li>\n<\/ul>\n\n\n\n<h2 class=\"wp-block-heading\" id=\"aplique\"><strong>Passo 7: Aplique e comunique a reten\u00e7\u00e3o na fonte de IRS quando aplic\u00e1vel<\/strong><\/h2>\n\n\n\n<p>Verifique se os seus clientes s\u00e3o empresas ou entidades com contabilidade organizada. Nestes casos, a <strong>reten\u00e7\u00e3o na fonte de IRS<\/strong> \u00e9 geralmente obrigat\u00f3ria, salvo se estiver dispensado nos termos do artigo 101.\u00ba-B do C\u00f3digo do IRS.<\/p>\n\n\n\n<ul class=\"wp-block-list\">\n<li><strong>Indique claramente na fatura-recibo<\/strong> se a reten\u00e7\u00e3o foi efetuada ou se est\u00e1 dispensado, conforme o enquadramento legal.<\/li>\n\n\n\n<li><strong>Submeta a declara\u00e7\u00e3o de reten\u00e7\u00f5es na fonte<\/strong> e proceda ao respetivo pagamento at\u00e9 ao <strong>dia 20 do m\u00eas seguinte<\/strong> ao da emiss\u00e3o.<\/li>\n<\/ul>\n\n\n\n<h2 class=\"wp-block-heading\" id=\"passo-8-declare-os-rendimentos-sujeitos-a-retencao-no-irs\"><strong>Passo 8: Declare os rendimentos sujeitos a reten\u00e7\u00e3o no IRS<\/strong><\/h2>\n\n\n\n<p>Inclua os valores recebidos com reten\u00e7\u00e3o na fonte na sua <strong>declara\u00e7\u00e3o anual de IRS<\/strong>. Estes montantes s\u00e3o considerados <strong>adiantamentos do imposto final devido<\/strong> e devem constar no Anexo B da Modelo 3.<\/p>\n\n\n\n<ul class=\"wp-block-list\">\n<li><strong>Guarde os comprovativos de reten\u00e7\u00e3o<\/strong>, pois servir\u00e3o de suporte ao preencher a sua declara\u00e7\u00e3o de rendimentos.<\/li>\n<\/ul>\n\n\n\n<h2 class=\"wp-block-heading\" id=\"entregue\"><strong>Passo 9: Entregue a declara\u00e7\u00e3o peri\u00f3dica de IVA se estiver no Regime Normal<\/strong><\/h2>\n\n\n\n<p>Verifique se foi enquadrado no <strong>Regime Normal de IVA<\/strong>. Neste caso, est\u00e1 obrigado a apresentar periodicamente a <strong>declara\u00e7\u00e3o de<a href=\"https:\/\/www.sage.com\/pt-pt\/blog\/que-despesas-posso-deduzir-no-iva-empresa\/\"> IVA<\/a><\/strong> e a proceder ao respetivo pagamento nos prazos legais.<\/p>\n\n\n\n<p><strong>Entregue a declara\u00e7\u00e3o trimestral<\/strong> at\u00e9 ao <strong>dia 15 do segundo m\u00eas seguinte ao trimestre<\/strong> (exemplo: trimestre de janeiro a mar\u00e7o, entrega at\u00e9 15 de maio).<\/p>\n\n\n\n<ul class=\"wp-block-list\">\n<li><strong>Entregue a declara\u00e7\u00e3o mensal<\/strong> at\u00e9 ao <strong>dia 10 do segundo m\u00eas seguinte ao m\u00eas em causa<\/strong> (exemplo: declara\u00e7\u00e3o de fevereiro, entrega at\u00e9 10 de abril).<\/li>\n\n\n\n<li><strong>Pague o imposto apurado<\/strong> no mesmo prazo da entrega da declara\u00e7\u00e3o.<\/li>\n<\/ul>\n\n\n\n<h2 class=\"wp-block-heading\" id=\"passo-10-verifique-se-continua-isento-de-iva-ao-abrigo-do-artigo-53-\u00ba\"><strong>Passo 10: Verifique se continua isento de IVA ao abrigo do artigo 53.\u00ba<\/strong><\/h2>\n\n\n\n<p>Se estiver no <strong>Regime de Isen\u00e7\u00e3o do artigo 53.\u00ba do CIVA<\/strong>, controle o volume de neg\u00f3cios anual. Caso ultrapasse os <strong>10.000 euros<\/strong>, deve alterar o enquadramento para o <strong>Regime Normal de IVA<\/strong>.<\/p>\n\n\n\n<ul class=\"wp-block-list\">\n<li><strong>Submeta a declara\u00e7\u00e3o de altera\u00e7\u00f5es de atividade em janeiro<\/strong> do ano seguinte ao da ultrapassagem do limite.<\/li>\n\n\n\n<li><strong>Prepare-se para liquidar IVA<\/strong> nas faturas emitidas a partir de fevereiro desse novo ano.<\/li>\n<\/ul>\n\n\n\n<h2 class=\"wp-block-heading\" id=\"entrege-a-declaracao\"><strong>Passo 11: Entregue a declara\u00e7\u00e3o anual de IRS com o anexo da sua atividade<\/strong><\/h2>\n\n\n\n<p>Mesmo que n\u00e3o tenha obtido rendimentos, est\u00e1 obrigado a entregar a <strong>declara\u00e7\u00e3o Modelo 3 de IRS<\/strong>, incluindo o <strong>Anexo B<\/strong> (ou C, consoante o regime) respeitante \u00e0 sua atividade independente.<\/p>\n\n\n\n<ul class=\"wp-block-list\">\n<li><strong>Submeta a declara\u00e7\u00e3o dentro do prazo legal<\/strong>, normalmente entre 1 de abril e 30 de junho, para evitar coimas.<\/li>\n\n\n\n<li><strong>Preencha corretamente todos os campos<\/strong>, pois erros podem gerar notifica\u00e7\u00f5es ou atrasos no reembolso.<\/li>\n<\/ul>\n\n\n\n<h2 class=\"wp-block-heading\" id=\"passo-12-esteja-atento-aos-pagamentos-por-conta-nos-anos-seguintes\"><strong>Passo 12: Esteja atento aos pagamentos por conta nos anos seguintes<\/strong><\/h2>\n\n\n\n<p>A partir do segundo ano de atividade, pode ficar sujeito aos <strong>pagamentos por conta de IRS<\/strong>, consoante os rendimentos obtidos no ano anterior. Esta obriga\u00e7\u00e3o \u00e9 calculada e comunicada pela Autoridade Tribut\u00e1ria.<\/p>\n\n\n\n<ul class=\"wp-block-list\">\n<li><strong>Consulte a nota de liquida\u00e7\u00e3o do <a href=\"https:\/\/www.sage.com\/pt-pt\/blog\/irs-informacoes-vinculativas-de-2022-parte-ii\/\">IRS<\/a><\/strong>, onde constar\u00e1 o valor e as datas de pagamento por conta.<\/li>\n\n\n\n<li><strong>Planeie a sua tesouraria<\/strong>, j\u00e1 que o n\u00e3o pagamento atempado pode gerar juros e coimas.<\/li>\n<\/ul>\n\n\n\n<p>Iniciar uma atividade como trabalhador independente em Portugal exige mais do que apenas vontade de trabalhar \u2014 \u00e9 fundamental conhecer e cumprir as obriga\u00e7\u00f5es fiscais e legais desde o primeiro momento. Com este guia pr\u00e1tico, fica mais simples compreender os passos essenciais para formalizar a sua atividade, emitir faturas legalmente, declarar rendimentos corretamente e manter-se em conformidade com a Autoridade Tribut\u00e1ria.<\/p>\n\n\n\n<p>Seguindo estes 12 passos, estar\u00e1 mais preparado para come\u00e7ar a sua atividade com confian\u00e7a, evitando erros comuns e garantindo uma gest\u00e3o fiscal eficaz.<\/p>\n\n\n\n<p><em><strong>Nota do editor: <\/strong>Este artigo foi publicado anteriormente e atualizado para 2025 pela sua relev\u00e2ncia.<\/em><\/p>\n\n\n\n<div class=\"single-cta gated-content\">\n\t<div class=\"single-cta__positioner\">\n\t\t<div class=\"single-cta__wrapper has-dark-background-color\">\n\t\t\t<div class=\"single-cta__content\">\n\t\t\t\t\t\t\t\t<h2 class=\"single-cta__title h3\">Ter um neg\u00f3cio online<\/h2>\n\n\t\t\t\t\t\t\t\t\t<div class=\"single-cta__description\">\n\t\t\t\t\t\t<p><!-- wp:paragraph --><\/p>\n<p>\ud83d\udce5 <strong>Descarregue o seu guia completo e descubra:<\/strong><\/p>\n<p><!-- \/wp:paragraph --><\/p>\n<p><!-- wp:list --><\/p>\n<ul class=\"wp-block-list\"><!-- wp:list-item --><\/p>\n<li>Como alcan\u00e7ar milh\u00f5es de utilizadores online \ud83c\udf10<\/li>\n<p><!-- \/wp:list-item --><\/p>\n<p><!-- wp:list-item --><\/p>\n<li>Estrat\u00e9gias para simplificar o seu e-commerce \ud83d\udcb3<\/li>\n<p><!-- \/wp:list-item --><\/ul>\n<p><!-- \/wp:list --><\/p>\n\t\t\t\t\t<\/div>\n\t\t\t\t\n\t\t\t\t\t\t\t\t\t\t\t\t\t\t<a\n\t\t\t\t\t\thref=\"#gate-feff0f6a-637c-4054-b572-25e8a03ae32b\"\n\t\t\t\t\t\tclass=\"single-cta__button button button--primary\"\n\t\t\t\t\t\t\t\t\t\t\t\t\t\t\t\t\t>Quero o meu guia GR\u00c1TIS!<\/a>\n\t\t\t\t\t\t\t<\/div>\n\n\t\t\t\t\t<\/div>\n\n\t\t\t\t\t<img decoding=\"async\" width=\"1440\" height=\"810\" src=\"https:\/\/www.sage.com\/pt-pt\/blog\/wp-content\/uploads\/sites\/15\/2022\/04\/GettyImages-1035512574-1440x810.jpg\" class=\"single-cta__image\" alt=\"Sage\" loading=\"lazy\" srcset=\"https:\/\/www.sage.com\/pt-pt\/blog\/wp-content\/uploads\/sites\/15\/2022\/04\/GettyImages-1035512574-1440x810.jpg 1440w\" sizes=\"auto, (min-width: 48em) 33vw, 100vw\" \/>\t\t\t<\/div>\n<\/div>\n","protected":false},"excerpt":{"rendered":"<p>Descubra como iniciar a sua atividade como trabalhador independente em 12 passos pr\u00e1ticos e legais. Saiba tudo sobre IRS, IVA, recibos e obriga\u00e7\u00f5es fiscais.<\/p>\n","protected":false},"author":280,"featured_media":9549,"comment_status":"open","ping_status":"closed","sticky":false,"template":"","format":"standard","meta":{"_sage_video":false,"post_featured_image_hide":false,"footnotes":""},"categories":[13,16],"tags":[70,84,230],"business_type":[2],"context":[],"industry":[130],"persona":[41],"imagine_tag":[155,137,170],"coauthors":[587],"class_list":["post-4554","post","type-post","status-publish","format-standard","has-post-thumbnail","hentry","category-crescimento-de-negocio-e-clientes","category-estrategia-legal-e-processos","tag-cumprir-legislacao","tag-empreendedorismo","tag-startup","business_type-pequenas-empresas","industry-servicos"],"sage_meta":{"region":"pt-pt","author_name":"Keir Thomas-Bryant","featured_image":"https:\/\/www.sage.com\/pt-pt\/blog\/wp-content\/uploads\/sites\/15\/2023\/10\/GettyImages-1086590348.jpg","imagine_tags":{"155":"Legal","137":"Software Fatura\u00e7\u00e3o","170":"Start up"}},"distributor_meta":false,"distributor_terms":false,"distributor_media":false,"distributor_original_site_name":"Sage Advice Portugal","distributor_original_site_url":"https:\/\/www.sage.com\/pt-pt\/blog","push-errors":false,"_links":{"self":[{"href":"https:\/\/www.sage.com\/pt-pt\/blog\/api\/wp\/v2\/posts\/4554","targetHints":{"allow":["GET"]}}],"collection":[{"href":"https:\/\/www.sage.com\/pt-pt\/blog\/api\/wp\/v2\/posts"}],"about":[{"href":"https:\/\/www.sage.com\/pt-pt\/blog\/api\/wp\/v2\/types\/post"}],"author":[{"embeddable":true,"href":"https:\/\/www.sage.com\/pt-pt\/blog\/api\/wp\/v2\/users\/280"}],"replies":[{"embeddable":true,"href":"https:\/\/www.sage.com\/pt-pt\/blog\/api\/wp\/v2\/comments?post=4554"}],"version-history":[{"count":0,"href":"https:\/\/www.sage.com\/pt-pt\/blog\/api\/wp\/v2\/posts\/4554\/revisions"}],"wp:featuredmedia":[{"embeddable":true,"href":"https:\/\/www.sage.com\/pt-pt\/blog\/api\/wp\/v2\/media\/9549"}],"wp:attachment":[{"href":"https:\/\/www.sage.com\/pt-pt\/blog\/api\/wp\/v2\/media?parent=4554"}],"wp:term":[{"taxonomy":"category","embeddable":true,"href":"https:\/\/www.sage.com\/pt-pt\/blog\/api\/wp\/v2\/categories?post=4554"},{"taxonomy":"post_tag","embeddable":true,"href":"https:\/\/www.sage.com\/pt-pt\/blog\/api\/wp\/v2\/tags?post=4554"},{"taxonomy":"business_type","embeddable":true,"href":"https:\/\/www.sage.com\/pt-pt\/blog\/api\/wp\/v2\/business_type?post=4554"},{"taxonomy":"context","embeddable":true,"href":"https:\/\/www.sage.com\/pt-pt\/blog\/api\/wp\/v2\/context?post=4554"},{"taxonomy":"industry","embeddable":true,"href":"https:\/\/www.sage.com\/pt-pt\/blog\/api\/wp\/v2\/industry?post=4554"},{"taxonomy":"persona","embeddable":true,"href":"https:\/\/www.sage.com\/pt-pt\/blog\/api\/wp\/v2\/persona?post=4554"},{"taxonomy":"imagine_tag","embeddable":true,"href":"https:\/\/www.sage.com\/pt-pt\/blog\/api\/wp\/v2\/imagine_tag?post=4554"},{"taxonomy":"author","embeddable":true,"href":"https:\/\/www.sage.com\/pt-pt\/blog\/api\/wp\/v2\/coauthors?post=4554"}],"curies":[{"name":"wp","href":"https:\/\/api.w.org\/{rel}","templated":true}]}}