{"id":4694,"date":"2019-03-13T11:06:22","date_gmt":"2019-03-13T11:06:22","guid":{"rendered":"https:\/\/sage-new-clone.local\/pt-pt\/blog\/?p=4645"},"modified":"2025-12-03T15:30:25","modified_gmt":"2025-12-03T15:30:25","slug":"fecho-de-contas-2018-microentidades-classe-1-a-3","status":"publish","type":"post","link":"https:\/\/www.sage.com\/pt-pt\/blog\/fecho-de-contas-2018-microentidades-classe-1-a-3\/","title":{"rendered":"Fecho de Contas do ano de 2018 \u2013 Microentidades: Alertas para o Plano de Contas, Classe 1 a 3"},"content":{"rendered":"<header class=\"entry-header has-dark-background-color entry-header--has-illustration entry-header--has-illustration--generic\">\n\t<div class=\"container\">\n\t\t<div class=\"entry-header__row row align-center\">\n\t\t\t<div class=\"col col-lg-7 col-xlg-6 entry-header__content\">\n\t\t\t\t\t\t\t<div class=\"component component-single-header\">\n\t\t\t\t\t\t\t\t\t\t<div class=\"entry-header__misc text--subtitle text--uppercase text--small\">\n\t\t\t\t\t\t\t<a href=\"https:\/\/www.sage.com\/pt-pt\/blog\/category\/estrategia-legal-e-processos\/cumprir-legislacao-em-vigor\/\" class=\"entry-header__link\">Cumprir legisla\u00e7\u00e3o em vigor<\/a>\t\t\t\t\t\t<\/div>\n\t\t\t\t\n\t\t\t\t<div class=\"entry-title-wrapper\">\n\t\t\t\t\t<h1 class=\"entry-title\">\n\t\t\t\t\t\tFecho de Contas do ano de 2018 \u2013 Microentidades: Alertas para o Plano de Contas, Classe 1 a 3\t\t\t\t\t<\/h1>\n\t\t\t\t<\/div>\n\n\t\t\t\t\t\t\t\t\t<p class=\"entry-header__description\">\n\t\t\t\t\t\t\t\t\t\t\t<\/p>\n\t\t\t\t\n\t\t\t\t\n\t\t\t\t\n\t\t\t<\/div>\n\n\t\t\t\t\t<\/div>\n\t\t\t\t\t<\/div>\n\t<\/div>\n\t<div class=\"single-post-details container\">\n\t\t<div class=\"col\">\n\t\t\t<span class=\"posted-on \"><time class=\"entry-date published\" datetime=\"2019-03-13T11:06:22+00:00\">March 13, 2019<\/time><\/span><span class=\"reading-time\"> minutos de leitura<\/span>\n\t\t<button\n\t\t\ttype=\"button\"\n\t\t\tclass=\"social-share-button button button--icon button--secondary js-social-share-button\"\n\t\t\tdata-share-title=\"Fecho de Contas do ano de 2018 \u2013 Microentidades: Alertas para o Plano de Contas, Classe 1 a 3\"\n\t\t\tdata-share-url=\"https:\/\/www.sage.com\/pt-pt\/blog\/fecho-de-contas-2018-microentidades-classe-1-a-3\/\"\n\t\t\tdata-share-text=\"Por favor, leia este artigo interessante\"\n\t\t>\n\t\t\t<span class=\"social-share-button__share-label\">Partilhar<\/span>\n\t\t\t<span class=\"social-share-button__copy-label\" hidden>Copiar link<\/span>\n\t\t\t<span class=\"social-share-button__copy-tooltip\" aria-hidden=\"true\" hidden>Copiada<\/span>\n\t\t<\/button>\n\n\t\t\t\t<\/div>\n\t<\/div>\n<\/header>\n\n\n\n<div class=\"wp-block-post-author has-dark-background-color alignfull\">\n\t<div class=\"container\">\n\t\t<div class=\"col\">\n\t\t\t\t\t\t\t<div class=\"co-authors\">\n\t\t\t\t\t\n\t\t<div class=\"entry-author-wrapper\">\n\t\t\t<a class=\"entry-author\" href=\"https:\/\/www.sage.com\/pt-pt\/blog\/author\/brunolagos\/\">\n\t\t\t\t<img loading=\"lazy\" decoding=\"async\" width=\"40\" height=\"40\" src=\"https:\/\/www.sage.com\/pt-pt\/blog\/wp-content\/uploads\/sites\/15\/2019\/05\/brunolagos-263x300-1-SQUARE-350x350.jpg\" class=\"entry-author__image\" alt=\"\" srcset=\"https:\/\/www.sage.com\/pt-pt\/blog\/wp-content\/uploads\/sites\/15\/2019\/05\/brunolagos-263x300-1-SQUARE-350x350.jpg 350w, https:\/\/www.sage.com\/pt-pt\/blog\/wp-content\/uploads\/sites\/15\/2019\/05\/brunolagos-263x300-1-SQUARE-768x768.jpg 768w, https:\/\/www.sage.com\/pt-pt\/blog\/wp-content\/uploads\/sites\/15\/2019\/05\/brunolagos-263x300-1-SQUARE-810x810.jpg 810w, https:\/\/www.sage.com\/pt-pt\/blog\/wp-content\/uploads\/sites\/15\/2019\/05\/brunolagos-263x300-1-SQUARE-1536x1536.jpg 1536w, https:\/\/www.sage.com\/pt-pt\/blog\/wp-content\/uploads\/sites\/15\/2019\/05\/brunolagos-263x300-1-SQUARE.jpg 1890w\" sizes=\"auto, (max-width: 40px) 100vw, 40px\" \/>\t\t\t\t<span class=\"entry-author__name\">Bruno Lagos<\/span>\n\t\t\t<\/a>\n\n\t\t\t\t\t<\/div>\n\n\t\t\t\t\t\t<\/div>\n\t\t\t\t\t<\/div>\n\t<\/div>\n<\/div>\n\n\n\n\n\n<h2 class=\"wp-block-heading\" id=\"h-i-introducao\"><strong>I \u2013 Introdu\u00e7\u00e3o<\/strong><\/h2>\n\n\n\n<p>Nesta altura do ano, o Contabilista Certificado (CC) inicia o procedimento do <strong>fecho de contas<\/strong> das empresas de que \u00e9 o respons\u00e1vel pela contabilidade.<\/p>\n\n\n\n<p>Como \u00e9 do conhecimento geral, existe hoje uma <strong>forte liga\u00e7\u00e3o entre o trabalho do CC e os sistemas de informa\u00e7\u00e3o<\/strong>, ou seja, as aplica\u00e7\u00f5es inform\u00e1ticas que processam as contabilidades das empresas. Um dessas liga\u00e7\u00f5es \u00e9 a possibilidade que todas os programas de contabilidade t\u00eam de gerar o ficheiro SAFT-PT. <mark class=\"highlight-and-share\">Como este ficheiro passar\u00e1 a ser uma <strong>pe\u00e7a base para, em 2020, entregar a IES de 2019<\/strong>, vimos, com este texto, alertar para o tratamento que os <a href=\"https:\/\/www.sage.com\/pt-pt\/contabilistas\/\">programas de contabilidade<\/a> devem dar a determinadas contas existentes no plano de contas de cada empresa que adote o sistema contabil\u00edstico das microentidades.<\/mark><\/p>\n\n\n\n<p>Os alertas aqui efetuados t\u00eam a sua origem na informa\u00e7\u00e3o que consta no Portal das Finan\u00e7as na \u00e1rea do Selo de Valida\u00e7\u00e3o da Autoridade Tribut\u00e1ria \u2013 SVAT.<\/p>\n\n\n\n<h2 class=\"wp-block-heading\" id=\"h-ii-contas-de-balanco-classe-1-a-3\"><strong>II \u2013 Contas de Balan\u00e7o \u2013 Classe 1 a 3<\/strong><\/h2>\n\n\n\n<p><strong>Na Classe 2 \u2013 <a href=\"https:\/\/www.sage.com\/pt-pt\/software-faturacao\/contas-a-receber-e-a-pagar\/\">Contas a Receber e a Pagar <\/a><\/strong><\/p>\n\n\n\n<p><strong>Para a conta 23 \u2013 Pessoal<\/strong> dever\u00e1 verificar se, na empresa a que est\u00e1 a proceder ao fecho de contas, existem as contas 233, 234, 235 e 236.<\/p>\n\n\n\n<p>Caso existam e apresentem saldo, dever\u00e1 verificar se, ao gerar o balan\u00e7o, as mesmas s\u00e3o inclu\u00eddas nas contas 2381 \u2013 Pessoal \u2013 Outras opera\u00e7\u00f5es \u2013 Com os \u00f3rg\u00e3os sociais \u2013 (CORRENTE) ou 2382 \u2013 Pessoal \u2013 Outras opera\u00e7\u00f5es \u2013 Com o pessoal \u2013 (CORRENTE), consoantes as situa\u00e7\u00f5es.<\/p>\n\n\n\n<p>O saldo destas contas pode ser credor ou devedor, AP\u00d3S o apuramento de resultados.<\/p>\n\n\n\n<p>As contas com saldo devedor somadas para campo D\u00c9BITO, representadas no Balan\u00e7o em \u201cOutros Ativos Correntes\u201d.<\/p>\n\n\n\n<p>As contas com saldo credor somadas para campo CR\u00c9DITO, representadas no Balan\u00e7o em \u201cOutros Passivos Correntes\u201d.<\/p>\n\n\n\n<p><strong>Para a conta 24 \u2013 Estado e outros entes p\u00fablicos, <\/strong>se, no plano de contas da empresa em an\u00e1lise, existir a conta 247, devem os valores da referida conta serem inclu\u00eddos na conta 248 \u2013 Estado e outros entes p\u00fablicos \u2013 Outras tributa\u00e7\u00f5es.<\/p>\n\n\n\n<p>O saldo da conta 248 pode ser credor ou devedor, AP\u00d3S o apuramento de resultados.<\/p>\n\n\n\n<p>Se o saldo for devedor, ser\u00e1 representada no Balan\u00e7o em \u201cEstado e outros entes p\u00fablico\u201d no Ativo.<\/p>\n\n\n\n<p>Se o saldo credor, ser\u00e1 representada no Balan\u00e7o em \u201cEstado e outros entes p\u00fablico\u201d no Passivo.<\/p>\n\n\n\n<p><strong>Para a conta 25 \u2013 Financiamento obtidos, <\/strong>se, no plano de contas da empresa em an\u00e1lise, existirem as contas 255, 256 e 257, devem os valores das referidas conta serem inclu\u00eddos na conta 258 \u2013 Financiamentos obtidos \u2013 Outros financiadores (CORRENTE).<\/p>\n\n\n\n<p>A referida conta deve apresentar saldo credor e ser representado no Passivo na rubrica \u201cFinanciamentos obtidos\u201d.<\/p>\n\n\n\n<p><strong>Para a conta 26 \u2013 Acionistas \/ s\u00f3cios, <\/strong>se, no plano de contas da empresa em an\u00e1lise, existir a conta 267, devem os valores da referida conta serem inclu\u00eddos na conta 268 \u2013 Acionistas \/ s\u00f3cios \u2013 Outras opera\u00e7\u00f5es (CORRENTE).<\/p>\n\n\n\n<p>O saldo da conta 268 pode ser credor ou devedor, AP\u00d3S o apuramento de resultados.<\/p>\n\n\n\n<p>Se o saldo for devedor, ser\u00e1 representada no Balan\u00e7o em \u201cOutros Ativos Correntes\u201d no Ativo.<\/p>\n\n\n\n<p>Se o saldo credor, ser\u00e1 representada no Balan\u00e7o em \u201cOutros Passivos Correntes\u201d no Passivo.<\/p>\n\n\n\n<p><strong>&nbsp;<\/strong><strong>Para a conta 27 \u2013 Outras contas a receber e a pagar, <\/strong>se, no plano de contas da empresa em an\u00e1lise, existir a conta 277, devem os valores da referida conta serem inclu\u00eddos na conta 278 \u2013 Outras contas a receber e a pagar \u2013 Outros devedores e credores \u2013 (CORRENTE).<\/p>\n\n\n\n<p>O saldo da conta 278 pode ser credor ou devedor, AP\u00d3S o apuramento de resultados.<\/p>\n\n\n\n<p>Se o saldo for devedor, ser\u00e1 representada no Balan\u00e7o em \u201cOutros Ativos Correntes\u201d no Ativo.<\/p>\n\n\n\n<p>Se o saldo credor, ser\u00e1 representada no Balan\u00e7o em \u201cOutros Passivos Correntes\u201d no Passivo.<\/p>\n\n\n\n<p><strong>Para a conta 31 \u2013 Compras, <\/strong>se, no plano de contas da empresa em an\u00e1lise, existirem as contas <strong>314, 315 e 316 (saldos devedores)<\/strong>, devem os valores das referidas conta serem inclu\u00eddos na conta 311 \u2013 Compras \u2013 Mercadorias.<\/p>\n\n\n\n<p>A referida conta deve apresentar saldo devedor, antes de transfer\u00eancia para invent\u00e1rios.<\/p>\n\n\n\n<p>Id\u00eantico procedimento se deve implementar caso as contas&nbsp; <strong>314, 315 e 316, apresentem saldos credores<\/strong> devendo os valores das referidas conta serem inclu\u00eddos na conta <strong>317<\/strong> \u2013 Compras \u2013 Devolu\u00e7\u00f5es de compras \u2013 <strong>Mercadorias<\/strong>, Compras \u2013 Devolu\u00e7\u00f5es de compras \u2013 <strong>Mat\u00e9rias -primas, subsidi\u00e1rias e de consumo<\/strong> ou <strong>318<\/strong> \u2013 Compras \u2013 Descontos e abatimentos em compras \u2013 Mercadorias ou \u2013 Descontos e abatimentos em compras \u2013 <strong>Mat\u00e9rias-Primas, subsidi\u00e1rias ou de consumo<\/strong>.<\/p>\n\n\n\n<p><strong>ANTES<\/strong> de apuramento de resultados, as <strong>contas t\u00eam de apresentam-se saldadas<\/strong>. Estas Contas n\u00e3o s\u00e3o representadas diretamente em balan\u00e7o ou demonstra\u00e7\u00e3o de resultados.<\/p>\n","protected":false},"excerpt":{"rendered":"<p>\t\t\t\tI \u2013 Introdu\u00e7\u00e3o Nesta altura do ano, o Contabilista Certificado (CC) inicia o procedimento do fecho de contas das empresas de que \u00e9 o respons\u00e1vel pela contabilidade. Como \u00e9 do conhecimento geral, existe hoje uma forte liga\u00e7\u00e3o entre o trabalho do CC e os sistemas de informa\u00e7\u00e3o, ou seja, as aplica\u00e7\u00f5es inform\u00e1ticas que processam as contabilidades das empresas. Um dessas liga\u00e7\u00f5es \u00e9 a possibilidade que todas os programas de contabilidade t\u00eam de gerar o ficheiro SAFT-PT. Como este ficheiro passar\u00e1 a ser uma pe\u00e7a base para, em 2020, entregar a IES de 2019, vimos, com este texto, alertar para o tratamento que os programas de contabilidade devem dar a determinadas contas existentes no plano de contas de cada empresa que adote o sistema contabil\u00edstico das microentidades. Os alertas aqui efetuados t\u00eam a sua origem na informa\u00e7\u00e3o que consta no Portal das Finan\u00e7as na \u00e1rea do Selo de Valida\u00e7\u00e3o da Autoridade Tribut\u00e1ria \u2013 SVAT. \u00a0 II \u2013 Contas de Balan\u00e7o \u2013 Classe 1 a 3 Na Classe 2 \u2013 Contas a Receber e a Pagar Para a conta 23 \u2013 Pessoal dever\u00e1 verificar se, na empresa a que est\u00e1 a proceder ao fecho de contas, existem as contas 233, 234, 235 \u2026\t\t<\/p>\n","protected":false},"author":799,"featured_media":305,"comment_status":"open","ping_status":"closed","sticky":false,"template":"","format":"standard","meta":{"_sage_video":false,"post_featured_image_hide":false,"footnotes":""},"categories":[25,16,18],"tags":[52,70,233,71,191],"business_type":[135],"context":[],"industry":[],"persona":[51,42],"imagine_tag":[136,155],"coauthors":[504],"class_list":["post-4694","post","type-post","status-publish","format-standard","has-post-thumbnail","hentry","category-cumprir-legislacao-em-vigor","category-estrategia-legal-e-processos","category-tecnologia-e-inovacao","tag-contabilidade","tag-cumprir-legislacao","tag-fecho-de-contas","tag-legislacao","tag-software","business_type-contabilistas"],"sage_meta":{"region":"pt-pt","author_name":"Bruno Lagos","featured_image":"https:\/\/www.sage.com\/pt-pt\/blog\/wp-content\/uploads\/sites\/15\/2019\/04\/GettyImages-736491675_super.jpg","imagine_tags":{"136":"Contabilistas","155":"Legal"}},"distributor_meta":false,"distributor_terms":false,"distributor_media":false,"distributor_original_site_name":"Sage Advice Portugal","distributor_original_site_url":"https:\/\/www.sage.com\/pt-pt\/blog","push-errors":false,"_links":{"self":[{"href":"https:\/\/www.sage.com\/pt-pt\/blog\/api\/wp\/v2\/posts\/4694","targetHints":{"allow":["GET"]}}],"collection":[{"href":"https:\/\/www.sage.com\/pt-pt\/blog\/api\/wp\/v2\/posts"}],"about":[{"href":"https:\/\/www.sage.com\/pt-pt\/blog\/api\/wp\/v2\/types\/post"}],"author":[{"embeddable":true,"href":"https:\/\/www.sage.com\/pt-pt\/blog\/api\/wp\/v2\/users\/799"}],"replies":[{"embeddable":true,"href":"https:\/\/www.sage.com\/pt-pt\/blog\/api\/wp\/v2\/comments?post=4694"}],"version-history":[{"count":0,"href":"https:\/\/www.sage.com\/pt-pt\/blog\/api\/wp\/v2\/posts\/4694\/revisions"}],"wp:featuredmedia":[{"embeddable":true,"href":"https:\/\/www.sage.com\/pt-pt\/blog\/api\/wp\/v2\/media\/305"}],"wp:attachment":[{"href":"https:\/\/www.sage.com\/pt-pt\/blog\/api\/wp\/v2\/media?parent=4694"}],"wp:term":[{"taxonomy":"category","embeddable":true,"href":"https:\/\/www.sage.com\/pt-pt\/blog\/api\/wp\/v2\/categories?post=4694"},{"taxonomy":"post_tag","embeddable":true,"href":"https:\/\/www.sage.com\/pt-pt\/blog\/api\/wp\/v2\/tags?post=4694"},{"taxonomy":"business_type","embeddable":true,"href":"https:\/\/www.sage.com\/pt-pt\/blog\/api\/wp\/v2\/business_type?post=4694"},{"taxonomy":"context","embeddable":true,"href":"https:\/\/www.sage.com\/pt-pt\/blog\/api\/wp\/v2\/context?post=4694"},{"taxonomy":"industry","embeddable":true,"href":"https:\/\/www.sage.com\/pt-pt\/blog\/api\/wp\/v2\/industry?post=4694"},{"taxonomy":"persona","embeddable":true,"href":"https:\/\/www.sage.com\/pt-pt\/blog\/api\/wp\/v2\/persona?post=4694"},{"taxonomy":"imagine_tag","embeddable":true,"href":"https:\/\/www.sage.com\/pt-pt\/blog\/api\/wp\/v2\/imagine_tag?post=4694"},{"taxonomy":"author","embeddable":true,"href":"https:\/\/www.sage.com\/pt-pt\/blog\/api\/wp\/v2\/coauthors?post=4694"}],"curies":[{"name":"wp","href":"https:\/\/api.w.org\/{rel}","templated":true}]}}