{"id":5388,"date":"2019-09-23T11:47:31","date_gmt":"2019-09-23T10:47:31","guid":{"rendered":"https:\/\/www.sage.com\/pt-pt\/blog\/?p=5388"},"modified":"2025-12-03T15:24:18","modified_gmt":"2025-12-03T15:24:18","slug":"objetivos-regresso-trabalho","status":"publish","type":"post","link":"https:\/\/www.sage.com\/pt-pt\/blog\/objetivos-regresso-trabalho\/","title":{"rendered":"Desenhe os seus objetivos de regresso ao trabalho"},"content":{"rendered":"<header class=\"entry-header has-dark-background-color entry-header--has-illustration entry-header--has-illustration--generic\">\n\t<div class=\"container\">\n\t\t<div class=\"entry-header__row row align-center\">\n\t\t\t<div class=\"col col-lg-7 col-xlg-6 entry-header__content\">\n\t\t\t\t\t\t\t<div class=\"component component-single-header\">\n\t\t\t\t\t\t\t\t\t\t<div class=\"entry-header__misc text--subtitle text--uppercase text--small\">\n\t\t\t\t\t\t\t<a href=\"https:\/\/www.sage.com\/pt-pt\/blog\/category\/dinheiro-e-poupanca\/planeamento-a-longo-prazo\/\" class=\"entry-header__link\">Planeamento a longo prazo<\/a>\t\t\t\t\t\t<\/div>\n\t\t\t\t\n\t\t\t\t<div class=\"entry-title-wrapper\">\n\t\t\t\t\t<h1 class=\"entry-title\">\n\t\t\t\t\t\tDesenhe os seus objetivos de regresso ao trabalho\t\t\t\t\t<\/h1>\n\t\t\t\t<\/div>\n\n\t\t\t\t\t\t\t\t\t<p class=\"entry-header__description\">\n\t\t\t\t\t\t\t\t\t\t\t<\/p>\n\t\t\t\t\n\t\t\t\t\n\t\t\t\t\n\t\t\t<\/div>\n\n\t\t\t\t\t<\/div>\n\t\t\t\t\t<\/div>\n\t<\/div>\n\t<div class=\"single-post-details container\">\n\t\t<div class=\"col\">\n\t\t\t<span class=\"posted-on \"><time class=\"entry-date published\" datetime=\"2019-09-23T11:47:31+01:00\">September 23, 2019<\/time><\/span><span class=\"reading-time\"> minutos de leitura<\/span>\n\t\t<button\n\t\t\ttype=\"button\"\n\t\t\tclass=\"social-share-button button button--icon button--secondary js-social-share-button\"\n\t\t\tdata-share-title=\"Desenhe os seus objetivos de regresso ao trabalho\"\n\t\t\tdata-share-url=\"https:\/\/www.sage.com\/pt-pt\/blog\/objetivos-regresso-trabalho\/\"\n\t\t\tdata-share-text=\"Por favor, leia este artigo interessante\"\n\t\t>\n\t\t\t<span class=\"social-share-button__share-label\">Partilhar<\/span>\n\t\t\t<span class=\"social-share-button__copy-label\" hidden>Copiar link<\/span>\n\t\t\t<span class=\"social-share-button__copy-tooltip\" aria-hidden=\"true\" hidden>Copiada<\/span>\n\t\t<\/button>\n\n\t\t\t\t<\/div>\n\t<\/div>\n<\/header>\n\n\n\n<div class=\"wp-block-post-author has-dark-background-color alignfull\">\n\t<div class=\"container\">\n\t\t<div class=\"col\">\n\t\t\t\t\t\t\t<div class=\"co-authors\">\n\t\t\t\t\t\n\t\t<div class=\"entry-author-wrapper\">\n\t\t\t<a class=\"entry-author\" href=\"https:\/\/www.sage.com\/pt-pt\/blog\/author\/asavinwattanajantra\/\">\n\t\t\t\t<img loading=\"lazy\" decoding=\"async\" width=\"40\" height=\"40\" src=\"https:\/\/www.sage.com\/pt-pt\/blog\/wp-content\/uploads\/sites\/15\/2026\/03\/Asavin-350x350.jpg\" class=\"entry-author__image\" alt=\"\" srcset=\"https:\/\/www.sage.com\/pt-pt\/blog\/wp-content\/uploads\/sites\/15\/2026\/03\/Asavin-350x350.jpg 350w, https:\/\/www.sage.com\/pt-pt\/blog\/wp-content\/uploads\/sites\/15\/2026\/03\/Asavin-768x768.jpg 768w, https:\/\/www.sage.com\/pt-pt\/blog\/wp-content\/uploads\/sites\/15\/2026\/03\/Asavin-810x810.jpg 810w, https:\/\/www.sage.com\/pt-pt\/blog\/wp-content\/uploads\/sites\/15\/2026\/03\/Asavin.jpg 1000w\" sizes=\"auto, (max-width: 40px) 100vw, 40px\" \/>\t\t\t\t<span class=\"entry-author__name\">Asavin Wattanajantra<\/span>\n\t\t\t<\/a>\n\n\t\t\t\t\t<\/div>\n\n\t\t\t\t\t\t<\/div>\n\t\t\t\t\t<\/div>\n\t<\/div>\n<\/div>\n\n\n\n\n\n<p>As aulas recome\u00e7aram, o outono chegou e possivelmente a sua equipa j\u00e1 usufruiu do seu maior per\u00edodo de f\u00e9rias, durante o ver\u00e3o. Agora \u00e9 o <strong>momento certo<\/strong> para aproveitar que os seus colaboradores est\u00e3o repousados e <strong>iniciar um novo ciclo profissional<\/strong>!<\/p>\n\n\n\n<h2 class=\"wp-block-heading\" id=\"h-rever-custos-e-processos\"><strong>Rever custos e processos<\/strong><\/h2>\n\n\n\n<p>O per\u00edodo p\u00f3s-f\u00e9rias \u00e9 muito espec\u00edfico. Para certos mercados, \u00e9 o pico de vendas do ano, enquanto que, para outros, \u00e9 a \u00e9poca sazonal com mais lucro. Por isso, <mark class=\"highlight-and-share\">aproveite esta altura para analisar e possivelmente flexibilizar a estrutura de custos fixos do seu neg\u00f3cio.<\/mark><\/p>\n\n\n\n<h2 class=\"wp-block-heading\" id=\"h-dar-mais-um-passo-digital\"><strong>Dar mais um passo digital<\/strong><\/h2>\n\n\n\n<p>Se a digitaliza\u00e7\u00e3o do seu neg\u00f3cio ainda tem um longo caminho a percorrer, escolha este recome\u00e7o para dar o primeiro passo. <strong>A <a href=\"https:\/\/www.sage.com\/pt-pt\/blog\/desafios-digitalizacao-empresa\/\">digitaliza\u00e7\u00e3o<\/a> veio para ficar e para aumentar a competitividade e receitas dos neg\u00f3cios.<\/strong> Agilize o processo de transferir o seu neg\u00f3cio para a <em>cloud<\/em>, para que consiga <a href=\"https:\/\/www.sage.com\/pt-pt\/erp\/\">aceder a qualquer informa\u00e7\u00e3o com seguran\u00e7a<\/a>, a partir de qualquer lugar.<\/p>\n\n\n\n<h2 class=\"wp-block-heading\" id=\"h-inove-nos-processos-e-na-contratacao\"><strong>Inove: nos processos e na contrata\u00e7\u00e3o<\/strong><\/h2>\n\n\n\n<p>Um neg\u00f3cio com sucesso nunca se deixa estar. <mark class=\"highlight-and-share\">Deve procurar sempre as melhores solu\u00e7\u00f5es para os problemas de hoje e antecipar os de amanh\u00e3! Retome o trabalho com uma grande reuni\u00e3o onde os colaboradores sejam encorajados a partilhar ideias inovadoras e novas pr\u00e1ticas de trabalho.<\/mark><\/p>\n\n\n\n<p>Aproveite a mar\u00e9 de \u201cin\u00edcios\u201d de setembro e <strong>considere as necessidades de recrutamento do seu neg\u00f3cio<\/strong>. As equipas est\u00e3o a bra\u00e7os com novos desafios e aptos a <a href=\"https:\/\/www.sage.com\/pt-pt\/blog\/10-formas-boas-vindas-colaboradores\/\">receber novos colegas<\/a>, para ajudar no trabalho. O novo ano letivo tamb\u00e9m \u00e9 um bom mote para <strong>lan\u00e7ar novos ciclos de forma\u00e7\u00e3o<\/strong> para os seus colaboradores. Investimento no seu conhecimento ter\u00e1 um retorno quase imediato na produtividade do seu neg\u00f3cio.<\/p>\n\n\n\n<div class=\"single-cta\">\n\t<div class=\"single-cta__positioner\">\n\t\t<div class=\"single-cta__wrapper has-dark-background-color\">\n\t\t\t<div class=\"single-cta__content\">\n\t\t\t\t\t\t\t\t<h2 class=\"single-cta__title h3\">Sage X3<\/h2>\n\n\t\t\t\t\t\t\t\t\t<div class=\"single-cta__description\">\n\t\t\t\t\t\t<p>Um neg\u00f3cio em expans\u00e3o precisa de solu\u00e7\u00f5es r\u00e1pidas e de utiliza\u00e7\u00e3o \u00e1gil. Assegure a melhor gest\u00e3o financeira e uma produ\u00e7\u00e3o e distribui\u00e7\u00e3o intuitiva e adapt\u00e1vel ao mercado. Ganhe competitividade e produtividade com o ERP certo.<\/p>\n\t\t\t\t\t<\/div>\n\t\t\t\t\n\t\t\t\t\t\t\t\t\t\t\t\t\t\t<a\n\t\t\t\t\t\thref=\"https:\/\/www.sage.com\/pt-pt\/sage-business-cloud\/sage-x3\/\"\n\t\t\t\t\t\tclass=\"single-cta__button button button--primary\"\n\t\t\t\t\t\t\t\t\t\t\t\t\tid=\"cta-id-4878\"\n\t\t\t\t\t\t\t\t\t\t\t\t\t\t\t\t\t\t\tdata-button-location=\"cta_box\"\n\t\t\t\t\t\t\t\t\t\t\t>Descubra mais<\/a>\n\t\t\t\t\t\t\t<\/div>\n\n\t\t\t\t\t<\/div>\n\n\t\t\t\t\t<img decoding=\"async\" width=\"1064\" height=\"810\" src=\"https:\/\/www.sage.com\/pt-pt\/blog\/wp-content\/uploads\/sites\/15\/2019\/04\/GettyImages-521136693-1064x810.jpg\" class=\"single-cta__image\" alt=\"Homem de neg\u00f3cios em f\u00e1brica\" loading=\"lazy\" srcset=\"https:\/\/www.sage.com\/pt-pt\/blog\/wp-content\/uploads\/sites\/15\/2019\/04\/GettyImages-521136693-1064x810.jpg 1064w\" sizes=\"auto, (min-width: 48em) 33vw, 100vw\" \/>\t\t\t<\/div>\n<\/div>\n\n\n\n<h2 class=\"wp-block-heading\" id=\"h-comecar-a-desenhar-o-novo-ano-que-se-avizinha\"><strong>Come\u00e7ar a desenhar o novo ano que se avizinha<\/strong><\/h2>\n\n\n\n<p>Com apenas mais tr\u00eas meses no calend\u00e1rio civil e muitas empresas j\u00e1 num novo ano fiscal, chegou a hora certa para <strong>alinhavar os objetivos do pr\u00f3ximo ano<\/strong>. Com tempo para reflex\u00e3o e an\u00e1lise das informa\u00e7\u00f5es pr\u00e1ticas que constituem os sucessos e insucessos deste ano, conseguir\u00e1 desenhar o melhor mapa estrat\u00e9gico para o pr\u00f3ximo ano. Qu\u00e3o mais cedo tiver esse plano de ataque definido, mais cedo o pode colocar em pr\u00e1tica!<\/p>\n\n\n<div class=\"single-cta\">\n\t<div class=\"single-cta__positioner\">\n\t\t<div class=\"single-cta__wrapper has-dark-background-color\">\n\t\t\t<div class=\"single-cta__content\">\n\t\t\t\t\t\t\t\t<h2 class=\"single-cta__title h3\">Receba a newsletter Sage Advice<\/h2>\n\n\t\t\t\t\t\t\t\t\t<div class=\"single-cta__description\">\n\t\t\t\t\t\t<p>Inscreva-se para receber o boletim do Sage\u00a0Advice e receba os conselhos mais recentes diretamente no seu e-mail.<\/p>\n\t\t\t\t\t<\/div>\n\t\t\t\t\n\t\t\t\t\t\t\t\t\t\t\t\t\t\t<a\n\t\t\t\t\t\thref=\"#gate-56228f27-e58f-435b-9b72-a561d684e263\"\n\t\t\t\t\t\tclass=\"single-cta__button button button--primary\"\n\t\t\t\t\t\t\t\t\t\t\t\t\t\t\t\t\t>Subscrever<\/a>\n\t\t\t\t\t\t\t<\/div>\n\n\t\t\t\t\t<\/div>\n\n\t\t\t\t\t<img decoding=\"async\" width=\"1215\" height=\"810\" src=\"https:\/\/www.sage.com\/pt-pt\/blog\/wp-content\/uploads\/sites\/15\/2023\/10\/GettyImages-1073868226-1215x810.jpg\" class=\"single-cta__image\" alt=\"Rapaz ao telefone no seu escrit\u00f3rio\" loading=\"lazy\" srcset=\"https:\/\/www.sage.com\/pt-pt\/blog\/wp-content\/uploads\/sites\/15\/2023\/10\/GettyImages-1073868226-1215x810.jpg 1215w\" sizes=\"auto, (min-width: 48em) 33vw, 100vw\" \/>\t\t\t<\/div>\n<\/div>\n","protected":false},"excerpt":{"rendered":"<p>As aulas recome\u00e7aram, o outono chegou e possivelmente a sua equipa j\u00e1 usufruiu do seu maior per\u00edodo de f\u00e9rias, durante o ver\u00e3o. Agora \u00e9 o momento certo para aproveitar que os seus colaboradores est\u00e3o repousados e iniciar um novo ciclo profissional! Rever custos e processos O per\u00edodo p\u00f3s-f\u00e9rias \u00e9 muito espec\u00edfico. Para certos mercados, \u00e9 [&hellip;]<\/p>\n","protected":false},"author":356,"featured_media":7483,"comment_status":"open","ping_status":"closed","sticky":false,"template":"","format":"standard","meta":{"_sage_video":false,"post_featured_image_hide":false,"footnotes":""},"categories":[14,16,21,23,24],"tags":[86,229,92,187,83,212,76],"business_type":[3],"context":[],"industry":[],"persona":[46,47],"imagine_tag":[141,153,165],"coauthors":[489],"class_list":["post-5388","post","type-post","status-publish","format-standard","has-post-thumbnail","hentry","category-dinheiro-e-poupanca","category-estrategia-legal-e-processos","category-planeamento-a-longo-prazo","category-plano-de-negocios","category-processos-do-negocio","tag-captacao-de-clientes","tag-colaboradores","tag-competitividade","tag-empresas","tag-estrategia","tag-pessoas","tag-tomar-decisoes-financeiras","business_type-medias-empresas"],"sage_meta":{"region":"pt-pt","author_name":"Asavin Wattanajantra","featured_image":"https:\/\/www.sage.com\/pt-pt\/blog\/wp-content\/uploads\/sites\/15\/2022\/04\/GettyImages-1272762106.jpg","imagine_tags":{"141":"ERP","153":"Fazer Crescer o Seu Neg\u00f3cio","165":"Tecnologia e Inova\u00e7\u00e3o"}},"distributor_meta":false,"distributor_terms":false,"distributor_media":false,"distributor_original_site_name":"Sage Advice Portugal","distributor_original_site_url":"https:\/\/www.sage.com\/pt-pt\/blog","push-errors":false,"_links":{"self":[{"href":"https:\/\/www.sage.com\/pt-pt\/blog\/api\/wp\/v2\/posts\/5388","targetHints":{"allow":["GET"]}}],"collection":[{"href":"https:\/\/www.sage.com\/pt-pt\/blog\/api\/wp\/v2\/posts"}],"about":[{"href":"https:\/\/www.sage.com\/pt-pt\/blog\/api\/wp\/v2\/types\/post"}],"author":[{"embeddable":true,"href":"https:\/\/www.sage.com\/pt-pt\/blog\/api\/wp\/v2\/users\/356"}],"replies":[{"embeddable":true,"href":"https:\/\/www.sage.com\/pt-pt\/blog\/api\/wp\/v2\/comments?post=5388"}],"version-history":[{"count":0,"href":"https:\/\/www.sage.com\/pt-pt\/blog\/api\/wp\/v2\/posts\/5388\/revisions"}],"wp:featuredmedia":[{"embeddable":true,"href":"https:\/\/www.sage.com\/pt-pt\/blog\/api\/wp\/v2\/media\/7483"}],"wp:attachment":[{"href":"https:\/\/www.sage.com\/pt-pt\/blog\/api\/wp\/v2\/media?parent=5388"}],"wp:term":[{"taxonomy":"category","embeddable":true,"href":"https:\/\/www.sage.com\/pt-pt\/blog\/api\/wp\/v2\/categories?post=5388"},{"taxonomy":"post_tag","embeddable":true,"href":"https:\/\/www.sage.com\/pt-pt\/blog\/api\/wp\/v2\/tags?post=5388"},{"taxonomy":"business_type","embeddable":true,"href":"https:\/\/www.sage.com\/pt-pt\/blog\/api\/wp\/v2\/business_type?post=5388"},{"taxonomy":"context","embeddable":true,"href":"https:\/\/www.sage.com\/pt-pt\/blog\/api\/wp\/v2\/context?post=5388"},{"taxonomy":"industry","embeddable":true,"href":"https:\/\/www.sage.com\/pt-pt\/blog\/api\/wp\/v2\/industry?post=5388"},{"taxonomy":"persona","embeddable":true,"href":"https:\/\/www.sage.com\/pt-pt\/blog\/api\/wp\/v2\/persona?post=5388"},{"taxonomy":"imagine_tag","embeddable":true,"href":"https:\/\/www.sage.com\/pt-pt\/blog\/api\/wp\/v2\/imagine_tag?post=5388"},{"taxonomy":"author","embeddable":true,"href":"https:\/\/www.sage.com\/pt-pt\/blog\/api\/wp\/v2\/coauthors?post=5388"}],"curies":[{"name":"wp","href":"https:\/\/api.w.org\/{rel}","templated":true}]}}