{"id":5449,"date":"2019-10-25T10:00:09","date_gmt":"2019-10-25T09:00:09","guid":{"rendered":"https:\/\/www.sage.com\/pt-pt\/blog\/?p=5449"},"modified":"2025-12-03T15:23:17","modified_gmt":"2025-12-03T15:23:17","slug":"alteracao-diversos-codigos-fiscais-efatura-inventarios","status":"publish","type":"post","link":"https:\/\/www.sage.com\/pt-pt\/blog\/alteracao-diversos-codigos-fiscais-efatura-inventarios\/","title":{"rendered":"Altera\u00e7\u00e3o de diversos C\u00f3digos Fiscais: E-Fatura e Invent\u00e1rios"},"content":{"rendered":"<header class=\"entry-header has-dark-background-color entry-header--has-illustration entry-header--has-illustration--generic\">\n\t<div class=\"container\">\n\t\t<div class=\"entry-header__row row align-center\">\n\t\t\t<div class=\"col col-lg-7 col-xlg-6 entry-header__content\">\n\t\t\t\t\t\t\t<div class=\"component component-single-header\">\n\t\t\t\t\t\t\t\t\t\t<div class=\"entry-header__misc text--subtitle text--uppercase text--small\">\n\t\t\t\t\t\t\t<a href=\"https:\/\/www.sage.com\/pt-pt\/blog\/category\/dinheiro-e-poupanca\/\" class=\"entry-header__link\">Dinheiro e Poupan\u00e7a<\/a>\t\t\t\t\t\t<\/div>\n\t\t\t\t\n\t\t\t\t<div class=\"entry-title-wrapper\">\n\t\t\t\t\t<h1 class=\"entry-title\">\n\t\t\t\t\t\tAltera\u00e7\u00e3o de diversos C\u00f3digos Fiscais: E-Fatura e Invent\u00e1rios\t\t\t\t\t<\/h1>\n\t\t\t\t<\/div>\n\n\t\t\t\t\t\t\t\t\t<p class=\"entry-header__description\">\n\t\t\t\t\t\t\t\t\t\t\t<\/p>\n\t\t\t\t\n\t\t\t\t\n\t\t\t\t\n\t\t\t<\/div>\n\n\t\t\t\t\t<\/div>\n\t\t\t\t\t<\/div>\n\t<\/div>\n\t<div class=\"single-post-details container\">\n\t\t<div class=\"col\">\n\t\t\t<span class=\"posted-on \"><time class=\"entry-date published\" datetime=\"2019-10-25T10:00:09+01:00\">October 25, 2019<\/time><\/span><span class=\"reading-time\"> minutos de leitura<\/span>\n\t\t<button\n\t\t\ttype=\"button\"\n\t\t\tclass=\"social-share-button button button--icon button--secondary js-social-share-button\"\n\t\t\tdata-share-title=\"Altera\u00e7\u00e3o de diversos C\u00f3digos Fiscais: E-Fatura e Invent\u00e1rios\"\n\t\t\tdata-share-url=\"https:\/\/www.sage.com\/pt-pt\/blog\/alteracao-diversos-codigos-fiscais-efatura-inventarios\/\"\n\t\t\tdata-share-text=\"Por favor, leia este artigo interessante\"\n\t\t>\n\t\t\t<span class=\"social-share-button__share-label\">Partilhar<\/span>\n\t\t\t<span class=\"social-share-button__copy-label\" hidden>Copiar link<\/span>\n\t\t\t<span class=\"social-share-button__copy-tooltip\" aria-hidden=\"true\" hidden>Copiada<\/span>\n\t\t<\/button>\n\n\t\t\t\t<\/div>\n\t<\/div>\n<\/header>\n\n\n\n<div class=\"wp-block-post-author has-dark-background-color alignfull\">\n\t<div class=\"container\">\n\t\t<div class=\"col\">\n\t\t\t\t\t\t\t<div class=\"co-authors\">\n\t\t\t\t\t\n\t\t<div class=\"entry-author-wrapper\">\n\t\t\t<a class=\"entry-author\" href=\"https:\/\/www.sage.com\/pt-pt\/blog\/author\/brunolagos\/\">\n\t\t\t\t<img loading=\"lazy\" decoding=\"async\" width=\"40\" height=\"40\" src=\"https:\/\/www.sage.com\/pt-pt\/blog\/wp-content\/uploads\/sites\/15\/2019\/05\/brunolagos-263x300-1-SQUARE-350x350.jpg\" class=\"entry-author__image\" alt=\"\" srcset=\"https:\/\/www.sage.com\/pt-pt\/blog\/wp-content\/uploads\/sites\/15\/2019\/05\/brunolagos-263x300-1-SQUARE-350x350.jpg 350w, https:\/\/www.sage.com\/pt-pt\/blog\/wp-content\/uploads\/sites\/15\/2019\/05\/brunolagos-263x300-1-SQUARE-768x768.jpg 768w, https:\/\/www.sage.com\/pt-pt\/blog\/wp-content\/uploads\/sites\/15\/2019\/05\/brunolagos-263x300-1-SQUARE-810x810.jpg 810w, https:\/\/www.sage.com\/pt-pt\/blog\/wp-content\/uploads\/sites\/15\/2019\/05\/brunolagos-263x300-1-SQUARE-1536x1536.jpg 1536w, https:\/\/www.sage.com\/pt-pt\/blog\/wp-content\/uploads\/sites\/15\/2019\/05\/brunolagos-263x300-1-SQUARE.jpg 1890w\" sizes=\"auto, (max-width: 40px) 100vw, 40px\" \/>\t\t\t\t<span class=\"entry-author__name\">Bruno Lagos<\/span>\n\t\t\t<\/a>\n\n\t\t\t\t\t<\/div>\n\n\t\t\t\t\t\t<\/div>\n\t\t\t\t\t<\/div>\n\t<\/div>\n<\/div>\n\n\n\n\n\n<p>Neste apontamento analisaremos as altera\u00e7\u00f5es ao e-fatura e \u00e0 <a href=\"https:\/\/www.sage.com\/pt-pt\/software-faturacao\/comunicacao-de-inventarios\/\">comunica\u00e7\u00e3o de invent\u00e1rios<\/a>, introduzidas pela Lei n.\u00ba 119\/2019, de 18 de setembro.<\/p>\n\n\n\n<h2 class=\"wp-block-heading\" id=\"h-1-que-alteracoes-foram-introduzidas-ao-e-fatura-dl-n-\u00ba-198-2012-pela-lei-n-\u00ba-119-2019-e-pelo-dl-n-\u00ba-28-2019-nbsp\"><strong>1 \u2013 Que altera\u00e7\u00f5es foram introduzidas ao e-fatura (DL n.\u00ba 198\/2012) pela Lei n.\u00ba 119\/2019 e pelo DL n.\u00ba 28\/2019?<\/strong><strong>&nbsp;<\/strong><\/h2>\n\n\n\n<p>A comunica\u00e7\u00e3o das <a href=\"https:\/\/www.sage.com\/pt-pt\/software-faturacao\/faturas\/\">faturas emitidas<\/a> pelas empresas \u00e0 AT, via e-fatura, passa a ter um novo prazo.<\/p>\n\n\n\n<p>O DL n.\u00ba 198\/2012 veio estabelecer medidas de <a href=\"https:\/\/www.sage.com\/pt-pt\/blog\/quando-enviar-uma-fatura\/\">controlo de emiss\u00e3o de faturas<\/a> e de outros documentos com relev\u00e2ncia fiscal.<\/p>\n\n\n\n<p>O Decreto-Lei n.\u00ba 28\/2019, de 15 de fevereiro, no seu art.\u00ba 41\u00ba, veio alterar o artigo 3\u00ba n.\u00ba 2 do DL n.\u00ba 198\/2012, passando a determinar que a comunica\u00e7\u00e3o das faturas deve ser efetuada at\u00e9 ao dia 10 do m\u00eas seguinte.<\/p>\n\n\n\n<p>Posteriormente a Lei n.\u00ba 119\/2019, de 18 de setembro, no seu artigo 16\u00ba tamb\u00e9m altera o DL n.\u00ba 198\/2012, passando o prazo para dia 12 do m\u00eas seguinte ao da emiss\u00e3o da fatura.<\/p>\n\n\n\n<p>No entanto, o art.\u00ba 43\u00ba, n.\u00ba 8 &#8211; Norma transit\u00f3ria, do Decreto-Lei n.\u00ba 28\/2019, de 15 de fevereiro, vem determinar, <strong><u>que durante o ano de 2019, a comunica\u00e7\u00e3o das faturas, deve ser efetuada at\u00e9 ao dia 15 do m\u00eas seguinte<\/u><\/strong>.<\/p>\n\n\n\n<p><strong><u>A partir de 1 de janeiro de 2020, a comunica\u00e7\u00e3o das faturas deve ser efetuada at\u00e9 ao dia 12 do m\u00eas seguinte ao da emiss\u00e3o da fatura<\/u><\/strong> (ver altera\u00e7\u00e3o ao n.\u00ba 2, do artigo 3.\u00ba, do Decreto-Lei n.\u00ba 198\/2012, introduzida pelo artigo 16.\u00ba, da Lei n.\u00ba 119\/2019, de 18 de setembro).<\/p>\n\n\n\n<p>Outra altera\u00e7\u00e3o introduzida refere-se \u00e0 conserva\u00e7\u00e3o dos dados comunicados relativos a faturas que <strong><u>devem ser mantidos at\u00e9 ao final do d\u00e9cimo quinto ano seguinte \u00e0quele a que respeitem<\/u><\/strong>, sendo obrigatoriamente destru\u00eddos no prazo de seis meses ap\u00f3s o decurso desse prazo (art.\u00ba 5\u00ba do DL n.\u00ba 198\/2012, alterado pela Lei n.\u00ba 119\/2019)<\/p>\n\n\n\n<h2 class=\"wp-block-heading\" id=\"h-2-que-alteracoes-foram-introduzidas-na-comunicacao-de-inventarios-dl-n-\u00ba-198-2012-pelo-dl-n-\u00ba-28-2019\"><strong>2 \u2013 Que altera\u00e7\u00f5es foram introduzidas na comunica\u00e7\u00e3o de invent\u00e1rios (DL n.\u00ba 198\/2012) pelo DL n.\u00ba 28\/2019?<\/strong><\/h2>\n\n\n\n<p><strong>&nbsp;<\/strong>O Or\u00e7amento de Estado para 2015 (Lei n.\u00ba 82-B\/2014, de 31 de dezembro), que veio aditar o art.\u00ba 3\u00ba &#8211; A ao DL n.\u00ba 198\/2012, institu\u00eda a obriga\u00e7\u00e3o de comunica\u00e7\u00e3o dos invent\u00e1rios atrav\u00e9s de ficheiro com caracter\u00edsticas e estrutura a definir por portaria do membro do Governo respons\u00e1vel pela \u00e1rea das finan\u00e7as. (Reda\u00e7\u00e3o do art.\u00ba 233.\u00ba, da Lei n.\u00ba 82-B\/2014, de 31 de dezembro).<\/p>\n\n\n\n<p>No artigo seguinte (234\u00ba) da mesma Lei estabelecia-se um regime transit\u00f3rio para a <a href=\"https:\/\/www.sage.com\/pt-pt\/software-faturacao\/comunicacao-de-inventarios\/\">comunica\u00e7\u00e3o de invent\u00e1rios<\/a>, que se materializou com a publica\u00e7\u00e3o da Portaria n.\u00ba 2\/2015, de 6 de janeiro.<\/p>\n\n\n\n<p>Se compararmos a estrutura do ficheiro, a comunicar \u00e0 AT, prevista na Portaria n.\u00ba &nbsp;2\/2015 com estrutura do ficheiro da Portaria n.\u00ba 126\/2019, de 2 de maio, verificamos que, para 2019, foi acrescido um novo campo, que se refere ao valor dos bens que fazem parte do invent\u00e1rio da empresa no dia 31\/12\/2019, e uma nova discri\u00e7\u00e3o no campo tipo de produto, referente aos ativos biol\u00f3gicos.<\/p>\n\n\n\n<p>Se at\u00e9 2018 <a href=\"https:\/\/www.sage.com\/pt-pt\/blog\/evitar-erros-no-controlo-stocks\/\">apenas se comunicavam quantidades<\/a>, para o ano de 2019 a comunica\u00e7\u00e3o a fazer, at\u00e9 31 de janeiro de 2020, passa tamb\u00e9m a incluir os valores dos bens do invent\u00e1rio das empresas.<\/p>\n\n\n\n<p>Ficam dispensados da obriga\u00e7\u00e3o de comunica\u00e7\u00e3o os sujeitos passivos a que seja aplic\u00e1vel o regime simplificado de tributa\u00e7\u00e3o em sede de IRS ou IRC. (Reda\u00e7\u00e3o do Decreto-Lei n.\u00ba 28\/2019, de 15 de fevereiro).<\/p>\n\n\n\n<p><strong>O limite de \u20ac 100.000, que o Or\u00e7amento de Estado para 2015 tinha institu\u00eddo para a dispensa de comunica\u00e7\u00e3o, deixa de existir.<\/strong><\/p>\n\n\n\n<p><strong>\n<div class=\"single-cta\">\n\t<div class=\"single-cta__positioner\">\n\t\t<div class=\"single-cta__wrapper has-dark-background-color\">\n\t\t\t<div class=\"single-cta__content\">\n\t\t\t\t\t\t\t\t<h2 class=\"single-cta__title h3\">Sage for Accountants <\/h2>\n\n\t\t\t\t\t\t\t\t\t<div class=\"single-cta__description\">\n\t\t\t\t\t\t<p>Informa\u00e7\u00e3o e inova\u00e7\u00e3o em tempo real: a contabilidade do futuro. Aumente a efici\u00eancia do seu neg\u00f3cio de Contabilidade, com automatiza\u00e7\u00e3o de tarefas morosas. Ganhe a possibilidade de trabalhar \u00e0 dist\u00e2ncia e escolha a solu\u00e7\u00e3o mais adequada \u00e0 sua situa\u00e7\u00e3o.<\/p>\n\t\t\t\t\t<\/div>\n\t\t\t\t\n\t\t\t\t\t\t\t\t\t\t\t\t\t\t<a\n\t\t\t\t\t\thref=\"https:\/\/www.sage.com\/pt-pt\/contabilistas\/sage-for-accountants\/\"\n\t\t\t\t\t\tclass=\"single-cta__button button button--primary\"\n\t\t\t\t\t\t\t\t\t\t\t\t\tid=\"cta-id-4879\"\n\t\t\t\t\t\t\t\t\t\t\t\t\t\t\t\t\t\t\tdata-button-location=\"cta_box\"\n\t\t\t\t\t\t\t\t\t\t\t>Descubra mais<\/a>\n\t\t\t\t\t\t\t<\/div>\n\n\t\t\t\t\t<\/div>\n\n\t\t\t\t\t<img decoding=\"async\" width=\"1064\" height=\"810\" src=\"https:\/\/www.sage.com\/pt-pt\/blog\/wp-content\/uploads\/sites\/15\/2019\/04\/GettyImages-685899594-1-1064x810.jpg\" class=\"single-cta__image\" alt=\"Contabilista sentada em secret\u00e1ria\" loading=\"lazy\" srcset=\"https:\/\/www.sage.com\/pt-pt\/blog\/wp-content\/uploads\/sites\/15\/2019\/04\/GettyImages-685899594-1-1064x810.jpg 1064w\" sizes=\"auto, (min-width: 48em) 33vw, 100vw\" \/>\t\t\t<\/div>\n<\/div>\n<\/strong><\/p>\n\n\n<div class=\"single-cta\">\n\t<div class=\"single-cta__positioner\">\n\t\t<div class=\"single-cta__wrapper has-dark-background-color\">\n\t\t\t<div class=\"single-cta__content\">\n\t\t\t\t\t\t\t\t<h2 class=\"single-cta__title h3\">Receba a newsletter Sage Advice<\/h2>\n\n\t\t\t\t\t\t\t\t\t<div class=\"single-cta__description\">\n\t\t\t\t\t\t<p>Inscreva-se para receber o boletim do Sage\u00a0Advice e receba os conselhos mais recentes diretamente no seu e-mail.<\/p>\n\t\t\t\t\t<\/div>\n\t\t\t\t\n\t\t\t\t\t\t\t\t\t\t\t\t\t\t<a\n\t\t\t\t\t\thref=\"#gate-56228f27-e58f-435b-9b72-a561d684e263\"\n\t\t\t\t\t\tclass=\"single-cta__button button button--primary\"\n\t\t\t\t\t\t\t\t\t\t\t\t\t\t\t\t\t>Subscrever<\/a>\n\t\t\t\t\t\t\t<\/div>\n\n\t\t\t\t\t<\/div>\n\n\t\t\t\t\t<img decoding=\"async\" width=\"1215\" height=\"810\" src=\"https:\/\/www.sage.com\/pt-pt\/blog\/wp-content\/uploads\/sites\/15\/2023\/10\/GettyImages-1073868226-1215x810.jpg\" class=\"single-cta__image\" alt=\"Rapaz ao telefone no seu escrit\u00f3rio\" loading=\"lazy\" srcset=\"https:\/\/www.sage.com\/pt-pt\/blog\/wp-content\/uploads\/sites\/15\/2023\/10\/GettyImages-1073868226-1215x810.jpg 1215w\" sizes=\"auto, (min-width: 48em) 33vw, 100vw\" \/>\t\t\t<\/div>\n<\/div>\n","protected":false},"excerpt":{"rendered":"<p>Neste apontamento analisaremos as altera\u00e7\u00f5es ao e-fatura e \u00e0 comunica\u00e7\u00e3o de invent\u00e1rios, introduzidas pela Lei n.\u00ba 119\/2019, de 18 de setembro. 1 \u2013 Que altera\u00e7\u00f5es foram introduzidas ao e-fatura (DL n.\u00ba 198\/2012) pela Lei n.\u00ba 119\/2019 e pelo DL n.\u00ba 28\/2019?&nbsp; A comunica\u00e7\u00e3o das faturas emitidas pelas empresas \u00e0 AT, via e-fatura, passa a ter [&hellip;]<\/p>\n","protected":false},"author":799,"featured_media":274,"comment_status":"open","ping_status":"closed","sticky":false,"template":"","format":"standard","meta":{"_sage_video":false,"post_featured_image_hide":false,"footnotes":""},"categories":[14],"tags":[52],"business_type":[135],"context":[],"industry":[126],"persona":[51],"imagine_tag":[136],"coauthors":[504],"class_list":["post-5449","post","type-post","status-publish","format-standard","has-post-thumbnail","hentry","category-dinheiro-e-poupanca","tag-contabilidade","business_type-contabilistas","industry-servicos-financeiros"],"sage_meta":{"region":"pt-pt","author_name":"Bruno Lagos","featured_image":"https:\/\/www.sage.com\/pt-pt\/blog\/wp-content\/uploads\/sites\/15\/2019\/04\/GettyImages-675926198_super.jpg","imagine_tags":{"136":"Contabilistas"}},"distributor_meta":false,"distributor_terms":false,"distributor_media":false,"distributor_original_site_name":"Sage Advice Portugal","distributor_original_site_url":"https:\/\/www.sage.com\/pt-pt\/blog","push-errors":false,"_links":{"self":[{"href":"https:\/\/www.sage.com\/pt-pt\/blog\/api\/wp\/v2\/posts\/5449","targetHints":{"allow":["GET"]}}],"collection":[{"href":"https:\/\/www.sage.com\/pt-pt\/blog\/api\/wp\/v2\/posts"}],"about":[{"href":"https:\/\/www.sage.com\/pt-pt\/blog\/api\/wp\/v2\/types\/post"}],"author":[{"embeddable":true,"href":"https:\/\/www.sage.com\/pt-pt\/blog\/api\/wp\/v2\/users\/799"}],"replies":[{"embeddable":true,"href":"https:\/\/www.sage.com\/pt-pt\/blog\/api\/wp\/v2\/comments?post=5449"}],"version-history":[{"count":0,"href":"https:\/\/www.sage.com\/pt-pt\/blog\/api\/wp\/v2\/posts\/5449\/revisions"}],"wp:featuredmedia":[{"embeddable":true,"href":"https:\/\/www.sage.com\/pt-pt\/blog\/api\/wp\/v2\/media\/274"}],"wp:attachment":[{"href":"https:\/\/www.sage.com\/pt-pt\/blog\/api\/wp\/v2\/media?parent=5449"}],"wp:term":[{"taxonomy":"category","embeddable":true,"href":"https:\/\/www.sage.com\/pt-pt\/blog\/api\/wp\/v2\/categories?post=5449"},{"taxonomy":"post_tag","embeddable":true,"href":"https:\/\/www.sage.com\/pt-pt\/blog\/api\/wp\/v2\/tags?post=5449"},{"taxonomy":"business_type","embeddable":true,"href":"https:\/\/www.sage.com\/pt-pt\/blog\/api\/wp\/v2\/business_type?post=5449"},{"taxonomy":"context","embeddable":true,"href":"https:\/\/www.sage.com\/pt-pt\/blog\/api\/wp\/v2\/context?post=5449"},{"taxonomy":"industry","embeddable":true,"href":"https:\/\/www.sage.com\/pt-pt\/blog\/api\/wp\/v2\/industry?post=5449"},{"taxonomy":"persona","embeddable":true,"href":"https:\/\/www.sage.com\/pt-pt\/blog\/api\/wp\/v2\/persona?post=5449"},{"taxonomy":"imagine_tag","embeddable":true,"href":"https:\/\/www.sage.com\/pt-pt\/blog\/api\/wp\/v2\/imagine_tag?post=5449"},{"taxonomy":"author","embeddable":true,"href":"https:\/\/www.sage.com\/pt-pt\/blog\/api\/wp\/v2\/coauthors?post=5449"}],"curies":[{"name":"wp","href":"https:\/\/api.w.org\/{rel}","templated":true}]}}