{"id":5612,"date":"2020-02-21T10:00:26","date_gmt":"2020-02-21T10:00:26","guid":{"rendered":"https:\/\/www.sage.com\/pt-pt\/blog\/?p=5612"},"modified":"2025-12-03T15:20:37","modified_gmt":"2025-12-03T15:20:37","slug":"irc-informacoes-vinculativas-de-2019-parte-viii","status":"publish","type":"post","link":"https:\/\/www.sage.com\/pt-pt\/blog\/irc-informacoes-vinculativas-de-2019-parte-viii\/","title":{"rendered":"IRC \u2013 Informa\u00e7\u00f5es Vinculativas de 2019 (parte VIII)"},"content":{"rendered":"<header class=\"entry-header has-dark-background-color entry-header--has-illustration entry-header--has-illustration--generic\">\n\t<div class=\"container\">\n\t\t<div class=\"entry-header__row row align-center\">\n\t\t\t<div class=\"col col-lg-7 col-xlg-6 entry-header__content\">\n\t\t\t\t\t\t\t<div class=\"component component-single-header\">\n\t\t\t\t\t\t\t\t\t\t<div class=\"entry-header__misc text--subtitle text--uppercase text--small\">\n\t\t\t\t\t\t\t<a href=\"https:\/\/www.sage.com\/pt-pt\/blog\/category\/estrategia-legal-e-processos\/\" class=\"entry-header__link\">Estrat\u00e9gia, Legal e Processos<\/a>\t\t\t\t\t\t<\/div>\n\t\t\t\t\n\t\t\t\t<div class=\"entry-title-wrapper\">\n\t\t\t\t\t<h1 class=\"entry-title\">\n\t\t\t\t\t\tIRC \u2013 Informa\u00e7\u00f5es Vinculativas de 2019 (parte VIII)\t\t\t\t\t<\/h1>\n\t\t\t\t<\/div>\n\n\t\t\t\t\t\t\t\t\t<p class=\"entry-header__description\">\n\t\t\t\t\t\t\t\t\t\t\t<\/p>\n\t\t\t\t\n\t\t\t\t\n\t\t\t\t\n\t\t\t<\/div>\n\n\t\t\t\t\t<\/div>\n\t\t\t\t\t<\/div>\n\t<\/div>\n\t<div class=\"single-post-details container\">\n\t\t<div class=\"col\">\n\t\t\t<span class=\"posted-on \"><time class=\"entry-date published\" datetime=\"2020-02-21T10:00:26+00:00\">February 21, 2020<\/time><\/span><span class=\"reading-time\"> minutos de leitura<\/span>\n\t\t<button\n\t\t\ttype=\"button\"\n\t\t\tclass=\"social-share-button button button--icon button--secondary js-social-share-button\"\n\t\t\tdata-share-title=\"IRC \u2013 Informa\u00e7\u00f5es Vinculativas de 2019 (parte VIII)\"\n\t\t\tdata-share-url=\"https:\/\/www.sage.com\/pt-pt\/blog\/irc-informacoes-vinculativas-de-2019-parte-viii\/\"\n\t\t\tdata-share-text=\"Por favor, leia este artigo interessante\"\n\t\t>\n\t\t\t<span class=\"social-share-button__share-label\">Partilhar<\/span>\n\t\t\t<span class=\"social-share-button__copy-label\" hidden>Copiar link<\/span>\n\t\t\t<span class=\"social-share-button__copy-tooltip\" aria-hidden=\"true\" hidden>Copiada<\/span>\n\t\t<\/button>\n\n\t\t\t\t<\/div>\n\t<\/div>\n<\/header>\n\n\n\n<div class=\"wp-block-post-author has-dark-background-color alignfull\">\n\t<div class=\"container\">\n\t\t<div class=\"col\">\n\t\t\t\t\t\t\t<div class=\"co-authors\">\n\t\t\t\t\t\n\t\t<div class=\"entry-author-wrapper\">\n\t\t\t<a class=\"entry-author\" href=\"https:\/\/www.sage.com\/pt-pt\/blog\/author\/brunolagos\/\">\n\t\t\t\t<img loading=\"lazy\" decoding=\"async\" width=\"40\" height=\"40\" src=\"https:\/\/www.sage.com\/pt-pt\/blog\/wp-content\/uploads\/sites\/15\/2019\/05\/brunolagos-263x300-1-SQUARE-350x350.jpg\" class=\"entry-author__image\" alt=\"\" srcset=\"https:\/\/www.sage.com\/pt-pt\/blog\/wp-content\/uploads\/sites\/15\/2019\/05\/brunolagos-263x300-1-SQUARE-350x350.jpg 350w, https:\/\/www.sage.com\/pt-pt\/blog\/wp-content\/uploads\/sites\/15\/2019\/05\/brunolagos-263x300-1-SQUARE-768x768.jpg 768w, https:\/\/www.sage.com\/pt-pt\/blog\/wp-content\/uploads\/sites\/15\/2019\/05\/brunolagos-263x300-1-SQUARE-810x810.jpg 810w, https:\/\/www.sage.com\/pt-pt\/blog\/wp-content\/uploads\/sites\/15\/2019\/05\/brunolagos-263x300-1-SQUARE-1536x1536.jpg 1536w, https:\/\/www.sage.com\/pt-pt\/blog\/wp-content\/uploads\/sites\/15\/2019\/05\/brunolagos-263x300-1-SQUARE.jpg 1890w\" sizes=\"auto, (max-width: 40px) 100vw, 40px\" \/>\t\t\t\t<span class=\"entry-author__name\">Bruno Lagos<\/span>\n\t\t\t<\/a>\n\n\t\t\t\t\t<\/div>\n\n\t\t\t\t\t\t<\/div>\n\t\t\t\t\t<\/div>\n\t<\/div>\n<\/div>\n\n\n\n\n\n<p><strong>IV \u2013 Determina\u00e7\u00e3o da mat\u00e9ria colet\u00e1vel<\/strong><\/p>\n\n\n\n<p><strong>IV.12 \u2013 Realiza\u00e7\u00f5es de utilidade social \u2013 Art.\u00ba 43\u00ba do CIRC<\/strong><\/p>\n\n\n\n<p><strong>O Portal das Finan\u00e7as apresenta para este artigo do IRC 22 Informa\u00e7\u00f5es Vinculativas (IV) sendo que destas 8 foram divulgadas em 2019.<\/strong><\/p>\n\n\n\n<p><strong>Atendendo ao elevado n\u00famero de IV divulgadas em 2019 iremos construir uma tabela com a informa\u00e7\u00e3o mais relevante produzida pelas referidas Informa\u00e7\u00f5es Vinculativas relativas ao art.\u00ba 46\u00ba do CIRC.<\/strong><\/p>\n\n\n\n<figure class=\"wp-block-table\"><table class=\"has-fixed-layout\"><tbody><tr><td><strong>Divulgada em<\/strong><\/td><td><strong>Quest\u00e3o<\/strong><\/td><td><strong>Decis\u00e3o<\/strong><\/td><td><strong>Processo<\/strong><\/td><\/tr><tr><td><strong>10-12-2019<\/strong><\/td><td><strong>Aceitabilidade fiscal das perdas atuariais associadas com as responsabilidades <\/strong>com a popula\u00e7\u00e3o ativa, com os reformados\/pensionistas e com os ex-colaboradores<\/td><td>Nestes termos, <strong>os gastos associados a responsabilidades passadas com ex-trabalhadores com direitos adquiridos s\u00f3 podem ser aceites, na totalidade, nos termos do artigo 23.\u00ba do CIRC<\/strong>, desde que, <strong>na \u00f3tica do ex-trabalhador, seja considerado um rendimento perfeitamente individualizado<\/strong><\/td><td>3688\/2016, sancionado por Despacho, de 27 de junho de 2017<\/td><\/tr><tr><td><strong>10-10-2019<\/strong><\/td><td>Atribui\u00e7\u00e3o a <strong>gerentes e diretores uma ap\u00f3lice de seguro de sa\u00fade de maior cobertura e maior capital e, aos colaboradores que estivessem no quadro h\u00e1 mais de um ano<\/strong>, seria atribu\u00edda uma ap\u00f3lice de menor cobertura e de menor capital<\/td><td>\u00c9, portanto, de concluir que <strong>os contratos de seguros de sa\u00fade apresentados n\u00e3o cumprem os requisitos previstos no n.\u00ba 4 do artigo 43.\u00ba, mormente o constante da al\u00ednea b), uma vez que os benef\u00edcios n\u00e3o foram estabelecidos segundo um crit\u00e9rio id\u00eantico para todos os trabalhadores <\/strong>e que tal diferen\u00e7a n\u00e3o resulta do instrumento de regulamenta\u00e7\u00e3o coletiva de trabalho aplic\u00e1vel \u00e0 requerente. Assim, <strong>os gastos suportados com tais contratos de seguros n\u00e3o s\u00e3o fiscalmente dedut\u00edveis, nos termos da al\u00ednea b) do n.\u00ba 2 do artigo 43.\u00ba do C\u00f3digo do IRC<\/strong>.<\/td><td>3139\/2017, sancionado por Despacho de 10 de abril de 2018. PIV n.\u00ba 12659<\/td><\/tr><tr><td><strong>10-10-2019<\/strong><\/td><td><strong>Dedutibilidade fiscal, ao abrigo do art.\u00ba 43.\u00ba do CIRC, dos \u201cvales inf\u00e2ncia<\/strong>\u201d previstos no Decreto-Lei n.\u00ba 26\/99, de 28 de janeiro, <strong>que uma entidade pretendia atribuir aos seus s\u00f3cios gerentes, n\u00e3o remunerados<\/strong><\/td><td>O gasto com a atribui\u00e7\u00e3o dos \u201cvales inf\u00e2ncia\u201d em quest\u00e3o p<strong>oder\u00e1 ser aceite na esfera da sociedade, sem qualquer majora\u00e7\u00e3o, de acordo com o disposto no art.\u00ba 23.\u00ba do CIRC, caso seja tributado em sede de IRS na esfera dos trabalhadores (neste caso, do s\u00f3cio gerente), como rendimentos do trabalho dependente<\/strong><\/td><td>2019 001289, PIV n.\u00ba 15354, sancionado por Despacho, de 24 de abril de 2019<\/td><\/tr><tr><td><strong>10-10-2019<\/strong><\/td><td>Uma empresa que pretendia <strong>proporcionar aos seus colaboradores a possibilidade de frequentarem gin\u00e1sios, cujo gasto seria suportado pela mesma<\/strong><\/td><td>Assim sendo, <strong>o n.\u00ba 1 do artigo 43.\u00ba do CIRC nunca poder\u00e1 ser aplic\u00e1vel ao caso<\/strong>, em que a empresa celebra um acordo com um ou v\u00e1rios gin\u00e1sios para prestarem o servi\u00e7o, De qualquer modo, os gastos correspondentes <strong>poder\u00e3o ser aceites fiscalmente nos termos do artigo 23.\u00ba do CIRC, desde que sejam tributados em IRS, como rendimentos do trabalho dependente<\/strong>, na esfera do trabalhador, nos termos da al\u00ednea b) do n.\u00ba 3 do artigo 2.\u00ba do C\u00f3digo do IRS (CIRS)<\/td><td>2019 002006 (PIV 15662), sancionado por despacho de 2019-09-27<\/td><\/tr><tr><td><strong>18-09-2019<\/strong><\/td><td>Enquadramento fiscal a <strong>dar \u00e0 varia\u00e7\u00e3o patrimonial negativa, registada no per\u00edodo de 2013, decorrente da altera\u00e7\u00e3o da pol\u00edtica contabil\u00edstica de reconhecimento dos ganhos e perdas atuariais relativos a planos de pens\u00f5es e outros benef\u00edcios p\u00f3s-emprego de beneficio<\/strong> definido, nos termos previstos na IAS 19, designadamente, os decorrentes da elimina\u00e7\u00e3o do m\u00e9todo do corredor<\/td><td>Nestas circunst\u00e2ncias, <strong>a varia\u00e7\u00e3o patrimonial negativa registada no per\u00edodo de 2013 n\u00e3o pode ser deduzida nos termos do regime previsto no n.\u00ba 12 do artigo 18.\u00ba do CIRC<\/strong>, o qual s\u00f3 tem aplica\u00e7\u00e3o para os benef\u00edcios que n\u00e3o tenham enquadramento no artigo 43.\u00ba do CIRC<\/td><td>2013 002764 (PIV 5839), sancionado por despacho de 2013-12-05<\/td><\/tr><tr><td><strong>Divulgada em<\/strong><\/td><td><strong>Quest\u00e3o<\/strong><\/td><td><strong>Decis\u00e3o<\/strong><\/td><td><strong>Processo<\/strong><\/td><\/tr><tr><td><strong>29-03-2019<\/strong><\/td><td>Uma sociedade <strong>pretende implementar um seguro de sa\u00fade, sendo o mesmo opcional para os trabalhadores atuais e futuros, em substitui\u00e7\u00e3o dos atuais Planos de Pens\u00f5es A ou B<\/strong>, cuja coexist\u00eancia resultou de uma opera\u00e7\u00e3o de fus\u00e3o realizada no passado<\/td><td>Assim, caso seja dada a possibilidade a todos os <strong>colaboradores de terem acesso ao novo seguro de sa\u00fade, n\u00e3o se est\u00e1 a ferir o requisito previsto na al\u00ednea a) do n.\u00ba 4 do artigo 43.\u00ba do CIRC<\/strong>, pois o benef\u00edcio n\u00e3o est\u00e1 a ser concedido a uns e a outros n\u00e3o.<\/td><td>2019 000213, sancionado por despacho, de 21 de mar\u00e7o de 2019 &#8211; PIV n.\u00ba 14992<\/td><\/tr><tr><td><strong>29-03-2019<\/strong><\/td><td><strong>Os encargos suportados com o subsistema de sa\u00fade a implementar poderiam ser dedut\u00edveis nos termos do artigo 43.\u00ba do C\u00f3digo do IRC (CIRC)<\/strong> e se se mostrava cumprido o preenchimento cumulativo das condi\u00e7\u00f5es previstas no n.\u00ba 4 daquela norma.<\/td><td>Uma vez que a <strong>empresa pretende proceder ao reembolso ou comparticipa\u00e7\u00e3o das despesas de sa\u00fade, isto significa que, nesse momento, o trabalhador usufrui do benef\u00edcio, estando perfeitamente quantificado o montante da despesa, pelo que os gastos correspondentes poder\u00e3o ser aceites como gasto nos termos do artigo 23.\u00ba do CIRC, desde que sejam tributados em IRS<\/strong>, como rendimentos do trabalho dependente, na esfera do trabalhador, nos termos da al\u00ednea b) do n.\u00ba3 do artigo 2.\u00ba do C\u00f3digo do IRS (CIRS).<\/td><td>2019 000201, sancionado por despacho, de 4 de mar\u00e7o de 2019 &#8211; PIV n.\u00ba14899<\/td><\/tr><tr><td><strong>23-01-2019<\/strong><\/td><td>Enquadramento de <strong>um seguro de sa\u00fade que a requerente pretendia oferecer aos seus trabalhadores, questionando a aceitabilidade fiscal do mesmo, caso decida pagar um valor fixo pelo pr\u00e9mio do seguro, suportando os trabalhadores a diferen\u00e7a<\/strong>, isto \u00e9, se pode este ser considerado como atribu\u00eddo \u00e0 generalidade dos trabalhadores<\/td><td>A <strong>atribui\u00e7\u00e3o de um seguro de sa\u00fade aos trabalhadores em fun\u00e7\u00e3o do seu vencimento, n\u00e3o ter\u00e1 enquadramento no art.\u00ba 43.\u00ba do CIRC, porquanto n\u00e3o cumpre o requisito previsto na al\u00ednea b) do n.\u00ba 4 do art.\u00ba 43.\u00ba do CIRC<\/strong>, segundo o qual o benef\u00edcio dever\u00e1 ser estabelecido segundo um crit\u00e9rio objetivo e id\u00eantico para todos os trabalhadores ainda que n\u00e3o pertencentes \u00e0 mesma classe profissional. <strong>Tal atribui\u00e7\u00e3o (em fun\u00e7\u00e3o do seu vencimento) parece configurar um rendimento de trabalho dependente, enquadr\u00e1vel na al\u00ednea b) do n.\u00ba 3 do art.\u00ba 2.\u00ba do CIRS<\/strong>, sendo que, caso os referidos gastos revistam a natureza de rendimento do trabalho dependente e, consequentemente, sejam tributados na esfera do trabalhador, <strong>para efeitos de IRC poder\u00e3o ser consideradas gastos nos termos do art.\u00ba 23.\u00ba do mesmo diploma<\/strong><\/td><td>2018 003021, PIV n.\u00ba 14217 sancionado por Despacho de 6 de dezembro de 2018<\/td><\/tr><\/tbody><\/table><\/figure>\n\n\n\n<p><strong>&nbsp;<\/strong><\/p>\n\n\n\n<p>Conhe\u00e7a as outras Informa\u00e7\u00f5es Vinculativas de 2019 &#8211; IRC:<\/p>\n\n\n\n<ul class=\"wp-block-list\">\n<li><a href=\"https:\/\/www.sage.com\/pt-pt\/blog\/irc-informacoes-vinculativas-de-2019\/\">IRC \u2013 Informa\u00e7\u00f5es Vinculativas de 2019<\/a><\/li>\n\n\n\n<li><a href=\"https:\/\/www.sage.com\/pt-pt\/blog\/irc-informacoes-parte-ii\/\">IRC \u2013 Informa\u00e7\u00f5es Vinculativas de 2019 \u2013 Transpar\u00eancia Fiscal<\/a><\/li>\n\n\n\n<li><a href=\"https:\/\/www.sage.com\/pt-pt\/blog\/irc-insencoes\/\">IRC \u2013 Informa\u00e7\u00f5es Vinculativas de 2019 &#8211; Isen\u00e7\u00f5es<\/a><\/li>\n\n\n\n<li><a href=\"https:\/\/www.sage.com\/pt-pt\/blog\/irc-determinacao-da-materia-coletavel\/\">IRC \u2013 Informa\u00e7\u00f5es Vinculativas de 2019 \u2013 Determina\u00e7\u00e3o da mat\u00e9ria colet\u00e1vel<\/a><\/li>\n\n\n\n<li><a href=\"https:\/\/www.sage.com\/pt-pt\/blog\/irc-informacoes-vinculativas-v\/\">IRC \u2013 Informa\u00e7\u00f5es Vinculativas de 2019 \u2013 Determina\u00e7\u00e3o da mat\u00e9ria colet\u00e1vel Contratos de Constru\u00e7\u00e3o<\/a><\/li>\n\n\n\n<li><a href=\"https:\/\/www.sage.com\/pt-pt\/blog\/irc-informacoes-vinculativas-de-2019-determinacao-da-materia-coletavel-gastos-e-perdas\/\">IRC \u2013 Informa\u00e7\u00f5es Vinculativas de 2019- Determina\u00e7\u00e3o da mat\u00e9ria colet\u00e1vel Eventos<\/a><\/li>\n\n\n\n<li><a href=\"https:\/\/www.sage.com\/pt-pt\/blog\/irc-informacoes-vinculativas-de-2019-determinacao-de-materia-coletavel-variacoes-patrimoniais-negativas\/\">IRC &#8211; Informa\u00e7\u00f5es Vinculativas de 2019 &#8211; Determina\u00e7\u00e3o da mat\u00e9ria colet\u00e1vel Varia\u00e7\u00f5es Patrimoniais Negativas<\/a><\/li>\n\n\n\n<li><a href=\"https:\/\/www.sage.com\/pt-pt\/blog\/irc-informacoes-vinculativas-de-2019-parte-ix\/\">IRC &#8211; Informa\u00e7\u00f5es Vinculativas de 2019 &#8211; Determina\u00e7\u00e3o da mat\u00e9ria colet\u00e1vel Conceitos de Mais-Valias e Menos-Valias<\/a><\/li>\n\n\n\n<li><a href=\"https:\/\/www.sage.com\/pt-pt\/blog\/irc-informacoes-vinculativas-de-2019-parte-x\/\">IRC &#8211; Informa\u00e7\u00f5es Vinculativas de 2019 &#8211; Determina\u00e7\u00e3o de mat\u00e9ria colet\u00e1vel Mais-valias e menos valias realizadas com a transmiss\u00e3o de instrumentos de capital pr\u00f3prio<\/a><\/li>\n\n\n\n<li><span class=\"s2\"><a href=\"https:\/\/www.sage.com\/pt-pt\/blog\/irc-informacoes-vinculativas-de-2019-parte-xi\/\">IRC &#8211; Informa\u00e7\u00f5es Vinculativas de 2019 &#8211; Determina\u00e7\u00e3o da mat\u00e9ria colet\u00e1vel \u00c2mbito e Condi\u00e7\u00f5es de Aplica\u00e7\u00e3o do RETGS<\/a><\/span><\/li>\n\n\n\n<li><a href=\"https:\/\/www.sage.com\/pt-pt\/blog\/irc-informacoes-vinculativas-de-2019-parte-xii\/\">IRC &#8211; Informa\u00e7\u00f5es Vinculativas de 2019 &#8211; Determina\u00e7\u00e3o de mat\u00e9ria colet\u00e1vel Regime Simplificado &#8211; \u00c2mbito de Aplica\u00e7\u00e3o<\/a><\/li>\n\n\n\n<li><a href=\"https:\/\/www.sage.com\/pt-pt\/blog\/irc-informacoes-vinculativas-de-2019-parte-xiii\/\">IRC &#8211; Informa\u00e7\u00f5es Vinculativas de 2019 &#8211; Taxas<\/a><\/li>\n\n\n\n<li><a href=\"https:\/\/www.sage.com\/pt-pt\/blog\/irc-informacoes-vinculativas-de-2019-parte-xiv\/\"><span class=\"s1\">IRC &#8211; Informa\u00e7\u00f5es Vinculativas de 2019 &#8211; Liquida\u00e7\u00e3o<\/span><\/a><\/li>\n\n\n\n<li><a href=\"https:\/\/www.sage.com\/pt-pt\/blog\/irc-informacoes-vinculativas-de-2019-parte-xv\/\">IRC &#8211; Informa\u00e7\u00f5es Vinculativas de 2019 &#8211; Liquida\u00e7\u00e3o &#8211; Reten\u00e7\u00e3o na fonte<\/a><\/li>\n\n\n\n<li><a href=\"https:\/\/www.sage.com\/pt-pt\/blog\/irc-informacoes-vinculativas-de-2019-parte-xvi\/\"><span class=\"s1\">IRC &#8211; Informa\u00e7\u00e3o de 2019 &#8211; Pagamento<\/span><\/a><\/li>\n\n\n\n<li><a href=\"https:\/\/www.sage.com\/pt-pt\/blog\/irc-informacoes-vinculativas-de-2019-parte-xvii\/\">IRC &#8211; Informa\u00e7\u00f5es Vinculativas de 2019 &#8211; Obriga\u00e7\u00f5es Acess\u00f3rias e Fiscaliza\u00e7\u00e3o<\/a><\/li>\n\n\n\n<li><a href=\"https:\/\/www.sage.com\/pt-pt\/blog\/irc-informacoes-vinculativas-de-2019-parte-xviii\/\"><span class=\"s1\">IRC &#8211; Informa\u00e7\u00f5es Vinculativas de 2019 &#8211; Regime Fiscal de Apoio ao Investimento<\/span><\/a><\/li>\n\n\n\n<li><a href=\"https:\/\/www.sage.com\/pt-pt\/blog\/irc-informacoes-vinculativas-de-2019-parte-xix\/\"><span class=\"s1\">IRC &#8211; Informa\u00e7\u00f5es Vinculativas de 2019 &#8211; Regime Fiscal de Apoio ao Investimento &#8211; \u00c2mbito da dedu\u00e7\u00e3o<\/span><\/a><\/li>\n\n\n\n<li><a href=\"https:\/\/www.sage.com\/pt-pt\/blog\/irc-informacoes-vinculativas-de-2019-parte-xx\/\"><span class=\"s1\">IRC &#8211; Informa\u00e7\u00f5es Vinculativas de 2019 &#8211; Benef\u00edcios de Car\u00e1ter Estrutural<\/span><\/a><\/li>\n<\/ul>\n\n\n<div class=\"single-cta\">\n\t<div class=\"single-cta__positioner\">\n\t\t<div class=\"single-cta__wrapper has-dark-background-color\">\n\t\t\t<div class=\"single-cta__content\">\n\t\t\t\t\t\t\t\t<h2 class=\"single-cta__title h3\">Receba a newsletter Sage Advice<\/h2>\n\n\t\t\t\t\t\t\t\t\t<div class=\"single-cta__description\">\n\t\t\t\t\t\t<p>Inscreva-se para receber o boletim do Sage\u00a0Advice e receba os conselhos mais recentes diretamente no seu e-mail.<\/p>\n\t\t\t\t\t<\/div>\n\t\t\t\t\n\t\t\t\t\t\t\t\t\t\t\t\t\t\t<a\n\t\t\t\t\t\thref=\"#gate-56228f27-e58f-435b-9b72-a561d684e263\"\n\t\t\t\t\t\tclass=\"single-cta__button button button--primary\"\n\t\t\t\t\t\t\t\t\t\t\t\t\t\t\t\t\t>Subscrever<\/a>\n\t\t\t\t\t\t\t<\/div>\n\n\t\t\t\t\t<\/div>\n\n\t\t\t\t\t<img decoding=\"async\" width=\"1215\" height=\"810\" src=\"https:\/\/www.sage.com\/pt-pt\/blog\/wp-content\/uploads\/sites\/15\/2023\/10\/GettyImages-1073868226-1215x810.jpg\" class=\"single-cta__image\" alt=\"Rapaz ao telefone no seu escrit\u00f3rio\" loading=\"lazy\" srcset=\"https:\/\/www.sage.com\/pt-pt\/blog\/wp-content\/uploads\/sites\/15\/2023\/10\/GettyImages-1073868226-1215x810.jpg 1215w\" sizes=\"auto, (min-width: 48em) 33vw, 100vw\" \/>\t\t\t<\/div>\n<\/div>\n","protected":false},"excerpt":{"rendered":"<p>IV \u2013 Determina\u00e7\u00e3o da mat\u00e9ria colet\u00e1vel IV.12 \u2013 Realiza\u00e7\u00f5es de utilidade social \u2013 Art.\u00ba 43\u00ba do CIRC O Portal das Finan\u00e7as apresenta para este artigo do IRC 22 Informa\u00e7\u00f5es Vinculativas (IV) sendo que destas 8 foram divulgadas em 2019. Atendendo ao elevado n\u00famero de IV divulgadas em 2019 iremos construir uma tabela com a informa\u00e7\u00e3o [&hellip;]<\/p>\n","protected":false},"author":799,"featured_media":7540,"comment_status":"open","ping_status":"closed","sticky":false,"template":"","format":"standard","meta":{"_sage_video":false,"post_featured_image_hide":false,"footnotes":""},"categories":[16],"tags":[52,70,67,72,228,71],"business_type":[135],"context":[],"industry":[130],"persona":[51,42],"imagine_tag":[136,155],"coauthors":[504],"class_list":["post-5612","post","type-post","status-publish","format-standard","has-post-thumbnail","hentry","category-estrategia-legal-e-processos","tag-contabilidade","tag-cumprir-legislacao","tag-financas","tag-impostos","tag-irc","tag-legislacao","business_type-contabilistas","industry-servicos"],"sage_meta":{"region":"pt-pt","author_name":"Bruno Lagos","featured_image":"https:\/\/www.sage.com\/pt-pt\/blog\/wp-content\/uploads\/sites\/15\/2022\/04\/GettyImages-1325244864.jpg","imagine_tags":{"136":"Contabilistas","155":"Legal"}},"distributor_meta":false,"distributor_terms":false,"distributor_media":false,"distributor_original_site_name":"Sage Advice Portugal","distributor_original_site_url":"https:\/\/www.sage.com\/pt-pt\/blog","push-errors":false,"_links":{"self":[{"href":"https:\/\/www.sage.com\/pt-pt\/blog\/api\/wp\/v2\/posts\/5612","targetHints":{"allow":["GET"]}}],"collection":[{"href":"https:\/\/www.sage.com\/pt-pt\/blog\/api\/wp\/v2\/posts"}],"about":[{"href":"https:\/\/www.sage.com\/pt-pt\/blog\/api\/wp\/v2\/types\/post"}],"author":[{"embeddable":true,"href":"https:\/\/www.sage.com\/pt-pt\/blog\/api\/wp\/v2\/users\/799"}],"replies":[{"embeddable":true,"href":"https:\/\/www.sage.com\/pt-pt\/blog\/api\/wp\/v2\/comments?post=5612"}],"version-history":[{"count":0,"href":"https:\/\/www.sage.com\/pt-pt\/blog\/api\/wp\/v2\/posts\/5612\/revisions"}],"wp:featuredmedia":[{"embeddable":true,"href":"https:\/\/www.sage.com\/pt-pt\/blog\/api\/wp\/v2\/media\/7540"}],"wp:attachment":[{"href":"https:\/\/www.sage.com\/pt-pt\/blog\/api\/wp\/v2\/media?parent=5612"}],"wp:term":[{"taxonomy":"category","embeddable":true,"href":"https:\/\/www.sage.com\/pt-pt\/blog\/api\/wp\/v2\/categories?post=5612"},{"taxonomy":"post_tag","embeddable":true,"href":"https:\/\/www.sage.com\/pt-pt\/blog\/api\/wp\/v2\/tags?post=5612"},{"taxonomy":"business_type","embeddable":true,"href":"https:\/\/www.sage.com\/pt-pt\/blog\/api\/wp\/v2\/business_type?post=5612"},{"taxonomy":"context","embeddable":true,"href":"https:\/\/www.sage.com\/pt-pt\/blog\/api\/wp\/v2\/context?post=5612"},{"taxonomy":"industry","embeddable":true,"href":"https:\/\/www.sage.com\/pt-pt\/blog\/api\/wp\/v2\/industry?post=5612"},{"taxonomy":"persona","embeddable":true,"href":"https:\/\/www.sage.com\/pt-pt\/blog\/api\/wp\/v2\/persona?post=5612"},{"taxonomy":"imagine_tag","embeddable":true,"href":"https:\/\/www.sage.com\/pt-pt\/blog\/api\/wp\/v2\/imagine_tag?post=5612"},{"taxonomy":"author","embeddable":true,"href":"https:\/\/www.sage.com\/pt-pt\/blog\/api\/wp\/v2\/coauthors?post=5612"}],"curies":[{"name":"wp","href":"https:\/\/api.w.org\/{rel}","templated":true}]}}