{"id":5642,"date":"2020-03-13T10:00:25","date_gmt":"2020-03-13T10:00:25","guid":{"rendered":"https:\/\/www.sage.com\/pt-pt\/blog\/?p=5642"},"modified":"2025-12-03T15:19:50","modified_gmt":"2025-12-03T15:19:50","slug":"irc-informacoes-vinculativas-de-2019-parte-xvi","status":"publish","type":"post","link":"https:\/\/www.sage.com\/pt-pt\/blog\/irc-informacoes-vinculativas-de-2019-parte-xvi\/","title":{"rendered":"IRC \u2013 Informa\u00e7\u00f5es Vinculativas de 2019 (parte XVI)"},"content":{"rendered":"<header class=\"entry-header has-dark-background-color entry-header--has-illustration entry-header--has-illustration--generic\">\n\t<div class=\"container\">\n\t\t<div class=\"entry-header__row row align-center\">\n\t\t\t<div class=\"col col-lg-7 col-xlg-6 entry-header__content\">\n\t\t\t\t\t\t\t<div class=\"component component-single-header\">\n\t\t\t\t\t\t\t\t\t\t<div class=\"entry-header__misc text--subtitle text--uppercase text--small\">\n\t\t\t\t\t\t\t<a href=\"https:\/\/www.sage.com\/pt-pt\/blog\/category\/estrategia-legal-e-processos\/\" class=\"entry-header__link\">Estrat\u00e9gia, Legal e Processos<\/a>\t\t\t\t\t\t<\/div>\n\t\t\t\t\n\t\t\t\t<div class=\"entry-title-wrapper\">\n\t\t\t\t\t<h1 class=\"entry-title\">\n\t\t\t\t\t\tIRC \u2013 Informa\u00e7\u00f5es Vinculativas de 2019 (parte XVI)\t\t\t\t\t<\/h1>\n\t\t\t\t<\/div>\n\n\t\t\t\t\t\t\t\t\t<p class=\"entry-header__description\">\n\t\t\t\t\t\t\t\t\t\t\t<\/p>\n\t\t\t\t\n\t\t\t\t\n\t\t\t\t\n\t\t\t<\/div>\n\n\t\t\t\t\t<\/div>\n\t\t\t\t\t<\/div>\n\t<\/div>\n\t<div class=\"single-post-details container\">\n\t\t<div class=\"col\">\n\t\t\t<span class=\"posted-on \"><time class=\"entry-date published\" datetime=\"2020-03-13T10:00:25+00:00\">March 13, 2020<\/time><\/span><span class=\"reading-time\"> minutos de leitura<\/span>\n\t\t<button\n\t\t\ttype=\"button\"\n\t\t\tclass=\"social-share-button button button--icon button--secondary js-social-share-button\"\n\t\t\tdata-share-title=\"IRC \u2013 Informa\u00e7\u00f5es Vinculativas de 2019 (parte XVI)\"\n\t\t\tdata-share-url=\"https:\/\/www.sage.com\/pt-pt\/blog\/irc-informacoes-vinculativas-de-2019-parte-xvi\/\"\n\t\t\tdata-share-text=\"Por favor, leia este artigo interessante\"\n\t\t>\n\t\t\t<span class=\"social-share-button__share-label\">Partilhar<\/span>\n\t\t\t<span class=\"social-share-button__copy-label\" hidden>Copiar link<\/span>\n\t\t\t<span class=\"social-share-button__copy-tooltip\" aria-hidden=\"true\" hidden>Copiada<\/span>\n\t\t<\/button>\n\n\t\t\t\t<\/div>\n\t<\/div>\n<\/header>\n\n\n\n<div class=\"wp-block-post-author has-dark-background-color alignfull\">\n\t<div class=\"container\">\n\t\t<div class=\"col\">\n\t\t\t\t\t\t\t<div class=\"co-authors\">\n\t\t\t\t\t\n\t\t<div class=\"entry-author-wrapper\">\n\t\t\t<a class=\"entry-author\" href=\"https:\/\/www.sage.com\/pt-pt\/blog\/author\/brunolagos\/\">\n\t\t\t\t<img loading=\"lazy\" decoding=\"async\" width=\"40\" height=\"40\" src=\"https:\/\/www.sage.com\/pt-pt\/blog\/wp-content\/uploads\/sites\/15\/2019\/05\/brunolagos-263x300-1-SQUARE-350x350.jpg\" class=\"entry-author__image\" alt=\"\" srcset=\"https:\/\/www.sage.com\/pt-pt\/blog\/wp-content\/uploads\/sites\/15\/2019\/05\/brunolagos-263x300-1-SQUARE-350x350.jpg 350w, https:\/\/www.sage.com\/pt-pt\/blog\/wp-content\/uploads\/sites\/15\/2019\/05\/brunolagos-263x300-1-SQUARE-768x768.jpg 768w, https:\/\/www.sage.com\/pt-pt\/blog\/wp-content\/uploads\/sites\/15\/2019\/05\/brunolagos-263x300-1-SQUARE-810x810.jpg 810w, https:\/\/www.sage.com\/pt-pt\/blog\/wp-content\/uploads\/sites\/15\/2019\/05\/brunolagos-263x300-1-SQUARE-1536x1536.jpg 1536w, https:\/\/www.sage.com\/pt-pt\/blog\/wp-content\/uploads\/sites\/15\/2019\/05\/brunolagos-263x300-1-SQUARE.jpg 1890w\" sizes=\"auto, (max-width: 40px) 100vw, 40px\" \/>\t\t\t\t<span class=\"entry-author__name\">Bruno Lagos<\/span>\n\t\t\t<\/a>\n\n\t\t\t\t\t<\/div>\n\n\t\t\t\t\t\t<\/div>\n\t\t\t\t\t<\/div>\n\t<\/div>\n<\/div>\n\n\n\n\n\n<p class=\"has-text-align-center\"><strong>PAGAMENTO<\/strong><\/p>\n\n\n\n<p><strong>VII \u2013 Pagamento<\/strong><\/p>\n\n\n\n<p><strong>VII.1 \u2013 Pagamento da derrama estadual \u2013 Art.\u00ba 104\u00ba-A do CIRC<\/strong><\/p>\n\n\n\n<p><strong>O Portal das Finan\u00e7as apresenta para este artigo do IRC 1 Informa\u00e7\u00f5es Vinculativas (IV) sendo que a mesma foi divulgada em 2019.<\/strong><\/p>\n\n\n\n<p><strong>Apresentamos uma tabela com a informa\u00e7\u00e3o mais relevante produzida pelas referidas Informa\u00e7\u00f5es Vinculativas relativas ao art.\u00ba 104\u00ba-A do CIRC.<\/strong><\/p>\n\n\n\n<p><strong>&nbsp;<\/strong><\/p>\n\n\n\n<figure class=\"wp-block-table\"><table class=\"has-fixed-layout\"><tbody><tr><td><strong>Divulgada em<\/strong><\/td><td><strong>Quest\u00e3o<\/strong><\/td><td><strong>Decis\u00e3o<\/strong><\/td><td><strong>Processo<\/strong><\/td><\/tr><tr><td><strong>07-10-2019<\/strong><\/td><td>Se o sujeito passivo verificar que <strong>o montante do pagamento adicional por conta j\u00e1 efetuado \u00e9 igual ou superior \u00e0 derrama estadual que seria devida com base no lucro tribut\u00e1vel do per\u00edodo de tributa\u00e7\u00e3o, pode deixar de efetuar o terceiro pagamento adicional por conta<\/strong>, nos termos do disposto no n\u00ba 3 do art. 104\u00ba-A e pelo n\u00ba 1 do artigo 107\u00ba, ambos do CIRC; &#8211; Se o sujeito passivo verificar <strong>que a terceira entrega adicional por conta a efetuar \u00e9 superior \u00e0 diferen\u00e7a entre a taxa de derrama estadual que julga devida e as entregas j\u00e1 efetuadas, pode aquele limitar o pagamento a essa diferen\u00e7a<\/strong>, nos termos do disposto pelo n\u00ba 3 do artigo 104\u00ba-A e pelo n\u00ba 3 do artigo 107, ambos do CIRC<\/td><td>Se o requerente verificar que o <strong>montante dos pagamentos adicionais por conta j\u00e1 efetuados \u00e9 igual ou superior \u00e0 derrama estadual que seria devida com base no lucro tribut\u00e1vel do per\u00edodo de tributa\u00e7\u00e3o, pode deixar de efetuar o terceiro pagamento adicional por conta<\/strong>, nos termos do disposto no n\u00ba 3 do art. 104\u00ba-A e pelo n\u00ba 1 do artigo 107\u00ba, ambos do CIRC.<p><\/p>\n<p>Se o requerente verificar que a terceira entrega adicional por conta a efetuar \u00e9 superior \u00e0 diferen\u00e7a entre a taxa de derrama estadual que julga devida e as entregas j\u00e1 efetuadas, <strong>pode aquele limitar o pagamento a essa diferen\u00e7a,<\/strong> nos termos do disposto pelo n\u00ba 3 do artigo 104\u00ba-A e pelo n\u00ba 3 do artigo 107, ambos do CIRC.<\/p>\n<p>Contudo, conforme previsto no n\u00ba 2 do referido artigo 107\u00ba, \u201c<strong>verificando-se, face \u00e0 declara\u00e7\u00e3o peri\u00f3dica de rendimentos do exerc\u00edcio a que respeita o imposto, que, em consequ\u00eancia da suspens\u00e3o da terceira entrega por conta prevista no n\u00famero anterior, deixou de ser paga uma import\u00e2ncia superior a 20% da que, em condi\u00e7\u00f5es normais, teria sido entregue, h\u00e1 lugar a juros compensat\u00f3rios <\/strong>desde o termo do prazo em que a entrega deveria ter sido efetuada at\u00e9 ao termo do prazo para o envio da declara\u00e7\u00e3o ou at\u00e9 \u00e0 data do pagamento da autoliquida\u00e7\u00e3o, se anterior\u201d<\/p><\/td><td>2019002580 \u2013 PIV 15561<\/td><\/tr><\/tbody><\/table><\/figure>\n\n\n\n<p>&nbsp;<\/p>\n\n\n\n<p>&nbsp;<\/p>\n\n\n\n<p>&nbsp;<\/p>\n\n\n\n<p><strong>&nbsp;<\/strong><\/p>\n\n\n\n<p><strong>VII \u2013 Pagamento<\/strong><\/p>\n\n\n\n<p><strong>VII.2 \u2013 Pagamento especial por conta \u2013 Art.\u00ba 106\u00ba do CIRC<\/strong><\/p>\n\n\n\n<p><strong>O Portal das Finan\u00e7as apresenta para este artigo do IRC 8 Informa\u00e7\u00f5es Vinculativas (IV) sendo que 3 foram divulgadas em 2019.<\/strong><\/p>\n\n\n\n<p><strong>Apresentamos uma tabela com a informa\u00e7\u00e3o mais relevante produzida pelas referidas Informa\u00e7\u00f5es Vinculativas relativas ao art.\u00ba 106\u00ba do CIRC.<\/strong><\/p>\n\n\n\n<figure class=\"wp-block-table\"><table class=\"has-fixed-layout\"><tbody><tr><td><strong>Divulgada em<\/strong><\/td><td><strong>Quest\u00e3o<\/strong><\/td><td><strong>Decis\u00e3o<\/strong><\/td><td><strong>Processo<\/strong><\/td><\/tr><tr><td><strong>09-10-2019<\/strong><\/td><td>Sobre a aplicabilidade da <strong>dispensa de pagamento especial por conta (PEC) por se encontrar em processo especial de revitaliza\u00e7\u00e3o<\/strong>, cujo plano de revitaliza\u00e7\u00e3o foi homologado em 16.02.2017<\/td><td>O sujeito passivo <strong>requerente ficar\u00e1 dispensado de efetuar os pagamentos especiais por conta cuja data limite de pagamento &#8211; mar\u00e7o do ano a que respeitem &#8211; ocorra durante a vig\u00eancia do plano especial de revitaliza\u00e7\u00e3o homologado<\/strong>, cujo \u00faltimo pagamento ocorrer\u00e1 no \u00faltimo dia do 18.\u00ba ano (a contar da data do tr\u00e2nsito em julgado da senten\u00e7a de homologa\u00e7\u00e3o do Plano) e o primeiro per\u00edodo de tributa\u00e7\u00e3o abrangido pela dispensa de PEC \u00e9 o de 2017.<\/td><td>2017 801 &#8211; PIV 11739, sancionado por despacho de 2017-04-19<\/td><\/tr><tr><td><strong>28-08-2019<\/strong><\/td><td><strong>In\u00edcio da sujei\u00e7\u00e3o ao Pagamento Especial por Conta<\/strong> de uma entidade <strong>que deixa de estar abrangida pelo Regime da transpar\u00eancia Fiscal<\/strong><\/td><td>Ora, <strong>se at\u00e9 ao final do m\u00eas de Mar\u00e7o, a sociedade estava, ainda, submetida ao Regime de Transpar\u00eancia Fiscal, os Servi\u00e7os consideram que n\u00e3o est\u00e1 sujeita ao Pagamento Especial por Conta<\/strong>. Assim sendo, n\u00e3o obstante o facto de em Outubro (10.\u00ba m\u00eas) a sociedade j\u00e1 n\u00e3o reunir os requisitos de n\u00e3o sujei\u00e7\u00e3o ao PEC, <strong>n\u00e3o est\u00e1, no entanto, obrigada a efetu\u00e1-lo, sendo o mesmo, apenas, devido a partir do exerc\u00edcio seguinte<\/strong><\/td><td>Pedido de Informa\u00e7\u00e3o Vinculativa n.\u00ba 138\/2009, despacho de 2009.12.21<\/td><\/tr><tr><td><strong>03-04-2019<\/strong><\/td><td><strong>Dispensa de Pagamento Especial por Conta &#8211; cessa\u00e7\u00e3o em IVA e rein\u00edcio de atividade<\/strong><\/td><td><strong>No pressuposto de que n\u00e3o foram efetuadas vendas nem prestados servi\u00e7os no per\u00edodo de tributa\u00e7\u00e3o de 2016 e no per\u00edodo de tributa\u00e7\u00e3o de 2017 at\u00e9 \u00e0 data do rein\u00edcio de atividade<\/strong>, o sujeito passivo <strong>fica dispensado de efetuar o pagamento especial por conta relativo aos per\u00edodos de tributa\u00e7\u00e3o de 2016 e de 2017, uma vez que cessou a atividade para efeitos de IVA em 31 de dezembro de 2015<\/strong> <strong>e reiniciou a atividade em 06 de abril de 2017<\/strong><\/td><td>2018 3667 &#8211; PIV 14341, sancionado por despacho de 2018-10-11<\/td><\/tr><\/tbody><\/table><\/figure>\n\n\n\n<p>&nbsp;<\/p>\n\n\n\n<p><strong>VII \u2013 Pagamento<\/strong><\/p>\n\n\n\n<p><strong>VII.3 \u2013 Limita\u00e7\u00f5es aos pagamentos por conta \u2013 Art.\u00ba 107\u00ba do CIRC<\/strong><\/p>\n\n\n\n<p><strong>O Portal das Finan\u00e7as apresenta para este artigo do IRC 1 Informa\u00e7\u00f5es Vinculativas (IV) sendo que a mesma foi divulgada em 2019.<\/strong><\/p>\n\n\n\n<p><strong>Apresentamos uma tabela com a informa\u00e7\u00e3o mais relevante produzida pela referida Informa\u00e7\u00e3o Vinculativa relativas ao art.\u00ba 107\u00ba do CIRC.<\/strong><\/p>\n\n\n\n<figure class=\"wp-block-table\"><table class=\"has-fixed-layout\"><tbody><tr><td><strong>Divulgada em<\/strong><\/td><td><strong>Quest\u00e3o<\/strong><\/td><td><strong>Decis\u00e3o<\/strong><\/td><td><strong>Processo<\/strong><\/td><\/tr><tr><td><strong>02-04-2019<\/strong><\/td><td>Poder\u00e1 <strong>limitar o terceiro pagamento adicional por conta \u00e0 semelhan\u00e7a do previsto no artigo 107.\u00ba do CIRC para os pagamentos por conta<\/strong> a que se refere o artigo 104.\u00ba do mesmo C\u00f3digo<\/td><td>Se o sujeito passivo <strong>estiver sujeito \u00e0 derrama estadual ter\u00e1 sempre de efetuar a entrega nos cofres do Estado dos valores correspondentes ao primeiro e ao segundo pagamentos adicionais por conta e o terceiro pagamento adicional por conta poder\u00e1, \u00e0 semelhan\u00e7a dos pagamentos por conta, ser limitado da seguinte forma<\/strong>:<p><\/p>\n<p>Se o sujeito passivo verificar, pelos elementos de que disponha, que o total dos dois pagamentos adicionais por conta j\u00e1 efetuados \u00e9 igual ou superior \u00e0 derrama estadual que ser\u00e1 devida nos termos do artigo 87.\u00ba do CIRC, poder\u00e1 deixar de efetuar o terceiro pagamento adicional por conta; Se o sujeito passivo verificar, pelos elementos de que disponha, que a terceira entrega adicional por conta a efetuar \u00e9 superior \u00e0 diferen\u00e7a entre a derrama estadual devida e as entregas j\u00e1 efetuadas, pode aquele limitar o terceiro pagamento a essa diferen\u00e7a<\/p><\/td><td>2018 3665 &#8211; PIV 14442, sancionado por despacho de 2018-10-29<\/td><\/tr><\/tbody><\/table><\/figure>\n\n\n\n<p>&nbsp;<\/p>\n\n\n\n<p>Conhe\u00e7a as outras Informa\u00e7\u00f5es Vinculativas de 2019 &#8211; IRC:<\/p>\n\n\n\n<ul class=\"wp-block-list\">\n<li><a href=\"https:\/\/www.sage.com\/pt-pt\/blog\/irc-informacoes-vinculativas-de-2019\/\">IRC \u2013 Informa\u00e7\u00f5es Vinculativas de 2019<\/a><\/li>\n\n\n\n<li><a href=\"https:\/\/www.sage.com\/pt-pt\/blog\/irc-informacoes-parte-ii\/\">IRC \u2013 Informa\u00e7\u00f5es Vinculativas de 2019 \u2013 Transpar\u00eancia Fiscal<\/a><\/li>\n\n\n\n<li><a href=\"https:\/\/www.sage.com\/pt-pt\/blog\/irc-insencoes\/\">IRC \u2013 Informa\u00e7\u00f5es Vinculativas de 2019 &#8211; Isen\u00e7\u00f5es<\/a><\/li>\n\n\n\n<li><a href=\"https:\/\/www.sage.com\/pt-pt\/blog\/irc-determinacao-da-materia-coletavel\/\">IRC \u2013 Informa\u00e7\u00f5es Vinculativas de 2019 \u2013 Determina\u00e7\u00e3o da mat\u00e9ria colet\u00e1vel<\/a><\/li>\n\n\n\n<li><a href=\"https:\/\/www.sage.com\/pt-pt\/blog\/irc-informacoes-vinculativas-v\/\">IRC \u2013 Informa\u00e7\u00f5es Vinculativas de 2019 \u2013 Determina\u00e7\u00e3o da mat\u00e9ria colet\u00e1vel Contratos de Constru\u00e7\u00e3o<\/a><\/li>\n\n\n\n<li><a href=\"https:\/\/www.sage.com\/pt-pt\/blog\/irc-informacoes-vinculativas-de-2019-determinacao-da-materia-coletavel-gastos-e-perdas\/\">IRC \u2013 Informa\u00e7\u00f5es Vinculativas de 2019- Determina\u00e7\u00e3o da mat\u00e9ria colet\u00e1vel Eventos<\/a><\/li>\n\n\n\n<li><a href=\"https:\/\/www.sage.com\/pt-pt\/blog\/irc-informacoes-vinculativas-de-2019\/\">IRC \u2013 Informa\u00e7\u00f5es Vinculativas de 2019<\/a><\/li>\n\n\n\n<li><a href=\"https:\/\/www.sage.com\/pt-pt\/blog\/irc-informacoes-parte-ii\/\">IRC \u2013 Informa\u00e7\u00f5es Vinculativas de 2019 \u2013 Transpar\u00eancia Fiscal<\/a><\/li>\n\n\n\n<li><a href=\"https:\/\/www.sage.com\/pt-pt\/blog\/irc-insencoes\/\">IRC \u2013 Informa\u00e7\u00f5es Vinculativas de 2019 &#8211; Isen\u00e7\u00f5es<\/a><\/li>\n\n\n\n<li><a href=\"https:\/\/www.sage.com\/pt-pt\/blog\/irc-determinacao-da-materia-coletavel\/\">IRC \u2013 Informa\u00e7\u00f5es Vinculativas de 2019 \u2013 Determina\u00e7\u00e3o da mat\u00e9ria colet\u00e1vel<\/a><\/li>\n\n\n\n<li><a href=\"https:\/\/www.sage.com\/pt-pt\/blog\/irc-informacoes-vinculativas-v\/\">IRC \u2013 Informa\u00e7\u00f5es Vinculativas de 2019 \u2013 Determina\u00e7\u00e3o da mat\u00e9ria colet\u00e1vel Contratos de Constru\u00e7\u00e3o<\/a><\/li>\n\n\n\n<li><a href=\"https:\/\/www.sage.com\/pt-pt\/blog\/irc-informacoes-vinculativas-de-2019-determinacao-da-materia-coletavel-gastos-e-perdas\/\">IRC \u2013 Informa\u00e7\u00f5es Vinculativas de 2019- Determina\u00e7\u00e3o da mat\u00e9ria colet\u00e1vel Eventos<\/a><\/li>\n\n\n\n<li><span class=\"s1\"><a href=\"https:\/\/www.sage.com\/pt-pt\/blog\/irc-informacoes-vinculativas-de-2019-determinacao-de-materia-coletavel-variacoes-patrimoniais-negativas\/\"><span class=\"s2\">IRC &#8211; Informa\u00e7\u00f5es Vinculativas de 2019 &#8211; Determina\u00e7\u00e3o da mat\u00e9ria colet\u00e1vel Varia\u00e7\u00f5es Patrimoniais Negativas<\/span><\/a><\/span><\/li>\n\n\n\n<li><span class=\"s1\"><a href=\"https:\/\/www.sage.com\/pt-pt\/blog\/irc-informacoes-vinculativas-de-2019-parte-viii\/\"><span class=\"s2\">IRC &#8211; Informa\u00e7\u00f5es Vinculativas de 2019 &#8211; Determina\u00e7\u00e3o da mat\u00e9ria colet\u00e1vel Realiza\u00e7\u00f5es de Utilidade Pessoal<\/span><\/a><\/span><\/li>\n\n\n\n<li><span class=\"s1\"><a href=\"https:\/\/www.sage.com\/pt-pt\/blog\/irc-informacoes-vinculativas-de-2019-parte-ix\/\"><span class=\"s2\">IRC &#8211; Informa\u00e7\u00f5es Vinculativas de 2019 &#8211; Determina\u00e7\u00e3o da mat\u00e9ria colet\u00e1vel Conceito de Mais-Valias e Menos-Valias<\/span><\/a><\/span><\/li>\n\n\n\n<li><a href=\"https:\/\/www.sage.com\/pt-pt\/blog\/irc-informacoes-vinculativas-de-2019-parte-x\/\">IRC &#8211; Informa\u00e7\u00f5es Vinculativas de 2019 &#8211; Determina\u00e7\u00e3o de mat\u00e9ria colet\u00e1vel Mais-valias e menos valias realizadas com a transmiss\u00e3o de instrumentos de capital pr\u00f3prio<\/a><\/li>\n\n\n\n<li><a href=\"https:\/\/www.sage.com\/pt-pt\/blog\/irc-informacoes-vinculativas-de-2019-parte-xi\/\">IRC &#8211; Informa\u00e7\u00f5es Vinculativas de 2019 &#8211; Determina\u00e7\u00e3o de mat\u00e9ria colet\u00e1vel \u00c2mbito e condi\u00e7\u00f5es de aplica\u00e7\u00e3o do RETGS<\/a><\/li>\n\n\n\n<li><a href=\"https:\/\/www.sage.com\/pt-pt\/blog\/irc-informacoes-vinculativas-de-2019-parte-xii\/\">IRC &#8211; Informa\u00e7\u00f5es Vinculativas de 2019 &#8211; Determina\u00e7\u00e3o de mat\u00e9ria colet\u00e1vel Regime Simplificado &#8211; \u00c2mbito de Aplica\u00e7\u00e3o<\/a><\/li>\n\n\n\n<li><a href=\"https:\/\/www.sage.com\/pt-pt\/blog\/irc-informacoes-vinculativas-de-2019-parte-xiii\/\">IRC &#8211; Informa\u00e7\u00f5es Vinculativas de 2019 &#8211; Taxas<\/a><\/li>\n\n\n\n<li><a href=\"https:\/\/www.sage.com\/pt-pt\/blog\/irc-informacoes-vinculativas-de-2019-parte-xiv\/\">IRC &#8211; Informa\u00e7\u00f5es Vinculativas de 2019 &#8211; Liquida\u00e7\u00e3o<\/a><\/li>\n\n\n\n<li><a href=\"https:\/\/www.sage.com\/pt-pt\/blog\/irc-informacoes-vinculativas-de-2019-parte-xv\/\">IRC &#8211; Informa\u00e7\u00f5es Vinculativas de 2019 &#8211; Liquida\u00e7\u00e3o &#8211; Reten\u00e7\u00e3o na fonte<\/a><\/li>\n\n\n\n<li><a href=\"https:\/\/www.sage.com\/pt-pt\/blog\/irc-informacoes-vinculativas-de-2019-parte-xvii\/\">IRC &#8211; Informa\u00e7\u00f5es Vinculativas de 2019 &#8211; Obriga\u00e7\u00f5es Acess\u00f3rias e Fiscaliza\u00e7\u00e3o<\/a><\/li>\n\n\n\n<li><a href=\"https:\/\/www.sage.com\/pt-pt\/blog\/irc-informacoes-vinculativas-de-2019-parte-xviii\/\"><span class=\"s1\">IRC &#8211; Informa\u00e7\u00f5es Vinculativas de 2019 &#8211; Regime Fiscal de Apoio ao Investimento<\/span><\/a><\/li>\n\n\n\n<li><a href=\"https:\/\/www.sage.com\/pt-pt\/blog\/irc-informacoes-vinculativas-de-2019-parte-xix\/\"><span class=\"s1\">IRC &#8211; Informa\u00e7\u00f5es Vinculativas de 2019 &#8211; Regime Fiscal de Apoio ao Investimento &#8211; \u00c2mbito da dedu\u00e7\u00e3o<\/span><\/a><\/li>\n\n\n\n<li><a href=\"https:\/\/www.sage.com\/pt-pt\/blog\/irc-informacoes-vinculativas-de-2019-parte-xx\/\"><span class=\"s1\">IRC &#8211; Informa\u00e7\u00f5es Vinculativas de 2019 &#8211; Benef\u00edcios de Car\u00e1ter Estrutural<\/span><\/a><\/li>\n<\/ul>\n\n\n<div class=\"single-cta\">\n\t<div class=\"single-cta__positioner\">\n\t\t<div class=\"single-cta__wrapper has-dark-background-color\">\n\t\t\t<div class=\"single-cta__content\">\n\t\t\t\t\t\t\t\t<h2 class=\"single-cta__title h3\">Receba a newsletter Sage Advice<\/h2>\n\n\t\t\t\t\t\t\t\t\t<div class=\"single-cta__description\">\n\t\t\t\t\t\t<p>Inscreva-se para receber o boletim do Sage\u00a0Advice e receba os conselhos mais recentes diretamente no seu e-mail.<\/p>\n\t\t\t\t\t<\/div>\n\t\t\t\t\n\t\t\t\t\t\t\t\t\t\t\t\t\t\t<a\n\t\t\t\t\t\thref=\"#gate-56228f27-e58f-435b-9b72-a561d684e263\"\n\t\t\t\t\t\tclass=\"single-cta__button button button--primary\"\n\t\t\t\t\t\t\t\t\t\t\t\t\t\t\t\t\t>Subscrever<\/a>\n\t\t\t\t\t\t\t<\/div>\n\n\t\t\t\t\t<\/div>\n\n\t\t\t\t\t<img decoding=\"async\" width=\"1215\" height=\"810\" src=\"https:\/\/www.sage.com\/pt-pt\/blog\/wp-content\/uploads\/sites\/15\/2023\/10\/GettyImages-1073868226-1215x810.jpg\" class=\"single-cta__image\" alt=\"Rapaz ao telefone no seu escrit\u00f3rio\" loading=\"lazy\" srcset=\"https:\/\/www.sage.com\/pt-pt\/blog\/wp-content\/uploads\/sites\/15\/2023\/10\/GettyImages-1073868226-1215x810.jpg 1215w\" sizes=\"auto, (min-width: 48em) 33vw, 100vw\" \/>\t\t\t<\/div>\n<\/div>\n","protected":false},"excerpt":{"rendered":"<p>PAGAMENTO VII \u2013 Pagamento VII.1 \u2013 Pagamento da derrama estadual \u2013 Art.\u00ba 104\u00ba-A do CIRC O Portal das Finan\u00e7as apresenta para este artigo do IRC 1 Informa\u00e7\u00f5es Vinculativas (IV) sendo que a mesma foi divulgada em 2019. Apresentamos uma tabela com a informa\u00e7\u00e3o mais relevante produzida pelas referidas Informa\u00e7\u00f5es Vinculativas relativas ao art.\u00ba 104\u00ba-A do [&hellip;]<\/p>\n","protected":false},"author":799,"featured_media":7540,"comment_status":"closed","ping_status":"closed","sticky":false,"template":"","format":"standard","meta":{"_sage_video":false,"post_featured_image_hide":false,"footnotes":""},"categories":[16],"tags":[52,70,67,72,228,71],"business_type":[135],"context":[],"industry":[130],"persona":[51,42],"imagine_tag":[136,155],"coauthors":[504],"class_list":["post-5642","post","type-post","status-publish","format-standard","has-post-thumbnail","hentry","category-estrategia-legal-e-processos","tag-contabilidade","tag-cumprir-legislacao","tag-financas","tag-impostos","tag-irc","tag-legislacao","business_type-contabilistas","industry-servicos"],"sage_meta":{"region":"pt-pt","author_name":"Bruno Lagos","featured_image":"https:\/\/www.sage.com\/pt-pt\/blog\/wp-content\/uploads\/sites\/15\/2022\/04\/GettyImages-1325244864.jpg","imagine_tags":{"136":"Contabilistas","155":"Legal"}},"distributor_meta":false,"distributor_terms":false,"distributor_media":false,"distributor_original_site_name":"Sage Advice Portugal","distributor_original_site_url":"https:\/\/www.sage.com\/pt-pt\/blog","push-errors":false,"_links":{"self":[{"href":"https:\/\/www.sage.com\/pt-pt\/blog\/api\/wp\/v2\/posts\/5642","targetHints":{"allow":["GET"]}}],"collection":[{"href":"https:\/\/www.sage.com\/pt-pt\/blog\/api\/wp\/v2\/posts"}],"about":[{"href":"https:\/\/www.sage.com\/pt-pt\/blog\/api\/wp\/v2\/types\/post"}],"author":[{"embeddable":true,"href":"https:\/\/www.sage.com\/pt-pt\/blog\/api\/wp\/v2\/users\/799"}],"replies":[{"embeddable":true,"href":"https:\/\/www.sage.com\/pt-pt\/blog\/api\/wp\/v2\/comments?post=5642"}],"version-history":[{"count":0,"href":"https:\/\/www.sage.com\/pt-pt\/blog\/api\/wp\/v2\/posts\/5642\/revisions"}],"wp:featuredmedia":[{"embeddable":true,"href":"https:\/\/www.sage.com\/pt-pt\/blog\/api\/wp\/v2\/media\/7540"}],"wp:attachment":[{"href":"https:\/\/www.sage.com\/pt-pt\/blog\/api\/wp\/v2\/media?parent=5642"}],"wp:term":[{"taxonomy":"category","embeddable":true,"href":"https:\/\/www.sage.com\/pt-pt\/blog\/api\/wp\/v2\/categories?post=5642"},{"taxonomy":"post_tag","embeddable":true,"href":"https:\/\/www.sage.com\/pt-pt\/blog\/api\/wp\/v2\/tags?post=5642"},{"taxonomy":"business_type","embeddable":true,"href":"https:\/\/www.sage.com\/pt-pt\/blog\/api\/wp\/v2\/business_type?post=5642"},{"taxonomy":"context","embeddable":true,"href":"https:\/\/www.sage.com\/pt-pt\/blog\/api\/wp\/v2\/context?post=5642"},{"taxonomy":"industry","embeddable":true,"href":"https:\/\/www.sage.com\/pt-pt\/blog\/api\/wp\/v2\/industry?post=5642"},{"taxonomy":"persona","embeddable":true,"href":"https:\/\/www.sage.com\/pt-pt\/blog\/api\/wp\/v2\/persona?post=5642"},{"taxonomy":"imagine_tag","embeddable":true,"href":"https:\/\/www.sage.com\/pt-pt\/blog\/api\/wp\/v2\/imagine_tag?post=5642"},{"taxonomy":"author","embeddable":true,"href":"https:\/\/www.sage.com\/pt-pt\/blog\/api\/wp\/v2\/coauthors?post=5642"}],"curies":[{"name":"wp","href":"https:\/\/api.w.org\/{rel}","templated":true}]}}