{"id":5753,"date":"2020-05-01T09:55:48","date_gmt":"2020-05-01T08:55:48","guid":{"rendered":"https:\/\/www.sage.com\/pt-pt\/blog\/?p=5753"},"modified":"2025-12-03T15:18:00","modified_gmt":"2025-12-03T15:18:00","slug":"como-as-empresas-podem-tomar-conta-dos-seus-colaboradores","status":"publish","type":"post","link":"https:\/\/www.sage.com\/pt-pt\/blog\/como-as-empresas-podem-tomar-conta-dos-seus-colaboradores\/","title":{"rendered":"Como as empresas podem tomar conta dos seus colaboradores"},"content":{"rendered":"<header class=\"entry-header has-dark-background-color entry-header--has-illustration entry-header--has-illustration--generic\">\n\t<div class=\"container\">\n\t\t<div class=\"entry-header__row row align-center\">\n\t\t\t<div class=\"col col-lg-7 col-xlg-6 entry-header__content\">\n\t\t\t\t\t\t\t<div class=\"component component-single-header\">\n\t\t\t\t\t\t\t\t\t\t<div class=\"entry-header__misc text--subtitle text--uppercase text--small\">\n\t\t\t\t\t\t\t<a href=\"https:\/\/www.sage.com\/pt-pt\/blog\/category\/teletrabalho\/\" class=\"entry-header__link\">Teletrabalho<\/a>\t\t\t\t\t\t<\/div>\n\t\t\t\t\n\t\t\t\t<div class=\"entry-title-wrapper\">\n\t\t\t\t\t<h1 class=\"entry-title\">\n\t\t\t\t\t\tComo as empresas podem tomar conta dos seus colaboradores\t\t\t\t\t<\/h1>\n\t\t\t\t<\/div>\n\n\t\t\t\t\t\t\t\t\t<p class=\"entry-header__description\">\n\t\t\t\t\t\t\t\t\t\t\t<\/p>\n\t\t\t\t\n\t\t\t\t\n\t\t\t\t\n\t\t\t<\/div>\n\n\t\t\t\t\t<\/div>\n\t\t\t\t\t<\/div>\n\t<\/div>\n\t<div class=\"single-post-details container\">\n\t\t<div class=\"col\">\n\t\t\t<span class=\"posted-on \"><time class=\"entry-date published\" datetime=\"2020-05-01T09:55:48+01:00\">May 1, 2020<\/time><\/span><span class=\"reading-time\"> minutos de leitura<\/span>\n\t\t<button\n\t\t\ttype=\"button\"\n\t\t\tclass=\"social-share-button button button--icon button--secondary js-social-share-button\"\n\t\t\tdata-share-title=\"Como as empresas podem tomar conta dos seus colaboradores\"\n\t\t\tdata-share-url=\"https:\/\/www.sage.com\/pt-pt\/blog\/como-as-empresas-podem-tomar-conta-dos-seus-colaboradores\/\"\n\t\t\tdata-share-text=\"Por favor, leia este artigo interessante\"\n\t\t>\n\t\t\t<span class=\"social-share-button__share-label\">Partilhar<\/span>\n\t\t\t<span class=\"social-share-button__copy-label\" hidden>Copiar link<\/span>\n\t\t\t<span class=\"social-share-button__copy-tooltip\" aria-hidden=\"true\" hidden>Copiada<\/span>\n\t\t<\/button>\n\n\t\t\t\t<\/div>\n\t<\/div>\n<\/header>\n\n\n\n<div class=\"wp-block-post-author has-dark-background-color alignfull\">\n\t<div class=\"container\">\n\t\t<div class=\"col\">\n\t\t\t\t\t\t\t<div class=\"co-authors\">\n\t\t\t\t\t\n\t\t<div class=\"entry-author-wrapper\">\n\t\t\t<a class=\"entry-author\" href=\"https:\/\/www.sage.com\/pt-pt\/blog\/author\/staceymcintosh\/\">\n\t\t\t\t<img decoding=\"async\" alt=\"\" src=\"https:\/\/www.sage.com\/en-gb\/blog\/wp-content\/uploads\/sites\/10\/2018\/11\/Stacey-McIntosh-350-1.jpg\" class=\"entry-author__image\" height=\"40\" width=\"40\" fetchpriority=\"high\" \/>\t\t\t\t<span class=\"entry-author__name\">Stacey McIntosh<\/span>\n\t\t\t<\/a>\n\n\t\t\t\t\t<\/div>\n\n\t\t\t\t\t\t<\/div>\n\t\t\t\t\t<\/div>\n\t<\/div>\n<\/div>\n\n\n\n\n\n<p>Tomar conta dos seus colaboradores, enquanto lidam com a incerteza \u00e9 vital. Afinal, eles s\u00e3o o ativo mais importante da empresa.<\/p>\n\n\n\n<p>Embora a oferta de excelentes experi\u00eancias de trabalho aos seus colaboradores esteja no topo de sua agenda, lidar com uma situa\u00e7\u00e3o como o surto de coronav\u00edrus dificulta a sua execu\u00e7\u00e3o.<\/p>\n\n\n\n<p>Mas existem maneiras e meios para ter a certeza que est\u00e1 a apoiar os seus colaboradores.<\/p>\n\n\n\n<p>Isto pode assumir a forma de diferentes cen\u00e1rios. Desde mant\u00ea-los atualizados sobre quaisquer comunica\u00e7\u00f5es da empresa relativas a subs\u00eddio por doen\u00e7a e ao seu bem-estar; cobrir os seus <a href=\"https:\/\/www.sage.com\/pt-pt\/recursos-humanos\/\">deveres de RH<\/a> \u00e9 importante.<\/p>\n\n\n\n<p>Para o ajudar, este artigo aborda uma s\u00e9rie de t\u00f3picos para assegurar que est\u00e1 em conformidade com a legisla\u00e7\u00e3o, e tamb\u00e9m inclui algumas orienta\u00e7\u00f5es para manter o bem-estar dos seus colaboradores.<\/p>\n\n\n\n<p><strong>Manter os seus colaboradores informados<\/strong><\/p>\n\n\n\n<p>Existe imensa incerteza em torno do&nbsp;coronav\u00edrus&nbsp;e do que isso significa para o seu neg\u00f3cio. Manter os seus colaboradores informados sobre os \u00faltimos desenvolvimentos &#8211; que s\u00e3o relevantes para eles &#8211; ir\u00e1 ajud\u00e1-los a perceber quaisquer implica\u00e7\u00f5es para eles.<\/p>\n\n\n\n<p>Poder\u00e1 ser necess\u00e1rio que continuem a ir para o local de trabalho, dependendo do ramo da sua empresa. Ou pode precisar que eles trabalhem a partir de casa. Qualquer que seja a situa\u00e7\u00e3o, conv\u00e9m mant\u00ea-los informados.<\/p>\n\n\n\n<p>Contudo, n\u00e3o pense que o seu neg\u00f3cio tem de comunicar em excesso com os seus colaboradores &#8211; e tenha tamb\u00e9m em aten\u00e7\u00e3o a escassez de comunica\u00e7\u00e3o. Tente e obtenha o equil\u00edbrio correto para que o seu pessoal fique informado.<\/p>\n\n\n\n<p><strong>Pense em disponibilizar trabalho flex\u00edvel<\/strong><\/p>\n\n\n\n<p>De acordo com um relat\u00f3rio do International Workplace Group and MindMetre Research, 82% das empresas que oferecem trabalho flex\u00edvel revelaram ser&nbsp;<a href=\"http:\/\/bpcc.org.pl\/uploads\/ckeditor\/attachments\/14371\/IWG_report.pdf\">mais produtivas<\/a>, ao passo que 58% das organiza\u00e7\u00f5es disseram que tal levou a uma melhoria na satisfa\u00e7\u00e3o no trabalho.<\/p>\n\n\n\n<p>E com as&nbsp;<a href=\"https:\/\/covid19estamoson.gov.pt\/#escolas-o-regresso-as-aulas\">escolas fechadas at\u00e9 ao final do ano letivo em Portugal<\/a> (apenas abrir\u00e3o para a realiza\u00e7\u00e3o de exames nacionais)&nbsp;para a maioria das nossas crian\u00e7as (n\u00e3o incluindo aquelas cujos pais s\u00e3o&nbsp;trabalhadores fundamentais), oferecer trabalho flex\u00edvel poder\u00e1 ajudar colaboradores&nbsp; com dependentes.<\/p>\n\n\n\n<p>Talvez come\u00e7ar a trabalhar mais cedo ou a terminar mais tarde, por exemplo, os ajude a lidar com as exig\u00eancias de tomar conta dos filhos (e a apoi\u00e1-los com as tarefas da escola) e terminar as tarefas de trabalho.<\/p>\n\n\n\n<p><strong>Permita que os seus colaboradores trabalhem a partir de casa quando poss\u00edvel<\/strong><\/p>\n\n\n\n<p>Com o governo brit\u00e2nico a recomendar que as pessoas mantenham o distanciamento social e que os empregados<a href=\"https:\/\/www.sage.com\/pt-pt\/blog\/nove-passos-para-implementar-o-teletrabalho-na-sua-empresa\/\">&nbsp;trabalhem a partir de casa<\/a>&nbsp;, se poss\u00edvel, vale a pena rever as quest\u00f5es pr\u00e1ticas de trabalhar em casa para a sua empresa e oferecer trabalho remoto, se vi\u00e1vel.<\/p>\n\n\n\n<p>Isto depender\u00e1 do seu neg\u00f3cio &#8211; se a sua empresa est\u00e1 na \u00e1rea do retalho, por exemplo, ser\u00e1 necess\u00e1rio pessoal na linha da frente no seu local de trabalho.<\/p>\n\n\n\n<p>Contudo, para pessoal de <em>back office<\/em> do departamento financeiro ou dos RH, poder\u00e1 ser mais f\u00e1cil permitir que trabalhem a partir de casa.<\/p>\n\n\n\n<p><strong>Considere f\u00e9rias ou uma licen\u00e7a sem vencimento a quem n\u00e3o desejar entrar no local de trabalho<\/strong><\/p>\n\n\n\n<p>Se o seu neg\u00f3cio requer que os empregados tenham de se deslocar para trabalhar, poder\u00e1 encontrar algumas pessoas que n\u00e3o o queiram fazer devido \u00e0 pandemia do coronav\u00edrus.<\/p>\n\n\n\n<p>Poder\u00e3o n\u00e3o querer andar de transportes p\u00fablicos, por exemplo, ou de estar num ambiente onde est\u00e3o com muitas pessoas.<\/p>\n\n\n\n<p>Ou\u00e7a as preocupa\u00e7\u00f5es dos seus empregados e oriente-os da melhor forma poss\u00edvel &#8211; em nome dos seus empregados e do seu neg\u00f3cio.<\/p>\n\n\n\n<p>Se um empregado decide mesmo assim que n\u00e3o quer estar no local de trabalho (e trabalhar a partir de casa n\u00e3o \u00e9 uma hip\u00f3tese), se ele fizer um pedido, poder\u00e1 considerar permitir-lhe que utilize alguns dos dias de f\u00e9rias&nbsp;ou uma licen\u00e7a sem vencimento.<\/p>\n\n\n\n<p><strong><br>\nSeja claro quanto ao subs\u00eddio por doen\u00e7a<\/strong><\/p>\n\n\n\n<p>Por lei, tem de pagar aos seus empregados o subs\u00eddio por doen\u00e7a se contra\u00edrem a doen\u00e7a \u2013 e forem eleg\u00edveis. O Governo Portugu\u00eas criou um pacote de <a href=\"https:\/\/covid19estamoson.gov.pt\/#prestacoes-sociais\">medidas excecionais relativas \u00e0s presta\u00e7\u00f5es sociais<\/a>, onde prev\u00ea v\u00e1rios cen\u00e1rios. Analise e informe os seus colaboradores qual o caso que lhes \u00e9 aplicado.<\/p>\n\n\n\n<p><strong>&nbsp;<\/strong><\/p>\n\n\n\n<p><strong>Promover um equil\u00edbrio saud\u00e1vel entre a vida e o trabalho<\/strong><\/p>\n\n\n\n<p>N\u00e3o importa se os seus colaboradores est\u00e3o a trabalhar a partir de casa ou se t\u00eam de ir para o local de trabalho, assegure-se de que s\u00e3o capazes de manter o equil\u00edbrio correto entre a vida e o trabalho.<\/p>\n\n\n\n<p>Encoraje-os a fazerem pausas regulares, incluindo uma pausa para o almo\u00e7o &#8211; especialmente se estiverem a trabalhar a partir de casa. Ao fazer isso, continuar\u00e3o a estar produtivos e a dar o seu melhor \u00e0 empresa.<\/p>\n\n\n\n<p>E se o exerc\u00edcio f\u00edsico \u00e9 importante para os seus empregados, mas eles n\u00e3o puderem utilizar a mensalidade do gin\u00e1sio que frequentam, como parte dos benef\u00edcios da empresa, devido ao an\u00fancio do governo de que os gin\u00e1sios devem permanecer fechados verifique, por exemplo, se o gin\u00e1sio est\u00e1 a oferecer aulas online e informe-os atrav\u00e9s das comunica\u00e7\u00f5es da empresa.<\/p>\n\n\n\n<p><strong>Reconhe\u00e7a o seu trabalho<\/strong><\/p>\n\n\n\n<p>Neste tempo de incerteza, os seus empregados ir\u00e3o esfor\u00e7ar-se para que a empresa continue a mover-se na dire\u00e7\u00e3o correta. Alguns poder\u00e3o mesmo trabalhar mais tempo para se certificarem de que o neg\u00f3cio continua a decorrer.<\/p>\n\n\n\n<p>Por isso, n\u00e3o se esque\u00e7a de reconhecer o trabalho que est\u00e3o a fazer. Recompensar os seus empregados n\u00e3o tem de ser muito caro.<\/p>\n\n\n\n<p>Um simples &#8220;obrigado&#8221; mostra n\u00e3o s\u00f3 gratid\u00e3o, como lhes demonstra que s\u00e3o membros valiosos para o neg\u00f3cio.<\/p>\n\n\n\n<p><strong>Conclus\u00e3o<\/strong><\/p>\n\n\n\n<p>A pandemia do coronav\u00edrus est\u00e1 a trazer muitas incertezas aos neg\u00f3cios, que t\u00eam de se adaptar rapidamente enquanto a situa\u00e7\u00e3o muda. Mas existe uma constante &#8211; a import\u00e2ncia dos seus colaboradores no seu neg\u00f3cio.<\/p>\n\n\n\n<p>Ao tomar conta do seu pessoal e assegurar que s\u00e3o apoiados da forma correta, ir\u00e1 dar-lhes e \u00e0 sua empresa a melhor hip\u00f3tese de avan\u00e7arem na dire\u00e7\u00e3o correta.<\/p>\n\n\n<div class=\"single-cta\">\n\t<div class=\"single-cta__positioner\">\n\t\t<div class=\"single-cta__wrapper has-dark-background-color\">\n\t\t\t<div class=\"single-cta__content\">\n\t\t\t\t\t\t\t\t<h2 class=\"single-cta__title h3\">Receba a newsletter Sage Advice<\/h2>\n\n\t\t\t\t\t\t\t\t\t<div class=\"single-cta__description\">\n\t\t\t\t\t\t<p>Inscreva-se para receber o boletim do Sage\u00a0Advice e receba os conselhos mais recentes diretamente no seu e-mail.<\/p>\n\t\t\t\t\t<\/div>\n\t\t\t\t\n\t\t\t\t\t\t\t\t\t\t\t\t\t\t<a\n\t\t\t\t\t\thref=\"#gate-56228f27-e58f-435b-9b72-a561d684e263\"\n\t\t\t\t\t\tclass=\"single-cta__button button button--primary\"\n\t\t\t\t\t\t\t\t\t\t\t\t\t\t\t\t\t>Subscrever<\/a>\n\t\t\t\t\t\t\t<\/div>\n\n\t\t\t\t\t<\/div>\n\n\t\t\t\t\t<img decoding=\"async\" width=\"1215\" height=\"810\" src=\"https:\/\/www.sage.com\/pt-pt\/blog\/wp-content\/uploads\/sites\/15\/2023\/10\/GettyImages-1073868226-1215x810.jpg\" class=\"single-cta__image\" alt=\"Rapaz ao telefone no seu escrit\u00f3rio\" loading=\"lazy\" srcset=\"https:\/\/www.sage.com\/pt-pt\/blog\/wp-content\/uploads\/sites\/15\/2023\/10\/GettyImages-1073868226-1215x810.jpg 1215w\" sizes=\"auto, (min-width: 48em) 33vw, 100vw\" \/>\t\t\t<\/div>\n<\/div>\n","protected":false},"excerpt":{"rendered":"<p>Tomar conta dos seus colaboradores, enquanto lidam com a incerteza \u00e9 vital. Afinal, eles s\u00e3o o ativo mais importante da empresa. Embora a oferta de excelentes experi\u00eancias de trabalho aos seus colaboradores esteja no topo de sua agenda, lidar com uma situa\u00e7\u00e3o como o surto de coronav\u00edrus dificulta a sua execu\u00e7\u00e3o. Mas existem maneiras e [&hellip;]<\/p>\n","protected":false},"author":346,"featured_media":236,"comment_status":"closed","ping_status":"closed","sticky":false,"template":"","format":"standard","meta":{"_sage_video":false,"post_featured_image_hide":false,"footnotes":""},"categories":[13,26,32,33,15,271],"tags":[229,273,235,187,241,83,79,212,222],"business_type":[2],"context":[],"industry":[124,131,125,128,129,130,126,132,133],"persona":[41],"imagine_tag":[272,138,169,270],"coauthors":[539],"class_list":["post-5753","post","type-post","status-publish","format-standard","has-post-thumbnail","hentry","category-crescimento-de-negocio-e-clientes","category-estrategia-e-planeamento-global","category-gerir-pessoas","category-liderar-pessoas","category-rh-e-lideranca","category-teletrabalho","tag-colaboradores","tag-continuidade-do-negocio","tag-crescimento","tag-empresas","tag-equipa","tag-estrategia","tag-gestao-empresas","tag-pessoas","tag-recursos-humanos","business_type-pequenas-empresas","industry-e-commerce","industry-retalho","industry-entretenimento","industry-producao","industry-sem-fins-lucrativos","industry-servicos","industry-servicos-financeiros","industry-tecnologia","industry-viagens-e-hotelaria"],"sage_meta":{"region":"pt-pt","author_name":"Stacey McIntosh","featured_image":"https:\/\/www.sage.com\/pt-pt\/blog\/wp-content\/uploads\/sites\/15\/2019\/04\/GettyImages-585507738_super.jpg","imagine_tags":{"272":"Continuidade do neg\u00f3cio","138":"Gest\u00e3o","169":"Pequenas Empresas","270":"Teletrabalho"}},"distributor_meta":false,"distributor_terms":false,"distributor_media":false,"distributor_original_site_name":"Sage Advice Portugal","distributor_original_site_url":"https:\/\/www.sage.com\/pt-pt\/blog","push-errors":false,"_links":{"self":[{"href":"https:\/\/www.sage.com\/pt-pt\/blog\/api\/wp\/v2\/posts\/5753","targetHints":{"allow":["GET"]}}],"collection":[{"href":"https:\/\/www.sage.com\/pt-pt\/blog\/api\/wp\/v2\/posts"}],"about":[{"href":"https:\/\/www.sage.com\/pt-pt\/blog\/api\/wp\/v2\/types\/post"}],"author":[{"embeddable":true,"href":"https:\/\/www.sage.com\/pt-pt\/blog\/api\/wp\/v2\/users\/346"}],"replies":[{"embeddable":true,"href":"https:\/\/www.sage.com\/pt-pt\/blog\/api\/wp\/v2\/comments?post=5753"}],"version-history":[{"count":0,"href":"https:\/\/www.sage.com\/pt-pt\/blog\/api\/wp\/v2\/posts\/5753\/revisions"}],"wp:featuredmedia":[{"embeddable":true,"href":"https:\/\/www.sage.com\/pt-pt\/blog\/api\/wp\/v2\/media\/236"}],"wp:attachment":[{"href":"https:\/\/www.sage.com\/pt-pt\/blog\/api\/wp\/v2\/media?parent=5753"}],"wp:term":[{"taxonomy":"category","embeddable":true,"href":"https:\/\/www.sage.com\/pt-pt\/blog\/api\/wp\/v2\/categories?post=5753"},{"taxonomy":"post_tag","embeddable":true,"href":"https:\/\/www.sage.com\/pt-pt\/blog\/api\/wp\/v2\/tags?post=5753"},{"taxonomy":"business_type","embeddable":true,"href":"https:\/\/www.sage.com\/pt-pt\/blog\/api\/wp\/v2\/business_type?post=5753"},{"taxonomy":"context","embeddable":true,"href":"https:\/\/www.sage.com\/pt-pt\/blog\/api\/wp\/v2\/context?post=5753"},{"taxonomy":"industry","embeddable":true,"href":"https:\/\/www.sage.com\/pt-pt\/blog\/api\/wp\/v2\/industry?post=5753"},{"taxonomy":"persona","embeddable":true,"href":"https:\/\/www.sage.com\/pt-pt\/blog\/api\/wp\/v2\/persona?post=5753"},{"taxonomy":"imagine_tag","embeddable":true,"href":"https:\/\/www.sage.com\/pt-pt\/blog\/api\/wp\/v2\/imagine_tag?post=5753"},{"taxonomy":"author","embeddable":true,"href":"https:\/\/www.sage.com\/pt-pt\/blog\/api\/wp\/v2\/coauthors?post=5753"}],"curies":[{"name":"wp","href":"https:\/\/api.w.org\/{rel}","templated":true}]}}