{"id":5818,"date":"2020-05-27T09:55:45","date_gmt":"2020-05-27T08:55:45","guid":{"rendered":"https:\/\/www.sage.com\/pt-pt\/blog\/?p=5818"},"modified":"2025-12-03T15:17:08","modified_gmt":"2025-12-03T15:17:08","slug":"iva-informacoes-vinculativas-de-2019-parte-xxix","status":"publish","type":"post","link":"https:\/\/www.sage.com\/pt-pt\/blog\/iva-informacoes-vinculativas-de-2019-parte-xxix\/","title":{"rendered":"IVA &#8211; Informa\u00e7\u00f5es Vinculativas de 2019 (parte XXIX)"},"content":{"rendered":"<header class=\"entry-header has-dark-background-color entry-header--has-illustration entry-header--has-illustration--generic\">\n\t<div class=\"container\">\n\t\t<div class=\"entry-header__row row align-center\">\n\t\t\t<div class=\"col col-lg-7 col-xlg-6 entry-header__content\">\n\t\t\t\t\t\t\t<div class=\"component component-single-header\">\n\t\t\t\t\t\t\t\t\t\t<div class=\"entry-header__misc text--subtitle text--uppercase text--small\">\n\t\t\t\t\t\t\t<a href=\"https:\/\/www.sage.com\/pt-pt\/blog\/category\/estrategia-legal-e-processos\/\" class=\"entry-header__link\">Estrat\u00e9gia, Legal e Processos<\/a>\t\t\t\t\t\t<\/div>\n\t\t\t\t\n\t\t\t\t<div class=\"entry-title-wrapper\">\n\t\t\t\t\t<h1 class=\"entry-title\">\n\t\t\t\t\t\tIVA &#8211; Informa\u00e7\u00f5es Vinculativas de 2019 (parte XXIX)\t\t\t\t\t<\/h1>\n\t\t\t\t<\/div>\n\n\t\t\t\t\t\t\t\t\t<p class=\"entry-header__description\">\n\t\t\t\t\t\t\t\t\t\t\t<\/p>\n\t\t\t\t\n\t\t\t\t\n\t\t\t\t\n\t\t\t<\/div>\n\n\t\t\t\t\t<\/div>\n\t\t\t\t\t<\/div>\n\t<\/div>\n\t<div class=\"single-post-details container\">\n\t\t<div class=\"col\">\n\t\t\t<span class=\"posted-on \"><time class=\"entry-date published\" datetime=\"2020-05-27T09:55:45+01:00\">May 27, 2020<\/time><\/span><span class=\"reading-time\"> minutos de leitura<\/span>\n\t\t<button\n\t\t\ttype=\"button\"\n\t\t\tclass=\"social-share-button button button--icon button--secondary js-social-share-button\"\n\t\t\tdata-share-title=\"IVA &#8211; Informa\u00e7\u00f5es Vinculativas de 2019 (parte XXIX)\"\n\t\t\tdata-share-url=\"https:\/\/www.sage.com\/pt-pt\/blog\/iva-informacoes-vinculativas-de-2019-parte-xxix\/\"\n\t\t\tdata-share-text=\"Por favor, leia este artigo interessante\"\n\t\t>\n\t\t\t<span class=\"social-share-button__share-label\">Partilhar<\/span>\n\t\t\t<span class=\"social-share-button__copy-label\" hidden>Copiar link<\/span>\n\t\t\t<span class=\"social-share-button__copy-tooltip\" aria-hidden=\"true\" hidden>Copiada<\/span>\n\t\t<\/button>\n\n\t\t\t\t<\/div>\n\t<\/div>\n<\/header>\n\n\n\n<div class=\"wp-block-post-author has-dark-background-color alignfull\">\n\t<div class=\"container\">\n\t\t<div class=\"col\">\n\t\t\t\t\t\t\t<div class=\"co-authors\">\n\t\t\t\t\t\n\t\t<div class=\"entry-author-wrapper\">\n\t\t\t<a class=\"entry-author\" href=\"https:\/\/www.sage.com\/pt-pt\/blog\/author\/brunolagos\/\">\n\t\t\t\t<img loading=\"lazy\" decoding=\"async\" width=\"40\" height=\"40\" src=\"https:\/\/www.sage.com\/pt-pt\/blog\/wp-content\/uploads\/sites\/15\/2019\/05\/brunolagos-263x300-1-SQUARE-350x350.jpg\" class=\"entry-author__image\" alt=\"\" srcset=\"https:\/\/www.sage.com\/pt-pt\/blog\/wp-content\/uploads\/sites\/15\/2019\/05\/brunolagos-263x300-1-SQUARE-350x350.jpg 350w, https:\/\/www.sage.com\/pt-pt\/blog\/wp-content\/uploads\/sites\/15\/2019\/05\/brunolagos-263x300-1-SQUARE-768x768.jpg 768w, https:\/\/www.sage.com\/pt-pt\/blog\/wp-content\/uploads\/sites\/15\/2019\/05\/brunolagos-263x300-1-SQUARE-810x810.jpg 810w, https:\/\/www.sage.com\/pt-pt\/blog\/wp-content\/uploads\/sites\/15\/2019\/05\/brunolagos-263x300-1-SQUARE-1536x1536.jpg 1536w, https:\/\/www.sage.com\/pt-pt\/blog\/wp-content\/uploads\/sites\/15\/2019\/05\/brunolagos-263x300-1-SQUARE.jpg 1890w\" sizes=\"auto, (max-width: 40px) 100vw, 40px\" \/>\t\t\t\t<span class=\"entry-author__name\">Bruno Lagos<\/span>\n\t\t\t<\/a>\n\n\t\t\t\t\t<\/div>\n\n\t\t\t\t\t\t<\/div>\n\t\t\t\t\t<\/div>\n\t<\/div>\n<\/div>\n\n\n\n\n\n<p>&nbsp;<\/p>\n\n\n\n<p class=\"has-text-align-center\"><strong>INFORMA\u00c7\u00d5ES VINCULATIVAS DE 2019<\/strong><strong>&nbsp;<\/strong><\/p>\n\n\n\n<p class=\"has-text-align-center\"><strong>CONCEITO DE ORGANISMOS SEM FINALDADE LUCRATIVA (Art.\u00ba 10\u00ba)<\/strong><\/p>\n\n\n\n<p><strong>Sabia que:<\/strong><\/p>\n\n\n\n<p><strong>Para efeitos de isen\u00e7\u00e3o<\/strong> h\u00e1 que levar em considera\u00e7\u00e3o as condi\u00e7\u00f5es, cumulativas, a satisfazer para que os organismos que n\u00e3o sejam de direito p\u00fablico possam ser considerados sem finalidade lucrativa e que se encontram definidas nas al\u00edneas a) a d) do artigo 10.\u00ba do CIVA. Nomeadamente, a condi\u00e7\u00e3o de que &#8220;<strong>N\u00e3o entrem em concorr\u00eancia direta com os sujeitos passivos do imposto<\/strong>&#8221; [al\u00ednea d) do artigo 10.\u00ba do CIVA].<\/p>\n\n\n\n<p>Ora, afigura-se que as atividades em apre\u00e7o (a\u00e7\u00f5es de sensibiliza\u00e7\u00e3o em preven\u00e7\u00e3o do afogamento em institui\u00e7\u00f5es privadas, p\u00fablicas e popula\u00e7\u00e3o em geral) <strong>s\u00e3o suscet\u00edveis de ser (ou vir a ser) prosseguidas por diversas outras entidades sujeitas a tributa\u00e7\u00e3o, nomeadamente, escolas de nata\u00e7\u00e3o, de surf ou de windsurf, ski aqu\u00e1tico, vela, de mergulho, Bodyboard, canoagem, pesca submarina, etc<\/strong>. Suscet\u00edveis, portanto, de provocar distor\u00e7\u00f5es de concorr\u00eancia.<\/p>\n\n\n\n<p><strong>Pelo que, deve liquidar o respetivo IVA nas presta\u00e7\u00f5es de servi\u00e7os efetuadas (sensibiliza\u00e7\u00e3o em preven\u00e7\u00e3o do afogamento em institui\u00e7\u00f5es privadas, p\u00fablicas e popula\u00e7\u00e3o em geral)<\/strong>, podendo, por outro lado, deduzir o IVA suportado com a realiza\u00e7\u00e3o das mesmas, dado que conferem o direito \u00e0 dedu\u00e7\u00e3o. (<em>Processo n\u00ba 14152, por despacho de 2019-05-08 \u2013 Divulgado a 20-05-2019<\/em>)<\/p>\n\n\n\n<p>&nbsp;<\/p>\n\n\n\n<p><strong>ISEN\u00c7\u00d5ES NAS EXPORTA\u00c7\u00d5ES, OPERA\u00c7\u00d5ES ASSIMILADAS E TRANSPORTES INTERNACIONAIS <\/strong><strong>(Art.\u00ba 14\u00ba)<\/strong><\/p>\n\n\n\n<p><strong>Sabia que:<\/strong><\/p>\n\n\n\n<p>As transmiss\u00f5es de bens efetuadas pelo SP_PT ao SP_HKA (Asia) est\u00e3o, por via de regra, sujeitas a imposto nos termos gerais (cf. artigos 1.\u00ba, n.\u00ba 1, al\u00ednea a); 3.\u00ba e 6.\u00ba, n.\u00ba 1, do CIVA) ainda que sejam expedidos ou transportadas pelo vendedor, pelo adquirente ou por um terceiro por conta destes para o Estado membro de consumo, por ordem e conta do adquirente;<\/p>\n\n\n\n<p><strong>Tais transmiss\u00f5es de bens podem, contudo, ser isentas do IVA ao abrigo da al\u00ednea a) do artigo 14.\u00ba do CIVA se o adquirente dos bens, SP_HKA (Asia), dispor de um n\u00famero de identifica\u00e7\u00e3o IVA em Espanha e esse constar como registo v\u00e1lido no VIES. <\/strong><em>(Processo n\u00ba 15604, por despacho de 2019-05-21 \u2013 Divulgado a 04-07-2019)<\/em><\/p>\n\n\n\n<p>&nbsp;<\/p>\n\n\n\n<p><strong>Sabia que:<\/strong><\/p>\n\n\n\n<p>Tendo por base o atual enquadramento em sede de IVA da Requerente, abrangida pelo regime das transa\u00e7\u00f5es intracomunit\u00e1rias, com registo v\u00e1lido no Sistema de Interc\u00e2mbio de Informa\u00e7\u00f5es sobre o IVA (VIES), <strong>as transmiss\u00f5es de bens expedidos ou transportados para Fran\u00e7a por ordem ou a cargo da empresa su\u00ed\u00e7a podem beneficiar da isen\u00e7\u00e3o do IVA prevista na al\u00ednea a) do artigo 14.\u00ba do RITI se<\/strong> o adquirente designar um representante fiscal como devedor do imposto nas condi\u00e7\u00f5es fixadas no Estado-Membro de entrega dos bens, pessoa registada para efeitos do IVA em Fran\u00e7a abrangido pelo regime de tributa\u00e7\u00e3o das transa\u00e7\u00f5es intracomunit\u00e1rias (n\u00famero IVA v\u00e1lido no VIES)&nbsp; (<em>Processo n\u00ba 14898, por despacho de 2019-03-28 \u2013 Divulgado a 03-04-2019<\/em>)<\/p>\n\n\n\n<p>&nbsp;<\/p>\n\n\n\n<p><strong>ISEN\u00c7\u00d5ES NAS OPERA\u00c7\u00d5ES RELACIONADAS COM REGIMES SUSPENSIVOS (Art.\u00ba 15\u00ba)<\/strong><\/p>\n\n\n\n<p><strong>Sabia que:<\/strong><\/p>\n\n\n\n<p><strong>No regime de entreposto n\u00e3o aduaneiro, as presta\u00e7\u00f5es de servi\u00e7os <u>apenas<\/u> podem ser isentas de IVA quando se considerem conexas com transmiss\u00f5es de bens que se destinem a ser colocados naquele regime, nos termos da al\u00ednea b) do n.\u00ba 1 do artigo 15.\u00ba, e as que sejam diretamente ligadas aos bens, quando os mesmos j\u00e1 tenham sido colocados em regime de entreposto n\u00e3o aduaneiro, nos termos da al\u00ednea d) do n.\u00ba 1 do artigo 15.\u00ba<\/strong>, n\u00e3o sendo por isso poss\u00edvel afirmar, como pretende a Requerente, que todos e quaisquer servi\u00e7os efetuados a um adquirente que possua um entreposto n\u00e3o aduaneiro beneficiam da isen\u00e7\u00e3o de imposto;<\/p>\n\n\n\n<p>De resto, <strong>as referidas isen\u00e7\u00f5es devem ser comprovadas atrav\u00e9s de declara\u00e7\u00e3o do utilizador dos servi\u00e7os, indicando o destino que lhes ir\u00e1 ser dado, devendo ser identificados os servi\u00e7os prestados, n\u00e3o sendo suficiente para a comprova\u00e7\u00e3o da isen\u00e7\u00e3o a apresenta\u00e7\u00e3o de declara\u00e7\u00f5es de car\u00e1ter gen\u00e9rico<\/strong>, como as que constam em anexo ao pedido de informa\u00e7\u00e3o. (<em>Processo n\u00ba 15053, por despacho de 2019-04-24 \u2013 Divulgado a 20-05-2019<\/em>)<\/p>\n\n\n\n<p><strong>Sabia que:<\/strong><\/p>\n\n\n\n<p><strong>As aquisi\u00e7\u00f5es de bens que se destinam a ser transmitidos nos balc\u00f5es de venda situados na \u00e1rea de tr\u00e2nsito internacional dos aeroportos nacionais est\u00e3o sujeitas \u00e0s regras gerais de tributa\u00e7\u00e3o em sede de IVA<\/strong>, considerando que esses estabelecimentos n\u00e3o t\u00eam qualquer estatuto, aduaneiro ou fiscal, com exce\u00e7\u00e3o das transmiss\u00f5es de bens sujeitos ao regime de entreposto fiscal nos termos do CIEC.<\/p>\n\n\n\n<p><strong>As transmiss\u00f5es de bens efetuadas a passageiros com um destino nacional ou comunit\u00e1rio est\u00e3o sujeitas ao IVA nos termos gerais de tributa\u00e7\u00e3o<\/strong>, conforme resulta do artigo 1.\u00ba, n.\u00ba 1 do C\u00f3digo do IVA, conjugado com os artigos 3.\u00ba e 6.\u00ba, n.\u00ba 1 do mesmo C\u00f3digo, <strong>devendo, por isso, a fatura a emitir, pelo vendedor, incluir a liquida\u00e7\u00e3o do imposto \u00e0 taxa aplic\u00e1vel.<\/strong><\/p>\n\n\n\n<p><strong>As transmiss\u00f5es de bens efetuadas a passageiros com destino a um pa\u00eds terceiro s\u00e3o isentas do IVA, desde que fa\u00e7am prova do seu destino<\/strong>, no momento da aquisi\u00e7\u00e3o, com os cart\u00f5es de embarque e o cart\u00e3o de identifica\u00e7\u00e3o pessoal ou passaporte.<\/p>\n\n\n\n<p><strong>Tamb\u00e9m, se incluem na isen\u00e7\u00e3o, as transmiss\u00f5es efetuadas a passageiros com destino a um pa\u00eds terceiro<\/strong>, via outro aeroporto nacional ou comunit\u00e1rio, se exibidos os cart\u00f5es de embarque. (<em>Processo n\u00ba 14990, por despacho de 2019-02-28 \u2013 Divulgado a 20-03-2019<\/em>)<\/p>\n\n\n\n<p>Conhe\u00e7a as outras Informa\u00e7\u00f5es Vinculativas de 2019 \u2013 IRC:<\/p>\n\n\n\n<ul class=\"wp-block-list\">\n<li><a href=\"https:\/\/www.sage.com\/pt-pt\/blog\/irc-informacoes-vinculativas-de-2019\/\">IRC \u2013 Informa\u00e7\u00f5es Vinculativas de 2019<\/a><\/li>\n\n\n\n<li><a href=\"https:\/\/www.sage.com\/pt-pt\/blog\/irc-informacoes-parte-ii\/\">IRC \u2013 Informa\u00e7\u00f5es Vinculativas de 2019 \u2013 Transpar\u00eancia Fiscal<\/a><\/li>\n\n\n\n<li><a href=\"https:\/\/www.sage.com\/pt-pt\/blog\/irc-insencoes\/\">IRC \u2013 Informa\u00e7\u00f5es Vinculativas de 2019 \u2013 Isen\u00e7\u00f5es<\/a><\/li>\n\n\n\n<li><a href=\"https:\/\/www.sage.com\/pt-pt\/blog\/irc-determinacao-da-materia-coletavel\/\">IRC \u2013 Informa\u00e7\u00f5es Vinculativas de 2019 \u2013 Determina\u00e7\u00e3o da mat\u00e9ria colet\u00e1vel<\/a><\/li>\n\n\n\n<li><a href=\"https:\/\/www.sage.com\/pt-pt\/blog\/irc-informacoes-vinculativas-v\/\">IRC \u2013 Informa\u00e7\u00f5es Vinculativas de 2019 \u2013 Determina\u00e7\u00e3o da mat\u00e9ria colet\u00e1vel Contratos de Constru\u00e7\u00e3o<\/a><\/li>\n\n\n\n<li><a href=\"https:\/\/www.sage.com\/pt-pt\/blog\/irc-informacoes-vinculativas-de-2019-determinacao-da-materia-coletavel-gastos-e-perdas\/\">IRC \u2013 Informa\u00e7\u00f5es Vinculativas de 2019- Determina\u00e7\u00e3o da mat\u00e9ria colet\u00e1vel Eventos<\/a><\/li>\n\n\n\n<li><a href=\"https:\/\/www.sage.com\/pt-pt\/blog\/irc-informacoes-vinculativas-de-2019-determinacao-de-materia-coletavel-variacoes-patrimoniais-negativas\/\">IRC \u2013 Informa\u00e7\u00f5es Vinculativas de 2019 \u2013 Determina\u00e7\u00e3o da mat\u00e9ria colet\u00e1vel Varia\u00e7\u00f5es Patrimoniais Negativas<\/a><\/li>\n\n\n\n<li><a href=\"https:\/\/www.sage.com\/pt-pt\/blog\/irc-informacoes-vinculativas-de-2019-parte-viii\/\">IRC \u2013 Informa\u00e7\u00f5es Vinculativas de 2019 \u2013 Determina\u00e7\u00e3o da mat\u00e9ria colet\u00e1vel Realiza\u00e7\u00f5es de Utilidade Pessoal<\/a><\/li>\n\n\n\n<li><a href=\"https:\/\/www.sage.com\/pt-pt\/blog\/irc-informacoes-vinculativas-de-2019-parte-ix\/\">IRC \u2013 Informa\u00e7\u00f5es Vinculativas de 2019 \u2013 Determina\u00e7\u00e3o da mat\u00e9ria colet\u00e1vel Conceito de Mais-Valias e Menos-Valias<\/a><\/li>\n\n\n\n<li><a href=\"https:\/\/www.sage.com\/pt-pt\/blog\/irc-informacoes-vinculativas-de-2019-parte-x\/\">IRC \u2013 Informa\u00e7\u00f5es Vinculativas de 2019 \u2013 Determina\u00e7\u00e3o de mat\u00e9ria colet\u00e1vel Mais-valias e menos valias realizadas com a transmiss\u00e3o de instrumentos de capital pr\u00f3prio<\/a><\/li>\n\n\n\n<li><a href=\"https:\/\/www.sage.com\/pt-pt\/blog\/irc-informacoes-vinculativas-de-2019-parte-xi\/\">IRC \u2013 Informa\u00e7\u00f5es Vinculativas de 2019 \u2013 Determina\u00e7\u00e3o de mat\u00e9ria colet\u00e1vel \u00c2mbito e condi\u00e7\u00f5es de aplica\u00e7\u00e3o do RETGS<\/a><\/li>\n\n\n\n<li><a href=\"https:\/\/www.sage.com\/pt-pt\/blog\/irc-informacoes-vinculativas-de-2019-parte-xii\/\">IRC \u2013 Informa\u00e7\u00f5es Vinculativas de 2019 \u2013 Determina\u00e7\u00e3o de mat\u00e9ria colet\u00e1vel Regime Simplificado \u2013 \u00c2mbito de Aplica\u00e7\u00e3o<\/a><\/li>\n\n\n\n<li><a href=\"https:\/\/www.sage.com\/pt-pt\/blog\/irc-informacoes-vinculativas-de-2019-parte-xiii\/\">IRC \u2013 Informa\u00e7\u00f5es Vinculativas de 2019 \u2013 Taxas<\/a><\/li>\n\n\n\n<li><a href=\"https:\/\/www.sage.com\/pt-pt\/blog\/irc-informacoes-vinculativas-de-2019-parte-xiv\/\">IRC \u2013 Informa\u00e7\u00f5es Vinculativas de 2019 \u2013 Liquida\u00e7\u00e3o<\/a><\/li>\n\n\n\n<li><a href=\"https:\/\/www.sage.com\/pt-pt\/blog\/irc-informacoes-vinculativas-de-2019-parte-xv\/\">IRC \u2013 Informa\u00e7\u00f5es Vinculativas de 2019 \u2013 Liquida\u00e7\u00e3o \u2013 Reten\u00e7\u00e3o na fonte<\/a><\/li>\n\n\n\n<li><a href=\"https:\/\/www.sage.com\/pt-pt\/blog\/irc-informacoes-vinculativas-de-2019-parte-xvi\/\">IRC \u2013 Informa\u00e7\u00f5es Vinculativas de 2019 \u2013 Pagamento<\/a><\/li>\n\n\n\n<li><a href=\"https:\/\/www.sage.com\/pt-pt\/blog\/irc-informacoes-vinculativas-de-2019-parte-xvii\/\"><span class=\"s1\">IRC \u2013 Informa\u00e7\u00f5es Vinculativas de 2019 \u2013 Obriga\u00e7\u00f5es Acess\u00f3rias e Fiscaliza\u00e7\u00e3o<\/span><\/a><\/li>\n\n\n\n<li><a href=\"https:\/\/www.sage.com\/pt-pt\/blog\/irc-informacoes-vinculativas-de-2019-parte-xviii\/\">IRC \u2013 Informa\u00e7\u00f5es Vinculativas de 2019 \u2013 Regime Fiscal de Apoio ao Investimento<\/a><\/li>\n\n\n\n<li><a href=\"https:\/\/www.sage.com\/pt-pt\/blog\/irc-informacoes-vinculativas-de-2019-parte-xix\/\">IRC \u2013 Informa\u00e7\u00f5es Vinculativas de 2019 \u2013 Regime Fiscal de Apoio ao Investimento \u2013 \u00c2mbito da dedu\u00e7\u00e3o<\/a><\/li>\n\n\n\n<li><a href=\"https:\/\/www.sage.com\/pt-pt\/blog\/irc-informacoes-vinculativas-de-2019-parte-xx\/\">IRC \u2013 Informa\u00e7\u00f5es Vinculativas de 2019 \u2013 Benef\u00edcios de Car\u00e1ter Estrutural \u2013 Benef\u00edcios Fiscais de Natureza Social<\/a><\/li>\n\n\n\n<li><a href=\"https:\/\/www.sage.com\/pt-pt\/blog\/irc-informacoes-vinculativas-de-2019-parte-xxi\/\">IRC \u2013 Informa\u00e7\u00f5es Vinculativas de 2019 \u2013 Benef\u00edcios de Car\u00e1ter Estrutural \u2013 Benef\u00edcios fiscais relativos ao mecenato<\/a><\/li>\n\n\n\n<li><a href=\"https:\/\/www.sage.com\/pt-pt\/blog\/iva-imposto-sobre-o-valor-acrescentado-parte-xxii\/\">IVA \u2013 Informa\u00e7\u00f5es Vinculativas de 2019 \u2013 Incid\u00eancia Objetiva<\/a><\/li>\n\n\n\n<li><a href=\"https:\/\/www.sage.com\/pt-pt\/blog\/iva-imposto-sobre-o-valor-acrescentado-parte-xxiii\/\">IVA \u2013 Informa\u00e7\u00f5es Vinculativas de 2019 \u2013 Regime de Bens em Circula\u00e7\u00e3o<\/a><\/li>\n\n\n\n<li><a href=\"https:\/\/www.sage.com\/pt-pt\/blog\/iva-imposto-sobre-o-valor-acrescentado-informacoes-vinculativas-de-2019-parte-xxiv\/\">IVA \u2013 Informa\u00e7\u00f5es Vinculativas de 2019 \u2013 Incid\u00eancia Subjetiva<\/a><\/li>\n\n\n\n<li><a href=\"https:\/\/www.sage.com\/pt-pt\/blog\/iva-informacoes-vinculativas-de-2019-conceito-de-transmissao-de-bens-parte-xxv\/\">IVA \u2013 Informa\u00e7\u00f5es Vinculativas de 2019\u00a0\u2013\u00a0Conceito de Transmiss\u00e3o de Bens<\/a><\/li>\n\n\n\n<li><a href=\"https:\/\/www.sage.com\/pt-pt\/blog\/iva-imposto-sobre-o-valor-acrescentado-informacoes-vinculativas-de-2019-parte-xxvi\/\">IVA \u2013 Informa\u00e7\u00f5es Vinculativas de 2019 \u2013 Localiza\u00e7\u00e3o das Opera\u00e7\u00f5es\u00a0<\/a><\/li>\n\n\n\n<li><a href=\"https:\/\/www.sage.com\/pt-pt\/blog\/iva-imposto-sobre-o-valor-acrescentado-informacoes-vinculativas-de-2019-parte-xxvii\/\">IVA \u2013 Informa\u00e7\u00f5es Vinculativas de 2019 \u2013 Isen\u00e7\u00f5es nas Opera\u00e7\u00f5es Internas<\/a><\/li>\n\n\n\n<li><a href=\"https:\/\/www.sage.com\/pt-pt\/blog\/iva-informacoes-vinculativas-de-2019-parte-xxviii\/\">IVA <\/a><a href=\"https:\/\/www.sage.com\/pt-pt\/blog\/iva-imposto-sobre-o-valor-acrescentado-informacoes-vinculativas-de-2019-parte-xxvii\/\"> \u2013 <\/a><a href=\"https:\/\/www.sage.com\/pt-pt\/blog\/iva-informacoes-vinculativas-de-2019-parte-xxviii\/\">Informa\u00e7\u00f5es Vinculativas de 2019<\/a><a href=\"https:\/\/www.sage.com\/pt-pt\/blog\/iva-imposto-sobre-o-valor-acrescentado-informacoes-vinculativas-de-2019-parte-xxvii\/\"> \u2013 <\/a><a href=\"https:\/\/www.sage.com\/pt-pt\/blog\/iva-informacoes-vinculativas-de-2019-parte-xxviii\/\">Isen\u00e7\u00f5es nas Opera\u00e7\u00f5es Internas<\/a><\/li>\n<\/ul>\n\n\n\n<p><strong>&nbsp;<\/strong><\/p>\n\n\n<div class=\"single-cta\">\n\t<div class=\"single-cta__positioner\">\n\t\t<div class=\"single-cta__wrapper has-dark-background-color\">\n\t\t\t<div class=\"single-cta__content\">\n\t\t\t\t\t\t\t\t<h2 class=\"single-cta__title h3\">Receba a newsletter Sage Advice<\/h2>\n\n\t\t\t\t\t\t\t\t\t<div class=\"single-cta__description\">\n\t\t\t\t\t\t<p>Inscreva-se para receber o boletim do Sage\u00a0Advice e receba os conselhos mais recentes diretamente no seu e-mail.<\/p>\n\t\t\t\t\t<\/div>\n\t\t\t\t\n\t\t\t\t\t\t\t\t\t\t\t\t\t\t<a\n\t\t\t\t\t\thref=\"#gate-56228f27-e58f-435b-9b72-a561d684e263\"\n\t\t\t\t\t\tclass=\"single-cta__button button button--primary\"\n\t\t\t\t\t\t\t\t\t\t\t\t\t\t\t\t\t>Subscrever<\/a>\n\t\t\t\t\t\t\t<\/div>\n\n\t\t\t\t\t<\/div>\n\n\t\t\t\t\t<img decoding=\"async\" width=\"1215\" height=\"810\" src=\"https:\/\/www.sage.com\/pt-pt\/blog\/wp-content\/uploads\/sites\/15\/2023\/10\/GettyImages-1073868226-1215x810.jpg\" class=\"single-cta__image\" alt=\"Rapaz ao telefone no seu escrit\u00f3rio\" loading=\"lazy\" srcset=\"https:\/\/www.sage.com\/pt-pt\/blog\/wp-content\/uploads\/sites\/15\/2023\/10\/GettyImages-1073868226-1215x810.jpg 1215w\" sizes=\"auto, (min-width: 48em) 33vw, 100vw\" \/>\t\t\t<\/div>\n<\/div>\n","protected":false},"excerpt":{"rendered":"<p>&nbsp; INFORMA\u00c7\u00d5ES VINCULATIVAS DE 2019&nbsp; CONCEITO DE ORGANISMOS SEM FINALDADE LUCRATIVA (Art.\u00ba 10\u00ba) Sabia que: Para efeitos de isen\u00e7\u00e3o h\u00e1 que levar em considera\u00e7\u00e3o as condi\u00e7\u00f5es, cumulativas, a satisfazer para que os organismos que n\u00e3o sejam de direito p\u00fablico possam ser considerados sem finalidade lucrativa e que se encontram definidas nas al\u00edneas a) a d) [&hellip;]<\/p>\n","protected":false},"author":799,"featured_media":7540,"comment_status":"closed","ping_status":"closed","sticky":false,"template":"","format":"standard","meta":{"_sage_video":false,"post_featured_image_hide":false,"footnotes":""},"categories":[16],"tags":[52,70,187,67,79,72,246,71,287],"business_type":[135],"context":[],"industry":[126],"persona":[51],"imagine_tag":[136,155,174],"coauthors":[504],"class_list":["post-5818","post","type-post","status-publish","format-standard","has-post-thumbnail","hentry","category-estrategia-legal-e-processos","tag-contabilidade","tag-cumprir-legislacao","tag-empresas","tag-financas","tag-gestao-empresas","tag-impostos","tag-iva","tag-legislacao","tag-novidades-legais","business_type-contabilistas","industry-servicos-financeiros"],"sage_meta":{"region":"pt-pt","author_name":"Bruno Lagos","featured_image":"https:\/\/www.sage.com\/pt-pt\/blog\/wp-content\/uploads\/sites\/15\/2022\/04\/GettyImages-1325244864.jpg","imagine_tags":{"136":"Contabilistas","155":"Legal","174":"Servi\u00e7os Financeiros"}},"distributor_meta":false,"distributor_terms":false,"distributor_media":false,"distributor_original_site_name":"Sage Advice Portugal","distributor_original_site_url":"https:\/\/www.sage.com\/pt-pt\/blog","push-errors":false,"_links":{"self":[{"href":"https:\/\/www.sage.com\/pt-pt\/blog\/api\/wp\/v2\/posts\/5818","targetHints":{"allow":["GET"]}}],"collection":[{"href":"https:\/\/www.sage.com\/pt-pt\/blog\/api\/wp\/v2\/posts"}],"about":[{"href":"https:\/\/www.sage.com\/pt-pt\/blog\/api\/wp\/v2\/types\/post"}],"author":[{"embeddable":true,"href":"https:\/\/www.sage.com\/pt-pt\/blog\/api\/wp\/v2\/users\/799"}],"replies":[{"embeddable":true,"href":"https:\/\/www.sage.com\/pt-pt\/blog\/api\/wp\/v2\/comments?post=5818"}],"version-history":[{"count":0,"href":"https:\/\/www.sage.com\/pt-pt\/blog\/api\/wp\/v2\/posts\/5818\/revisions"}],"wp:featuredmedia":[{"embeddable":true,"href":"https:\/\/www.sage.com\/pt-pt\/blog\/api\/wp\/v2\/media\/7540"}],"wp:attachment":[{"href":"https:\/\/www.sage.com\/pt-pt\/blog\/api\/wp\/v2\/media?parent=5818"}],"wp:term":[{"taxonomy":"category","embeddable":true,"href":"https:\/\/www.sage.com\/pt-pt\/blog\/api\/wp\/v2\/categories?post=5818"},{"taxonomy":"post_tag","embeddable":true,"href":"https:\/\/www.sage.com\/pt-pt\/blog\/api\/wp\/v2\/tags?post=5818"},{"taxonomy":"business_type","embeddable":true,"href":"https:\/\/www.sage.com\/pt-pt\/blog\/api\/wp\/v2\/business_type?post=5818"},{"taxonomy":"context","embeddable":true,"href":"https:\/\/www.sage.com\/pt-pt\/blog\/api\/wp\/v2\/context?post=5818"},{"taxonomy":"industry","embeddable":true,"href":"https:\/\/www.sage.com\/pt-pt\/blog\/api\/wp\/v2\/industry?post=5818"},{"taxonomy":"persona","embeddable":true,"href":"https:\/\/www.sage.com\/pt-pt\/blog\/api\/wp\/v2\/persona?post=5818"},{"taxonomy":"imagine_tag","embeddable":true,"href":"https:\/\/www.sage.com\/pt-pt\/blog\/api\/wp\/v2\/imagine_tag?post=5818"},{"taxonomy":"author","embeddable":true,"href":"https:\/\/www.sage.com\/pt-pt\/blog\/api\/wp\/v2\/coauthors?post=5818"}],"curies":[{"name":"wp","href":"https:\/\/api.w.org\/{rel}","templated":true}]}}