{"id":5895,"date":"2020-06-30T14:55:55","date_gmt":"2020-06-30T13:55:55","guid":{"rendered":"https:\/\/www.sage.com\/pt-pt\/blog\/?p=5895"},"modified":"2025-12-03T15:13:42","modified_gmt":"2025-12-03T15:13:42","slug":"modelo-22-do-periodo-de-2019-parte-2","status":"publish","type":"post","link":"https:\/\/www.sage.com\/pt-pt\/blog\/modelo-22-do-periodo-de-2019-parte-2\/","title":{"rendered":"Modelo 22 do Per\u00edodo de 2019 (parte 2)"},"content":{"rendered":"<header class=\"entry-header has-dark-background-color entry-header--has-illustration entry-header--has-illustration--generic\">\n\t<div class=\"container\">\n\t\t<div class=\"entry-header__row row align-center\">\n\t\t\t<div class=\"col col-lg-7 col-xlg-6 entry-header__content\">\n\t\t\t\t\t\t\t<div class=\"component component-single-header\">\n\t\t\t\t\t\t\t\t\t\t<div class=\"entry-header__misc text--subtitle text--uppercase text--small\">\n\t\t\t\t\t\t\t<a href=\"https:\/\/www.sage.com\/pt-pt\/blog\/category\/estrategia-legal-e-processos\/\" class=\"entry-header__link\">Estrat\u00e9gia, Legal e Processos<\/a>\t\t\t\t\t\t<\/div>\n\t\t\t\t\n\t\t\t\t<div class=\"entry-title-wrapper\">\n\t\t\t\t\t<h1 class=\"entry-title\">\n\t\t\t\t\t\tModelo 22 do Per\u00edodo de 2019 (parte 2)\t\t\t\t\t<\/h1>\n\t\t\t\t<\/div>\n\n\t\t\t\t\t\t\t\t\t<p class=\"entry-header__description\">\n\t\t\t\t\t\t\t\t\t\t\t<\/p>\n\t\t\t\t\n\t\t\t\t\n\t\t\t\t\n\t\t\t<\/div>\n\n\t\t\t\t\t<\/div>\n\t\t\t\t\t<\/div>\n\t<\/div>\n\t<div class=\"single-post-details container\">\n\t\t<div class=\"col\">\n\t\t\t<span class=\"posted-on \"><time class=\"entry-date published\" datetime=\"2020-06-30T14:55:55+01:00\">June 30, 2020<\/time><\/span><span class=\"reading-time\"> minutos de leitura<\/span>\n\t\t<button\n\t\t\ttype=\"button\"\n\t\t\tclass=\"social-share-button button button--icon button--secondary js-social-share-button\"\n\t\t\tdata-share-title=\"Modelo 22 do Per\u00edodo de 2019 (parte 2)\"\n\t\t\tdata-share-url=\"https:\/\/www.sage.com\/pt-pt\/blog\/modelo-22-do-periodo-de-2019-parte-2\/\"\n\t\t\tdata-share-text=\"Por favor, leia este artigo interessante\"\n\t\t>\n\t\t\t<span class=\"social-share-button__share-label\">Partilhar<\/span>\n\t\t\t<span class=\"social-share-button__copy-label\" hidden>Copiar link<\/span>\n\t\t\t<span class=\"social-share-button__copy-tooltip\" aria-hidden=\"true\" hidden>Copiada<\/span>\n\t\t<\/button>\n\n\t\t\t\t<\/div>\n\t<\/div>\n<\/header>\n\n\n\n<div class=\"wp-block-post-author has-dark-background-color alignfull\">\n\t<div class=\"container\">\n\t\t<div class=\"col\">\n\t\t\t\t\t\t\t<div class=\"co-authors\">\n\t\t\t\t\t\n\t\t<div class=\"entry-author-wrapper\">\n\t\t\t<a class=\"entry-author\" href=\"https:\/\/www.sage.com\/pt-pt\/blog\/author\/brunolagos\/\">\n\t\t\t\t<img loading=\"lazy\" decoding=\"async\" width=\"40\" height=\"40\" src=\"https:\/\/www.sage.com\/pt-pt\/blog\/wp-content\/uploads\/sites\/15\/2019\/05\/brunolagos-263x300-1-SQUARE-350x350.jpg\" class=\"entry-author__image\" alt=\"\" srcset=\"https:\/\/www.sage.com\/pt-pt\/blog\/wp-content\/uploads\/sites\/15\/2019\/05\/brunolagos-263x300-1-SQUARE-350x350.jpg 350w, https:\/\/www.sage.com\/pt-pt\/blog\/wp-content\/uploads\/sites\/15\/2019\/05\/brunolagos-263x300-1-SQUARE-768x768.jpg 768w, https:\/\/www.sage.com\/pt-pt\/blog\/wp-content\/uploads\/sites\/15\/2019\/05\/brunolagos-263x300-1-SQUARE-810x810.jpg 810w, https:\/\/www.sage.com\/pt-pt\/blog\/wp-content\/uploads\/sites\/15\/2019\/05\/brunolagos-263x300-1-SQUARE-1536x1536.jpg 1536w, https:\/\/www.sage.com\/pt-pt\/blog\/wp-content\/uploads\/sites\/15\/2019\/05\/brunolagos-263x300-1-SQUARE.jpg 1890w\" sizes=\"auto, (max-width: 40px) 100vw, 40px\" \/>\t\t\t\t<span class=\"entry-author__name\">Bruno Lagos<\/span>\n\t\t\t<\/a>\n\n\t\t\t\t\t<\/div>\n\n\t\t\t\t\t\t<\/div>\n\t\t\t\t\t<\/div>\n\t<\/div>\n<\/div>\n\n\n\n\n\n<p class=\"has-text-align-center\"><strong>QUADRO 07 \u2013 APURAMENTO DO LUCRO TRIBUT\u00c1VEL<\/strong><\/p>\n\n\n\n<p>&nbsp;<\/p>\n\n\n\n<p><strong>I \u2013 ENQUADRAMENTO ESTAT\u00cdSTICO<\/strong><\/p>\n\n\n\n<p>Da transforma\u00e7\u00e3o do Resultado Contabil\u00edstico em Resultado para Efeitos Fiscais, no per\u00edodo de 2018, poderemos constatar que:<\/p>\n\n\n\n<ul class=\"wp-block-list\">\n<li><strong>60%<\/strong> das declara\u00e7\u00f5es Modelo 22 apresentaram um <strong>Resultado Contabil\u00edstico Positivo<\/strong>;<\/li>\n\n\n\n<li><strong>40%<\/strong> das declara\u00e7\u00f5es Modelo 22 apresentaram um <strong>Resultado Contabil\u00edstico Negativo<\/strong>;<\/li>\n\n\n\n<li><strong>62% <\/strong>das declara\u00e7\u00f5es Modelo 22 apresentaram <strong>Lucro Tribut\u00e1vel;<\/strong><\/li>\n\n\n\n<li><strong>38% <\/strong>das declara\u00e7\u00f5es Modelo 22 apresentaram <strong>Preju\u00edzo Fiscal<\/strong>.<\/li>\n<\/ul>\n\n\n\n<p>Os tr\u00eas principais acr\u00e9scimos efetuados no Quadro 07 da <a href=\"https:\/\/www.sage.com\/pt-pt\/blog\/modelo-22-do-periodo-de-2019\/\">Modelo 22<\/a>, ou seja, gastos contabil\u00edsticos que n\u00e3o s\u00e3o aceites como gastos fiscais, s\u00e3o os seguintes:<\/p>\n\n\n\n<ul class=\"wp-block-list\">\n<li>IRC, incluindo as tributa\u00e7\u00f5es aut\u00f3nomas, e outros impostos que direta ou indiretamente incidam sobre lucros (272.255 declara\u00e7\u00f5es com um valor acrescido de 6.678 milh\u00f5es de Euros);<\/li>\n\n\n\n<li>Multas, coimas e demais encargos, incluindo juros compensat\u00f3rios e morat\u00f3rios, pela pr\u00e1tica de infra\u00e7\u00f5es (178.585 declara\u00e7\u00f5es com um valor acrescido de 263 milh\u00f5es de Euros);<\/li>\n\n\n\n<li>Corre\u00e7\u00f5es relativas a per\u00edodos de tributa\u00e7\u00e3o anteriores (116.368 declara\u00e7\u00f5es com um valor acrescido de 521 milh\u00f5es de Euros);<\/li>\n<\/ul>\n\n\n\n<p><strong>II &#8211; ALTERA\u00c7\u00d5ES NO QUADRO 07 DA MODELO 22 A ENTREGAR EM 2020<\/strong><\/p>\n\n\n\n<p>Ao Quadro 07 da Modelo 22 foi adicionado o novo campo 801. Este campo tem a seguinte designa\u00e7\u00e3o:<\/p>\n\n\n\n<p>\u201c<em>Aumento das deprecia\u00e7\u00f5es ou amortiza\u00e7\u00f5es resultantes das reavalia\u00e7\u00f5es efetuadas nos termos do Decreto-Lei n.\u00ba 66\/2016, de 3 de novembro (art.\u00ba 8.\u00ba do Decreto-Lei)\u201d.<\/em><\/p>\n\n\n\n<p>Para al\u00e9m disso, foram atualizadas as instru\u00e7\u00f5es de preenchimento dos seguintes campos, na sequ\u00eancia de altera\u00e7\u00f5es legislativas ocorridas:<\/p>\n\n\n\n<p>Campo 744 \u2013 Corre\u00e7\u00f5es relativas a pre\u00e7os de transfer\u00eancia (art.\u00ba 63.\u00ba, n.\u00ba 8)<\/p>\n\n\n\n<p>Campo 747 \u2013 Imputa\u00e7\u00e3o de rendimentos de entidades n\u00e3o residentes sujeitas a um regime fiscal privilegiado (art.\u00ba 66.\u00ba)<\/p>\n\n\n\n<p>Campo 748 \u2013 Limita\u00e7\u00e3o \u00e0 dedutibilidade de gastos de financiamento l\u00edquidos (art.\u00ba 67.\u00ba)<\/p>\n\n\n\n<p>Campo 787 \u2013 Preju\u00edzos de estabelecimentos est\u00e1veis situados fora do territ\u00f3rio portugu\u00eas (artigo 54.\u00ba-A)<\/p>\n\n\n\n<p>Campo 774 \u2013 Benef\u00edcios fiscais<\/p>\n\n\n\n<p><strong>III \u2013 AJUDA AO PREENCHIMENTO DO QUADRO 07 (1)<\/strong><\/p>\n\n\n\n<p>A maior corre\u00e7\u00e3o efetuada no Quadro 07 da Modelo 22, do per\u00edodo de 2018, foi efetuada no Campo 721 &#8211; Provis\u00f5es n\u00e3o dedut\u00edveis ou para al\u00e9m dos limites legais (art.\u00bas 19.\u00ba, n.\u00ba 4 e art.\u00ba 39.\u00ba) e perdas por imparidade fiscalmente n\u00e3o dedut\u00edveis de ativos financeiros, no montante de 7.075 milh\u00f5es de euros.<\/p>\n\n\n\n<p>Inscrevem-se neste campo as provis\u00f5es que tenham sido reconhecidas como gastos e que n\u00e3o se enquadrem no artigo 39.\u00ba.<\/p>\n\n\n\n<p>Salienta-se que s\u00f3 s\u00e3o dedut\u00edveis, nos termos e condi\u00e7\u00f5es do artigo 39.\u00ba:<\/p>\n\n\n\n<p>&#8211; Provis\u00e3o para processos judiciais em curso<\/p>\n\n\n\n<p>&#8211; Provis\u00e3o para garantias a clientes<\/p>\n\n\n\n<p>&#8211; Provis\u00f5es t\u00e9cnicas (Instituto de Seguros de Portugal)<\/p>\n\n\n\n<p>&#8211; Provis\u00e3o para a repara\u00e7\u00e3o de danos de car\u00e1ter ambiental (s\u00f3 para ind\u00fastrias extrativas ou setor de tratamento e elimina\u00e7\u00e3o de res\u00edduos)<\/p>\n\n\n\n<p>De acordo com o artigo 19.\u00ba, n.\u00ba 4, n\u00e3o s\u00e3o dedut\u00edveis (e, portanto, t\u00eam de ser inscritas neste campo) as perdas esperadas relativas a contratos de constru\u00e7\u00e3o.<\/p>\n\n\n\n<p>O <strong>campo 721 <\/strong>destina-se, ainda, a registar a parte n\u00e3o dedut\u00edvel das provis\u00f5es que, embora se enquadrem no artigo 39.\u00ba, excedem os limites legais previstos nos artigos 39.\u00ba e 40.\u00ba.<\/p>\n\n\n\n<p>S\u00e3o, tamb\u00e9m, de inscrever neste campo as perdas por imparidade de ativos financeiros que n\u00e3o se enquadrem no \u00e2mbito dos artigos 28.\u00ba-A a 28.\u00ba-C do CIRC.<\/p>\n\n\n\n<p><em>Exemplo: <\/em><\/p>\n\n\n\n<p><em>Em 2019, uma sociedade vendeu eletrodom\u00e9sticos no montante de \u20ac 300.000,00, tendo suportado encargos com garantias a clientes que ascenderam a \u20ac 3.300,00 e constitu\u00eddo uma provis\u00e3o para garantias a clientes no montante de \u20ac 3.500,00. <\/em><\/p>\n\n\n\n<p><em>Sabe-se que nos anos de 2017 e 2018 as vendas ascenderam a \u20ac 280.000,00 e \u20ac 320.000,00, respetivamente, e que os encargos derivados de garantia a clientes foram, nesses anos, de \u20ac 2.500,00 e \u20ac 3.200,00. <\/em><\/p>\n\n\n\n<p><em>C\u00e1lculos para determinar o montante da provis\u00e3o fiscalmente aceite: <\/em><\/p>\n\n\n\n<p><em>Soma dos encargos com garantias a clientes efetivamente suportados nos tr\u00eas \u00faltimos per\u00edodos de tributa\u00e7\u00e3o (2017 a 2019): <\/em><\/p>\n\n\n\n<p>3.300,00 + 2.500,00 + 3.200,00 = 9.000,00<\/p>\n\n\n\n<p><em>Soma das vendas efetuadas nos tr\u00eas \u00faltimos per\u00edodos de tributa\u00e7\u00e3o (2017 a 2019): <\/em><\/p>\n\n\n\n<p>300.000,00 + 280.000,00 + 320.000,00 = 900.000,00<\/p>\n\n\n\n<p><em>Percentagem a que refere o art.\u00ba 39.\u00ba, n.\u00ba 5: <\/em><\/p>\n\n\n\n<p>\u20ac 9.000,00 x 100 \/ \u20ac 900.000,00 = 1%<\/p>\n\n\n\n<p><em>Provis\u00e3o fiscalmente dedut\u00edvel: <\/em><\/p>\n\n\n\n<p>\u20ac 300.000,00 x 1% = \u20ac 3.000,00<\/p>\n\n\n\n<p><em>Provis\u00e3o contabilizada: \u20ac 3.500,00 <\/em><\/p>\n\n\n\n<p><em>Corre\u00e7\u00e3o no Quadro 07: <\/em><\/p>\n\n\n\n<ul class=\"wp-block-list\">\n<li><strong><em>Campo 721 <\/em><\/strong><em><em>\u2013 Acr\u00e9scimo de \u20ac 500,00 (\u20ac 3.500,00 \u2013 \u20ac 3.000,00).<\/em><\/em><\/li>\n<\/ul>\n\n\n\n<p><strong>IV \u2013 LISTAGEM DE ERROS CENTRAIS DO QUADRO 07 (2)<\/strong><\/p>\n\n\n\n<p>Indica-se em seguida os tipos de erros centrais (a negrito) relacionados com o Quadro 07, bem como o procedimento a efetuar para ultrapassar o referido erro:<\/p>\n\n\n\n<p><strong>D3G &#8211; Adicional ao Imposto Municipal sobre im\u00f3veis (art.\u00ba 135.\u00ba-J do C\u00f3digo do IMI) <\/strong><\/p>\n\n\n\n<p>Campo 470 do quadro 10 preenchido e campo 797 do quadro 07 n\u00e3o preenchido.<\/p>\n\n\n\n<p>Deve apagar o campo 470 ou preencher o campo 797 do quadro 07.<\/p>\n\n\n\n<p><strong>D43 \u2013 Diferen\u00e7a positiva entre o valor patrimonial tribut\u00e1rio definitivo do im\u00f3vel e o valor constante do contrato [art.\u00ba 64.\u00ba, n.\u00ba 3 al. A)] e Corre\u00e7\u00e3o pelo adquirente do im\u00f3vel quando adota o valor patrimonial tribut\u00e1rio definitivo para a determina\u00e7\u00e3o do resultado tribut\u00e1vel na respetiva transmiss\u00e3o [art.\u00ba 64.\u00ba, n.\u00ba 3, al. b)<\/strong><\/p>\n\n\n\n<p>Assinalada declara\u00e7\u00e3o tipo 3 ou 5 e Quadro 07 campo 745 e\/ou campo 772 n\u00e3o preenchido.<\/p>\n\n\n\n<p>Deve assinalar o campo 745 e\/ou 772 do Quadro 07 por se tratar de declara\u00e7\u00e3o enviada nos termos do art.\u00ba 64.<\/p>\n\n\n\n<p><strong>D44 &#8211;<\/strong> <strong>Diferen\u00e7a positiva entre o valor patrimonial tribut\u00e1rio definitivo do im\u00f3vel e o valor constante do contrato [art.\u00ba 64.\u00ba, n.\u00ba 3 al. A)] e Corre\u00e7\u00e3o pelo adquirente do im\u00f3vel quando adota o valor patrimonial tribut\u00e1rio definitivo para a determina\u00e7\u00e3o do resultado tribut\u00e1vel na respetiva transmiss\u00e3o [art.\u00ba 64.\u00ba, n.\u00ba 3, al. b)<\/strong><\/p>\n\n\n\n<p>Assinalada declara\u00e7\u00e3o tipo 2 e Quadro 07 campo 745 e\/ou campo 772 preenchido.<\/p>\n\n\n\n<p>Deve assinalar declara\u00e7\u00e3o tipo 3 ou 5 no Quadro 04.1.<\/p>\n\n\n\n<p><strong>D6F &#8211; Ajudas de custo e encargos com compensa\u00e7\u00e3o pela desloca\u00e7\u00e3o em viatura pr\u00f3pria do trabalhador [art.\u00ba 23.\u00ba-A, n.\u00ba 1, al. h)]<\/strong><\/p>\n\n\n\n<p>Campo 730 do quadro 07 preenchido e campo 415 do quadro 13 e\/ou campo 441 do quadro 13-B n\u00e3o preenchido.<\/p>\n\n\n\n<p>Deve corrigir\/apagar os montantes em causa garantido a coer\u00eancia do preenchimento dos mesmos.<\/p>\n\n\n\n<p><strong>D6G &#8211; Despesas n\u00e3o documentadas [art.\u00ba 23.\u00ba-A, n.\u00ba 1, al. b)] e<\/strong> <strong>Import\u00e2ncias pagas ou devidas a entidades n\u00e3o residentes sujeitas a um regime fiscal privilegiado [art.\u00ba 23.\u00ba-A, n.\u00ba 1, al. r) e n.\u00ba 7]<\/strong><\/p>\n\n\n\n<p>Campo 365 do quadro 10 preenchido e campo(s) do quadro 13 ou quadro 13-A ou campo 716 e\/ou campo 746 do quadro 07.<\/p>\n\n\n\n<p>Deve preencher os campos que contribuem para o campo 365 do quadro 10.<\/p>\n\n\n\n<p><strong>D7H &#8211; Preju\u00edzos de estabelecimentos est\u00e1veis situados fora do territ\u00f3rio portugu\u00eas (art.\u00ba 54.\u00ba -A)<\/strong><\/p>\n\n\n\n<p>Campo 787 preenchido e n\u00e3o efetuada a op\u00e7\u00e3o prevista no n.\u00ba 10 do art.\u00ba 54.\u00ba-A do CIRC.<\/p>\n\n\n\n<p>Deve apagar o valor inscrito no campo 787 do quadro 07 da declara\u00e7\u00e3o se n\u00e3o foi efetuada a op\u00e7\u00e3o prevista no n.\u00ba 10 do artigo 54-A. \u00ba do CIRC.<\/p>\n\n\n\n<p><strong>D7I &#8211; Lucros de estabelecimentos est\u00e1veis situados fora do territ\u00f3rio portugu\u00eas (art.\u00ba 54.\u00ba -A)<\/strong><\/p>\n\n\n\n<p>Campo 794 preenchido e n\u00e3o efetuada a op\u00e7\u00e3o prevista no n.\u00ba 10 do art.\u00ba 54.\u00ba-A do CIRC.<\/p>\n\n\n\n<p>Deve apagar o valor inscrito no campo 794 do quadro 07 da declara\u00e7\u00e3o se n\u00e3o foi efetuada a op\u00e7\u00e3o prevista no n.\u00ba 10 do artigo 54.\u00ba-A do CIRC:<\/p>\n\n\n\n<ul class=\"wp-block-list\">\n<li>&#8211; <strong>IRC 2019 <\/strong>Manual de Preenchimento do Quadro 07 da Declara\u00e7\u00e3o de Rendimentos Modelo 22 do Portal das Finan\u00e7as;<\/li>\n\n\n\n<li>&#8211; Manual de corre\u00e7\u00e3o de erros centrais da declara\u00e7\u00e3o modelo 22 do Portal das Finan\u00e7as.<\/li>\n<\/ul>\n\n\n\n<p>&nbsp;<\/p>\n\n\n\n<p>Leia <a href=\"https:\/\/www.sage.com\/pt-pt\/blog\/modelo-22-do-periodo-de-2019\/\">aqui<\/a> primeira parte deste artigo.<\/p>\n\n\n<div class=\"single-cta\">\n\t<div class=\"single-cta__positioner\">\n\t\t<div class=\"single-cta__wrapper has-dark-background-color\">\n\t\t\t<div class=\"single-cta__content\">\n\t\t\t\t\t\t\t\t<h2 class=\"single-cta__title h3\">Receba a newsletter Sage Advice<\/h2>\n\n\t\t\t\t\t\t\t\t\t<div class=\"single-cta__description\">\n\t\t\t\t\t\t<p>Inscreva-se para receber o boletim do Sage\u00a0Advice e receba os conselhos mais recentes diretamente no seu e-mail.<\/p>\n\t\t\t\t\t<\/div>\n\t\t\t\t\n\t\t\t\t\t\t\t\t\t\t\t\t\t\t<a\n\t\t\t\t\t\thref=\"#gate-56228f27-e58f-435b-9b72-a561d684e263\"\n\t\t\t\t\t\tclass=\"single-cta__button button button--primary\"\n\t\t\t\t\t\t\t\t\t\t\t\t\t\t\t\t\t>Subscrever<\/a>\n\t\t\t\t\t\t\t<\/div>\n\n\t\t\t\t\t<\/div>\n\n\t\t\t\t\t<img decoding=\"async\" width=\"1215\" height=\"810\" src=\"https:\/\/www.sage.com\/pt-pt\/blog\/wp-content\/uploads\/sites\/15\/2023\/10\/GettyImages-1073868226-1215x810.jpg\" class=\"single-cta__image\" alt=\"Rapaz ao telefone no seu escrit\u00f3rio\" loading=\"lazy\" srcset=\"https:\/\/www.sage.com\/pt-pt\/blog\/wp-content\/uploads\/sites\/15\/2023\/10\/GettyImages-1073868226-1215x810.jpg 1215w\" sizes=\"auto, (min-width: 48em) 33vw, 100vw\" \/>\t\t\t<\/div>\n<\/div>\n","protected":false},"excerpt":{"rendered":"<p>QUADRO 07 \u2013 APURAMENTO DO LUCRO TRIBUT\u00c1VEL &nbsp; I \u2013 ENQUADRAMENTO ESTAT\u00cdSTICO Da transforma\u00e7\u00e3o do Resultado Contabil\u00edstico em Resultado para Efeitos Fiscais, no per\u00edodo de 2018, poderemos constatar que: Os tr\u00eas principais acr\u00e9scimos efetuados no Quadro 07 da Modelo 22, ou seja, gastos contabil\u00edsticos que n\u00e3o s\u00e3o aceites como gastos fiscais, s\u00e3o os seguintes: II [&hellip;]<\/p>\n","protected":false},"author":799,"featured_media":7508,"comment_status":"closed","ping_status":"closed","sticky":false,"template":"","format":"standard","meta":{"_sage_video":false,"post_featured_image_hide":false,"footnotes":""},"categories":[16],"tags":[52,70,83,53,67,236,246,71,287,76],"business_type":[135],"context":[],"industry":[126],"persona":[51],"imagine_tag":[174],"coauthors":[504],"class_list":["post-5895","post","type-post","status-publish","format-standard","has-post-thumbnail","hentry","category-estrategia-legal-e-processos","tag-contabilidade","tag-cumprir-legislacao","tag-estrategia","tag-faturacao","tag-financas","tag-irs","tag-iva","tag-legislacao","tag-novidades-legais","tag-tomar-decisoes-financeiras","business_type-contabilistas","industry-servicos-financeiros"],"sage_meta":{"region":"pt-pt","author_name":"Bruno Lagos","featured_image":"https:\/\/www.sage.com\/pt-pt\/blog\/wp-content\/uploads\/sites\/15\/2022\/04\/GettyImages-459771783.jpg","imagine_tags":{"174":"Servi\u00e7os Financeiros"}},"distributor_meta":false,"distributor_terms":false,"distributor_media":false,"distributor_original_site_name":"Sage Advice Portugal","distributor_original_site_url":"https:\/\/www.sage.com\/pt-pt\/blog","push-errors":false,"_links":{"self":[{"href":"https:\/\/www.sage.com\/pt-pt\/blog\/api\/wp\/v2\/posts\/5895","targetHints":{"allow":["GET"]}}],"collection":[{"href":"https:\/\/www.sage.com\/pt-pt\/blog\/api\/wp\/v2\/posts"}],"about":[{"href":"https:\/\/www.sage.com\/pt-pt\/blog\/api\/wp\/v2\/types\/post"}],"author":[{"embeddable":true,"href":"https:\/\/www.sage.com\/pt-pt\/blog\/api\/wp\/v2\/users\/799"}],"replies":[{"embeddable":true,"href":"https:\/\/www.sage.com\/pt-pt\/blog\/api\/wp\/v2\/comments?post=5895"}],"version-history":[{"count":0,"href":"https:\/\/www.sage.com\/pt-pt\/blog\/api\/wp\/v2\/posts\/5895\/revisions"}],"wp:featuredmedia":[{"embeddable":true,"href":"https:\/\/www.sage.com\/pt-pt\/blog\/api\/wp\/v2\/media\/7508"}],"wp:attachment":[{"href":"https:\/\/www.sage.com\/pt-pt\/blog\/api\/wp\/v2\/media?parent=5895"}],"wp:term":[{"taxonomy":"category","embeddable":true,"href":"https:\/\/www.sage.com\/pt-pt\/blog\/api\/wp\/v2\/categories?post=5895"},{"taxonomy":"post_tag","embeddable":true,"href":"https:\/\/www.sage.com\/pt-pt\/blog\/api\/wp\/v2\/tags?post=5895"},{"taxonomy":"business_type","embeddable":true,"href":"https:\/\/www.sage.com\/pt-pt\/blog\/api\/wp\/v2\/business_type?post=5895"},{"taxonomy":"context","embeddable":true,"href":"https:\/\/www.sage.com\/pt-pt\/blog\/api\/wp\/v2\/context?post=5895"},{"taxonomy":"industry","embeddable":true,"href":"https:\/\/www.sage.com\/pt-pt\/blog\/api\/wp\/v2\/industry?post=5895"},{"taxonomy":"persona","embeddable":true,"href":"https:\/\/www.sage.com\/pt-pt\/blog\/api\/wp\/v2\/persona?post=5895"},{"taxonomy":"imagine_tag","embeddable":true,"href":"https:\/\/www.sage.com\/pt-pt\/blog\/api\/wp\/v2\/imagine_tag?post=5895"},{"taxonomy":"author","embeddable":true,"href":"https:\/\/www.sage.com\/pt-pt\/blog\/api\/wp\/v2\/coauthors?post=5895"}],"curies":[{"name":"wp","href":"https:\/\/api.w.org\/{rel}","templated":true}]}}