{"id":5978,"date":"2020-07-31T14:10:59","date_gmt":"2020-07-31T13:10:59","guid":{"rendered":"https:\/\/www.sage.com\/pt-pt\/blog\/?p=5978"},"modified":"2025-12-03T15:12:49","modified_gmt":"2025-12-03T15:12:49","slug":"modelo-22-do-periodo-de-2019-2","status":"publish","type":"post","link":"https:\/\/www.sage.com\/pt-pt\/blog\/modelo-22-do-periodo-de-2019-2\/","title":{"rendered":"Modelo 22 do Per\u00edodo de 2019"},"content":{"rendered":"<header class=\"entry-header has-dark-background-color entry-header--has-illustration entry-header--has-illustration--generic\">\n\t<div class=\"container\">\n\t\t<div class=\"entry-header__row row align-center\">\n\t\t\t<div class=\"col col-lg-7 col-xlg-6 entry-header__content\">\n\t\t\t\t\t\t\t<div class=\"component component-single-header\">\n\t\t\t\t\t\t\t\t\t\t<div class=\"entry-header__misc text--subtitle text--uppercase text--small\">\n\t\t\t\t\t\t\t<a href=\"https:\/\/www.sage.com\/pt-pt\/blog\/category\/estrategia-legal-e-processos\/cumprir-legislacao-em-vigor\/\" class=\"entry-header__link\">Cumprir legisla\u00e7\u00e3o em vigor<\/a>\t\t\t\t\t\t<\/div>\n\t\t\t\t\n\t\t\t\t<div class=\"entry-title-wrapper\">\n\t\t\t\t\t<h1 class=\"entry-title\">\n\t\t\t\t\t\tModelo 22 do Per\u00edodo de 2019\t\t\t\t\t<\/h1>\n\t\t\t\t<\/div>\n\n\t\t\t\t\t\t\t\t\t<p class=\"entry-header__description\">\n\t\t\t\t\t\t\t\t\t\t\t<\/p>\n\t\t\t\t\n\t\t\t\t\n\t\t\t\t\n\t\t\t<\/div>\n\n\t\t\t\t\t<\/div>\n\t\t\t\t\t<\/div>\n\t<\/div>\n\t<div class=\"single-post-details container\">\n\t\t<div class=\"col\">\n\t\t\t<span class=\"posted-on \"><time class=\"entry-date published\" datetime=\"2020-07-31T14:10:59+01:00\">July 31, 2020<\/time><\/span><span class=\"reading-time\"> minutos de leitura<\/span>\n\t\t<button\n\t\t\ttype=\"button\"\n\t\t\tclass=\"social-share-button button button--icon button--secondary js-social-share-button\"\n\t\t\tdata-share-title=\"Modelo 22 do Per\u00edodo de 2019\"\n\t\t\tdata-share-url=\"https:\/\/www.sage.com\/pt-pt\/blog\/modelo-22-do-periodo-de-2019-2\/\"\n\t\t\tdata-share-text=\"Por favor, leia este artigo interessante\"\n\t\t>\n\t\t\t<span class=\"social-share-button__share-label\">Partilhar<\/span>\n\t\t\t<span class=\"social-share-button__copy-label\" hidden>Copiar link<\/span>\n\t\t\t<span class=\"social-share-button__copy-tooltip\" aria-hidden=\"true\" hidden>Copiada<\/span>\n\t\t<\/button>\n\n\t\t\t\t<\/div>\n\t<\/div>\n<\/header>\n\n\n\n<div class=\"wp-block-post-author has-dark-background-color alignfull\">\n\t<div class=\"container\">\n\t\t<div class=\"col\">\n\t\t\t\t\t\t\t<div class=\"co-authors\">\n\t\t\t\t\t\n\t\t<div class=\"entry-author-wrapper\">\n\t\t\t<a class=\"entry-author\" href=\"https:\/\/www.sage.com\/pt-pt\/blog\/author\/brunolagos\/\">\n\t\t\t\t<img loading=\"lazy\" decoding=\"async\" width=\"40\" height=\"40\" src=\"https:\/\/www.sage.com\/pt-pt\/blog\/wp-content\/uploads\/sites\/15\/2019\/05\/brunolagos-263x300-1-SQUARE-350x350.jpg\" class=\"entry-author__image\" alt=\"\" srcset=\"https:\/\/www.sage.com\/pt-pt\/blog\/wp-content\/uploads\/sites\/15\/2019\/05\/brunolagos-263x300-1-SQUARE-350x350.jpg 350w, https:\/\/www.sage.com\/pt-pt\/blog\/wp-content\/uploads\/sites\/15\/2019\/05\/brunolagos-263x300-1-SQUARE-768x768.jpg 768w, https:\/\/www.sage.com\/pt-pt\/blog\/wp-content\/uploads\/sites\/15\/2019\/05\/brunolagos-263x300-1-SQUARE-810x810.jpg 810w, https:\/\/www.sage.com\/pt-pt\/blog\/wp-content\/uploads\/sites\/15\/2019\/05\/brunolagos-263x300-1-SQUARE-1536x1536.jpg 1536w, https:\/\/www.sage.com\/pt-pt\/blog\/wp-content\/uploads\/sites\/15\/2019\/05\/brunolagos-263x300-1-SQUARE.jpg 1890w\" sizes=\"auto, (max-width: 40px) 100vw, 40px\" \/>\t\t\t\t<span class=\"entry-author__name\">Bruno Lagos<\/span>\n\t\t\t<\/a>\n\n\t\t\t\t\t<\/div>\n\n\t\t\t\t\t\t<\/div>\n\t\t\t\t\t<\/div>\n\t<\/div>\n<\/div>\n\n\n\n\n\n<p class=\"has-text-align-center\"><strong>QUADRO 07 \u2013 APURAMENTO DO LUCRO TRIBUT\u00c1VEL<\/strong><\/p>\n\n\n\n<p>&nbsp;<\/p>\n\n\n\n<p><strong>I \u2013 AJUDA AO PREENCHIMENTO DO QUADRO 07 (1)<\/strong><\/p>\n\n\n\n<p><strong>I.1 \u2013 <\/strong><strong>Provis\u00f5es n\u00e3o dedut\u00edveis ou para al\u00e9m dos limites legais e perdas por imparidade fiscalmente n\u00e3o dedut\u00edveis de ativos financeiros \u2013 Campo 721 &#8211; art.\u00ba 19.\u00ba, n.\u00ba 4 e 39.\u00bado CIRC<\/strong><\/p>\n\n\n\n<p>Inscrevem-se neste campo as provis\u00f5es que tenham sido <u>reconhecidas como gastos e que n\u00e3o se enquadrem no artigo 39.\u00ba<\/u>.<\/p>\n\n\n\n<p>Salienta-se que s\u00f3 s\u00e3o dedut\u00edveis, nos termos e condi\u00e7\u00f5es do artigo 39.\u00ba:<\/p>\n\n\n\n<p>&#8211; Provis\u00e3o para processos judiciais em curso<\/p>\n\n\n\n<p>&#8211; Provis\u00e3o para garantias a clientes<\/p>\n\n\n\n<p>&#8211; Provis\u00f5es t\u00e9cnicas (Instituto de Seguros de Portugal)<\/p>\n\n\n\n<p>&#8211; Provis\u00e3o para a repara\u00e7\u00e3o de danos de car\u00e1ter ambiental (s\u00f3 para ind\u00fastrias extrativas ou setor de tratamento e elimina\u00e7\u00e3o de res\u00edduos)<\/p>\n\n\n\n<p>De acordo com o artigo 19.\u00ba, n.\u00ba 4, n\u00e3o s\u00e3o dedut\u00edveis (e, portanto, t\u00eam de ser inscritas neste campo) as perdas esperadas relativas a contratos de constru\u00e7\u00e3o.<\/p>\n\n\n\n<p>O <strong>campo 721 <\/strong>destina-se, ainda, a registar a parte n\u00e3o dedut\u00edvel das provis\u00f5es que, embora se enquadrem no artigo 39.\u00ba, excedem os limites legais previstos nos artigos 39.\u00ba e 40.\u00ba.<\/p>\n\n\n\n<p>S\u00e3o, tamb\u00e9m, de inscrever neste campo as perdas por imparidade de ativos financeiros que n\u00e3o se enquadrem no \u00e2mbito dos artigos 28.\u00ba-A a 28.\u00ba-C do C\u00f3digo do IRC.<\/p>\n\n\n\n<p><em>Exemplo: <\/em><\/p>\n\n\n\n<p><em>Em 2019, uma sociedade vendeu eletrodom\u00e9sticos no montante de \u20ac 300.000,00, tendo suportado encargos com garantias a clientes que ascenderam a \u20ac 3.300,00 e constitu\u00eddo uma provis\u00e3o para garantias a clientes no montante de \u20ac 3.500,00. <\/em><\/p>\n\n\n\n<p><em>Sabe-se que nos anos de 2017 e 2018 as vendas ascenderam a \u20ac 280.000,00 e \u20ac 320.000,00, respetivamente, e que os encargos derivados de garantia a clientes foram, nesses anos, de \u20ac 2.500,00 e \u20ac 3.200,00. <\/em><\/p>\n\n\n\n<p><em>C\u00e1lculos para determinar o montante da provis\u00e3o fiscalmente aceite: <\/em><\/p>\n\n\n\n<p><em>Soma dos encargos com garantias a clientes efetivamente suportados nos tr\u00eas \u00faltimos per\u00edodos de tributa\u00e7\u00e3o (2017 a 2019): <\/em><\/p>\n\n\n\n<p>3.300,00 + 2.500,00 + 3.200,00 = 9.000,00<\/p>\n\n\n\n<p><em>Soma das vendas efetuadas nos tr\u00eas \u00faltimos per\u00edodos de tributa\u00e7\u00e3o (2017 a 2019): <\/em><\/p>\n\n\n\n<p>300.000,00 + 280.000,00 + 320.000,00 = 900.000,00<em>&nbsp;<\/em><\/p>\n\n\n\n<p><em>Percentagem a que refere o art.\u00ba 39.\u00ba, n.\u00ba 5: <\/em><\/p>\n\n\n\n<p>\u20ac 9.000,00 x 100 \/ \u20ac 900.000,00 = 1%<\/p>\n\n\n\n<p><em>Provis\u00e3o fiscalmente dedut\u00edvel: <\/em><\/p>\n\n\n\n<p>\u20ac 300.000,00 x 1% = \u20ac 3.000,00<\/p>\n\n\n\n<p><em>Provis\u00e3o contabilizada: \u20ac 3.500,00 <\/em><\/p>\n\n\n\n<p><em>Corre\u00e7\u00e3o no Quadro 07: <\/em><\/p>\n\n\n\n<ul class=\"wp-block-list\">\n<li><strong><em>Campo 721 <\/em><\/strong><em>\u2013 Acr\u00e9scimo de \u20ac 500,00 (\u20ac 3.500,00 \u2013 \u20ac 3.000,00) <\/em><\/li>\n<\/ul>\n\n\n\n<p>&nbsp;<\/p>\n\n\n\n<p>As provis\u00f5es que tenham sido imputadas a um ativo depreci\u00e1vel (por exemplo, a provis\u00e3o referente \u00e0 estimativa inicial dos custos de desmantelamento e remo\u00e7\u00e3o do ativo) e que v\u00e3o sendo reconhecidas como gastos por via das deprecia\u00e7\u00f5es desse mesmo ativo, devem ser anualmente acrescidas no <strong>Campo 719. <\/strong><\/p>\n\n\n\n<p>Uma vez que, para efeitos fiscais, a quantia estimada dos custos de desmantelamento n\u00e3o constitui uma componente do valor depreci\u00e1vel do ativo, n\u00e3o pode, por isso, constituir um gasto fiscal por via da deprecia\u00e7\u00e3o [cf. artigo 31.\u00ba, n.\u00ba 2, al\u00ednea a) do CIRC].<\/p>\n\n\n\n<p><strong>(1)<\/strong> IRC 2019 Manual de Preenchimento do Quadro 07 da Declara\u00e7\u00e3o de Rendimentos <a href=\"https:\/\/www.sage.com\/pt-pt\/blog\/dicion%C3%A1rio-termos-empresariais\/modelo-22\/\">Modelo 22<\/a> do Portal das Finan\u00e7as<\/p>\n\n\n\n<p>&nbsp;<\/p>\n\n\n\n<p><strong>I.1 \u2013 <\/strong><strong>Ajudas de custo e encargos com compensa\u00e7\u00e3o pela desloca\u00e7\u00e3o em viatura pr\u00f3pria do trabalhador [art.\u00ba 23.\u00ba-A, n.\u00ba 1, al. h)] &#8211; Campo 730 <\/strong><\/p>\n\n\n\n<p>Neste campo s\u00e3o acrescidos os encargos com ajudas de custo e com a compensa\u00e7\u00e3o pela desloca\u00e7\u00e3o em viatura pr\u00f3pria do trabalhador, ao servi\u00e7o da entidade patronal, <u>n\u00e3o faturados a cliente<\/u>s, escriturados a qualquer t\u00edtulo, na parte em que n\u00e3o haja lugar a tributa\u00e7\u00e3o em sede de IRS na esfera do benefici\u00e1rio, <u>sempre que a entidade patronal n\u00e3o possua, por cada pagamento efetuado, um mapa atrav\u00e9s do qual seja poss\u00edvel efetuar o controlo das desloca\u00e7\u00f5es a que se referem os encargos<\/u>.<\/p>\n\n\n\n<p><strong>Considera-se que estes encargos s\u00e3o faturados a clientes quando s\u00e3o debitados separadamente na respetiva fatura. <\/strong><\/p>\n\n\n\n<p><strong>O mapa deve identificar, designadamente, o nome do benefici\u00e1rio, o local ou locais para onde se deslocou, o motivo e a data da desloca\u00e7\u00e3o, o tempo de perman\u00eancia e o montante di\u00e1rio atribu\u00eddo.<\/strong><\/p>\n\n\n\n<p>No caso de compensa\u00e7\u00e3o pela desloca\u00e7\u00e3o em viatura pr\u00f3pria do trabalhador, <strong>o documento deve identificar, nomeadamente, a viatura, o propriet\u00e1rio e o n\u00famero de quil\u00f3metros percorridos. <\/strong><\/p>\n\n\n\n<p>Sempre que os encargos sejam faturados ao cliente, o mapa deve referir o valor faturado, a obra\/servi\u00e7o a que respeita e autonomizar o montante quer das ajudas de custo quer das desloca\u00e7\u00f5es imput\u00e1veis.<\/p>\n\n\n\n<p><strong>&nbsp;<\/strong><\/p>\n\n\n\n<p><strong>I.2 &#8211; Encargos com o aluguer de viaturas sem condutor [art.\u00ba 23.\u00ba-A, n.\u00ba 1, al. i)] &#8211; Campo 732 <\/strong><\/p>\n\n\n\n<p>S\u00e3o acrescidos neste campo os encargos com o aluguer sem condutor de viaturas ligeiras de passageiros ou mistas, na parte correspondente ao valor das deprecia\u00e7\u00f5es dessas viaturas que, nos termos das al\u00edneas c) e e) do n.\u00ba 1 do artigo 34.\u00ba, n\u00e3o sejam aceites como gastos.<\/p>\n\n\n\n<p>O regime fiscal do aluguer de longa dura\u00e7\u00e3o encontra-se explicitado na Circular n.\u00ba 24\/91, de 19 de dezembro, chamando-se a aten\u00e7\u00e3o para o facto de a respetiva aplica\u00e7\u00e3o pressupor a exist\u00eancia de um plano financeiro, com decomposi\u00e7\u00e3o da renda suportada entre amortiza\u00e7\u00e3o financeira e encargos financeiros.<\/p>\n\n\n\n<p>Assim, no que se refere \u00e0 parcela da amortiza\u00e7\u00e3o financeira, s\u00f3 \u00e9 aceite a quantia correspondente \u00e0 deprecia\u00e7\u00e3o que seria fiscalmente dedut\u00edvel em caso de aquisi\u00e7\u00e3o direta (ver Portaria n.\u00ba 467\/2010, de 7 de julho).<\/p>\n\n\n\n<p>No caso de viaturas ligeiras de passageiros, motos ou motociclos, excluindo os ve\u00edculos movidos exclusivamente a energia el\u00e9trica, deve ter-se em conta o disposto no artigo 88.\u00ba, n.\u00ba 3, acrescendo-se, no campo 365 do Quadro 10, a tributa\u00e7\u00e3o aut\u00f3noma resultante da aplica\u00e7\u00e3o das taxas previstas nas suas al\u00edneas a) a c) \u00e0 totalidade dos encargos (dedut\u00edveis e n\u00e3o dedut\u00edveis) efetuados ou suportados com o aluguer.<em>&nbsp;<\/em><\/p>\n\n\n\n<p><em>Exemplo: <\/em><\/p>\n\n\n\n<p><em>Uma sociedade celebrou, em 1 de janeiro de 2019, um contrato de aluguer sem condutor, de longa dura\u00e7\u00e3o, relativo a uma viatura ligeira de passageiros que n\u00e3o \u00e9 um ve\u00edculo h\u00edbrido plug-in nem \u00e9 movida a energia el\u00e9trica, gases de petr\u00f3leo liquefeito ou g\u00e1s natural veicular.<\/em><\/p>\n\n\n\n<p><em>Sabe-se, ainda, que: <\/em><\/p>\n\n\n\n<p><em>Valor da viatura: \u20ac 45.000,00; <\/em><\/p>\n\n\n\n<p><em>Amortiza\u00e7\u00e3o financeira em 2019: \u20ac 12.000,00.<\/em><\/p>\n\n\n\n<p><em>Limite das deprecia\u00e7\u00f5es que seriam aceites em 2019, se fosse aquisi\u00e7\u00e3o direta: <\/em><\/p>\n\n\n\n<p>\u20ac 25.000,00 x 25% = \u20ac 6.250,00<\/p>\n\n\n\n<p><em>Em 2019: <\/em><\/p>\n\n\n\n<p><em>Corre\u00e7\u00f5es no Quadro 07: <\/em><\/p>\n\n\n\n<ul class=\"wp-block-list\">\n<li><strong><em>Campo 732 <\/em><\/strong><em>\u2013 Acr\u00e9scimo de \u20ac 5.750,00 (12.000,00 \u2013 6.250,00) <\/em><\/li>\n<\/ul>\n\n\n\n<p><em>Valor a inscrever no Quadro 10 (tributa\u00e7\u00e3o aut\u00f3noma): <\/em><\/p>\n\n\n\n<ul class=\"wp-block-list\">\n<li><strong><em>Campo 365 <\/em><\/strong><em>\u2013 4.200,00 (12.000,00 x 35%) <\/em><\/li>\n<\/ul>\n\n\n\n<p><em>NOTA: Tendo a viatura sido adquirida em 2019, o montante fixado na al\u00ednea d) do n.\u00ba 4 do artigo 1.\u00ba da Portaria n.\u00ba 467\/2010, de 7 de julho, \u00e9 de \u20ac 25.000,00. <\/em><\/p>\n\n\n\n<p><em>Quanto \u00e0 tributa\u00e7\u00e3o aut\u00f3noma, aplicou-se o disposto na al\u00ednea c) do n.\u00ba 3 do artigo 88.\u00ba do CIRC, uma vez que o custo de aquisi\u00e7\u00e3o foi superior a \u20ac 35.000,00.<\/em><\/p>\n\n\n\n<p><strong>(2) IRC 2019 <\/strong>Manual de Preenchimento do Quadro 07 da Declara\u00e7\u00e3o de Rendimentos Modelo 22 do Portal das Finan\u00e7as<\/p>\n\n\n\n<p>&nbsp;<\/p>\n\n\n\n<p class=\"has-text-align-center\"><strong>Benef\u00edcios<\/strong><strong> FISCAIS EM IRC \u2013 ANEXO D DA MODELO 22<\/strong><\/p>\n\n\n\n<p>&nbsp;<\/p>\n\n\n\n<p><strong>I \u2013 INTRODU\u00c7\u00c3O<\/strong><strong>&nbsp;<\/strong><\/p>\n\n\n\n<p>Consideram-se benef\u00edcios fiscais as medidas de car\u00e1cter excecional criadas para tutela de interesses p\u00fablicos extrafiscais relevantes que se mostrem superiores aos da pr\u00f3pria tributa\u00e7\u00e3o.<\/p>\n\n\n\n<p>Constituem benef\u00edcios fiscais, nomeadamente, as isen\u00e7\u00f5es, as redu\u00e7\u00f5es de taxas e as dedu\u00e7\u00f5es ao rendimento e \u00e0 coleta.<\/p>\n\n\n\n<p>Para o per\u00edodo de 2019 existem dois tipos de Benef\u00edcios Fiscais, a saber:<\/p>\n\n\n\n<ol class=\"wp-block-list\">\n<li>Dedu\u00e7\u00f5es ao Rendimento;<\/li>\n\n\n\n<li>Dedu\u00e7\u00f5es \u00e0 Coleta.<\/li>\n<\/ol>\n\n\n\n<p>Estas dedu\u00e7\u00f5es s\u00e3o inscritas pela sua globalidade no Quadro 07 da Modelo 22, as dedu\u00e7\u00f5es ao rendimento, e no quadro 10, as dedu\u00e7\u00f5es \u00e0 coleta.<\/p>\n\n\n\n<p>As discrimina\u00e7\u00f5es destes valores s\u00e3o efetuadas no Quadro 04 e no Quadro 07, do Anexo D, da Modelo 22.<\/p>\n\n\n\n<p>&nbsp;<\/p>\n\n\n\n<p><strong>II \u2013 DEDU\u00c7\u00d5ES AO RENDIMENTO<\/strong><strong>&nbsp;<\/strong><\/p>\n\n\n\n<p>Segundo as estat\u00edsticas de IRC dispon\u00edveis no Portal das Finan\u00e7as, o n\u00famero de empresas que beneficiou de Dedu\u00e7\u00f5es ao Rendimento tem vindo a crescer.<\/p>\n\n\n\n<p>Para os per\u00edodos de 2016 a 2018 a evolu\u00e7\u00e3o foi a seguinte:<\/p>\n\n\n\n<figure class=\"wp-block-table\"><table class=\"has-fixed-layout\"><tbody><tr><td>Per\u00edodo<\/td><td>N.\u00ba de Declara\u00e7\u00f5es com Dedu\u00e7\u00f5es ao Rendimento<\/td><\/tr><tr><td>2016<\/td><td>32.351<\/td><\/tr><tr><td>2017<\/td><td>36.327<\/td><\/tr><tr><td>2018<\/td><td>39.124<\/td><\/tr><\/tbody><\/table><\/figure>\n\n\n\n<p>&nbsp;<\/p>\n\n\n\n<p>De 2016 para 2017 regista-se um crescimento de 21% e de 2017 para 2018 o crescimento foi de 8%. \u00c9 de real\u00e7ar que, se atendermos a n\u00famero de Declara\u00e7\u00f5es entregues em 2018 (cerca de 493.000), o n.\u00ba de empresas que utilizou os benef\u00edcios fiscais de dedu\u00e7\u00e3o ao rendimento \u00e9 muito reduzido, ou seja, cerca de 8% do universo total das empresas.<\/p>\n\n\n\n<p>De acordo com a mesma fonte, o valor das dedu\u00e7\u00f5es ao rendimento de 2016 a 2018 foi o seguinte:<\/p>\n\n\n\n<p><strong>&nbsp;&nbsp;&nbsp;&nbsp;&nbsp;&nbsp;&nbsp;&nbsp;&nbsp;&nbsp;&nbsp;&nbsp;&nbsp;&nbsp;&nbsp;&nbsp;&nbsp;&nbsp;&nbsp;&nbsp;&nbsp;&nbsp;&nbsp;&nbsp;&nbsp;&nbsp;&nbsp;&nbsp;&nbsp;&nbsp;&nbsp;&nbsp;&nbsp;&nbsp;&nbsp;&nbsp;&nbsp;&nbsp;&nbsp;&nbsp;&nbsp;&nbsp;&nbsp;&nbsp;&nbsp;&nbsp;&nbsp;&nbsp;&nbsp;&nbsp;&nbsp;&nbsp;&nbsp;&nbsp;&nbsp;&nbsp;&nbsp;&nbsp; <\/strong><\/p>\n\n\n\n<figure class=\"wp-block-table\"><table class=\"has-fixed-layout\"><tbody><tr><td>Per\u00edodo<\/td><td>Valor das Dedu\u00e7\u00f5es ao Rendimento <strong>(em Milh\u00f5es de Euros)<\/strong><\/td><\/tr><tr><td>2016<\/td><td>433<\/td><\/tr><tr><td>2017<\/td><td>542<\/td><\/tr><tr><td>2018<\/td><td>619<\/td><\/tr><\/tbody><\/table><\/figure>\n\n\n\n<p>Se compararmos o peso da dedu\u00e7\u00e3o ao rendimento de 2018 com o Resultado fiscal positivo do mesmo ano, cerca de 28.447 milh\u00f5es de euros, verificamos que corresponde a apenas 2% do Lucro Tribut\u00e1vel do ano.<strong>&nbsp;<\/strong><\/p>\n\n\n\n<p><strong>As dedu\u00e7\u00f5es ao rendimento s\u00e3o, atualmente as seguintes:&nbsp; <\/strong><\/p>\n\n\n\n<ul class=\"wp-block-list\">\n<li>Majora\u00e7\u00e3o <strong>\u00e0 cria\u00e7\u00e3o de emprego<\/strong> (art.\u00ba 19.\u00ba do EBF);<\/li>\n\n\n\n<li>Fundos de investimento [art.\u00ba 22.\u00ba, n.\u00ba 14, al. b) do EBF];<\/li>\n\n\n\n<li>Elimina\u00e7\u00e3o da dupla tributa\u00e7\u00e3o econ\u00f3mica dos <strong>lucros distribu\u00eddos por sociedades residentes nos PALOP e Timor-Leste<\/strong> (ex-art.\u00ba 42.\u00ba do EBF);<\/li>\n\n\n\n<li>Majora\u00e7\u00f5es aplicadas aos <strong>benef\u00edcios fiscais \u00e0 interioridade<\/strong> [ex-art.\u00ba 43.\u00ba, n.\u00ba 1, al. c) e d) do EBF];<\/li>\n\n\n\n<li>Majora\u00e7\u00f5es aplicadas aos <strong>donativos<\/strong> previstos nos artigos 62.\u00ba, 62.\u00ba-A e 62.\u00ba-B do EBF;<\/li>\n\n\n\n<li>Majora\u00e7\u00e3o de <strong>quotiza\u00e7\u00f5es empresariais<\/strong> (art.\u00ba 44.\u00ba do CIRC);<\/li>\n\n\n\n<li>Majora\u00e7\u00e3o aplicada aos gastos suportados com a aquisi\u00e7\u00e3o, em territ\u00f3rio portugu\u00eas, de combust\u00edveis para abastecimento de ve\u00edculos (art.\u00ba 70.\u00ba, n.\u00ba 4 do EBF);<\/li>\n\n\n\n<li><strong>Remunera\u00e7\u00e3o convencional do capital social<\/strong> (art.\u00ba 136.\u00ba da Lei n.\u00ba 55-A\/2010, de 31\/12 e art.\u00ba 41.\u00ba-A do EBF);<\/li>\n\n\n\n<li>Majora\u00e7\u00e3o dos <strong>gastos relativos a creches, lact\u00e1rios e jardins de inf\u00e2ncia<\/strong> (art.\u00ba 43.\u00ba, n.\u00ba 9 do CIRC);<\/li>\n\n\n\n<li>Majora\u00e7\u00e3o das despesas realizadas por cooperativas em aplica\u00e7\u00e3o da reserva para a educa\u00e7\u00e3o e forma\u00e7\u00e3o (art.\u00ba 66.\u00ba-A, n.\u00ba 7 do EBF);<\/li>\n\n\n\n<li>Lucros colocados \u00e0 disposi\u00e7\u00e3o e rendimentos de juros obtidos por s\u00f3cios ou acionistas de sociedades licenciadas na ZFM (art.\u00ba 36.\u00ba-A, n.\u00bas 10 e 11, do EBF);<\/li>\n\n\n\n<li>Majora\u00e7\u00e3o dos gastos suportados com a aquisi\u00e7\u00e3o de eletricidade, GNV e GPL para abastecimento de ve\u00edculos (art.\u00ba 59.\u00ba-A do EBF);<\/li>\n\n\n\n<li>Majora\u00e7\u00e3o das despesas com sistemas de <em>car-sharing e bike-sharing<\/em> (art.\u00ba 59.\u00ba-B do EBF);<\/li>\n\n\n\n<li>Majora\u00e7\u00e3o das <strong>despesas com frotas de veloc\u00edpedes<\/strong> (art.\u00ba 59.\u00ba-C do EBF);<\/li>\n\n\n\n<li>Majora\u00e7\u00e3o do gasto suportado por propriet\u00e1rios e produtores florestais aderentes a zona de interven\u00e7\u00e3o florestal com contribui\u00e7\u00f5es financeiras destinadas ao fundo comum (art.\u00ba 59.\u00ba-D, n.\u00ba 12 do EBF);<\/li>\n\n\n\n<li>Majora\u00e7\u00e3o das despesas com certifica\u00e7\u00e3o biol\u00f3gica de explora\u00e7\u00e3o (art.\u00ba 59.\u00ba-E do EBF);<\/li>\n\n\n\n<li>Majora\u00e7\u00f5es dos gastos e perdas no \u00e2mbito de parcerias de t\u00edtulos de impacto social (art.\u00ba 19.\u00ba-A do EBF);<\/li>\n\n\n\n<li>Majora\u00e7\u00f5es dos gastos e perdas relativos a obras de conserva\u00e7\u00e3o e manuten\u00e7\u00e3o dos pr\u00e9dios ou parte de pr\u00e9dios afetos a lojas com hist\u00f3ria reconhecidas pelo munic\u00edpio (art.\u00ba 59.\u00ba-I do EBF);<\/li>\n\n\n\n<li>Majora\u00e7\u00e3o do aumento das deprecia\u00e7\u00f5es e amortiza\u00e7\u00f5es, prevista no art.\u00ba 8.\u00ba, n.\u00ba 3 do Decreto-Lei n.\u00ba 66\/2016, de 3 de novembro;<\/li>\n\n\n\n<li>Majora\u00e7\u00e3o das deprecia\u00e7\u00f5es fiscalmente aceites de elementos do ativo fixo tang\u00edvel correspondentes a embarca\u00e7\u00f5es eletrossolares ou exclusivamente el\u00e9tricas (art.\u00ba 59.\u00ba-J do EBF);<\/li>\n\n\n\n<li>Rendimentos e ganhos que n\u00e3o sejam mais valias fiscais a que se referem os n.\u00bas 1 e 2 do artigo 268.\u00ba do C\u00f3digo da Insolv\u00eancia e da Recupera\u00e7\u00e3o de Empresas (CIRE), aprovado pelo Decreto-Lei n.\u00ba 53\/2004, de 18 de mar\u00e7o;<\/li>\n\n\n\n<li>Rendimentos prediais resultantes de contratos de arrendamento ou subarrendamento habitacional enquadrados no Programa de Arrendamento Acess\u00edvel (art.\u00ba 20.\u00ba, n.\u00ba 1 do Decreto-Lei n.\u00ba 68\/2019, de 22 de maio;<\/li>\n\n\n\n<li>Outras dedu\u00e7\u00f5es ao rendimento.<\/li>\n<\/ul>\n\n\n\n<p>Sobre as condi\u00e7\u00f5es de utiliza\u00e7\u00e3o de cada um dos benef\u00edcios deve consultar o respetivo normativo legal, indicado em cada item da lista.<\/p>\n\n\n\n<p>No pr\u00f3ximo apontamento abordaremos as Dedu\u00e7\u00f5es \u00e0 Coleta.<\/p>\n\n\n\n<p><strong>III \u2013 DEDU\u00c7\u00d5ES \u00c0 COLETA<\/strong><\/p>\n\n\n\n<p>Segundo as estat\u00edsticas de IRC dispon\u00edveis no Portal das Finan\u00e7as, o n\u00famero de empresas que beneficiou de Dedu\u00e7\u00f5es \u00e0 Coleta tem vindo a crescer.<\/p>\n\n\n\n<p>Para os per\u00edodos de 2016 a 2018 a evolu\u00e7\u00e3o foi a seguinte:<\/p>\n\n\n\n<figure class=\"wp-block-table\"><table class=\"has-fixed-layout\"><tbody><tr><td>Per\u00edodo<\/td><td>N.\u00ba de Declara\u00e7\u00f5es com Dedu\u00e7\u00f5es ao Rendimento<\/td><\/tr><tr><td>2016<\/td><td>8.345<\/td><\/tr><tr><td>2017<\/td><td>9.726<\/td><\/tr><tr><td>2018<\/td><td>10.242<\/td><\/tr><\/tbody><\/table><\/figure>\n\n\n\n<p>De 2016 para 2017 regista-se um crescimento de 17% e de 2017 para 2018 o crescimento foi de 5%. \u00c9 de real\u00e7ar que, se atendermos a n\u00famero de Declara\u00e7\u00f5es entregues em 2018 (cerca de 493.000), o n.\u00ba de empresas que utilizou os benef\u00edcios fiscais de dedu\u00e7\u00e3o \u00e0 coleta \u00e9 muito reduzido, ou seja, cerca de 2% do universo total das empresas.<\/p>\n\n\n\n<p>De acordo com a mesma fonte, o valor das dedu\u00e7\u00f5es ao rendimento de 2016 a 2018 foi o seguinte:&nbsp;&nbsp;&nbsp;&nbsp;&nbsp;&nbsp;&nbsp;&nbsp;&nbsp;&nbsp;&nbsp;&nbsp;&nbsp;&nbsp;&nbsp;&nbsp;&nbsp;&nbsp;&nbsp;&nbsp;&nbsp;&nbsp;&nbsp;&nbsp;&nbsp;&nbsp;&nbsp;&nbsp;&nbsp;&nbsp;&nbsp;&nbsp;&nbsp;&nbsp;&nbsp;&nbsp;&nbsp;&nbsp;&nbsp;&nbsp;&nbsp;&nbsp;&nbsp;&nbsp;&nbsp;&nbsp;&nbsp;&nbsp;&nbsp;&nbsp;&nbsp;&nbsp;&nbsp;&nbsp;&nbsp;&nbsp;&nbsp;&nbsp;&nbsp;&nbsp;&nbsp;&nbsp; &nbsp;&nbsp;&nbsp;&nbsp;<strong>&nbsp;&nbsp;&nbsp;&nbsp;&nbsp;&nbsp;&nbsp;&nbsp;&nbsp;&nbsp;&nbsp;&nbsp;&nbsp;&nbsp;&nbsp;&nbsp;&nbsp;&nbsp;&nbsp;&nbsp;&nbsp;&nbsp;&nbsp;&nbsp;&nbsp;&nbsp;&nbsp;&nbsp;&nbsp;&nbsp;&nbsp;&nbsp;&nbsp;&nbsp;&nbsp;&nbsp;&nbsp;&nbsp;&nbsp;&nbsp;&nbsp;&nbsp;&nbsp;&nbsp;&nbsp;&nbsp;&nbsp;&nbsp;&nbsp;&nbsp;&nbsp;&nbsp;&nbsp;&nbsp;&nbsp;&nbsp;&nbsp;&nbsp; <\/strong><\/p>\n\n\n\n<figure class=\"wp-block-table\"><table class=\"has-fixed-layout\"><tbody><tr><td>Per\u00edodo<\/td><td>Valor das Dedu\u00e7\u00f5es ao Rendimento <strong>(em Milh\u00f5es de Euros)<\/strong><\/td><\/tr><tr><td>2016<\/td><td>326<\/td><\/tr><tr><td>2017<\/td><td>403<\/td><\/tr><tr><td>2018<\/td><td>486<\/td><\/tr><\/tbody><\/table><\/figure>\n\n\n\n<p>De 2016 para 2017 regista-se um crescimento de 24% e de 2017 para 2018 o crescimento foi de 21%.<\/p>\n\n\n\n<p>Se compararmos o peso das dedu\u00e7\u00f5es \u00e0 coleta de 2018 com a Coleta do mesmo ano, cerca de 4.977 milh\u00f5es de euros, verificamos que corresponde a apenas 1% do Coleta do ano.<\/p>\n\n\n\n<p><strong>&nbsp;<\/strong><strong>As dedu\u00e7\u00f5es ao rendimento s\u00e3o, atualmente as seguintes:&nbsp; <\/strong><\/p>\n\n\n\n<ul class=\"wp-block-list\">\n<li>BENEF\u00cdCIOS FISCAIS CONTRATUAIS AO INVESTIMENTO (ex-art.\u00ba 41.\u00ba, n.\u00ba 1 do EBF, art.\u00bas 15.\u00ba a 21.\u00ba do CFI (revogado) e art.\u00bas 2.\u00ba a 21.\u00ba do CFI aprovado pelo Dec.-Lei n.\u00ba 162\/2014, de 31\/10 e art.\u00bas 2.\u00ba a 21.\u00ba do CFI na RAM aprovado pelo Dec. Leg. Regional n.\u00ba 24\/2016\/M, de 28\/06;<\/li>\n\n\n\n<li>RETGS &#8211; INFORMA\u00c7\u00c3O ADICIONAL (a preencher por todas as sociedades que integram o grupo) &#8211; utiliza\u00e7\u00e3o do benef\u00edcio no \u00e2mbito do grupo;<\/li>\n\n\n\n<li>PROJETOS DE INVESTIMENTO \u00c0 INTERNACIONALIZA\u00c7\u00c3O (ex-art.\u00ba 41.\u00ba, n.\u00ba 4 do EBF e art.\u00ba 22.\u00ba do CFI revogado pela Lei n.\u00ba 83-C\/2013, de 31\/12);<\/li>\n\n\n\n<li>SIFIDE &#8211; SISTEMA DE INCENTIVOS FISCAIS EM INVESTIGA\u00c7\u00c3O E DESENVOLVIMENTO EMPRESARIAL (Lei n.\u00ba 40\/2005, de 3\/8) E SIFIDE II (art.\u00ba 133.\u00ba da Lei n.\u00ba 55-A\/2010, de 31\/12, art.\u00bas 33.\u00ba a 40.\u00ba do CFI (revogado) e art.\u00bas 35.\u00ba a 42.\u00ba do CFI aprovado pelo Dec.-Lei n.\u00ba 162\/2014. de 31\/10 e art.\u00bas 35.\u00ba a 42.\u00ba do CFI na RAM aprovado pelo Dec. Leg. Regional n.\u00ba 24\/2016\/M, de 28\/06;<\/li>\n\n\n\n<li>REGIME FISCAL DE APOIO AO INVESTIMENTO (Lei n.\u00ba 10\/2009, de 10\/3 (sucessivamente prorrogada), art.\u00bas 26.\u00ba a 32.\u00ba do CFI (revogado) e art.\u00bas 22.\u00ba a 26.\u00ba do CFI aprovado pelo Dec.-Lei n.\u00ba 162\/2014, de 31\/10) e art.\u00bas 22.\u00ba a 26.\u00ba do CFI na RAM aprovado pelo Dec. Leg. Regional n.\u00ba 24\/2016\/M, de 28\/06;<\/li>\n\n\n\n<li>RETGS &#8211; INFORMA\u00c7\u00c3O ADICIONAL (a preencher por todas as sociedades que integram o grupo) &#8211; utiliza\u00e7\u00e3o do benef\u00edcio no \u00e2mbito do grupo;<\/li>\n\n\n\n<li>CR\u00c9DITO FISCAL EXTRAORDIN\u00c1RIO AO INVESTIMENTO (Lei n.\u00ba 49\/2013, de 16\/07);<\/li>\n\n\n\n<li>IFPC &#8211; INCENTIVO FISCAL \u00c0 PRODU\u00c7\u00c3O CINEMATOGR\u00c1FICA E AUDIOVISUAL (Artigo 59.\u00ba-F do EBF e Portaria n.\u00ba 89.\u00ba-A\/2017, de 19 de abril);<\/li>\n\n\n\n<li>IFPC &#8211; INCENTIVO FISCAL \u00c0 PRODU\u00c7\u00c3O CINEMATOGR\u00c1FICA E AUDIOVISUAL &#8211; ENCARGOS SUPORTADOS COM VIATURAS LIGEIRAS DE PASSAGEIROS, VIATURAS LIGEIRAS DE MERCADORIAS, MOTOS E MOTOCICLOS, EXCLUIDOS DE TRIBUTA\u00c7\u00c3O AUT\u00d3NOMA NOS TERMOS DO ART.\u00ba 59.\u00ba-H DO EBF;<\/li>\n\n\n\n<li>OUTRAS DEDU\u00c7\u00d5ES \u00c0 COLETA<\/li>\n<\/ul>\n\n\n\n<p>Sobre as condi\u00e7\u00f5es de utiliza\u00e7\u00e3o de cada um dos benef\u00edcios deve consultar o respetivo normativo legal, indicado em cada item da lista.<\/p>\n\n\n\n<p>Saiba mais sobre a Modelo 22 nos seguintes artigos:<\/p>\n\n\n\n<ul class=\"wp-block-list\">\n<li><a href=\"https:\/\/www.sage.com\/pt-pt\/blog\/modelo-22-do-periodo-de-2019\/\">Modelo 22 do Per\u00edodo de 2019<\/a><\/li>\n\n\n\n<li><a href=\"https:\/\/www.sage.com\/pt-pt\/blog\/modelo-22-do-periodo-de-2019-parte-2\/\">Modelo 22 do Per\u00edodo de 2019 (parte 2)<\/a><\/li>\n\n\n\n<li><a href=\"https:\/\/www.sage.com\/pt-pt\/blog\/modelo-22-do-periodo-de-2019-parte-3\/\">Modelo 22 do Per\u00edodo de 2019 (parte 3)<\/a><\/li>\n\n\n\n<li><a href=\"https:\/\/www.sage.com\/pt-pt\/blog\/modelo-22-do-periodo-de-2019-parte-4\/\">Modelo 22 do Per\u00edodo de 2019 (parte 4)<\/a><\/li>\n\n\n\n<li><a href=\"https:\/\/www.sage.com\/pt-pt\/blog\/modelo-22-do-periodo-de-2019-parte-5\/\">Modelo 22 do Per\u00edodo de 2019 (parte 5)<\/a><\/li>\n<\/ul>\n\n\n\n<p>&nbsp;<\/p>\n\n\n<div class=\"single-cta\">\n\t<div class=\"single-cta__positioner\">\n\t\t<div class=\"single-cta__wrapper has-dark-background-color\">\n\t\t\t<div class=\"single-cta__content\">\n\t\t\t\t\t\t\t\t<h2 class=\"single-cta__title h3\">Receba a newsletter Sage Advice<\/h2>\n\n\t\t\t\t\t\t\t\t\t<div class=\"single-cta__description\">\n\t\t\t\t\t\t<p>Inscreva-se para receber o boletim do Sage\u00a0Advice e receba os conselhos mais recentes diretamente no seu e-mail.<\/p>\n\t\t\t\t\t<\/div>\n\t\t\t\t\n\t\t\t\t\t\t\t\t\t\t\t\t\t\t<a\n\t\t\t\t\t\thref=\"#gate-56228f27-e58f-435b-9b72-a561d684e263\"\n\t\t\t\t\t\tclass=\"single-cta__button button button--primary\"\n\t\t\t\t\t\t\t\t\t\t\t\t\t\t\t\t\t>Subscrever<\/a>\n\t\t\t\t\t\t\t<\/div>\n\n\t\t\t\t\t<\/div>\n\n\t\t\t\t\t<img decoding=\"async\" width=\"1215\" height=\"810\" src=\"https:\/\/www.sage.com\/pt-pt\/blog\/wp-content\/uploads\/sites\/15\/2023\/10\/GettyImages-1073868226-1215x810.jpg\" class=\"single-cta__image\" alt=\"Rapaz ao telefone no seu escrit\u00f3rio\" loading=\"lazy\" srcset=\"https:\/\/www.sage.com\/pt-pt\/blog\/wp-content\/uploads\/sites\/15\/2023\/10\/GettyImages-1073868226-1215x810.jpg 1215w\" sizes=\"auto, (min-width: 48em) 33vw, 100vw\" \/>\t\t\t<\/div>\n<\/div>\n","protected":false},"excerpt":{"rendered":"<p>QUADRO 07 \u2013 APURAMENTO DO LUCRO TRIBUT\u00c1VEL &nbsp; I \u2013 AJUDA AO PREENCHIMENTO DO QUADRO 07 (1) I.1 \u2013 Provis\u00f5es n\u00e3o dedut\u00edveis ou para al\u00e9m dos limites legais e perdas por imparidade fiscalmente n\u00e3o dedut\u00edveis de ativos financeiros \u2013 Campo 721 &#8211; art.\u00ba 19.\u00ba, n.\u00ba 4 e 39.\u00bado CIRC Inscrevem-se neste campo as provis\u00f5es que [&hellip;]<\/p>\n","protected":false},"author":799,"featured_media":7499,"comment_status":"closed","ping_status":"closed","sticky":false,"template":"","format":"standard","meta":{"_sage_video":false,"post_featured_image_hide":false,"footnotes":""},"categories":[25],"tags":[52,67,72,228,71,287,76],"business_type":[135],"context":[],"industry":[126],"persona":[51],"imagine_tag":[136,282,174],"coauthors":[504],"class_list":["post-5978","post","type-post","status-publish","format-standard","has-post-thumbnail","hentry","category-cumprir-legislacao-em-vigor","tag-contabilidade","tag-financas","tag-impostos","tag-irc","tag-legislacao","tag-novidades-legais","tag-tomar-decisoes-financeiras","business_type-contabilistas","industry-servicos-financeiros"],"sage_meta":{"region":"pt-pt","author_name":"Bruno Lagos","featured_image":"https:\/\/www.sage.com\/pt-pt\/blog\/wp-content\/uploads\/sites\/15\/2022\/04\/GettyImages-1331173398.jpg","imagine_tags":{"136":"Contabilistas","282":"Modelo 22","174":"Servi\u00e7os Financeiros"}},"distributor_meta":false,"distributor_terms":false,"distributor_media":false,"distributor_original_site_name":"Sage Advice Portugal","distributor_original_site_url":"https:\/\/www.sage.com\/pt-pt\/blog","push-errors":false,"_links":{"self":[{"href":"https:\/\/www.sage.com\/pt-pt\/blog\/api\/wp\/v2\/posts\/5978","targetHints":{"allow":["GET"]}}],"collection":[{"href":"https:\/\/www.sage.com\/pt-pt\/blog\/api\/wp\/v2\/posts"}],"about":[{"href":"https:\/\/www.sage.com\/pt-pt\/blog\/api\/wp\/v2\/types\/post"}],"author":[{"embeddable":true,"href":"https:\/\/www.sage.com\/pt-pt\/blog\/api\/wp\/v2\/users\/799"}],"replies":[{"embeddable":true,"href":"https:\/\/www.sage.com\/pt-pt\/blog\/api\/wp\/v2\/comments?post=5978"}],"version-history":[{"count":0,"href":"https:\/\/www.sage.com\/pt-pt\/blog\/api\/wp\/v2\/posts\/5978\/revisions"}],"wp:featuredmedia":[{"embeddable":true,"href":"https:\/\/www.sage.com\/pt-pt\/blog\/api\/wp\/v2\/media\/7499"}],"wp:attachment":[{"href":"https:\/\/www.sage.com\/pt-pt\/blog\/api\/wp\/v2\/media?parent=5978"}],"wp:term":[{"taxonomy":"category","embeddable":true,"href":"https:\/\/www.sage.com\/pt-pt\/blog\/api\/wp\/v2\/categories?post=5978"},{"taxonomy":"post_tag","embeddable":true,"href":"https:\/\/www.sage.com\/pt-pt\/blog\/api\/wp\/v2\/tags?post=5978"},{"taxonomy":"business_type","embeddable":true,"href":"https:\/\/www.sage.com\/pt-pt\/blog\/api\/wp\/v2\/business_type?post=5978"},{"taxonomy":"context","embeddable":true,"href":"https:\/\/www.sage.com\/pt-pt\/blog\/api\/wp\/v2\/context?post=5978"},{"taxonomy":"industry","embeddable":true,"href":"https:\/\/www.sage.com\/pt-pt\/blog\/api\/wp\/v2\/industry?post=5978"},{"taxonomy":"persona","embeddable":true,"href":"https:\/\/www.sage.com\/pt-pt\/blog\/api\/wp\/v2\/persona?post=5978"},{"taxonomy":"imagine_tag","embeddable":true,"href":"https:\/\/www.sage.com\/pt-pt\/blog\/api\/wp\/v2\/imagine_tag?post=5978"},{"taxonomy":"author","embeddable":true,"href":"https:\/\/www.sage.com\/pt-pt\/blog\/api\/wp\/v2\/coauthors?post=5978"}],"curies":[{"name":"wp","href":"https:\/\/api.w.org\/{rel}","templated":true}]}}