{"id":6382,"date":"2021-03-08T10:30:29","date_gmt":"2021-03-08T10:30:29","guid":{"rendered":"https:\/\/www.sage.com\/pt-pt\/blog\/?p=6382"},"modified":"2025-12-03T15:03:30","modified_gmt":"2025-12-03T15:03:30","slug":"estrategias-para-promover-a-lideranca-feminina-nas-empresas","status":"publish","type":"post","link":"https:\/\/www.sage.com\/pt-pt\/blog\/estrategias-para-promover-a-lideranca-feminina-nas-empresas\/","title":{"rendered":"Estrat\u00e9gias para promover a lideran\u00e7a feminina nas empresas"},"content":{"rendered":"<header class=\"entry-header has-dark-background-color entry-header--has-illustration entry-header--has-illustration--generic\">\n\t<div class=\"container\">\n\t\t<div class=\"entry-header__row row align-center\">\n\t\t\t<div class=\"col col-lg-7 col-xlg-6 entry-header__content\">\n\t\t\t\t\t\t\t<div class=\"component component-single-header\">\n\t\t\t\t\t\t\t\t\t\t<div class=\"entry-header__misc text--subtitle text--uppercase text--small\">\n\t\t\t\t\t\t\t<a href=\"https:\/\/www.sage.com\/pt-pt\/blog\/category\/crescimento-de-negocio-e-clientes\/\" class=\"entry-header__link\">Crescimento de Neg\u00f3cio e Clientes<\/a>\t\t\t\t\t\t<\/div>\n\t\t\t\t\n\t\t\t\t<div class=\"entry-title-wrapper\">\n\t\t\t\t\t<h1 class=\"entry-title\">\n\t\t\t\t\t\tEstrat\u00e9gias para promover a lideran\u00e7a feminina nas empresas\t\t\t\t\t<\/h1>\n\t\t\t\t<\/div>\n\n\t\t\t\t\t\t\t\t\t<p class=\"entry-header__description\">\n\t\t\t\t\t\t\t\t\t\t\t<\/p>\n\t\t\t\t\n\t\t\t\t\n\t\t\t\t\n\t\t\t<\/div>\n\n\t\t\t\t\t<\/div>\n\t\t\t\t\t<\/div>\n\t<\/div>\n\t<div class=\"single-post-details container\">\n\t\t<div class=\"col\">\n\t\t\t<span class=\"posted-on \"><time class=\"entry-date published\" datetime=\"2021-03-08T10:30:29+00:00\">March 8, 2021<\/time><\/span><span class=\"reading-time\"> minutos de leitura<\/span>\n\t\t<button\n\t\t\ttype=\"button\"\n\t\t\tclass=\"social-share-button button button--icon button--secondary js-social-share-button\"\n\t\t\tdata-share-title=\"Estrat\u00e9gias para promover a lideran\u00e7a feminina nas empresas\"\n\t\t\tdata-share-url=\"https:\/\/www.sage.com\/pt-pt\/blog\/estrategias-para-promover-a-lideranca-feminina-nas-empresas\/\"\n\t\t\tdata-share-text=\"Por favor, leia este artigo interessante\"\n\t\t>\n\t\t\t<span class=\"social-share-button__share-label\">Partilhar<\/span>\n\t\t\t<span class=\"social-share-button__copy-label\" hidden>Copiar link<\/span>\n\t\t\t<span class=\"social-share-button__copy-tooltip\" aria-hidden=\"true\" hidden>Copiada<\/span>\n\t\t<\/button>\n\n\t\t\t\t<\/div>\n\t<\/div>\n<\/header>\n\n\n\n<div class=\"wp-block-post-author has-dark-background-color alignfull\">\n\t<div class=\"container\">\n\t\t<div class=\"col\">\n\t\t\t\t\t\t\t<div class=\"co-authors\">\n\t\t\t\t\t\n\t\t<div class=\"entry-author-wrapper\">\n\t\t\t<a class=\"entry-author\" href=\"https:\/\/www.sage.com\/pt-pt\/blog\/author\/ashleyhindsman\/\">\n\t\t\t\t<img loading=\"lazy\" decoding=\"async\" width=\"40\" height=\"40\" src=\"https:\/\/www.sage.com\/pt-pt\/blog\/wp-content\/uploads\/sites\/15\/2025\/02\/Ashley-Thompson-350x350.jpg\" class=\"entry-author__image\" alt=\"Ashley Thompson\" srcset=\"https:\/\/www.sage.com\/pt-pt\/blog\/wp-content\/uploads\/sites\/15\/2025\/02\/Ashley-Thompson-350x350.jpg 350w, https:\/\/www.sage.com\/pt-pt\/blog\/wp-content\/uploads\/sites\/15\/2025\/02\/Ashley-Thompson.jpg 600w\" sizes=\"auto, (max-width: 40px) 100vw, 40px\" \/>\t\t\t\t<span class=\"entry-author__name\">Ashley Thompson<\/span>\n\t\t\t<\/a>\n\n\t\t\t\t\t<\/div>\n\n\t\t\t\t\t\t<\/div>\n\t\t\t\t\t<\/div>\n\t<\/div>\n<\/div>\n\n\n\n\n\n<p>Apesar das <strong>mulheres representarem metade da popula\u00e7\u00e3o mundial em idade ativa<\/strong>, apenas uma pequena parte est\u00e1 inserida no mercado de trabalho. E quantas delas ocupam cargos de dire\u00e7\u00e3o?<\/p>\n\n\n\n<p>De acordo com o ranking STOXX Europe 600, Portugal ocupa o 13\u00ba. lugar do ranking que avalia a percentagem de mulheres no topo de empresas e apenas <strong>tr\u00eas empresas portuguesas cotadas em bolsa t\u00eam uma lideran\u00e7a feminina<\/strong>. Mas qual \u00e9 a raz\u00e3o? O que podemos fazer para promover a lideran\u00e7a feminina nas empresas? Refletimos sobre os elementos fundamentais para consegui-lo com mulheres que lideram a sua pr\u00f3pria empresa.<\/p>\n\n\n\n<h2 class=\"wp-block-heading\" id=\"h-quebrar-o-telhado-de-vidro\"><strong>Quebrar o &#8216;telhado de vidro&#8217;<\/strong><\/h2>\n\n\n\n<p>Para Cristina Vicedo, as mulheres ainda se deparam com o denominado &#8220;telhado de vidro&#8221; quando progridem dentro de uma empresa. Aconteceu com ela. Ela \u00e9 a CEO e fundadora da ag\u00eancia criativa de branding, comunica\u00e7\u00e3o e marketing,&nbsp;Sincerely. A Cristina conta-nos que <strong>se deparou com as &#8220;cl\u00e1ssicas barreiras&#8221; no momento de progredir para cargos de dire\u00e7\u00e3o.<\/strong><\/p>\n\n\n\n<p>\u201cFui promovida a diretora-geral sem aumento salarial e a ganhar menos 30% do que o ex-diretor-geral da mesma empresa, que era homem&#8221;, refere. Al\u00e9m disso, quando ela assumiu o cargo, tamb\u00e9m se deparou com a &#8220;<strong>falta de confian\u00e7a na lideran\u00e7a por ser mulher<\/strong>&#8220;, apesar dos resultados comprovarem o seu trabalho.<\/p>\n\n\n\n<h2 class=\"wp-block-heading\" id=\"h-lideranca-feminina-e-conciliacao-familiar\"><strong>Lideran\u00e7a feminina e concilia\u00e7\u00e3o familiar<\/strong><\/h2>\n\n\n\n<p>Na mesma linha, a CEO da&nbsp;Bulevip, Sora Sans: \u201cEu, pessoalmente nunca senti que o facto de ser mulher me condicionasse, mas acredito que ainda temos um longo caminho pela frente\u201d. Na sua opini\u00e3o, <strong>seria necess\u00e1rio evoluir no <\/strong><a href=\"https:\/\/www.sage.com\/pt-pt\/blog\/remuneracao-de-incentivos-que-motiva\/\"><strong>\u00e2mbito salarial<\/strong><\/a><strong> e em aspetos como a concilia\u00e7\u00e3o familiar e profissional<\/strong>. \u201cEstou convencida de que podemos faz\u00ea-lo e de que o futuro \u00e9 o equil\u00edbrio dentro da riqueza que nos proporciona a diversidade&#8221;, acrescenta.<\/p>\n\n\n\n<p>Em certos sectores associados ao digital, como <strong>no tecnol\u00f3gico, h\u00e1 uma menor percentagem de mulheres em cargos de dire\u00e7\u00e3o<\/strong>. Ainda assim, segundo Sans, J\u00e1 se est\u00e1 a evidenciar \u201cum aumento no mundo do&nbsp;e-commerce, chegando a haver equipas com certa equidade\u201d.<\/p>\n\n\n\n<h2 class=\"wp-block-heading\" id=\"h-promover-a-lideranca-das-mulheres\"><strong>Promover a lideran\u00e7a das mulheres<\/strong><\/h2>\n\n\n\n<p>Selva Orej\u00f3n, CEO da OnBranding, \u00e9 da opini\u00e3o de que <strong>o sucesso de uma empresa ser\u00e1 maior se a lideran\u00e7a feminina for promovida dentro da organiza\u00e7\u00e3o<\/strong>. &#8220;\u00c9 importante ter como prioridade a inclus\u00e3o de mulheres l\u00edderes&#8221;, garante. Por sua vez explica que, quer as pessoas tenham filhos quer n\u00e3o, ela tem sempre na sua equipa \u201cpessoas que de forma natural sejam aut\u00f3nomas na sua forma de encarar a vida e que apresentem os seus contributos\u201d. Considera que quer se trate de uma multinacional ou de uma PME &#8220;\u00e9 um verdadeiro benef\u00edcio ter pessoas com dotes de lideran\u00e7a, e \u00e9 importante potenciar a sua forma\u00e7\u00e3o\u201d.<\/p>\n\n\n\n<p>A forma\u00e7\u00e3o de mulheres l\u00edderes deve come\u00e7ar numa idade precoce. Para Vicedo \u00e9 importante <strong>educar &#8220;a partir da escola e da fam\u00edlia&#8221;<\/strong>. Pois, tal como assinala, a lideran\u00e7a \u00e9 &#8220;uma aptid\u00e3o e uma atitude. As aptid\u00f5es podem ser aprendidas e melhoradas com o tempo, a atitude depende de n\u00f3s pr\u00f3prios e, no caso das mulheres, \u00e9 a nossa principal barreira\u201d.<\/p>\n\n\n\n<p>A promo\u00e7\u00e3o de comportamentos inclusivos que n\u00e3o prejudiquem as mulheres que aspiram a cargos de dire\u00e7\u00e3o deve partir da sociedade. De facto, a CEO da Sincerely acredita, ainda, que&nbsp;<strong>a diversidade e a inclus\u00e3o \u00e9 algo que, como dizia a sua av\u00f3, \u201c\u00e9 preciso assimil\u00e1-lo<\/strong>\u201d. No entanto, incentiva as mulheres a &#8220;mudar de atitude&#8221; e a ter confian\u00e7a em si mesmas para enfrentar o medo e quebrar estere\u00f3tipos.<\/p>\n\n\n\n<h2 class=\"wp-block-heading\" id=\"h-educacao-no-respeito-e-na-igualdade-de-oportunidades\"><strong>Educa\u00e7\u00e3o no respeito e na igualdade de oportunidades<\/strong><\/h2>\n\n\n\n<p>A mesma opini\u00e3o \u00e9 partilhada por Sora Sans para quem <strong>a educa\u00e7\u00e3o \u00e9 um fator fundamental na promo\u00e7\u00e3o da igualdade de oportunidades<\/strong>. &#8220;Tudo come\u00e7a com a educa\u00e7\u00e3o no respeito e na igualdade de oportunidades, quer nas escolas quer nos lares, e isto deve acontecer desde o in\u00edcio\u201d.<\/p>\n\n\n\n<p>A empres\u00e1ria da Bulevip insta a <strong>ter muito cuidado &#8220;com as mensagens que transmitimos<\/strong> e que s\u00e3o recebidas pelas novas gera\u00e7\u00f5es, que s\u00e3o o futuro&#8221;. &#8220;\u00c9 fundamental continuar a lutar pela melhoria das pol\u00edticas de concilia\u00e7\u00e3o\u201d.<\/p>\n\n\n\n<p>As empres\u00e1rias concordam que ainda existe uma grande percentagem de mulheres que renunciam a cargos de responsabilidade, por estes serem &#8220;incompat\u00edveis com a sua faceta de m\u00e3es&#8221;. \u00c9 por isso que Sans chama a aten\u00e7\u00e3o para a import\u00e2ncia de criar uma verdadeira concilia\u00e7\u00e3o para poder contar com mulheres nos lugares de lideran\u00e7a.<\/p>\n\n\n\n<h2 class=\"wp-block-heading\" id=\"h-a-educacao-elemento-fundamental-para-a-lideranca-feminina\"><strong>A educa\u00e7\u00e3o, elemento fundamental para a lideran\u00e7a feminina<\/strong><\/h2>\n\n\n\n<p>A educa\u00e7\u00e3o \u00e9 o elemento fundamental para conseguir que cada vez mais mulheres possam alcan\u00e7ar lugares de dire\u00e7\u00e3o em empresas de qualquer sector. Vicedo faz uma reflex\u00e3o neste sentido. Segundo ela, as respostas para a raz\u00e3o de <strong>n\u00e3o se ter conseguido uma plena inclus\u00e3o no \u00e2mbito profissional<\/strong> encontram-se na \u201chist\u00f3ria e no nosso passado\u201d.<\/p>\n\n\n\n<p>A empres\u00e1ria mostra que, quanto mais se demorar a incutir que <strong>as mulheres s\u00e3o t\u00e3o v\u00e1lidas como os homens em posi\u00e7\u00f5es de chefia<\/strong>, mais se demorar\u00e1 a conseguir uma mudan\u00e7a de mentalidade. &#8220;O que levou tempo para ser ensinado e educado, leva um tempo em tornar-se algo natural e admitido por todos\u201d.<\/p>\n\n\n\n<h2 class=\"wp-block-heading\" id=\"h-como-conseguir-maior-diversidade-nas-cupulas-empresariais\"><strong>Como conseguir maior diversidade nas c\u00fapulas empresariais?<\/strong><\/h2>\n\n\n\n<p>Segundo a respons\u00e1vel da Sincerely, tudo aponta para o facto0 de ser preciso conhecer bem o objetivo que a empresa pretende alcan\u00e7ar e reparar que \u201cquanto maior for a riqueza de ideias, maior&nbsp;ser\u00e1 a <a href=\"https:\/\/www.sage.com\/pt-pt\/blog\/inovar-um-ingrediente-fundamental-nos-negocios\/\">inova\u00e7\u00e3o<\/a>, maior ser\u00e1 a competitividade profissional e maior ser\u00e1 o crescimento econ\u00f3mico\u201d.<\/p>\n\n\n\n<p>A fundadora da OnBranding advoga por melhor instruir as mulheres. Faz\u00ea-lo &#8220;diminuiria o n\u00edvel de preocupa\u00e7\u00e3o geral da sociedade\u201d. E \u00e9 que o facto de &#8220;sentir falta ou carestia faz com que n\u00e3o possamos ocupar-nos de quest\u00f5es t\u00e3o b\u00e1sicas e importantes como \u00e9 o cuidado pessoal ou a rela\u00e7\u00e3o com o outro\u201d. D\u00e1 como exemplo pa\u00edses onde se vive &#8220;naturalmente&#8221; e onde, gra\u00e7as a isso, &#8220;<strong>as pessoas podem dar muito mais de si\u201d.<\/strong><\/p>\n\n\n\n<p>O empoderamento da mulher neste \u00e2mbito e no digital consiste em ter &#8220;<strong>educa\u00e7\u00e3o, toler\u00e2ncia, respeito e bom senso<\/strong>\u201d. Qualquer uma delas s\u00e3o armas poderosas como seres humanos, para fazer uma grande diferen\u00e7a, independentemente do sexo da pessoa&#8221;, acrescenta Vicedo.<\/p>\n\n\n\n<h2 class=\"wp-block-heading\" id=\"h-os-perfis-mais-preparados\"><strong>Os perfis mais preparados<\/strong><\/h2>\n\n\n\n<p>Apesar de tudo, seja qual for o posto de trabalho a desempenhar, as empres\u00e1rias mant\u00eam os p\u00e9s no ch\u00e3o e advertem que &#8220;<strong>\u00e9 preciso optar sempre pelos perfis mais preparados<\/strong>&#8220;. A quest\u00e3o \u00e9 que, em muitos casos, o perfil delas \u00e9 o melhor para o lugar.<\/p>\n\n\n\n<p>Sans, por exemplo, mostra que j\u00e1 foi demonstrado ser &#8220;positiva&#8221; a presen\u00e7a de mulheres nos <strong>Conselhos de Administra\u00e7\u00e3o<\/strong>. \u201cDevemos sempre procurar os perfis mais qualificados e que melhor se ajustem ao cargo a desempenhar, independentemente de serem homens ou mulheres. Nisso consiste o equil\u00edbrio real&#8221;, argumenta.<\/p>\n\n\n\n<p>No entanto, isso n\u00e3o significa que ela, como todas as outras empres\u00e1rias, gostaria que a percentagem <strong>de mulheres e homens em<\/strong> <strong>posi\u00e7\u00f5es de lideran\u00e7a&nbsp;\u201cfosse &#8220;mais equitativa&#8221;<\/strong>, embora considerem que se trata de uma &#8220;quest\u00e3o de tempo e evolu\u00e7\u00e3o\u201d.<\/p>\n\n\n<div class=\"single-cta\">\n\t<div class=\"single-cta__positioner\">\n\t\t<div class=\"single-cta__wrapper has-dark-background-color\">\n\t\t\t<div class=\"single-cta__content\">\n\t\t\t\t\t\t\t\t<h2 class=\"single-cta__title h3\">Receba a newsletter Sage Advice<\/h2>\n\n\t\t\t\t\t\t\t\t\t<div class=\"single-cta__description\">\n\t\t\t\t\t\t<p>Inscreva-se para receber o boletim do Sage\u00a0Advice e receba os conselhos mais recentes diretamente no seu e-mail.<\/p>\n\t\t\t\t\t<\/div>\n\t\t\t\t\n\t\t\t\t\t\t\t\t\t\t\t\t\t\t<a\n\t\t\t\t\t\thref=\"#gate-56228f27-e58f-435b-9b72-a561d684e263\"\n\t\t\t\t\t\tclass=\"single-cta__button button button--primary\"\n\t\t\t\t\t\t\t\t\t\t\t\t\t\t\t\t\t>Subscrever<\/a>\n\t\t\t\t\t\t\t<\/div>\n\n\t\t\t\t\t<\/div>\n\n\t\t\t\t\t<img decoding=\"async\" width=\"1215\" height=\"810\" src=\"https:\/\/www.sage.com\/pt-pt\/blog\/wp-content\/uploads\/sites\/15\/2023\/10\/GettyImages-1073868226-1215x810.jpg\" class=\"single-cta__image\" alt=\"Rapaz ao telefone no seu escrit\u00f3rio\" loading=\"lazy\" srcset=\"https:\/\/www.sage.com\/pt-pt\/blog\/wp-content\/uploads\/sites\/15\/2023\/10\/GettyImages-1073868226-1215x810.jpg 1215w\" sizes=\"auto, (min-width: 48em) 33vw, 100vw\" \/>\t\t\t<\/div>\n<\/div>\n","protected":false},"excerpt":{"rendered":"<p>Apesar das mulheres representarem metade da popula\u00e7\u00e3o mundial em idade ativa, apenas uma pequena parte est\u00e1 inserida no mercado de trabalho. E quantas delas ocupam cargos de dire\u00e7\u00e3o? De acordo com o ranking STOXX Europe 600, Portugal ocupa o 13\u00ba. lugar do ranking que avalia a percentagem de mulheres no topo de empresas e apenas [&hellip;]<\/p>\n","protected":false},"author":103,"featured_media":7565,"comment_status":"closed","ping_status":"closed","sticky":false,"template":"","format":"standard","meta":{"_sage_video":false,"post_featured_image_hide":false,"footnotes":""},"categories":[13,14,16,20,23,18],"tags":[90,194,187,223],"business_type":[2,3],"context":[],"industry":[130,132],"persona":[],"imagine_tag":[142,174],"coauthors":[493],"class_list":["post-6382","post","type-post","status-publish","format-standard","has-post-thumbnail","hentry","category-crescimento-de-negocio-e-clientes","category-dinheiro-e-poupanca","category-estrategia-legal-e-processos","category-gestao-diaria-do-dinheiro","category-plano-de-negocios","category-tecnologia-e-inovacao","tag-analise-de-dados","tag-digital","tag-empresas","tag-tecnologia","business_type-pequenas-empresas","business_type-medias-empresas","industry-servicos","industry-tecnologia"],"sage_meta":{"region":"pt-pt","author_name":"Ashley Thompson","featured_image":"https:\/\/www.sage.com\/pt-pt\/blog\/wp-content\/uploads\/sites\/15\/2022\/04\/GettyImages-606911211.jpg","imagine_tags":{"142":"Sal\u00e1rios","174":"Servi\u00e7os Financeiros"}},"distributor_meta":false,"distributor_terms":false,"distributor_media":false,"distributor_original_site_name":"Sage Advice Portugal","distributor_original_site_url":"https:\/\/www.sage.com\/pt-pt\/blog","push-errors":false,"_links":{"self":[{"href":"https:\/\/www.sage.com\/pt-pt\/blog\/api\/wp\/v2\/posts\/6382","targetHints":{"allow":["GET"]}}],"collection":[{"href":"https:\/\/www.sage.com\/pt-pt\/blog\/api\/wp\/v2\/posts"}],"about":[{"href":"https:\/\/www.sage.com\/pt-pt\/blog\/api\/wp\/v2\/types\/post"}],"author":[{"embeddable":true,"href":"https:\/\/www.sage.com\/pt-pt\/blog\/api\/wp\/v2\/users\/103"}],"replies":[{"embeddable":true,"href":"https:\/\/www.sage.com\/pt-pt\/blog\/api\/wp\/v2\/comments?post=6382"}],"version-history":[{"count":0,"href":"https:\/\/www.sage.com\/pt-pt\/blog\/api\/wp\/v2\/posts\/6382\/revisions"}],"wp:featuredmedia":[{"embeddable":true,"href":"https:\/\/www.sage.com\/pt-pt\/blog\/api\/wp\/v2\/media\/7565"}],"wp:attachment":[{"href":"https:\/\/www.sage.com\/pt-pt\/blog\/api\/wp\/v2\/media?parent=6382"}],"wp:term":[{"taxonomy":"category","embeddable":true,"href":"https:\/\/www.sage.com\/pt-pt\/blog\/api\/wp\/v2\/categories?post=6382"},{"taxonomy":"post_tag","embeddable":true,"href":"https:\/\/www.sage.com\/pt-pt\/blog\/api\/wp\/v2\/tags?post=6382"},{"taxonomy":"business_type","embeddable":true,"href":"https:\/\/www.sage.com\/pt-pt\/blog\/api\/wp\/v2\/business_type?post=6382"},{"taxonomy":"context","embeddable":true,"href":"https:\/\/www.sage.com\/pt-pt\/blog\/api\/wp\/v2\/context?post=6382"},{"taxonomy":"industry","embeddable":true,"href":"https:\/\/www.sage.com\/pt-pt\/blog\/api\/wp\/v2\/industry?post=6382"},{"taxonomy":"persona","embeddable":true,"href":"https:\/\/www.sage.com\/pt-pt\/blog\/api\/wp\/v2\/persona?post=6382"},{"taxonomy":"imagine_tag","embeddable":true,"href":"https:\/\/www.sage.com\/pt-pt\/blog\/api\/wp\/v2\/imagine_tag?post=6382"},{"taxonomy":"author","embeddable":true,"href":"https:\/\/www.sage.com\/pt-pt\/blog\/api\/wp\/v2\/coauthors?post=6382"}],"curies":[{"name":"wp","href":"https:\/\/api.w.org\/{rel}","templated":true}]}}