{"id":6640,"date":"2021-06-03T09:30:56","date_gmt":"2021-06-03T08:30:56","guid":{"rendered":"https:\/\/www.sage.com\/pt-pt\/blog\/?p=6640"},"modified":"2025-12-03T15:00:30","modified_gmt":"2025-12-03T15:00:30","slug":"modelo-3-do-imposto-sobre-o-rendimento-das-pessoas-singulares-irs-3","status":"publish","type":"post","link":"https:\/\/www.sage.com\/pt-pt\/blog\/modelo-3-do-imposto-sobre-o-rendimento-das-pessoas-singulares-irs-3\/","title":{"rendered":"Modelo 3 do Imposto sobre o Rendimento das Pessoas Singulares \u2013 IRS"},"content":{"rendered":"<header class=\"entry-header has-dark-background-color entry-header--has-illustration entry-header--has-illustration--generic\">\n\t<div class=\"container\">\n\t\t<div class=\"entry-header__row row align-center\">\n\t\t\t<div class=\"col col-lg-7 col-xlg-6 entry-header__content\">\n\t\t\t\t\t\t\t<div class=\"component component-single-header\">\n\t\t\t\t\t\t\t\t\t\t<div class=\"entry-header__misc text--subtitle text--uppercase text--small\">\n\t\t\t\t\t\t\t<a href=\"https:\/\/www.sage.com\/pt-pt\/blog\/category\/estrategia-legal-e-processos\/\" class=\"entry-header__link\">Estrat\u00e9gia, Legal e Processos<\/a>\t\t\t\t\t\t<\/div>\n\t\t\t\t\n\t\t\t\t<div class=\"entry-title-wrapper\">\n\t\t\t\t\t<h1 class=\"entry-title\">\n\t\t\t\t\t\tModelo 3 do Imposto sobre o Rendimento das Pessoas Singulares \u2013 IRS\t\t\t\t\t<\/h1>\n\t\t\t\t<\/div>\n\n\t\t\t\t\t\t\t\t\t<p class=\"entry-header__description\">\n\t\t\t\t\t\t\t\t\t\t\t<\/p>\n\t\t\t\t\n\t\t\t\t\n\t\t\t\t\n\t\t\t<\/div>\n\n\t\t\t\t\t<\/div>\n\t\t\t\t\t<\/div>\n\t<\/div>\n\t<div class=\"single-post-details container\">\n\t\t<div class=\"col\">\n\t\t\t<span class=\"posted-on \"><time class=\"entry-date published\" datetime=\"2021-06-03T09:30:56+01:00\">June 3, 2021<\/time><\/span><span class=\"reading-time\"> minutos de leitura<\/span>\n\t\t<button\n\t\t\ttype=\"button\"\n\t\t\tclass=\"social-share-button button button--icon button--secondary js-social-share-button\"\n\t\t\tdata-share-title=\"Modelo 3 do Imposto sobre o Rendimento das Pessoas Singulares \u2013 IRS\"\n\t\t\tdata-share-url=\"https:\/\/www.sage.com\/pt-pt\/blog\/modelo-3-do-imposto-sobre-o-rendimento-das-pessoas-singulares-irs-3\/\"\n\t\t\tdata-share-text=\"Por favor, leia este artigo interessante\"\n\t\t>\n\t\t\t<span class=\"social-share-button__share-label\">Partilhar<\/span>\n\t\t\t<span class=\"social-share-button__copy-label\" hidden>Copiar link<\/span>\n\t\t\t<span class=\"social-share-button__copy-tooltip\" aria-hidden=\"true\" hidden>Copiada<\/span>\n\t\t<\/button>\n\n\t\t\t\t<\/div>\n\t<\/div>\n<\/header>\n\n\n\n<div class=\"wp-block-post-author has-dark-background-color alignfull\">\n\t<div class=\"container\">\n\t\t<div class=\"col\">\n\t\t\t\t\t\t\t<div class=\"co-authors\">\n\t\t\t\t\t\n\t\t<div class=\"entry-author-wrapper\">\n\t\t\t<a class=\"entry-author\" href=\"https:\/\/www.sage.com\/pt-pt\/blog\/author\/brunolagos\/\">\n\t\t\t\t<img loading=\"lazy\" decoding=\"async\" width=\"40\" height=\"40\" src=\"https:\/\/www.sage.com\/pt-pt\/blog\/wp-content\/uploads\/sites\/15\/2019\/05\/brunolagos-263x300-1-SQUARE-350x350.jpg\" class=\"entry-author__image\" alt=\"\" srcset=\"https:\/\/www.sage.com\/pt-pt\/blog\/wp-content\/uploads\/sites\/15\/2019\/05\/brunolagos-263x300-1-SQUARE-350x350.jpg 350w, https:\/\/www.sage.com\/pt-pt\/blog\/wp-content\/uploads\/sites\/15\/2019\/05\/brunolagos-263x300-1-SQUARE-768x768.jpg 768w, https:\/\/www.sage.com\/pt-pt\/blog\/wp-content\/uploads\/sites\/15\/2019\/05\/brunolagos-263x300-1-SQUARE-810x810.jpg 810w, https:\/\/www.sage.com\/pt-pt\/blog\/wp-content\/uploads\/sites\/15\/2019\/05\/brunolagos-263x300-1-SQUARE-1536x1536.jpg 1536w, https:\/\/www.sage.com\/pt-pt\/blog\/wp-content\/uploads\/sites\/15\/2019\/05\/brunolagos-263x300-1-SQUARE.jpg 1890w\" sizes=\"auto, (max-width: 40px) 100vw, 40px\" \/>\t\t\t\t<span class=\"entry-author__name\">Bruno Lagos<\/span>\n\t\t\t<\/a>\n\n\t\t\t\t\t<\/div>\n\n\t\t\t\t\t\t<\/div>\n\t\t\t\t\t<\/div>\n\t<\/div>\n<\/div>\n\n\n\n\n\n<h2 class=\"wp-block-heading\" id=\"h-anexo-c-rendimentos-da-categoria-b-tributados-segundo-o-regime-da-contabilidade\">Anexo C \u2013 Rendimentos da Categoria B tributados segundo o regime da contabilidade<\/h2>\n\n\n\n<h2 class=\"wp-block-heading\" id=\"h-1-que-rendimentos-sao-declarados-neste-anexo\">1. Que rendimentos s\u00e3o declarados neste anexo?<\/h2>\n\n\n\n<p>Este anexo destina-se a declarar rendimentos Profissionais, Comerciais e Industriais e Agr\u00edcolas, silv\u00edcolas e pecu\u00e1rios pelas pessoas singulares que optaram por ter contabilidade organizada.<\/p>\n\n\n\n<h2 class=\"wp-block-heading\" id=\"h-2-neste-anexo-sao-declarados-rendimentos-obtidos-em-portugal-e-no-estrangeiro\">2. Neste anexo s\u00e3o declarados rendimentos obtidos em Portugal e no estrangeiro?<\/h2>\n\n\n\n<p>N\u00e3o. Quando forem obtidos rendimentos da categoria B em territ\u00f3rio portugu\u00eas e fora do territ\u00f3rio portugu\u00eas, os mesmos devem ser declarados da seguinte forma:<\/p>\n\n\n\n<ul class=\"wp-block-list\">\n<li><strong>No anexo C (quadro 4)<\/strong>, os rendimentos obtidos em territ\u00f3rio portugu\u00eas;<\/li>\n\n\n\n<li><strong>No anexo J (quadro 6)<\/strong>, os rendimentos obtidos fora do territ\u00f3rio portugu\u00eas, devendo os mesmos ser, tamb\u00e9m, inclu\u00eddos no quadro 11B e no quadro 11C do anexo C.<\/li>\n<\/ul>\n\n\n\n<figure class=\"wp-block-image aligncenter\"><img decoding=\"async\" src=\"https:\/\/www.sage.com\/pt-pt\/blog\/wp-content\/uploads\/sites\/15\/2021\/06\/Imagem2-300x107.png\" alt=\"\" class=\"wp-image-6641\"\/><\/figure>\n\n\n\n<p><\/p>\n\n\n\n<p>Se no ano a que respeita a declara\u00e7\u00e3o <strong>apenas<\/strong> tiverem sido <strong>obtidos rendimentos da categoria B fora do territ\u00f3rio portugu\u00eas<\/strong>, para al\u00e9m da respetiva inclus\u00e3o no <strong>anexo J<\/strong>, deve tamb\u00e9m ser apresentado o <strong>anexo C<\/strong> com os quadros 1, 3, 11B, 12 e 13 preenchidos.<\/p>\n\n\n\n<h2 class=\"wp-block-heading\" id=\"h-3-a-quem-se-aplica-o-regime-fiscal-de-ex-residentes\">3. A quem se aplica o regime fiscal de ex-residentes?<\/h2>\n\n\n\n<p>Os titulares dos rendimentos que re\u00fanam os pressupostos e condi\u00e7\u00f5es previstos nos n.\u00bas 1 e 2 do artigo 12.\u00ba-A do C\u00f3digo do IRS, a saber:<\/p>\n\n\n\n<ul class=\"wp-block-list\">\n<li>Tenham sido residentes em territ\u00f3rio portugu\u00eas antes de 31-12-2015;<\/li>\n\n\n\n<li>N\u00e3o tenham sido considerados residentes em territ\u00f3rio portugu\u00eas em qualquer um dos tr\u00eas anos anteriores a 2019 ou 2020;<\/li>\n\n\n\n<li>Voltem a ser fiscalmente residentes em territ\u00f3rio portugu\u00eas em 2019 ou em 2020, nos termos dos n.\u00bas 1 e 2 do artigo 16.\u00ba do C\u00f3digo do IRS;<\/li>\n\n\n\n<li>N\u00e3o tenham solicitado a sua inscri\u00e7\u00e3o como residente n\u00e3o habitual;<\/li>\n\n\n\n<li>Tenham a sua situa\u00e7\u00e3o tribut\u00e1ria regularizada em cada um dos anos em que seja aplic\u00e1vel o regime de benef\u00edcio fiscal.<\/li>\n\n\n\n<li>E pretendam usufruir deste regime fiscal devem indicar, no campo 12 do Quadro 3C, o ano em que se tornaram fiscalmente residentes em Portugal.<\/li>\n<\/ul>\n\n\n\n<h2 class=\"wp-block-heading\" id=\"h-4-em-que-consiste-o-regime-fiscal-de-ex-residentes\">4. Em que consiste o regime fiscal de ex-residentes?<\/h2>\n\n\n\n<p>S\u00e3o exclu\u00eddos de tributa\u00e7\u00e3o 50% dos rendimentos do trabalho dependente e dos rendimentos empresariais e profissionais dos sujeitos passivos que se tornaram fiscalmente residentes em 2019 ou 2020.<\/p>\n\n\n\n<h2 class=\"wp-block-heading\" id=\"h-5-em-que-quadro-e-apurado-o-rendimento-liquido\">5. Em que quadro \u00e9 apurado o rendimento l\u00edquido?<\/h2>\n\n\n\n<p>No quadro 4. Deve ser sempre preenchido, independentemente de haver ou n\u00e3o corre\u00e7\u00f5es a efetuar ao &#8220;RESULTADO L\u00cdQUIDO DO PER\u00cdODO&#8221; apurado na contabilidade, o qual, quando negativo, deve ser indicado com o sinal negativo (-).<\/p>\n\n\n\n<p>Este Quadro \u00e9 muito semelhante ao Quadro 07 da <a href=\"https:\/\/www.sage.com\/pt-pt\/blog\/dicion%C3%A1rio-termos-empresariais\/modelo-22\/\">Modelo 22<\/a>. Pretende-se com este quadro passar do Resultado Contabil\u00edstico para o Resultado Fiscal. Esta passagem consiste em expurgar gastos contabil\u00edsticos que n\u00e3o s\u00e3o gastos fiscais e deduzir rendimentos e benef\u00edcios fiscais que n\u00e3o constam do resultado contabil\u00edstico.<\/p>\n\n\n\n<p>Pela sua novidade, devem ser destacados os seguintes campos:<\/p>\n\n\n\n<ul class=\"wp-block-list\">\n<li><strong>Campo 478 &#8211; Despesas com a aquisi\u00e7\u00e3o de bens e servi\u00e7os diretamente necess\u00e1rios para a implementa\u00e7\u00e3o do <a href=\"https:\/\/www.sage.com\/pt-pt\/blog\/dicion%C3%A1rio-termos-empresariais\/saf-t\/\">SAF-T<\/a>, relativo \u00e0 contabilidade, do <a href=\"https:\/\/www.sage.com\/pt-pt\/blog\/qr-code-o-que-e-quando-entra-em-vigor-como-usufruir-de-todos-os-beneficios-fiscais-previstos-na-lei\/\">c\u00f3digo QR e do ATCUD<\/a><br><br><\/strong>Destina-se a indicar o valor das majora\u00e7\u00f5es relativas a despesas com a aquisi\u00e7\u00e3o de bens e servi\u00e7os diretamente necess\u00e1rios para a implementa\u00e7\u00e3o do SAF-T, relativo \u00e0 contabilidade, do c\u00f3digo QR e do ATCUD. VALOR A DEDUZIR<\/li>\n\n\n\n<li><strong>Campo 479 \u2013 Acr\u00e9scimo da majora\u00e7\u00e3o considerada em per\u00edodos anteriores, referente a despesas com a aquisi\u00e7\u00e3o de bens e servi\u00e7os diretamente necess\u00e1rios para a implementa\u00e7\u00e3o do SAF-T, relativo \u00e0 contabilidade, do c\u00f3digo QR e do ATCUD<\/strong><br><br>Destina-se a indicar o valor das majora\u00e7\u00f5es, consideradas em per\u00edodos anteriores, relativas a despesas com a aquisi\u00e7\u00e3o de bens e servi\u00e7os diretamente necess\u00e1rios para a implementa\u00e7\u00e3o do SAF-T, relativo \u00e0 contabilidade, do c\u00f3digo QR e do ATCUD, bem como da respetiva penaliza\u00e7\u00e3o, por n\u00e3o terem sido cumpridos os prazos previstos para as referidas implementa\u00e7\u00f5es. VALOR A ACRESCER<\/li>\n<\/ul>\n\n\n\n<h2 class=\"wp-block-heading\" id=\"h-6-que-beneficios-fiscais-podem-ser-deduzidos-no-quadro-4\">6. Que benef\u00edcios fiscais podem ser deduzidos no Quadro 4?<\/h2>\n\n\n\n<ul class=\"wp-block-list\">\n<li>Benef\u00edcios para a cria\u00e7\u00e3o de emprego<\/li>\n\n\n\n<li>Majora\u00e7\u00e3o dos gastos relativos a creches, lact\u00e1rios e jardins de inf\u00e2ncia (n.\u00ba 9 do artigo 43.\u00ba do C\u00f3digo do IRC).<\/li>\n\n\n\n<li>Majora\u00e7\u00e3o de quotiza\u00e7\u00f5es pagas a favor das associa\u00e7\u00f5es empresariais (artigo 44.\u00ba do C\u00f3digo do IRC).<\/li>\n\n\n\n<li>Majora\u00e7\u00e3o dos gastos suportados com a aquisi\u00e7\u00e3o de eletricidade para abastecimento de ve\u00edculos (artigo 59.\u00ba-A do EBF).<\/li>\n\n\n\n<li>Majora\u00e7\u00e3o dos gastos suportados com a aquisi\u00e7\u00e3o de g\u00e1s natural veicular (GNV) e gases de petr\u00f3leo liquefeito (GPL) para abastecimento de ve\u00edculos (artigo 59.\u00ba-A do EBF).<\/li>\n\n\n\n<li>Majora\u00e7\u00e3o das despesas com sistemas de car-sharing (artigo 59.\u00ba-B do EBF).<\/li>\n\n\n\n<li>Majora\u00e7\u00e3o das despesas com sistemas de bike-sharing (artigo 59.\u00ba-B do EBF).<\/li>\n\n\n\n<li>Majora\u00e7\u00e3o das despesas com a aquisi\u00e7\u00e3o de frotas de veloc\u00edpedes em benef\u00edcio do pessoal do sujeito passivo (artigo 59.\u00ba-C do EBF).<\/li>\n\n\n\n<li>Majora\u00e7\u00e3o das contribui\u00e7\u00f5es financeiras dos propriet\u00e1rios e produtores florestais aderentes a uma zona de interven\u00e7\u00e3o florestal (n.\u00ba 12 do artigo 59.\u00ba-D do EBF).<\/li>\n\n\n\n<li>Majora\u00e7\u00e3o aplicada aos donativos ao Estado previstos no artigo 62.\u00ba do EBF.<\/li>\n\n\n\n<li>Majora\u00e7\u00e3o aplicada aos donativos para o Mecenato cient\u00edfico previstos no artigo 62.\u00ba-A do EBF.<\/li>\n\n\n\n<li>Majora\u00e7\u00e3o aplicada aos donativos para Mecenato cultural previstos no artigo 62.\u00ba-B do EBF.<\/li>\n<\/ul>\n\n\n\n<h2 class=\"wp-block-heading\" id=\"h-7-a-propriedade-intelectual-tem-algum-beneficio-fiscal-no-irs\">7. A propriedade intelectual tem algum benef\u00edcio fiscal no IRS?<\/h2>\n\n\n\n<p>Sim. Se preencheu o campo 460 do quadro 4, deve indicar neste quadro, no campo 471, o valor total dos rendimentos da propriedade intelectual que estejam abrangidos pelo artigo 58.\u00ba do Estatuto dos Benef\u00edcios Fiscais (s\u00e3o considerados no englobamento, para efeitos do IRS, apenas por 50 % do seu valor, l\u00edquido de outros benef\u00edcios e a import\u00e2ncia exclu\u00edda n\u00e3o pode exceder os \u20ac 10.000), isto \u00e9, deve indicar-se o montante resultante da soma do valor da parte isenta com o valor da parte n\u00e3o isenta.<\/p>\n\n\n\n<h2 class=\"wp-block-heading\" id=\"h-8-quem-preenche-este-anexo-tambem-esta-sujeito-a-tributacoes-autonomas\">8. Quem preenche este anexo tamb\u00e9m est\u00e1 sujeito a tributa\u00e7\u00f5es aut\u00f3nomas?<\/h2>\n\n\n\n<p>Sim. No quadro 10, do Anexo C, devem ser indicados os montantes das despesas sujeitas a tributa\u00e7\u00e3o aut\u00f3noma, nos termos do artigo 73.\u00ba do C\u00f3digo do IRS.<\/p>\n\n\n\n<p>Consideram-se despesas de representa\u00e7\u00e3o, nomeadamente, os encargos suportados com rece\u00e7\u00f5es, refei\u00e7\u00f5es, viagens, passeios e espet\u00e1culos oferecidos no Pa\u00eds ou no estrangeiro a clientes ou a fornecedores ou ainda a quaisquer outras pessoas ou entidades (n.\u00ba 4 do artigo 73.\u00ba do C\u00f3digo do IRS).<\/p>\n\n\n\n<p>Consideram-se encargos relacionados com viaturas ligeiras de passageiros, motos e motociclos, nomeadamente, as reintegra\u00e7\u00f5es, rendas ou alugueres, seguros, despesas com manuten\u00e7\u00e3o e conserva\u00e7\u00e3o, combust\u00edveis e impostos incidentes sobre a sua posse ou utiliza\u00e7\u00e3o (n.\u00ba 5 do artigo 73.\u00ba do C\u00f3digo do IRS).<\/p>\n\n\n\n<p>N\u00e3o est\u00e3o sujeitos a tributa\u00e7\u00e3o aut\u00f3noma os encargos referentes a ve\u00edculos movidos exclusivamente a energia el\u00e9trica (n.\u00ba 2 do artigo 73.\u00ba do C\u00f3digo do IRS).<\/p>\n\n\n\n<h2 class=\"wp-block-heading\" id=\"h-9-os-rendimentos-comerciais-provenientes-do-alojamento-local-podem-ser-tributados-com-as-regras-da-categoria-f-rendimentos-prediais\">9. Os rendimentos comerciais provenientes do alojamento local podem ser tributados com as regras da Categoria F \u2013 Rendimentos Prediais?<\/h2>\n\n\n\n<p>Sim. O quadro 13, do Anexo C, destina-se a exercer a op\u00e7\u00e3o pela tributa\u00e7\u00e3o de acordo com as regras estabelecidas para a categoria F \u2013 RENDIMENTOS PREDIAIS, relativamente a rendimentos da explora\u00e7\u00e3o de estabelecimentos de alojamento local na modalidade de moradia ou apartamento, obtidos no ano a que respeita a declara\u00e7\u00e3o (n.\u00ba 14 do artigo 28.\u00ba do C\u00f3digo do IRS).<\/p>\n\n\n\n<h2 class=\"wp-block-heading\" id=\"h-10-o-aimi-pago-deve-ser-referido-neste-anexo\">10. O AIMI pago deve ser referido neste anexo?<\/h2>\n\n\n\n<p>O quadro 14, do Anexo C, destina-se \u00e0 identifica\u00e7\u00e3o dos pr\u00e9dios urbanos de que o sujeito passivo seja titular, que tenham gerado rendimentos no \u00e2mbito de atividade de arrendamento ou hospedagem, e sobre os mesmos tenha incidido o AIMI. Para preenchimento deste quadro deve ter em aten\u00e7\u00e3o a informa\u00e7\u00e3o constante da Demonstra\u00e7\u00e3o de Liquida\u00e7\u00e3o do AIMI.<\/p>\n\n\n<div class=\"single-cta\">\n\t<div class=\"single-cta__positioner\">\n\t\t<div class=\"single-cta__wrapper has-dark-background-color\">\n\t\t\t<div class=\"single-cta__content\">\n\t\t\t\t\t\t\t\t<h2 class=\"single-cta__title h3\">Receba a newsletter Sage Advice<\/h2>\n\n\t\t\t\t\t\t\t\t\t<div class=\"single-cta__description\">\n\t\t\t\t\t\t<p>Inscreva-se para receber o boletim do Sage\u00a0Advice e receba os conselhos mais recentes diretamente no seu e-mail.<\/p>\n\t\t\t\t\t<\/div>\n\t\t\t\t\n\t\t\t\t\t\t\t\t\t\t\t\t\t\t<a\n\t\t\t\t\t\thref=\"#gate-56228f27-e58f-435b-9b72-a561d684e263\"\n\t\t\t\t\t\tclass=\"single-cta__button button button--primary\"\n\t\t\t\t\t\t\t\t\t\t\t\t\t\t\t\t\t>Subscrever<\/a>\n\t\t\t\t\t\t\t<\/div>\n\n\t\t\t\t\t<\/div>\n\n\t\t\t\t\t<img decoding=\"async\" width=\"1215\" height=\"810\" src=\"https:\/\/www.sage.com\/pt-pt\/blog\/wp-content\/uploads\/sites\/15\/2023\/10\/GettyImages-1073868226-1215x810.jpg\" class=\"single-cta__image\" alt=\"Rapaz ao telefone no seu escrit\u00f3rio\" loading=\"lazy\" srcset=\"https:\/\/www.sage.com\/pt-pt\/blog\/wp-content\/uploads\/sites\/15\/2023\/10\/GettyImages-1073868226-1215x810.jpg 1215w\" sizes=\"auto, (min-width: 48em) 33vw, 100vw\" \/>\t\t\t<\/div>\n<\/div>\n","protected":false},"excerpt":{"rendered":"<p>Anexo C \u2013 Rendimentos da Categoria B tributados segundo o regime da contabilidade 1. Que rendimentos s\u00e3o declarados neste anexo? Este anexo destina-se a declarar rendimentos Profissionais, Comerciais e Industriais e Agr\u00edcolas, silv\u00edcolas e pecu\u00e1rios pelas pessoas singulares que optaram por ter contabilidade organizada. 2. Neste anexo s\u00e3o declarados rendimentos obtidos em Portugal e no [&hellip;]<\/p>\n","protected":false},"author":799,"featured_media":7657,"comment_status":"closed","ping_status":"closed","sticky":false,"template":"","format":"standard","meta":{"_sage_video":false,"post_featured_image_hide":false,"footnotes":""},"categories":[16],"tags":[287],"business_type":[135],"context":[],"industry":[130,126],"persona":[],"imagine_tag":[155],"coauthors":[504],"class_list":["post-6640","post","type-post","status-publish","format-standard","has-post-thumbnail","hentry","category-estrategia-legal-e-processos","tag-novidades-legais","business_type-contabilistas","industry-servicos","industry-servicos-financeiros"],"sage_meta":{"region":"pt-pt","author_name":"Bruno Lagos","featured_image":"https:\/\/www.sage.com\/pt-pt\/blog\/wp-content\/uploads\/sites\/15\/2022\/04\/GettyImages-1314039604.jpg","imagine_tags":{"155":"Legal"}},"distributor_meta":false,"distributor_terms":false,"distributor_media":false,"distributor_original_site_name":"Sage Advice Portugal","distributor_original_site_url":"https:\/\/www.sage.com\/pt-pt\/blog","push-errors":false,"_links":{"self":[{"href":"https:\/\/www.sage.com\/pt-pt\/blog\/api\/wp\/v2\/posts\/6640","targetHints":{"allow":["GET"]}}],"collection":[{"href":"https:\/\/www.sage.com\/pt-pt\/blog\/api\/wp\/v2\/posts"}],"about":[{"href":"https:\/\/www.sage.com\/pt-pt\/blog\/api\/wp\/v2\/types\/post"}],"author":[{"embeddable":true,"href":"https:\/\/www.sage.com\/pt-pt\/blog\/api\/wp\/v2\/users\/799"}],"replies":[{"embeddable":true,"href":"https:\/\/www.sage.com\/pt-pt\/blog\/api\/wp\/v2\/comments?post=6640"}],"version-history":[{"count":0,"href":"https:\/\/www.sage.com\/pt-pt\/blog\/api\/wp\/v2\/posts\/6640\/revisions"}],"wp:featuredmedia":[{"embeddable":true,"href":"https:\/\/www.sage.com\/pt-pt\/blog\/api\/wp\/v2\/media\/7657"}],"wp:attachment":[{"href":"https:\/\/www.sage.com\/pt-pt\/blog\/api\/wp\/v2\/media?parent=6640"}],"wp:term":[{"taxonomy":"category","embeddable":true,"href":"https:\/\/www.sage.com\/pt-pt\/blog\/api\/wp\/v2\/categories?post=6640"},{"taxonomy":"post_tag","embeddable":true,"href":"https:\/\/www.sage.com\/pt-pt\/blog\/api\/wp\/v2\/tags?post=6640"},{"taxonomy":"business_type","embeddable":true,"href":"https:\/\/www.sage.com\/pt-pt\/blog\/api\/wp\/v2\/business_type?post=6640"},{"taxonomy":"context","embeddable":true,"href":"https:\/\/www.sage.com\/pt-pt\/blog\/api\/wp\/v2\/context?post=6640"},{"taxonomy":"industry","embeddable":true,"href":"https:\/\/www.sage.com\/pt-pt\/blog\/api\/wp\/v2\/industry?post=6640"},{"taxonomy":"persona","embeddable":true,"href":"https:\/\/www.sage.com\/pt-pt\/blog\/api\/wp\/v2\/persona?post=6640"},{"taxonomy":"imagine_tag","embeddable":true,"href":"https:\/\/www.sage.com\/pt-pt\/blog\/api\/wp\/v2\/imagine_tag?post=6640"},{"taxonomy":"author","embeddable":true,"href":"https:\/\/www.sage.com\/pt-pt\/blog\/api\/wp\/v2\/coauthors?post=6640"}],"curies":[{"name":"wp","href":"https:\/\/api.w.org\/{rel}","templated":true}]}}