{"id":6754,"date":"2021-08-13T09:52:30","date_gmt":"2021-08-13T08:52:30","guid":{"rendered":"https:\/\/www.sage.com\/pt-pt\/blog\/?p=6754"},"modified":"2025-12-03T14:58:16","modified_gmt":"2025-12-03T14:58:16","slug":"qual-o-impacto-a-medio-prazo-de-um-projeto-de-investimento-financiado-pelo-si-inovacao","status":"publish","type":"post","link":"https:\/\/www.sage.com\/pt-pt\/blog\/qual-o-impacto-a-medio-prazo-de-um-projeto-de-investimento-financiado-pelo-si-inovacao\/","title":{"rendered":"Qual o impacto a m\u00e9dio prazo de um projeto de investimento financiado pelo SI Inova\u00e7\u00e3o?"},"content":{"rendered":"<header class=\"entry-header has-dark-background-color entry-header--has-illustration entry-header--has-illustration--generic\">\n\t<div class=\"container\">\n\t\t<div class=\"entry-header__row row align-center\">\n\t\t\t<div class=\"col col-lg-7 col-xlg-6 entry-header__content\">\n\t\t\t\t\t\t\t<div class=\"component component-single-header\">\n\t\t\t\t\t\t\t\t\t\t<div class=\"entry-header__misc text--subtitle text--uppercase text--small\">\n\t\t\t\t\t\t\t<a href=\"https:\/\/www.sage.com\/pt-pt\/blog\/category\/rh-e-lideranca\/\" class=\"entry-header__link\">RH e Lideran\u00e7a<\/a>\t\t\t\t\t\t<\/div>\n\t\t\t\t\n\t\t\t\t<div class=\"entry-title-wrapper\">\n\t\t\t\t\t<h1 class=\"entry-title\">\n\t\t\t\t\t\tQual o impacto a m\u00e9dio prazo de um projeto de investimento financiado pelo SI Inova\u00e7\u00e3o?\t\t\t\t\t<\/h1>\n\t\t\t\t<\/div>\n\n\t\t\t\t\t\t\t\t\t<p class=\"entry-header__description\">\n\t\t\t\t\t\t\t\t\t\t\t<\/p>\n\t\t\t\t\n\t\t\t\t\n\t\t\t\t\n\t\t\t<\/div>\n\n\t\t\t\t\t<\/div>\n\t\t\t\t\t<\/div>\n\t<\/div>\n\t<div class=\"single-post-details container\">\n\t\t<div class=\"col\">\n\t\t\t<span class=\"posted-on \"><time class=\"entry-date published\" datetime=\"2021-08-13T09:52:30+01:00\">August 13, 2021<\/time><\/span><span class=\"reading-time\"> minutos de leitura<\/span>\n\t\t<button\n\t\t\ttype=\"button\"\n\t\t\tclass=\"social-share-button button button--icon button--secondary js-social-share-button\"\n\t\t\tdata-share-title=\"Qual o impacto a m\u00e9dio prazo de um projeto de investimento financiado pelo SI Inova\u00e7\u00e3o?\"\n\t\t\tdata-share-url=\"https:\/\/www.sage.com\/pt-pt\/blog\/qual-o-impacto-a-medio-prazo-de-um-projeto-de-investimento-financiado-pelo-si-inovacao\/\"\n\t\t\tdata-share-text=\"Por favor, leia este artigo interessante\"\n\t\t>\n\t\t\t<span class=\"social-share-button__share-label\">Partilhar<\/span>\n\t\t\t<span class=\"social-share-button__copy-label\" hidden>Copiar link<\/span>\n\t\t\t<span class=\"social-share-button__copy-tooltip\" aria-hidden=\"true\" hidden>Copiada<\/span>\n\t\t<\/button>\n\n\t\t\t\t<\/div>\n\t<\/div>\n<\/header>\n\n\n\n<div class=\"wp-block-post-author has-dark-background-color alignfull\">\n\t<div class=\"container\">\n\t\t<div class=\"col\">\n\t\t\t\t\t\t\t<div class=\"co-authors\">\n\t\t\t\t\t\n\t\t<div class=\"entry-author-wrapper\">\n\t\t\t<a class=\"entry-author\" href=\"https:\/\/www.sage.com\/pt-pt\/blog\/author\/celiaesteves\/\">\n\t\t\t\t<img loading=\"lazy\" decoding=\"async\" width=\"40\" height=\"40\" src=\"https:\/\/www.sage.com\/pt-pt\/blog\/wp-content\/uploads\/sites\/15\/2021\/03\/Yunit-Celia-Esteves-1-350x350.jpg\" class=\"entry-author__image\" alt=\"\" \/>\t\t\t\t<span class=\"entry-author__name\">C\u00e9lia Esteves<\/span>\n\t\t\t<\/a>\n\n\t\t\t\t\t<\/div>\n\n\t\t\t\t\t\t<\/div>\n\t\t\t\t\t<\/div>\n\t<\/div>\n<\/div>\n\n\n\n\n\n<p>Porque um exemplo torna mais f\u00e1cil perceber, descrevo hoje o caso de uma empresa com atividade no setor da pastelaria, em representa\u00e7\u00e3o da <a href=\"https:\/\/www.sage.com\/pt-pt\/blog\/industria-alimentar-digital-nao-uma-opcao-e-a-unica-direcao\/\">ind\u00fastria alimentar<\/a>.<\/p>\n\n\n\n<p>Como primeiro enquadramento, \u00e9 de referir que a ind\u00fastria alimentar apresentou, em 2019, <strong>quase 14 mil milh\u00f5es \u20ac de volume de neg\u00f3cios<\/strong> e mais de 101 mil pessoas ao servi\u00e7o. \u00c9, assim, a ind\u00fastria transformadora mais relevante quer em vendas quer em n\u00famero de pessoas ao servi\u00e7o.<\/p>\n\n\n\n<p>Em rela\u00e7\u00e3o \u00e0 empresa em concreto, conhecemo-la em 2016, com 4 anos e um volume de neg\u00f3cios de cerca de 3M\u20ac. Tinha por ambi\u00e7\u00e3o continuar a crescer, apesar de estar no limite da sua capacidade produtiva.<\/p>\n\n\n\n<h2 class=\"wp-block-heading\" id=\"h-que-desafios-a-curto-prazo\">Que desafios a curto prazo?<\/h2>\n\n\n\n<p>Por um lado, esta empresa tinha uma necessidade premente de melhorar a sua efici\u00eancia energ\u00e9tica e aumentar a sua <a href=\"https:\/\/www.sage.com\/pt-pt\/blog\/a-industria-da-producao-num-mundo-em-mudanca\/\">capacidade produtiva<\/a>. Por outro lado, pretendia melhorar significativamente os produtos que disponibilizava ao mercado. Com esta perspetiva, seria expect\u00e1vel uma aposta em atividades de investiga\u00e7\u00e3o e <a href=\"https:\/\/www.sage.com\/pt-pt\/blog\/o-futuro-da-producao-e-book\/\">desenvolvimento e inova\u00e7\u00e3o tecnol\u00f3gica<\/a>. Este tipo de a\u00e7\u00f5es contribuiria, com certeza, para reduzir a exposi\u00e7\u00e3o \u00e0 grande distribui\u00e7\u00e3o e desenvolver o processo de internacionaliza\u00e7\u00e3o da empresa.<\/p>\n\n\n\n<p>Esta necessidade foi corroborada pela <strong>an\u00e1lise \u00e0 concorr\u00eancia<\/strong> realizada, concluindo-se ser determinante atuar em duas vias: por um lado, aumentar significativamente a efici\u00eancia do processo produtivo para competir com as empresas com posicionamento &#8220;industrial&#8221;; por outro, diferenciar o produto para competir com empresas com posicionamento &#8220;tradicional e regional&#8221;.<\/p>\n\n\n\n<p>Da <strong>an\u00e1lise ao mercado<\/strong> verificava-se uma tend\u00eancia de crescimento do setor, apesar da representatividade no mercado internacional ser ainda reduzida. Analisando as tend\u00eancias, verificava-se um crescimento maior de produtos de do\u00e7aria tradicional e tamb\u00e9m uma forte recetividade para produtos inovadores e funcionais que satisfizessem necessidades espec\u00edficas dos clientes.<\/p>\n\n\n\n<h2 class=\"wp-block-heading\" id=\"h-perante-a-analise-qual-a-estrategia\">Perante a an\u00e1lise, qual a estrat\u00e9gia?<\/h2>\n\n\n\n<p>Decorrente da an\u00e1lise estrat\u00e9gica foram definidos diversos objetivos estrat\u00e9gicos:<\/p>\n\n\n\n<ul class=\"wp-block-list\">\n<li>Aumento da capacidade produtiva,<\/li>\n\n\n\n<li>Obten\u00e7\u00e3o de economias de escala,<\/li>\n\n\n\n<li>Melhoria da efici\u00eancia produtiva e energ\u00e9tica,<\/li>\n\n\n\n<li>Introdu\u00e7\u00e3o de <a href=\"https:\/\/www.sage.com\/pt-pt\/cp\/industrialimentaredebebidas\/\">inova\u00e7\u00e3o tecnol\u00f3gica<\/a> por via de equipamentos e softwares, segundo conceitos da <a href=\"https:\/\/www.sage.com\/pt-pt\/blog\/como-a-industria-4-0-pode-ajudar-a-criar-a-fabrica-do-futuro-parte-1\/\">ind\u00fastria 4.0<\/a>,<\/li>\n\n\n\n<li>Lan\u00e7amento de produtos novos e diferenciados.<\/li>\n<\/ul>\n\n\n\n<p>Perante os objetivos estrat\u00e9gicos foi definido um <strong>projeto de investimento<\/strong> de 1,8 M\u20ac, a ser realizado em 2 anos, que se traduziu em objetivos SMART concretos.<\/p>\n\n\n\n<p>Na defini\u00e7\u00e3o dos investimentos foram tidas em considera\u00e7\u00e3o <strong>preocupa\u00e7\u00f5es no \u00e2mbito ambiental, energ\u00e9tico e de sustentabilidade<\/strong>. Os investimentos contribu\u00edram de forma significativa para a redu\u00e7\u00e3o de poluentes, quer no que diz respeito \u00e0 sua emiss\u00e3o, quer pelo aumento da reciclagem. O consumo energ\u00e9tico foi um dos fatores diferenciadores na sele\u00e7\u00e3o dos equipamentos e da tecnologia base destes.<\/p>\n\n\n\n<p>No que diz respeito \u00e0 componente de transi\u00e7\u00e3o digital, a empresa procedeu \u00e0 digitaliza\u00e7\u00e3o dos dados associados \u00e0 produ\u00e7\u00e3o para, em simult\u00e2neo, controlar o processo produtivo em tempo real e como suporte \u00e0 gest\u00e3o.<\/p>\n\n\n\n<p>Complementarmente, o investimento num Laborat\u00f3rio de I&amp;D foi decisivo para a realiza\u00e7\u00e3o de testes piloto e para a cria\u00e7\u00e3o de produtos novos ou significativamente melhorados.<\/p>\n\n\n\n<p>Concluindo, o investimento foi efetivamente realizado em 2,5 anos, com uma <strong>taxa de execu\u00e7\u00e3o de 99,5%<\/strong>. No decorrer do projeto verificaram-se algumas altera\u00e7\u00f5es aos itens de investimento que n\u00e3o colocaram em causa os objetivos definidos.<\/p>\n\n\n\n<h2 class=\"wp-block-heading\" id=\"h-qual-o-resultado-da-estrategia-e-do-investimento\">Qual o resultado da estrat\u00e9gia e do investimento?<\/h2>\n\n\n\n<p>Entre 2016 e 2019, o <strong>volume de neg\u00f3cios da empresa cresceu 80%<\/strong>, ou seja, mais de 60 p.p. acima da ind\u00fastria alimentar. No que diz respeito ao pessoal ao servi\u00e7o, a empresa j\u00e1 contratou 11 colaboradores, sendo tr\u00eas deles altamente qualificados, contribuindo positivamente para o aumento da qualifica\u00e7\u00e3o do setor em que se insere.<\/p>\n\n\n\n<p>Estes resultados s\u00e3o reflexo da implementa\u00e7\u00e3o de um projeto estruturado e planeado de acordo com as necessidades da empresa.<\/p>\n\n\n\n<h2 class=\"wp-block-heading\" id=\"h-mas-o-mundo-nao-para-qual-o-futuro\">Mas o Mundo n\u00e3o p\u00e1ra! Qual o futuro?<\/h2>\n\n\n\n<p>A empresa continua a investir. Em 2020, foi feita a atualiza\u00e7\u00e3o da an\u00e1lise estrat\u00e9gica e definido um novo projeto de investimento de 7M\u20ac a ser realizado em 2021 e 2022.<\/p>\n\n\n\n<p>A empresa pretende agora n\u00e3o s\u00f3 produzir mais, mas tamb\u00e9m incorporar tecnologias mais avan\u00e7adas, automatizadas e robotizadas. Estas v\u00e3o permitir aumentar a versatilidade e flexibilidade para trabalhar pequenas ou grandes s\u00e9ries, como um maior rigor e menor desperd\u00edcio.<\/p>\n\n\n\n<h2 class=\"wp-block-heading\" id=\"h-ainda-esta-hesitante-quanto-a-execucao-do-projeto-de-investimento-que-lhe-permitira-concretizar-aquela-evolucao-tao-ambicionada\">Ainda est\u00e1 hesitante quanto \u00e0 execu\u00e7\u00e3o do projeto de investimento que lhe permitir\u00e1 concretizar aquela evolu\u00e7\u00e3o t\u00e3o ambicionada?<\/h2>\n\n\n\n<p>Come\u00e7ando pelo levantamento dos constrangimentos e limita\u00e7\u00f5es do neg\u00f3cio, n\u00e3o deixe de identificar os fatores diferenciadores que conduzem \u00e0 defini\u00e7\u00e3o de uma estrat\u00e9gia ganhadora que permita chegar a mercados setoriais e geogr\u00e1ficos diversificados e, de prefer\u00eancia, exigentes.<\/p>\n\n\n\n<p>Adicionalmente, n\u00e3o descure as compet\u00eancias e qualifica\u00e7\u00f5es da sua equipa para conseguir, continuamente, responder \u00e0s necessidades do mercado.<\/p>\n\n\n\n<p>E a\u00ed, sim, depois de devidamente fundamentado, <a href=\"https:\/\/www.sage.com\/pt-pt\/blog\/si-a-inovacao-apoia-projetos-com-estrategias-de-diferenciacao\/\">avance com o investimento<\/a>. H\u00e1 imensos bons exemplos para demonstrar que vale a pena.<\/p>\n\n\n<div class=\"single-cta\">\n\t<div class=\"single-cta__positioner\">\n\t\t<div class=\"single-cta__wrapper has-dark-background-color\">\n\t\t\t<div class=\"single-cta__content\">\n\t\t\t\t\t\t\t\t<h2 class=\"single-cta__title h3\">Receba a newsletter Sage Advice<\/h2>\n\n\t\t\t\t\t\t\t\t\t<div class=\"single-cta__description\">\n\t\t\t\t\t\t<p>Inscreva-se para receber o boletim do Sage\u00a0Advice e receba os conselhos mais recentes diretamente no seu e-mail.<\/p>\n\t\t\t\t\t<\/div>\n\t\t\t\t\n\t\t\t\t\t\t\t\t\t\t\t\t\t\t<a\n\t\t\t\t\t\thref=\"#gate-56228f27-e58f-435b-9b72-a561d684e263\"\n\t\t\t\t\t\tclass=\"single-cta__button button button--primary\"\n\t\t\t\t\t\t\t\t\t\t\t\t\t\t\t\t\t>Subscrever<\/a>\n\t\t\t\t\t\t\t<\/div>\n\n\t\t\t\t\t<\/div>\n\n\t\t\t\t\t<img decoding=\"async\" width=\"1215\" height=\"810\" src=\"https:\/\/www.sage.com\/pt-pt\/blog\/wp-content\/uploads\/sites\/15\/2023\/10\/GettyImages-1073868226-1215x810.jpg\" class=\"single-cta__image\" alt=\"Rapaz ao telefone no seu escrit\u00f3rio\" loading=\"lazy\" srcset=\"https:\/\/www.sage.com\/pt-pt\/blog\/wp-content\/uploads\/sites\/15\/2023\/10\/GettyImages-1073868226-1215x810.jpg 1215w\" sizes=\"auto, (min-width: 48em) 33vw, 100vw\" \/>\t\t\t<\/div>\n<\/div>\n","protected":false},"excerpt":{"rendered":"<p>Porque um exemplo torna mais f\u00e1cil perceber, descrevo hoje o caso de uma empresa com atividade no setor da pastelaria, em representa\u00e7\u00e3o da ind\u00fastria alimentar. Como primeiro enquadramento, \u00e9 de referir que a ind\u00fastria alimentar apresentou, em 2019, quase 14 mil milh\u00f5es \u20ac de volume de neg\u00f3cios e mais de 101 mil pessoas ao servi\u00e7o. [&hellip;]<\/p>\n","protected":false},"author":1214,"featured_media":234,"comment_status":"closed","ping_status":"closed","sticky":false,"template":"","format":"standard","meta":{"_sage_video":false,"post_featured_image_hide":false,"footnotes":""},"categories":[15],"tags":[85,223],"business_type":[2,3],"context":[],"industry":[132],"persona":[],"imagine_tag":[148,157,174,165],"coauthors":[545],"class_list":["post-6754","post","type-post","status-publish","format-standard","has-post-thumbnail","hentry","category-rh-e-lideranca","tag-financiamento","tag-tecnologia","business_type-pequenas-empresas","business_type-medias-empresas","industry-tecnologia"],"sage_meta":{"region":"pt-pt","author_name":"C\u00e9lia Esteves","featured_image":"https:\/\/www.sage.com\/pt-pt\/blog\/wp-content\/uploads\/sites\/15\/2019\/04\/GettyImages-583665183_super.jpg","imagine_tags":{"148":"Business intelligence","157":"Dinheiro e Poupan\u00e7a","174":"Servi\u00e7os Financeiros","165":"Tecnologia e Inova\u00e7\u00e3o"}},"distributor_meta":false,"distributor_terms":false,"distributor_media":false,"distributor_original_site_name":"Sage Advice Portugal","distributor_original_site_url":"https:\/\/www.sage.com\/pt-pt\/blog","push-errors":false,"_links":{"self":[{"href":"https:\/\/www.sage.com\/pt-pt\/blog\/api\/wp\/v2\/posts\/6754","targetHints":{"allow":["GET"]}}],"collection":[{"href":"https:\/\/www.sage.com\/pt-pt\/blog\/api\/wp\/v2\/posts"}],"about":[{"href":"https:\/\/www.sage.com\/pt-pt\/blog\/api\/wp\/v2\/types\/post"}],"author":[{"embeddable":true,"href":"https:\/\/www.sage.com\/pt-pt\/blog\/api\/wp\/v2\/users\/1214"}],"replies":[{"embeddable":true,"href":"https:\/\/www.sage.com\/pt-pt\/blog\/api\/wp\/v2\/comments?post=6754"}],"version-history":[{"count":0,"href":"https:\/\/www.sage.com\/pt-pt\/blog\/api\/wp\/v2\/posts\/6754\/revisions"}],"wp:featuredmedia":[{"embeddable":true,"href":"https:\/\/www.sage.com\/pt-pt\/blog\/api\/wp\/v2\/media\/234"}],"wp:attachment":[{"href":"https:\/\/www.sage.com\/pt-pt\/blog\/api\/wp\/v2\/media?parent=6754"}],"wp:term":[{"taxonomy":"category","embeddable":true,"href":"https:\/\/www.sage.com\/pt-pt\/blog\/api\/wp\/v2\/categories?post=6754"},{"taxonomy":"post_tag","embeddable":true,"href":"https:\/\/www.sage.com\/pt-pt\/blog\/api\/wp\/v2\/tags?post=6754"},{"taxonomy":"business_type","embeddable":true,"href":"https:\/\/www.sage.com\/pt-pt\/blog\/api\/wp\/v2\/business_type?post=6754"},{"taxonomy":"context","embeddable":true,"href":"https:\/\/www.sage.com\/pt-pt\/blog\/api\/wp\/v2\/context?post=6754"},{"taxonomy":"industry","embeddable":true,"href":"https:\/\/www.sage.com\/pt-pt\/blog\/api\/wp\/v2\/industry?post=6754"},{"taxonomy":"persona","embeddable":true,"href":"https:\/\/www.sage.com\/pt-pt\/blog\/api\/wp\/v2\/persona?post=6754"},{"taxonomy":"imagine_tag","embeddable":true,"href":"https:\/\/www.sage.com\/pt-pt\/blog\/api\/wp\/v2\/imagine_tag?post=6754"},{"taxonomy":"author","embeddable":true,"href":"https:\/\/www.sage.com\/pt-pt\/blog\/api\/wp\/v2\/coauthors?post=6754"}],"curies":[{"name":"wp","href":"https:\/\/api.w.org\/{rel}","templated":true}]}}