{"id":7072,"date":"2022-01-27T09:30:00","date_gmt":"2022-01-27T09:30:00","guid":{"rendered":"https:\/\/www.sage.com\/pt-pt\/blog\/?p=7072"},"modified":"2025-12-03T14:53:46","modified_gmt":"2025-12-03T14:53:46","slug":"como-vai-a-subida-dos-precos-afetar-o-consumo-em-2022","status":"publish","type":"post","link":"https:\/\/www.sage.com\/pt-pt\/blog\/como-vai-a-subida-dos-precos-afetar-o-consumo-em-2022\/","title":{"rendered":"Como vai a subida dos pre\u00e7os afetar o consumo em 2022"},"content":{"rendered":"<header class=\"entry-header has-dark-background-color entry-header--has-illustration entry-header--has-illustration--generic\">\n\t<div class=\"container\">\n\t\t<div class=\"entry-header__row row align-center\">\n\t\t\t<div class=\"col col-lg-7 col-xlg-6 entry-header__content\">\n\t\t\t\t\t\t\t<div class=\"component component-single-header\">\n\t\t\t\t\t\t\t\t\t\t<div class=\"entry-header__misc text--subtitle text--uppercase text--small\">\n\t\t\t\t\t\t\t<a href=\"https:\/\/www.sage.com\/pt-pt\/blog\/category\/dinheiro-e-poupanca\/\" class=\"entry-header__link\">Dinheiro e Poupan\u00e7a<\/a>\t\t\t\t\t\t<\/div>\n\t\t\t\t\n\t\t\t\t<div class=\"entry-title-wrapper\">\n\t\t\t\t\t<h1 class=\"entry-title\">\n\t\t\t\t\t\tComo vai a subida dos pre\u00e7os afetar o consumo em 2022\t\t\t\t\t<\/h1>\n\t\t\t\t<\/div>\n\n\t\t\t\t\t\t\t\t\t<p class=\"entry-header__description\">\n\t\t\t\t\t\t\t\t\t\t\t<\/p>\n\t\t\t\t\n\t\t\t\t\n\t\t\t\t\n\t\t\t<\/div>\n\n\t\t\t\t\t<\/div>\n\t\t\t\t\t<\/div>\n\t<\/div>\n\t<div class=\"single-post-details container\">\n\t\t<div class=\"col\">\n\t\t\t<span class=\"posted-on \"><time class=\"entry-date published\" datetime=\"2022-01-27T09:30:00+00:00\">January 27, 2022<\/time><\/span><span class=\"reading-time\"> minutos de leitura<\/span>\n\t\t<button\n\t\t\ttype=\"button\"\n\t\t\tclass=\"social-share-button button button--icon button--secondary js-social-share-button\"\n\t\t\tdata-share-title=\"Como vai a subida dos pre\u00e7os afetar o consumo em 2022\"\n\t\t\tdata-share-url=\"https:\/\/www.sage.com\/pt-pt\/blog\/como-vai-a-subida-dos-precos-afetar-o-consumo-em-2022\/\"\n\t\t\tdata-share-text=\"Por favor, leia este artigo interessante\"\n\t\t>\n\t\t\t<span class=\"social-share-button__share-label\">Partilhar<\/span>\n\t\t\t<span class=\"social-share-button__copy-label\" hidden>Copiar link<\/span>\n\t\t\t<span class=\"social-share-button__copy-tooltip\" aria-hidden=\"true\" hidden>Copiada<\/span>\n\t\t<\/button>\n\n\t\t\t\t<\/div>\n\t<\/div>\n<\/header>\n\n\n\n<div class=\"wp-block-post-author has-dark-background-color alignfull\">\n\t<div class=\"container\">\n\t\t<div class=\"col\">\n\t\t\t\t\t\t\t<div class=\"co-authors\">\n\t\t\t\t\t\n\t\t<div class=\"entry-author-wrapper\">\n\t\t\t<a class=\"entry-author\" href=\"https:\/\/www.sage.com\/pt-pt\/blog\/author\/mariaanabarroso\/\">\n\t\t\t\t<img loading=\"lazy\" decoding=\"async\" width=\"40\" height=\"40\" src=\"https:\/\/www.sage.com\/pt-pt\/blog\/wp-content\/uploads\/sites\/15\/2022\/01\/IMG_2971-2-350x350.jpg\" class=\"entry-author__image\" alt=\"\" \/>\t\t\t\t<span class=\"entry-author__name\">Maria Caldeira<\/span>\n\t\t\t<\/a>\n\n\t\t\t\t\t<\/div>\n\n\t\t\t\t\t\t<\/div>\n\t\t\t\t\t<\/div>\n\t<\/div>\n<\/div>\n\n\n\n\n\n<p>Num ano em que o com\u00e9rcio, a restaura\u00e7\u00e3o e v\u00e1rias outras \u00e1reas de atividade precisam tanto de recuperar da quebra de neg\u00f3cio que a pandemia lhes trouxe, surge um novo \u2018inimigo\u2019 que pode vir a condicionar o consumo: <strong>a infla\u00e7\u00e3o<\/strong>.<\/p>\n\n\n\n<p>A taxa de infla\u00e7\u00e3o tem vindo a subir na Europa &#8211; e ainda com maior express\u00e3o nos EUA &#8211; e as raz\u00f5es para este aumento generalizado de pre\u00e7os s\u00e3o conhecidas. O aumento do pre\u00e7o dos combust\u00edveis e as falhas nas <a href=\"https:\/\/www.sage.com\/pt-pt\/blog\/a-reestruturacao-do-setor-da-distribuicao-pos-crise-pandemica-estudo-sage-e-idg\/\">cadeias de distribui\u00e7\u00e3o<\/a> a n\u00edvel mundial colocam press\u00e3o sobre os pre\u00e7os como h\u00e1 muito n\u00e3o se via, o que preocupa nesta altura os agentes econ\u00f3micos. Depois de anos em que os pre\u00e7os dos bens de consumo registaram subidas marginais, o cen\u00e1rio mudou de figura.<\/p>\n\n\n\n<p>&nbsp;<\/p>\n\n\n\n<p>Face ao aumento dos pre\u00e7os, o valor dos sal\u00e1rios e pens\u00f5es deveria ajustar-se em conson\u00e2ncia, mas, sobretudo no contexto atual, n\u00e3o se prev\u00ea que tal possa agora ocorrer. Com a pandemia, as economias de todo o mundo sofreram e sofrem ainda os seus efeitos, sendo dif\u00edcil pensar que as empresas tenham capacidade para, nesta fase, cobrir a perda de poder de compra dos trabalhadores quando foram, elas pr\u00f3prias, sujeitas a <strong>quebras de receitas e produtividade<\/strong>. Acresce que a infla\u00e7\u00e3o tem efeitos n\u00e3o s\u00f3 nos consumidores, mas tamb\u00e9m no tecido empresarial por via do aumento do custo das mat\u00e9rias-primas.<\/p>\n\n\n\n<p>A julgar pelo que est\u00e1 previsto para a administra\u00e7\u00e3o p\u00fablica &#8211; uma refer\u00eancia para os privados &#8211; os aumentos salariais em 2022 pouco dever\u00e3o diferir dos verificados em 2021.<\/p>\n\n\n\n<p>&nbsp;<\/p>\n\n\n\n<p>Se os pre\u00e7os n\u00e3o desacelerarem, entretanto, e sem o correspondente ajuste nos sal\u00e1rios, 2022 ser\u00e1 n\u00e3o s\u00f3 um ano sem aumentos reais dos sal\u00e1rios como de perda de poder de compra para as fam\u00edlias e, potencialmente, de contra\u00e7\u00e3o no consumo. Tudo vai depender, tamb\u00e9m, do que acontecer sobretudo ap\u00f3s o ver\u00e3o, existindo quem antecipe que, ap\u00f3s a subida da infla\u00e7\u00e3o do primeiro semestre, na segunda metade do ano se comece a observar um processo de corre\u00e7\u00e3o desta tend\u00eancia.<\/p>\n\n\n\n<p>Para al\u00e9m do efeito direto da infla\u00e7\u00e3o sobre o poder de compra e, logo, sobre o consumo, outro impacto indireto pode tamb\u00e9m afetar o comportamento dos consumidores. S\u00e3o v\u00e1rios os bancos centrais que j\u00e1 avisaram que poder\u00e3o vir a avan\u00e7ar com um aumento das taxas de juro este ano, em resposta a esta press\u00e3o inflacionista, e neles se inclui o Banco Central Europeu (BCE). Se assim for, em pa\u00edses como Portugal, em que o cr\u00e9dito \u00e0 habita\u00e7\u00e3o tem uma enorme express\u00e3o entre a popula\u00e7\u00e3o, as fam\u00edlias poder\u00e3o enfrentar um per\u00edodo de menor rendimento dispon\u00edvel tamb\u00e9m por esta via, em resultado de um aumento da presta\u00e7\u00e3o mensal do empr\u00e9stimo \u00e0 habita\u00e7\u00e3o.<\/p>\n\n\n\n<p>&nbsp;<\/p>\n\n\n\n<p>Ainda assim, h\u00e1 quem recorde que este efeito de uma eventual subida das taxas de juro pode ser parcialmente atenuado por alguma \u201calmofada\u201d financeira, entretanto criada pelas fam\u00edlias, em resultado das limita\u00e7\u00f5es \u00e0 realiza\u00e7\u00e3o de despesa provocadas pela pandemia e pelos respetivos confinamentos e per\u00edodos de isolamento. <strong>Esta maior poupan\u00e7a for\u00e7ada pode ajudar a amortizar efeitos negativos de subidas de taxa de juro e de pre\u00e7os<\/strong>.<\/p>\n\n\n\n<p>Ainda \u00e9 cedo, por isso, para dizer em definitivo como ser\u00e1 2022 em termos de <a href=\"https:\/\/www.sage.com\/pt-pt\/blog\/radiografia-do-consumidor-pos-covid-mais-consciente-da-sustentabilidade\/\">comportamentos de consumo<\/a>. Se, por um lado, existem as tais press\u00f5es negativas no horizonte resultantes de um cen\u00e1rio de infla\u00e7\u00e3o e de uma poss\u00edvel subida das taxas de juro, a evolu\u00e7\u00e3o da pandemia tamb\u00e9m ir\u00e1 pesar no resultado final. Numa altura em que se especula sobre se o novo coronav\u00edrus vai finalmente passar a end\u00e9mico, com a variante \u00d3micron, ou se \u00e9 cedo para festejos, a resposta ter\u00e1 consequ\u00eancias muito d\u00edspares. Se as previs\u00f5es mais otimistas se confirmarem, pode gerar-se um efeito de rea\u00e7\u00e3o e de aumento dos n\u00edveis de consumo, em resposta a uma maior normaliza\u00e7\u00e3o do dia a dia que compense os tais efeitos mais negativos. Sobretudo nos setores mais penalizados pela pandemia e em que o <a href=\"https:\/\/www.sage.com\/pt-pt\/software-faturacao\/ecommerce\/\"><em>e-commerce<\/em><\/a> n\u00e3o foi uma possibilidade.<\/p>\n\n\n\n<p>Se d\u00favidas houvesse, este promete ser, portanto, mais um ano de fortes emo\u00e7\u00f5es.<\/p>\n\n\n<div class=\"single-cta\">\n\t<div class=\"single-cta__positioner\">\n\t\t<div class=\"single-cta__wrapper has-dark-background-color\">\n\t\t\t<div class=\"single-cta__content\">\n\t\t\t\t\t\t\t\t<h2 class=\"single-cta__title h3\">Receba a newsletter Sage Advice<\/h2>\n\n\t\t\t\t\t\t\t\t\t<div class=\"single-cta__description\">\n\t\t\t\t\t\t<p>Inscreva-se para receber o boletim do Sage\u00a0Advice e receba os conselhos mais recentes diretamente no seu e-mail.<\/p>\n\t\t\t\t\t<\/div>\n\t\t\t\t\n\t\t\t\t\t\t\t\t\t\t\t\t\t\t<a\n\t\t\t\t\t\thref=\"#gate-56228f27-e58f-435b-9b72-a561d684e263\"\n\t\t\t\t\t\tclass=\"single-cta__button button button--primary\"\n\t\t\t\t\t\t\t\t\t\t\t\t\t\t\t\t\t>Subscrever<\/a>\n\t\t\t\t\t\t\t<\/div>\n\n\t\t\t\t\t<\/div>\n\n\t\t\t\t\t<img decoding=\"async\" width=\"1215\" height=\"810\" src=\"https:\/\/www.sage.com\/pt-pt\/blog\/wp-content\/uploads\/sites\/15\/2023\/10\/GettyImages-1073868226-1215x810.jpg\" class=\"single-cta__image\" alt=\"Rapaz ao telefone no seu escrit\u00f3rio\" loading=\"lazy\" srcset=\"https:\/\/www.sage.com\/pt-pt\/blog\/wp-content\/uploads\/sites\/15\/2023\/10\/GettyImages-1073868226-1215x810.jpg 1215w\" sizes=\"auto, (min-width: 48em) 33vw, 100vw\" \/>\t\t\t<\/div>\n<\/div>\n","protected":false},"excerpt":{"rendered":"<p>Num ano em que o com\u00e9rcio, a restaura\u00e7\u00e3o e v\u00e1rias outras \u00e1reas de atividade precisam tanto de recuperar da quebra de neg\u00f3cio que a pandemia lhes trouxe, surge um novo \u2018inimigo\u2019 que pode vir a condicionar o consumo: a infla\u00e7\u00e3o. A taxa de infla\u00e7\u00e3o tem vindo a subir na Europa &#8211; e ainda com maior [&hellip;]<\/p>\n","protected":false},"author":1336,"featured_media":7343,"comment_status":"closed","ping_status":"closed","sticky":false,"template":"","format":"standard","meta":{"_sage_video":false,"post_featured_image_hide":false,"footnotes":""},"categories":[14],"tags":[56,187,67,85,78,212,94],"business_type":[2,3],"context":[],"industry":[127,120,122,123,124,131,125,128,121,130,126,132,133],"persona":[44,51],"imagine_tag":[157,277,169,174],"coauthors":[548],"class_list":["post-7072","post","type-post","status-publish","format-standard","has-post-thumbnail","hentry","category-dinheiro-e-poupanca","tag-despesas","tag-empresas","tag-financas","tag-financiamento","tag-gestao-da-mudanca","tag-pessoas","tag-preco","business_type-pequenas-empresas","business_type-medias-empresas","industry-alimentar","industry-automovel","industry-construcao","industry-distribuicao","industry-e-commerce","industry-retalho","industry-entretenimento","industry-producao","industry-quimica","industry-servicos","industry-servicos-financeiros","industry-tecnologia","industry-viagens-e-hotelaria"],"sage_meta":{"region":"pt-pt","author_name":"Maria Caldeira","featured_image":"https:\/\/www.sage.com\/pt-pt\/blog\/wp-content\/uploads\/sites\/15\/2022\/04\/GettyImages-1205070587.jpg","imagine_tags":{"157":"Dinheiro e Poupan\u00e7a","277":"Empresa","169":"Pequenas Empresas","174":"Servi\u00e7os Financeiros"}},"distributor_meta":false,"distributor_terms":false,"distributor_media":false,"distributor_original_site_name":"Sage Advice Portugal","distributor_original_site_url":"https:\/\/www.sage.com\/pt-pt\/blog","push-errors":false,"_links":{"self":[{"href":"https:\/\/www.sage.com\/pt-pt\/blog\/api\/wp\/v2\/posts\/7072","targetHints":{"allow":["GET"]}}],"collection":[{"href":"https:\/\/www.sage.com\/pt-pt\/blog\/api\/wp\/v2\/posts"}],"about":[{"href":"https:\/\/www.sage.com\/pt-pt\/blog\/api\/wp\/v2\/types\/post"}],"author":[{"embeddable":true,"href":"https:\/\/www.sage.com\/pt-pt\/blog\/api\/wp\/v2\/users\/1336"}],"replies":[{"embeddable":true,"href":"https:\/\/www.sage.com\/pt-pt\/blog\/api\/wp\/v2\/comments?post=7072"}],"version-history":[{"count":0,"href":"https:\/\/www.sage.com\/pt-pt\/blog\/api\/wp\/v2\/posts\/7072\/revisions"}],"wp:featuredmedia":[{"embeddable":true,"href":"https:\/\/www.sage.com\/pt-pt\/blog\/api\/wp\/v2\/media\/7343"}],"wp:attachment":[{"href":"https:\/\/www.sage.com\/pt-pt\/blog\/api\/wp\/v2\/media?parent=7072"}],"wp:term":[{"taxonomy":"category","embeddable":true,"href":"https:\/\/www.sage.com\/pt-pt\/blog\/api\/wp\/v2\/categories?post=7072"},{"taxonomy":"post_tag","embeddable":true,"href":"https:\/\/www.sage.com\/pt-pt\/blog\/api\/wp\/v2\/tags?post=7072"},{"taxonomy":"business_type","embeddable":true,"href":"https:\/\/www.sage.com\/pt-pt\/blog\/api\/wp\/v2\/business_type?post=7072"},{"taxonomy":"context","embeddable":true,"href":"https:\/\/www.sage.com\/pt-pt\/blog\/api\/wp\/v2\/context?post=7072"},{"taxonomy":"industry","embeddable":true,"href":"https:\/\/www.sage.com\/pt-pt\/blog\/api\/wp\/v2\/industry?post=7072"},{"taxonomy":"persona","embeddable":true,"href":"https:\/\/www.sage.com\/pt-pt\/blog\/api\/wp\/v2\/persona?post=7072"},{"taxonomy":"imagine_tag","embeddable":true,"href":"https:\/\/www.sage.com\/pt-pt\/blog\/api\/wp\/v2\/imagine_tag?post=7072"},{"taxonomy":"author","embeddable":true,"href":"https:\/\/www.sage.com\/pt-pt\/blog\/api\/wp\/v2\/coauthors?post=7072"}],"curies":[{"name":"wp","href":"https:\/\/api.w.org\/{rel}","templated":true}]}}