{"id":8049,"date":"2022-10-17T09:30:00","date_gmt":"2022-10-17T08:30:00","guid":{"rendered":"https:\/\/www.sage.com\/pt-pt\/blog\/?p=8049"},"modified":"2024-09-24T15:53:38","modified_gmt":"2024-09-24T14:53:38","slug":"empreendedorismo-no-setor-da-saude-em-portugal","status":"publish","type":"post","link":"https:\/\/www.sage.com\/pt-pt\/blog\/empreendedorismo-no-setor-da-saude-em-portugal\/","title":{"rendered":"Empreendedorismo no setor da sa\u00fade em Portugal"},"content":{"rendered":"<header class=\"entry-header has-dark-background-color entry-header--has-illustration entry-header--has-illustration--generic\">\n\t<div class=\"container\">\n\t\t<div class=\"entry-header__row row align-center\">\n\t\t\t<div class=\"col col-lg-7 col-xlg-6 entry-header__content\">\n\t\t\t\t\t\t\t<div class=\"component component-single-header\">\n\t\t\t\t\t\t\t\t\t\t<div class=\"entry-header__misc text--subtitle text--uppercase text--small\">\n\t\t\t\t\t\t\t<a href=\"https:\/\/www.sage.com\/pt-pt\/blog\/category\/estrategia-legal-e-processos\/\" class=\"entry-header__link\">Estrat\u00e9gia, Legal e Processos<\/a>\t\t\t\t\t\t<\/div>\n\t\t\t\t\n\t\t\t\t<div class=\"entry-title-wrapper\">\n\t\t\t\t\t<h1 class=\"entry-title\">\n\t\t\t\t\t\tEmpreendedorismo no setor da sa\u00fade em Portugal\t\t\t\t\t<\/h1>\n\t\t\t\t<\/div>\n\n\t\t\t\t\t\t\t\t\t<p class=\"entry-header__description\">\n\t\t\t\t\t\t\t\t\t\t\t<\/p>\n\t\t\t\t\n\t\t\t\t\n\t\t\t\t\n\t\t\t<\/div>\n\n\t\t\t\t\t<\/div>\n\t\t\t\t\t<\/div>\n\t<\/div>\n\t<div class=\"single-post-details container\">\n\t\t<div class=\"col\">\n\t\t\t<span class=\"posted-on \"><time class=\"entry-date published\" datetime=\"2022-10-17T09:30:00+01:00\">October 17, 2022<\/time><\/span><span class=\"reading-time\"> minutos de leitura<\/span>\n\t\t<button\n\t\t\ttype=\"button\"\n\t\t\tclass=\"social-share-button button button--icon button--secondary js-social-share-button\"\n\t\t\tdata-share-title=\"Empreendedorismo no setor da sa\u00fade em Portugal\"\n\t\t\tdata-share-url=\"https:\/\/www.sage.com\/pt-pt\/blog\/empreendedorismo-no-setor-da-saude-em-portugal\/\"\n\t\t\tdata-share-text=\"Por favor, leia este artigo interessante\"\n\t\t>\n\t\t\t<span class=\"social-share-button__share-label\">Partilhar<\/span>\n\t\t\t<span class=\"social-share-button__copy-label\" hidden>Copiar link<\/span>\n\t\t\t<span class=\"social-share-button__copy-tooltip\" aria-hidden=\"true\" hidden>Copiada<\/span>\n\t\t<\/button>\n\n\t\t\t\t<\/div>\n\t<\/div>\n<\/header>\n\n\n<div class=\"wp-block-post-author has-dark-background-color alignfull\">\n\t<div class=\"container\">\n\t\t<div class=\"col\">\n\t\t\t\t\t\t\t<div class=\"co-authors\">\n\t\t\t\t\t\n\t\t<div class=\"entry-author-wrapper\">\n\t\t\t<a class=\"entry-author\" href=\"https:\/\/www.sage.com\/pt-pt\/blog\/author\/mariaanabarroso\/\">\n\t\t\t\t<img loading=\"lazy\" decoding=\"async\" width=\"40\" height=\"40\" src=\"https:\/\/www.sage.com\/pt-pt\/blog\/wp-content\/uploads\/sites\/15\/2022\/01\/IMG_2971-2-350x350.jpg\" class=\"entry-author__image\" alt=\"\" \/>\t\t\t\t<span class=\"entry-author__name\">Maria Caldeira<\/span>\n\t\t\t<\/a>\n\n\t\t\t\t\t<\/div>\n\n\t\t\t\t\t\t<\/div>\n\t\t\t\t\t<\/div>\n\t<\/div>\n<\/div>\n\n\n\n<p class=\"\">O&nbsp;envelhecimento da popula\u00e7\u00e3o, a frequ\u00eancia das doen\u00e7as cr\u00f3nicas, a crescente multimorbilidade nos doentes e a conhecida falta de meios e de recursos humanos t\u00eam vindo a pressionar cada vez mais os sistemas de sa\u00fade. A necessidade de encontrar respostas para estas quest\u00f5es e o evento da pandemia, com o aumento da procura por&nbsp;<strong>solu\u00e7\u00f5es&nbsp;<em>online<\/em><\/strong>, t\u00eam fomentado o&nbsp;<strong>empreendedorismo na sa\u00fade<\/strong>.<\/p>\n\n\n\n<p class=\"\">Neste contexto, a aposta na preven\u00e7\u00e3o e no correto acompanhamento dos doentes surge como uma absoluta necessidade, n\u00e3o s\u00f3 enquanto promotora de vidas longas e saud\u00e1veis, mas como forma de gerir melhor a press\u00e3o sobre o setor da sa\u00fade, sobretudo o p\u00fablico. Uma das transforma\u00e7\u00f5es mais urgentes passa mesmo por contrariar a tend\u00eancia de maior foco no tratamento de&nbsp;<strong>doen\u00e7as j\u00e1 instaladas<\/strong>, ao inv\u00e9s de se investir na preven\u00e7\u00e3o e em diagn\u00f3sticos precoces como forma de conseguir melhores progn\u00f3sticos. Por outro lado, imp\u00f5e-se a promo\u00e7\u00e3o de um uso mais eficiente dos recursos de sa\u00fade.<\/p>\n\n\n\n<p class=\"\">Um pouco por todo o mundo v\u00e3o surgindo neg\u00f3cios que desenvolvem produtos e servi\u00e7os que contribuem para o progresso nos cuidados de sa\u00fade prestados, com&nbsp;<strong>solu\u00e7\u00f5es para todas as fases da doen\u00e7a, do diagn\u00f3stico ao tratamento<\/strong>, e na promo\u00e7\u00e3o da sa\u00fade, pela via da preven\u00e7\u00e3o. Procura-se tamb\u00e9m trazer respostas n\u00e3o s\u00f3 para as necessidades dos doentes, mas tamb\u00e9m para as dos profissionais e institui\u00e7\u00f5es do setor da sa\u00fade.<\/p>\n\n\n\n<p class=\"\">Portugal n\u00e3o \u00e9 exce\u00e7\u00e3o neste movimento de crescimento do&nbsp;<a href=\"https:\/\/www.sage.com\/pt-pt\/blog\/silver-economy-o-empreendedorismo-na-economia-do-futuro\/\">empreendedorismo na sa\u00fade<\/a>. Na pandemia, a tecnologia portuguesa esteve na linha da frente do combate \u00e0 pandemia, fruto do trabalho desenvolvido quer de forma aut\u00f3noma por&nbsp;<em>startups<\/em>, quer por projetos piloto conjunto de institui\u00e7\u00f5es de sa\u00fade, universidades e tecnol\u00f3gicas.<\/p>\n\n\n\n<p class=\"\">A t\u00edtulo de exemplo, Portugal foi o pa\u00eds mais representado, em termos do n\u00famero de projetos na \u00e1rea da inova\u00e7\u00e3o em sa\u00fade, na edi\u00e7\u00e3o deste ano do&nbsp;<strong>programa europeu EIT Health<\/strong>. Entre o tipo de solu\u00e7\u00f5es mais presentes est\u00e3o as destinadas a permitir o acesso a&nbsp;cuidados de sa\u00fade em casa dos pacientes e as de telemedicina.&nbsp;O EIT Health RIS Innovation Call \u00e9 um programa de inova\u00e7\u00e3o que visa&nbsp;<strong>acelerar ideias inovadoras no setor da sa\u00fade, em regi\u00f5es europeias<\/strong>&nbsp;com ecossistemas de inova\u00e7\u00e3o considerados menos desenvolvidos e \u00e9 apoiado por fundos da UE.<\/p>\n\n\n\n<p class=\"\">Durante muito tempo os investidores viam nas&nbsp;<a href=\"https:\/\/www.sage.com\/pt-pt\/blog\/?p=8051&amp;preview=true\"><em>startups<\/em>,<\/a>&nbsp;nomeadamente digitais, destinadas ao setor da sa\u00fade, um neg\u00f3cio arriscado e pouco rent\u00e1vel. A pandemia veio alterar este cen\u00e1rio e aumentar fortemente a disponibilidade de aloca\u00e7\u00e3o de capital a empreendimentos neste setor. Uma \u00e1rea que se destaca \u00e9 claramente a&nbsp;<strong>prolifera\u00e7\u00e3o de solu\u00e7\u00f5es digitais<\/strong>.Acresce que, \u00e0 semelhan\u00e7a do que est\u00e1 a acontecer em tantos outros setores, tamb\u00e9m na sa\u00fade, o&nbsp;<a href=\"https:\/\/www.sage.com\/pt-pt\/blog\/big-data-ou-small-data\/\">acesso a um maior n\u00famero de dados<\/a>, tornada poss\u00edvel pelas novas tecnologias, oferece muitas possibilidades. Nomeadamente no desenvolvimento de novos modelos de previs\u00e3o para&nbsp;<\/p>\n\n\n\n<p class=\"\">diagn\u00f3sticos mais precoces, melhoria ao n\u00edvel dos tratamentos e aumento do conhecimento da sociedade sobre comportamentos promotores da sa\u00fade.<\/p>\n\n\n\n<p class=\"\">O surgimento de&nbsp;<strong>novas solu\u00e7\u00f5es tecnol\u00f3gicas<\/strong>&nbsp;permite tamb\u00e9m prestar melhores cuidados de sa\u00fade em casa dos pacientes, reduzindo os tempos de internamento hospitalar, com melhores resultados em termos de qualidade de vida e progn\u00f3stico. Ao mesmo tempo que, em paralelo, se consegue reduzir a press\u00e3o sobre os servi\u00e7os hospitalares.<\/p>\n\n\n\n<h2 class=\"wp-block-heading\"><strong>Um mundo de possibilidades<\/strong><\/h2>\n\n\n\n<p class=\"\">O que tem, afinal, o empreendedorismo e as solu\u00e7\u00f5es tecnol\u00f3gicas a oferecer ao setor da sa\u00fade? Tendo sempre presente o tanto que est\u00e1 certamente por criar, alguns exemplos s\u00e3o ilustrativos da diversidade de ofertas que est\u00e3o a surgir por toda a Europa, incluindo Portugal.<\/p>\n\n\n\n<p class=\"\">Uma ferramenta gr\u00e1fica foi desenvolvida para recolher e atuar sobre informa\u00e7\u00e3o relacionada com o n\u00famero de camas, nomeadamente para uma\u00a0<strong>gest\u00e3o mais eficiente da ocupa\u00e7\u00e3o hospitalar e otimiza\u00e7\u00e3o de recursos<\/strong>. Uma\u00a0<em>startup<\/em> portuguesa criou uma tecnologia que faz uso da\u00a0<a href=\"https:\/\/www.sage.com\/pt-pt\/blog\/inteligencia-artificial-em-2022-esperar-o-inesperado\/\">intelig\u00eancia artificial<\/a>\u00a0para, atrav\u00e9s de uma amostra de sangue, pr\u00e9-diagnosticar doen\u00e7as como a doen\u00e7a de Alzheimer ou apoio e prevenir complica\u00e7\u00f5es em doentes Covid.<\/p>\n\n\n\n<p class=\"\">A identifica\u00e7\u00e3o precoce de defici\u00eancias de ferro est\u00e1 a ser desenvolvida para prevenir problemas de sa\u00fade graves da\u00ed resultantes. Tamb\u00e9m para a preven\u00e7\u00e3o de infe\u00e7\u00f5es ou para a possibilidade de aliviar a sobrecarga das urg\u00eancias hospitalares surgem solu\u00e7\u00f5es.<\/p>\n\n\n\n<p class=\"\">Atrav\u00e9s de um dispositivo de monitoriza\u00e7\u00e3o em tempo real, ser\u00e1 poss\u00edvel garantir o rastreio das bolsas de sangue de transfus\u00e3o e a exist\u00eancia de condi\u00e7\u00f5es adequadas durante o seu transporte, nomeadamente de temperatura, humidade, tempo de entrega e armazenamento, exposi\u00e7\u00e3o \u00e0 luz, data de validade e informa\u00e7\u00f5es sobre o doador.<\/p>\n\n\n\n<p class=\"\">Uma outra solu\u00e7\u00e3o permite o diagn\u00f3stico e monitoriza\u00e7\u00e3o de doen\u00e7as pulmonares para reduzir o n\u00famero de sub-diagn\u00f3sticos ou diagn\u00f3sticos incorretos, por forma a&nbsp;<strong>prevenir mortes precoces e reduzir custos em sa\u00fade<\/strong>. Um teste r\u00e1pido permite, com rapidez e precis\u00e3o, detetar em amostras de leite materno a presen\u00e7a de subst\u00e2ncias qu\u00edmicas indesejadas.<\/p>\n\n\n\n<p class=\"\">Para a promo\u00e7\u00e3o de um envelhecimento ativo e de melhores cuidados de sa\u00fade aos idosos em casa, est\u00e1 em desenvolvimento uma ferramenta que permita&nbsp;vigiar a qualidade desses cuidados e identificar precocemente problemas, capacitar as fam\u00edlias e cuidadores informais para uma melhor presta\u00e7\u00e3o de cuidados, diminuir a solid\u00e3o dos idosos e atrasar a necessidade de institucionaliza\u00e7\u00e3o.<\/p>\n\n\n\n<p class=\"\">A melhoria dos cuidados de sa\u00fade e, sobretudo, a resposta adequada \u00e0s necessidades de doentes, num contexto de&nbsp;<strong>envelhecimento galopante da popula\u00e7\u00e3o<\/strong>&nbsp;e de escassez de recursos de sa\u00fade, torna urgente encontrar solu\u00e7\u00f5es, fazendo uso das possibilidades que a inova\u00e7\u00e3o tecnol\u00f3gica traz. Com a consci\u00eancia de que esta realidade resulta tamb\u00e9m em oportunidades de neg\u00f3cio para o empreendedorismo, dada a ainda escassa oferta de respostas.<\/p>\n\n\n<div class=\"single-cta\">\n\t<div class=\"single-cta__positioner\">\n\t\t<div class=\"single-cta__wrapper has-dark-background-color\">\n\t\t\t<div class=\"single-cta__content\">\n\t\t\t\t\t\t\t\t<h2 class=\"single-cta__title h3\">Receba a newsletter Sage Advice<\/h2>\n\n\t\t\t\t\t\t\t\t\t<div class=\"single-cta__description\">\n\t\t\t\t\t\t<p>Inscreva-se para receber o boletim do Sage\u00a0Advice e receba os conselhos mais recentes diretamente no seu e-mail.<\/p>\n\t\t\t\t\t<\/div>\n\t\t\t\t\n\t\t\t\t\t\t\t\t\t\t\t\t\t\t<a\n\t\t\t\t\t\thref=\"#gate-56228f27-e58f-435b-9b72-a561d684e263\"\n\t\t\t\t\t\tclass=\"single-cta__button button button--primary\"\n\t\t\t\t\t\t\t\t\t\t\t\t\t\t\t\t\t>Subscrever<\/a>\n\t\t\t\t\t\t\t<\/div>\n\n\t\t\t\t\t<\/div>\n\n\t\t\t\t\t<img decoding=\"async\" width=\"1215\" height=\"810\" src=\"https:\/\/www.sage.com\/pt-pt\/blog\/wp-content\/uploads\/sites\/15\/2023\/10\/GettyImages-1073868226-1215x810.jpg\" class=\"single-cta__image\" alt=\"Rapaz ao telefone no seu escrit\u00f3rio\" loading=\"lazy\" srcset=\"https:\/\/www.sage.com\/pt-pt\/blog\/wp-content\/uploads\/sites\/15\/2023\/10\/GettyImages-1073868226-1215x810.jpg 1215w\" sizes=\"auto, (min-width: 48em) 33vw, 100vw\" \/>\t\t\t<\/div>\n<\/div>\n","protected":false},"excerpt":{"rendered":"<p>O\u00a0envelhecimento da popula\u00e7\u00e3o, a frequ\u00eancia das doen\u00e7as cr\u00f3nicas, a crescente multimorbilidade nos doentes e a conhecida falta de meios e de recursos humanos t\u00eam vindo a pressionar cada vez mais os sistemas de sa\u00fade. <\/p>\n","protected":false},"author":1336,"featured_media":7659,"comment_status":"closed","ping_status":"closed","sticky":false,"template":"","format":"standard","meta":{"_sage_video":false,"post_featured_image_hide":false,"footnotes":""},"categories":[16],"tags":[71],"business_type":[2],"context":[],"industry":[130,126],"persona":[41],"imagine_tag":[155],"coauthors":[548],"class_list":["post-8049","post","type-post","status-publish","format-standard","has-post-thumbnail","hentry","category-estrategia-legal-e-processos","tag-legislacao","business_type-pequenas-empresas","industry-servicos","industry-servicos-financeiros"],"sage_meta":{"region":"pt-pt","author_name":"Maria Caldeira","featured_image":"https:\/\/www.sage.com\/pt-pt\/blog\/wp-content\/uploads\/sites\/15\/2022\/04\/GettyImages-1315714252.jpg","imagine_tags":{"155":"Legal"}},"distributor_meta":false,"distributor_terms":false,"distributor_media":false,"distributor_original_site_name":"Sage Advice Portugal","distributor_original_site_url":"https:\/\/www.sage.com\/pt-pt\/blog","push-errors":false,"_links":{"self":[{"href":"https:\/\/www.sage.com\/pt-pt\/blog\/api\/wp\/v2\/posts\/8049","targetHints":{"allow":["GET"]}}],"collection":[{"href":"https:\/\/www.sage.com\/pt-pt\/blog\/api\/wp\/v2\/posts"}],"about":[{"href":"https:\/\/www.sage.com\/pt-pt\/blog\/api\/wp\/v2\/types\/post"}],"author":[{"embeddable":true,"href":"https:\/\/www.sage.com\/pt-pt\/blog\/api\/wp\/v2\/users\/1336"}],"replies":[{"embeddable":true,"href":"https:\/\/www.sage.com\/pt-pt\/blog\/api\/wp\/v2\/comments?post=8049"}],"version-history":[{"count":0,"href":"https:\/\/www.sage.com\/pt-pt\/blog\/api\/wp\/v2\/posts\/8049\/revisions"}],"wp:featuredmedia":[{"embeddable":true,"href":"https:\/\/www.sage.com\/pt-pt\/blog\/api\/wp\/v2\/media\/7659"}],"wp:attachment":[{"href":"https:\/\/www.sage.com\/pt-pt\/blog\/api\/wp\/v2\/media?parent=8049"}],"wp:term":[{"taxonomy":"category","embeddable":true,"href":"https:\/\/www.sage.com\/pt-pt\/blog\/api\/wp\/v2\/categories?post=8049"},{"taxonomy":"post_tag","embeddable":true,"href":"https:\/\/www.sage.com\/pt-pt\/blog\/api\/wp\/v2\/tags?post=8049"},{"taxonomy":"business_type","embeddable":true,"href":"https:\/\/www.sage.com\/pt-pt\/blog\/api\/wp\/v2\/business_type?post=8049"},{"taxonomy":"context","embeddable":true,"href":"https:\/\/www.sage.com\/pt-pt\/blog\/api\/wp\/v2\/context?post=8049"},{"taxonomy":"industry","embeddable":true,"href":"https:\/\/www.sage.com\/pt-pt\/blog\/api\/wp\/v2\/industry?post=8049"},{"taxonomy":"persona","embeddable":true,"href":"https:\/\/www.sage.com\/pt-pt\/blog\/api\/wp\/v2\/persona?post=8049"},{"taxonomy":"imagine_tag","embeddable":true,"href":"https:\/\/www.sage.com\/pt-pt\/blog\/api\/wp\/v2\/imagine_tag?post=8049"},{"taxonomy":"author","embeddable":true,"href":"https:\/\/www.sage.com\/pt-pt\/blog\/api\/wp\/v2\/coauthors?post=8049"}],"curies":[{"name":"wp","href":"https:\/\/api.w.org\/{rel}","templated":true}]}}