{"id":8218,"date":"2022-12-06T09:30:00","date_gmt":"2022-12-06T09:30:00","guid":{"rendered":"https:\/\/www.sage.com\/pt-pt\/blog\/?p=8218"},"modified":"2022-11-29T19:59:25","modified_gmt":"2022-11-29T19:59:25","slug":"faturas-descontos-notas-de-credito","status":"publish","type":"post","link":"https:\/\/www.sage.com\/pt-pt\/blog\/faturas-descontos-notas-de-credito\/","title":{"rendered":"Faturas \u2013 Descontos \u2013 Notas de cr\u00e9dito"},"content":{"rendered":"<header class=\"entry-header has-dark-background-color entry-header--has-illustration entry-header--has-illustration--generic\">\n\t<div class=\"container\">\n\t\t<div class=\"entry-header__row row align-center\">\n\t\t\t<div class=\"col col-lg-7 col-xlg-6 entry-header__content\">\n\t\t\t\t\t\t\t<div class=\"component component-single-header\">\n\t\t\t\t\t\t\t\t\t\t<div class=\"entry-header__misc text--subtitle text--uppercase text--small\">\n\t\t\t\t\t\t\t<a href=\"https:\/\/www.sage.com\/pt-pt\/blog\/category\/dinheiro-e-poupanca\/\" class=\"entry-header__link\">Dinheiro e Poupan\u00e7a<\/a>\t\t\t\t\t\t<\/div>\n\t\t\t\t\n\t\t\t\t<div class=\"entry-title-wrapper\">\n\t\t\t\t\t<h1 class=\"entry-title\">\n\t\t\t\t\t\tFaturas \u2013 Descontos \u2013 Notas de cr\u00e9dito\t\t\t\t\t<\/h1>\n\t\t\t\t<\/div>\n\n\t\t\t\t\t\t\t\t\t<p class=\"entry-header__description\">\n\t\t\t\t\t\t\t\t\t\t\t<\/p>\n\t\t\t\t\n\t\t\t\t\n\t\t\t\t\n\t\t\t<\/div>\n\n\t\t\t\t\t<\/div>\n\t\t\t\t\t<\/div>\n\t<\/div>\n\t<div class=\"single-post-details container\">\n\t\t<div class=\"col\">\n\t\t\t<span class=\"posted-on \"><time class=\"entry-date published\" datetime=\"2022-12-06T09:30:00+00:00\">December 6, 2022<\/time><\/span><span class=\"reading-time\"> minutos de leitura<\/span>\n\t\t<button\n\t\t\ttype=\"button\"\n\t\t\tclass=\"social-share-button button button--icon button--secondary js-social-share-button\"\n\t\t\tdata-share-title=\"Faturas \u2013 Descontos \u2013 Notas de cr\u00e9dito\"\n\t\t\tdata-share-url=\"https:\/\/www.sage.com\/pt-pt\/blog\/faturas-descontos-notas-de-credito\/\"\n\t\t\tdata-share-text=\"Por favor, leia este artigo interessante\"\n\t\t>\n\t\t\t<span class=\"social-share-button__share-label\">Partilhar<\/span>\n\t\t\t<span class=\"social-share-button__copy-label\" hidden>Copiar link<\/span>\n\t\t\t<span class=\"social-share-button__copy-tooltip\" aria-hidden=\"true\" hidden>Copiada<\/span>\n\t\t<\/button>\n\n\t\t\t\t<\/div>\n\t<\/div>\n<\/header>\n\n\n<div class=\"wp-block-post-author has-dark-background-color alignfull\">\n\t<div class=\"container\">\n\t\t<div class=\"col\">\n\t\t\t\t\t\t\t<div class=\"co-authors\">\n\t\t\t\t\t\n\t\t<div class=\"entry-author-wrapper\">\n\t\t\t<a class=\"entry-author\" href=\"https:\/\/www.sage.com\/pt-pt\/blog\/author\/brunolagos\/\">\n\t\t\t\t<img loading=\"lazy\" decoding=\"async\" width=\"40\" height=\"40\" src=\"https:\/\/www.sage.com\/pt-pt\/blog\/wp-content\/uploads\/sites\/15\/2019\/05\/brunolagos-263x300-1-SQUARE-350x350.jpg\" class=\"entry-author__image\" alt=\"\" srcset=\"https:\/\/www.sage.com\/pt-pt\/blog\/wp-content\/uploads\/sites\/15\/2019\/05\/brunolagos-263x300-1-SQUARE-350x350.jpg 350w, https:\/\/www.sage.com\/pt-pt\/blog\/wp-content\/uploads\/sites\/15\/2019\/05\/brunolagos-263x300-1-SQUARE-768x768.jpg 768w, https:\/\/www.sage.com\/pt-pt\/blog\/wp-content\/uploads\/sites\/15\/2019\/05\/brunolagos-263x300-1-SQUARE-810x810.jpg 810w, https:\/\/www.sage.com\/pt-pt\/blog\/wp-content\/uploads\/sites\/15\/2019\/05\/brunolagos-263x300-1-SQUARE-1536x1536.jpg 1536w, https:\/\/www.sage.com\/pt-pt\/blog\/wp-content\/uploads\/sites\/15\/2019\/05\/brunolagos-263x300-1-SQUARE.jpg 1890w\" sizes=\"auto, (max-width: 40px) 100vw, 40px\" \/>\t\t\t\t<span class=\"entry-author__name\">Bruno Lagos<\/span>\n\t\t\t<\/a>\n\n\t\t\t\t\t<\/div>\n\n\t\t\t\t\t\t<\/div>\n\t\t\t\t\t<\/div>\n\t<\/div>\n<\/div>\n\n\n\n<p class=\"\">Quando um sujeito passivo emite uma fatura ao adquirente, a mesma, deve repercutir o&nbsp;<strong>valor total do bem ou bens transacionados<\/strong>, a sua quantidade e denomina\u00e7\u00e3o usual, bem como, o valor do desconto que possa ter incidido na opera\u00e7\u00e3o, que, nos termos da al\u00ednea e) do n.\u00ba 5 do artigo 36.\u00ba do CIVA, deve estar devidamente identificado na&nbsp;<a href=\"https:\/\/www.sage.com\/pt-pt\/blog\/dicion%C3%A1rio-termos-empresariais\/fatura\/\">fatura<\/a>, assim como tamb\u00e9m devem ser refletidos no valor da fatura final, quaisquer eventuais adiantamentos de pagamentos.&nbsp;<\/p>\n\n\n\n<p class=\"\">No que respeita aos&nbsp;<strong>descontos concedidos<\/strong>&nbsp;temos de ter em considera\u00e7\u00e3o o previsto no n.\u00ba 1 do artigo 16.\u00ba do CIVA que determina que &#8220;Sem preju\u00edzo do disposto nos n.\u00bas 2 e 10, o valor tribut\u00e1vel das transmiss\u00f5es de bens e das presta\u00e7\u00f5es de servi\u00e7os sujeitas a imposto \u00e9 o valor da contrapresta\u00e7\u00e3o obtida ou a obter do adquirente, do destinat\u00e1rio ou de um terceiro&#8221;.&nbsp;<\/p>\n\n\n\n<p class=\"\">De acordo com a al\u00ednea b) do n.\u00ba 6 do mesmo artigo 16.\u00ba do CIVA,&nbsp;<strong>os descontos, abatimentos e b\u00f3nus concedidos s\u00e3o exclu\u00eddos da base tribut\u00e1vel<\/strong>, pelo que, a base do imposto incide sobre o pre\u00e7o l\u00edquido da fatura.&nbsp;<\/p>\n\n\n\n<p class=\"\">Esta disposi\u00e7\u00e3o deve-se ao facto de, tal como requer&nbsp;<a href=\"https:\/\/www.sage.com\/pt-pt\/blog\/dicion%C3%A1rio-termos-empresariais\/o-que-e-o-iva\/\">um imposto sobre o consumo (IVA)<\/a>, a tributa\u00e7\u00e3o, se efetuar tendo em conta o valor real da opera\u00e7\u00e3o, ou seja, a despesa efetuada pelo consumidor.&nbsp;<\/p>\n\n\n\n<p class=\"\">Pelo exposto,&nbsp;<strong>o valor de um desconto tem de ser deduzido ao valor da opera\u00e7\u00e3o para efeito da aplica\u00e7\u00e3o da(s) taxa(s) de IVA<\/strong>, no que se refere \u00e0 transmiss\u00e3o de um bem ou de uma presta\u00e7\u00e3o de um servi\u00e7o, ainda que tenha de estar discriminado na fatura, como j\u00e1 referido.&nbsp;<\/p>\n\n\n\n<p class=\"\">Quanto \u00e0&nbsp;<strong>emiss\u00e3o de notas de cr\u00e9dito<\/strong>, prev\u00ea o CIVA no seu n.\u00ba 7 do artigo 29.\u00ba que &#8220;Quando o valor tribut\u00e1vel de uma opera\u00e7\u00e3o ou o imposto correspondente sejam alterados por qualquer motivo, incluindo inexatid\u00e3o, deve ser emitido documento retificativo de fatura&#8221;. Este documento retificativo de fatura pode ser uma nota de cr\u00e9dito\/nota de d\u00e9bito, consoante o caso, e deve conter os elementos referidos na al\u00ednea a) do n.\u00ba 5 do artigo 36.\u00ba do CIVA, bem como a refer\u00eancia \u00e0 fatura a que respeita e a men\u00e7\u00e3o aos elementos alterados (cf. n.\u00ba 6 do artigo 36.\u00ba do CIVA).&nbsp;<\/p>\n\n\n\n<p class=\"\">Dessa forma, face ao previsto no CIVA, quando a corre\u00e7\u00e3o da fatura n\u00e3o decorra de altera\u00e7\u00f5es ao valor tribut\u00e1vel ou ao imposto n\u00e3o deve ser emitido documento retificativo da fatura, podendo aquela ser anulada pelo fornecedor e substitu\u00edda por nova fatura (cf. entendimento vertido no ponto 14 do Of\u00edcio Circulado n.\u00ba 30136\/2012, de 19-12-2012, da Dire\u00e7\u00e3o de Servi\u00e7os do IVA, dispon\u00edvel para consulta no Portal das Finan\u00e7as).&nbsp;<\/p>\n\n\n\n<p class=\"\">Quanto \u00e0s regulariza\u00e7\u00f5es do imposto encontram-se previstas no artigo 78.\u00ba do CIVA, e destinam-se a corrigir, a favor do sujeito passivo ou a favor do Estado, o imposto j\u00e1 entregue ou j\u00e1 deduzido num determinado per\u00edodo de imposto, por for\u00e7a de diversas circunst\u00e2ncias ocorridas ap\u00f3s o envio da declara\u00e7\u00e3o peri\u00f3dica de IVA e que n\u00e3o estejam contempladas noutros normativos legais.&nbsp;<\/p>\n\n\n\n<p class=\"\">Decorre do que antecede, que n\u00e3o existindo altera\u00e7\u00f5es ao valor tribut\u00e1vel ou ao respetivo imposto de uma opera\u00e7\u00e3o, n\u00e3o \u00e9 poss\u00edvel a um sujeito passivo de IVA efetuar regulariza\u00e7\u00f5es\/retifica\u00e7\u00f5es ao abrigo do citado artigo 78.\u00ba.<\/p>\n\n\n<div class=\"single-cta\">\n\t<div class=\"single-cta__positioner\">\n\t\t<div class=\"single-cta__wrapper has-dark-background-color\">\n\t\t\t<div class=\"single-cta__content\">\n\t\t\t\t\t\t\t\t<h2 class=\"single-cta__title h3\">Receba a newsletter Sage Advice<\/h2>\n\n\t\t\t\t\t\t\t\t\t<div class=\"single-cta__description\">\n\t\t\t\t\t\t<p>Inscreva-se para receber o boletim do Sage\u00a0Advice e receba os conselhos mais recentes diretamente no seu e-mail.<\/p>\n\t\t\t\t\t<\/div>\n\t\t\t\t\n\t\t\t\t\t\t\t\t\t\t\t\t\t\t<a\n\t\t\t\t\t\thref=\"#gate-56228f27-e58f-435b-9b72-a561d684e263\"\n\t\t\t\t\t\tclass=\"single-cta__button button button--primary\"\n\t\t\t\t\t\t\t\t\t\t\t\t\t\t\t\t\t>Subscrever<\/a>\n\t\t\t\t\t\t\t<\/div>\n\n\t\t\t\t\t<\/div>\n\n\t\t\t\t\t<img decoding=\"async\" width=\"1215\" height=\"810\" src=\"https:\/\/www.sage.com\/pt-pt\/blog\/wp-content\/uploads\/sites\/15\/2023\/10\/GettyImages-1073868226-1215x810.jpg\" class=\"single-cta__image\" alt=\"Rapaz ao telefone no seu escrit\u00f3rio\" loading=\"lazy\" srcset=\"https:\/\/www.sage.com\/pt-pt\/blog\/wp-content\/uploads\/sites\/15\/2023\/10\/GettyImages-1073868226-1215x810.jpg 1215w\" sizes=\"auto, (min-width: 48em) 33vw, 100vw\" \/>\t\t\t<\/div>\n<\/div>\n","protected":false},"excerpt":{"rendered":"<p>Quando um sujeito passivo emite uma fatura ao adquirente, a mesma, deve repercutir o\u00a0valor total do bem ou bens transacionados.<\/p>\n","protected":false},"author":799,"featured_media":7437,"comment_status":"closed","ping_status":"closed","sticky":false,"template":"","format":"standard","meta":{"_sage_video":false,"post_featured_image_hide":false,"footnotes":""},"categories":[14],"tags":[69],"business_type":[2,3,135],"context":[],"industry":[130,126],"persona":[46,43,41,47,44,48,51,42],"imagine_tag":[157],"coauthors":[504],"class_list":["post-8218","post","type-post","status-publish","format-standard","has-post-thumbnail","hentry","category-dinheiro-e-poupanca","tag-poupanca-nas-empresas","business_type-pequenas-empresas","business_type-medias-empresas","business_type-contabilistas","industry-servicos","industry-servicos-financeiros"],"sage_meta":{"region":"pt-pt","author_name":"Bruno Lagos","featured_image":"https:\/\/www.sage.com\/pt-pt\/blog\/wp-content\/uploads\/sites\/15\/2022\/04\/GettyImages-607477469.jpg","imagine_tags":{"157":"Dinheiro e Poupan\u00e7a"}},"distributor_meta":false,"distributor_terms":false,"distributor_media":false,"distributor_original_site_name":"Sage Advice Portugal","distributor_original_site_url":"https:\/\/www.sage.com\/pt-pt\/blog","push-errors":false,"_links":{"self":[{"href":"https:\/\/www.sage.com\/pt-pt\/blog\/api\/wp\/v2\/posts\/8218","targetHints":{"allow":["GET"]}}],"collection":[{"href":"https:\/\/www.sage.com\/pt-pt\/blog\/api\/wp\/v2\/posts"}],"about":[{"href":"https:\/\/www.sage.com\/pt-pt\/blog\/api\/wp\/v2\/types\/post"}],"author":[{"embeddable":true,"href":"https:\/\/www.sage.com\/pt-pt\/blog\/api\/wp\/v2\/users\/799"}],"replies":[{"embeddable":true,"href":"https:\/\/www.sage.com\/pt-pt\/blog\/api\/wp\/v2\/comments?post=8218"}],"version-history":[{"count":0,"href":"https:\/\/www.sage.com\/pt-pt\/blog\/api\/wp\/v2\/posts\/8218\/revisions"}],"wp:featuredmedia":[{"embeddable":true,"href":"https:\/\/www.sage.com\/pt-pt\/blog\/api\/wp\/v2\/media\/7437"}],"wp:attachment":[{"href":"https:\/\/www.sage.com\/pt-pt\/blog\/api\/wp\/v2\/media?parent=8218"}],"wp:term":[{"taxonomy":"category","embeddable":true,"href":"https:\/\/www.sage.com\/pt-pt\/blog\/api\/wp\/v2\/categories?post=8218"},{"taxonomy":"post_tag","embeddable":true,"href":"https:\/\/www.sage.com\/pt-pt\/blog\/api\/wp\/v2\/tags?post=8218"},{"taxonomy":"business_type","embeddable":true,"href":"https:\/\/www.sage.com\/pt-pt\/blog\/api\/wp\/v2\/business_type?post=8218"},{"taxonomy":"context","embeddable":true,"href":"https:\/\/www.sage.com\/pt-pt\/blog\/api\/wp\/v2\/context?post=8218"},{"taxonomy":"industry","embeddable":true,"href":"https:\/\/www.sage.com\/pt-pt\/blog\/api\/wp\/v2\/industry?post=8218"},{"taxonomy":"persona","embeddable":true,"href":"https:\/\/www.sage.com\/pt-pt\/blog\/api\/wp\/v2\/persona?post=8218"},{"taxonomy":"imagine_tag","embeddable":true,"href":"https:\/\/www.sage.com\/pt-pt\/blog\/api\/wp\/v2\/imagine_tag?post=8218"},{"taxonomy":"author","embeddable":true,"href":"https:\/\/www.sage.com\/pt-pt\/blog\/api\/wp\/v2\/coauthors?post=8218"}],"curies":[{"name":"wp","href":"https:\/\/api.w.org\/{rel}","templated":true}]}}