{"id":8230,"date":"2025-07-23T11:29:24","date_gmt":"2025-07-23T10:29:24","guid":{"rendered":"https:\/\/www.sage.com\/pt-pt\/blog\/?p=8230"},"modified":"2025-12-31T13:26:17","modified_gmt":"2025-12-31T13:26:17","slug":"contabilizacao-da-tributacao-autonoma-a-necessaria-correcao-de-um-erro-atual","status":"publish","type":"post","link":"https:\/\/www.sage.com\/pt-pt\/blog\/contabilizacao-da-tributacao-autonoma-a-necessaria-correcao-de-um-erro-atual\/","title":{"rendered":"Contabiliza\u00e7\u00e3o da tributa\u00e7\u00e3o aut\u00f3noma: A necess\u00e1ria corre\u00e7\u00e3o de um erro atual"},"content":{"rendered":"<header class=\"entry-header has-dark-background-color entry-header--has-illustration entry-header--has-illustration--generic\">\n\t<div class=\"container\">\n\t\t<div class=\"entry-header__row row align-center\">\n\t\t\t<div class=\"col col-lg-7 col-xlg-6 entry-header__content\">\n\t\t\t\t\t\t\t<div class=\"component component-single-header\">\n\t\t\t\t\t\t\t\t\t\t<div class=\"entry-header__misc text--subtitle text--uppercase text--small\">\n\t\t\t\t\t\t\t<a href=\"https:\/\/www.sage.com\/pt-pt\/blog\/category\/estrategia-legal-e-processos\/\" class=\"entry-header__link\">Estrat\u00e9gia, Legal e Processos<\/a>\t\t\t\t\t\t<\/div>\n\t\t\t\t\n\t\t\t\t<div class=\"entry-title-wrapper\">\n\t\t\t\t\t<h1 class=\"entry-title\">\n\t\t\t\t\t\tContabiliza\u00e7\u00e3o da tributa\u00e7\u00e3o aut\u00f3noma: A necess\u00e1ria corre\u00e7\u00e3o de um erro atual\t\t\t\t\t<\/h1>\n\t\t\t\t<\/div>\n\n\t\t\t\t\t\t\t\t\t<p class=\"entry-header__description\">\n\t\t\t\t\t\t\t\t\t\t\t<\/p>\n\t\t\t\t\n\t\t\t\t\n\t\t\t\t\n\t\t\t<\/div>\n\n\t\t\t\t\t<\/div>\n\t\t\t\t\t<\/div>\n\t<\/div>\n\t<div class=\"single-post-details container\">\n\t\t<div class=\"col\">\n\t\t\t<span class=\"posted-on \"><time class=\"entry-date published\" datetime=\"2025-07-23T11:29:24+01:00\">July 23, 2025<\/time><\/span><span class=\"reading-time\"> minutos de leitura<\/span>\n\t\t<button\n\t\t\ttype=\"button\"\n\t\t\tclass=\"social-share-button button button--icon button--secondary js-social-share-button\"\n\t\t\tdata-share-title=\"Contabiliza\u00e7\u00e3o da tributa\u00e7\u00e3o aut\u00f3noma: A necess\u00e1ria corre\u00e7\u00e3o de um erro atual\"\n\t\t\tdata-share-url=\"https:\/\/www.sage.com\/pt-pt\/blog\/contabilizacao-da-tributacao-autonoma-a-necessaria-correcao-de-um-erro-atual\/\"\n\t\t\tdata-share-text=\"Por favor, leia este artigo interessante\"\n\t\t>\n\t\t\t<span class=\"social-share-button__share-label\">Partilhar<\/span>\n\t\t\t<span class=\"social-share-button__copy-label\" hidden>Copiar link<\/span>\n\t\t\t<span class=\"social-share-button__copy-tooltip\" aria-hidden=\"true\" hidden>Copiada<\/span>\n\t\t<\/button>\n\n\t\t\t\t<\/div>\n\t<\/div>\n<\/header>\n\n\n\n<div class=\"wp-block-post-author has-dark-background-color alignfull\">\n\t<div class=\"container\">\n\t\t<div class=\"col\">\n\t\t\t\t\t\t\t<div class=\"co-authors\">\n\t\t\t\t\t\n\t\t<div class=\"entry-author-wrapper\">\n\t\t\t<a class=\"entry-author\" href=\"https:\/\/www.sage.com\/pt-pt\/blog\/author\/josearaujo\/\">\n\t\t\t\t<img loading=\"lazy\" decoding=\"async\" width=\"40\" height=\"40\" src=\"https:\/\/www.sage.com\/pt-pt\/blog\/wp-content\/uploads\/sites\/15\/2025\/10\/Foto-JA-350x350.jpg\" class=\"entry-author__image\" alt=\"Sage\" srcset=\"https:\/\/www.sage.com\/pt-pt\/blog\/wp-content\/uploads\/sites\/15\/2025\/10\/Foto-JA-350x350.jpg 350w, https:\/\/www.sage.com\/pt-pt\/blog\/wp-content\/uploads\/sites\/15\/2025\/10\/Foto-JA-768x768.jpg 768w, https:\/\/www.sage.com\/pt-pt\/blog\/wp-content\/uploads\/sites\/15\/2025\/10\/Foto-JA-810x810.jpg 810w, https:\/\/www.sage.com\/pt-pt\/blog\/wp-content\/uploads\/sites\/15\/2025\/10\/Foto-JA.jpg 1093w\" sizes=\"auto, (max-width: 40px) 100vw, 40px\" \/>\t\t\t\t<span class=\"entry-author__name\">Jos\u00e9 Ara\u00fajo<\/span>\n\t\t\t<\/a>\n\n\t\t\t\t\t<\/div>\n\n\t\t\t\t\t\t<\/div>\n\t\t\t\t\t<\/div>\n\t<\/div>\n<\/div>\n\n\n\n\n\n<ul class=\"wp-block-list\">\n<li>A contabiliza\u00e7\u00e3o da tributa\u00e7\u00e3o aut\u00f3noma n\u00e3o incide sobre o rendimento, mas sobre despesas espec\u00edficas, devendo ser registada como custo e n\u00e3o como imposto sobre o rendimento.<\/li>\n\n\n\n<li>O registo incorreto desta tributa\u00e7\u00e3o distorce o c\u00e1lculo da taxa efetiva de imposto e a correta apresenta\u00e7\u00e3o contabil\u00edstica e fiscal das empresas.<\/li>\n<\/ul>\n\n\n\n<p>Embora inclu\u00edda no C\u00f3digo do Imposto sobre o Rendimento das Pessoas Coletivas (IRC), a origem da Tributa\u00e7\u00e3o Aut\u00f3noma (TA) \u00e9 o Dec. Lei n.\u00ba 192\/90, de 9 de junho, que resulta de uma autoriza\u00e7\u00e3o legislativa<sup>[1]<\/sup>.<\/p>\n\n\n\n<p><strong>A tributa\u00e7\u00e3o aut\u00f3noma n\u00e3o tributa o rendimento, nem o resultado do per\u00edodo<\/strong>, incide sobre certas despesas, sendo o seu facto gerador a realiza\u00e7\u00e3o da mesma.<\/p>\n\n\n\n<p>Assim, tal como o <strong>IVA n\u00e3o dedut\u00edvel<\/strong> \u00e9 considerado um custo pela natureza da despesa \u2013 por exemplo, o IVA n\u00e3o dedut\u00edvel da gasolina \u00e9 acrescido ao custo do combust\u00edvel. O IMT suportado na aquisi\u00e7\u00e3o de um im\u00f3vel \u00e9 acrescido ao custo de aquisi\u00e7\u00e3o do im\u00f3vel, ou o imposto do selo que incide sobre os juros suportados \u00e9 considerado <a href=\"https:\/\/www.sage.com\/pt-pt\/blog\/o-que-sao-os-gastos-de-financiamento-liquidos\/\">gasto de financiamento<\/a>. Da mesma forma, a tributa\u00e7\u00e3o aut\u00f3noma que incide sobre despesas, como as de representa\u00e7\u00e3o, deveria ser considerada um custo acrescido \u00e0 natureza da despesa.<\/p>\n\n\n\n<p><em><mark class=\"highlight-and-share\"><strong>PARTILHE! <\/strong>Sabia que est\u00e1 a contabilizar mal a tributa\u00e7\u00e3o aut\u00f3noma? N\u00e3o \u00e9 um imposto sobre o rendimento, mas sim sobre despesas espec\u00edficas. Saiba porqu\u00ea e como corrigir no seu registo contabil\u00edstico.<\/mark><\/em><\/p>\n\n\n\n<figure class=\"wp-block-pullquote\"><blockquote><p>Descubra como pode ganhar tempo para o que realmente importa: os seus clientes. Experimente o <a href=\"https:\/\/www.sage.com\/pt-pt\/contabilistas\/sage-for-accountants\/\">Sage for Accountants.<\/a><\/p><\/blockquote><\/figure>\n\n\n\n<p><strong>\u00cdNDICE DO POST<\/strong><\/p>\n\n\n<?xml encoding=\"utf-8\" ?><div class=\"wp-block-yoast-seo-table-of-contents yoast-table-of-contents\"><ul><li><a href=\"#o-erro-atualmente-cometido\" data-level=\"2\">O erro atualmente cometido<\/a><\/li><li><a href=\"#jurisprudencia-publicada\" data-level=\"2\">Jurisprud&ecirc;ncia publicada<\/a><\/li><li><a href=\"#o-calculo-da-taxa-efetiva-de-imposto\" data-level=\"2\">O c&aacute;lculo da taxa efetiva de imposto<\/a><\/li><li><a href=\"#arrecadacao-de-receita-tributaria\" data-level=\"2\">Arrecada&ccedil;&atilde;o de receita tribut&aacute;ria<\/a><\/li><\/ul><\/div>\n\n\n\n<div class=\"single-cta gated-content\">\n\t<div class=\"single-cta__positioner\">\n\t\t<div class=\"single-cta__wrapper has-dark-background-color\">\n\t\t\t<div class=\"single-cta__content\">\n\t\t\t\t\t\t\t\t<h2 class=\"single-cta__title h3\">Calend\u00e1rio Fiscal 2026<\/h2>\n\n\t\t\t\t\t\t\t\t\t<div class=\"single-cta__description\">\n\t\t\t\t\t\t<p><!-- wp:paragraph --><\/p>\n<p>Obtenha gratuitamente \ud83d\udce5 a sua vers\u00e3o do calend\u00e1rio em formatos PDF e Outlook com prazos fiscais, datas importantes e recomenda\u00e7\u00f5es para evitar san\u00e7\u00f5es. Descarregue agora!<\/p>\n<p><!-- \/wp:paragraph --><\/p>\n\t\t\t\t\t<\/div>\n\t\t\t\t\n\t\t\t\t\t\t\t\t\t\t\t\t\t\t<a\n\t\t\t\t\t\thref=\"#gate-1504af97-b525-4c50-b4c8-7cd80f9fe490\"\n\t\t\t\t\t\tclass=\"single-cta__button button button--primary\"\n\t\t\t\t\t\t\t\t\t\t\t\t\t\t\t\t\t>Obtenha j\u00e1 o seu calend\u00e1rio GRATUITO!<\/a>\n\t\t\t\t\t\t\t<\/div>\n\n\t\t\t\t\t<\/div>\n\n\t\t\t\t\t<img decoding=\"async\" width=\"1252\" height=\"810\" src=\"https:\/\/www.sage.com\/pt-pt\/blog\/wp-content\/uploads\/sites\/15\/2025\/02\/1700x1100-1-1252x810.jpg\" class=\"single-cta__image\" alt=\"Sage\" loading=\"lazy\" srcset=\"https:\/\/www.sage.com\/pt-pt\/blog\/wp-content\/uploads\/sites\/15\/2025\/02\/1700x1100-1-1252x810.jpg 1252w\" sizes=\"auto, (min-width: 48em) 33vw, 100vw\" \/>\t\t\t<\/div>\n<\/div>\n\n\n\n<h2 class=\"wp-block-heading\" id=\"o-erro-atualmente-cometido\">O erro atualmente cometido<\/h2>\n\n\n\n<p>Ativamente, e desde sempre, a&nbsp;<a href=\"https:\/\/www.sage.com\/pt-pt\/blog\/tributacao-autonoma-i\/\">Tributa\u00e7\u00e3o Aut\u00f3noma<\/a>, depois de calculada e declarada na <a href=\"https:\/\/www.sage.com\/pt-pt\/blog\/modelo-22-como-poupar-na-fatura-fiscal-e-aspetos-particulares-relativos-a-dac-6\/\">declara\u00e7\u00e3o de modelo 22<\/a>, registada a quantia devida no campo 365 do quadro 10, e explicitada a sua base de tributa\u00e7\u00e3o no quadro 13,&nbsp;<strong>\u00e9 registada da seguinte forma:<\/strong><\/p>\n\n\n\n<ul class=\"wp-block-list\">\n<li><strong>D\u00e9bito 8121 Imposto estimado para o per\u00edodo<\/strong><\/li>\n\n\n\n<li><strong>Cr\u00e9dito 241 \u2013 Estado e outros entes p\u00fablicos \u2014 Imposto sobre o rendimento.<\/strong><\/li>\n<\/ul>\n\n\n\n<p>Segundo as notas explicativa \u00e0 conta 8121, constantes no quadro de contas atual<sup>[2]<\/sup>:<\/p>\n\n\n\n<p>\u201cConsidera -se nesta conta a quantia estimada para o imposto que incidir\u00e1 sobre os resultados corrigidos para efeitos fiscais, por contrapartida da conta 241 \u2014 Estado e outros entes p\u00fablicos \u2014 Imposto sobre o rendimento.\u201d<\/p>\n\n\n\n<p>Releva-se aqui a express\u00e3o \u201cque incidir\u00e1 sobre os resultados corrigidos para efeitos fiscais\u201d. Ora a tributa\u00e7\u00e3o aut\u00f3noma, n\u00e3o incide sobre os resultados.<\/p>\n\n\n\n<h2 class=\"wp-block-heading\" id=\"jurisprudencia-publicada\">Jurisprud\u00eancia publicada<\/h2>\n\n\n\n<p>A este prop\u00f3sito, \u00e9 importante enfatizar a decis\u00e3o do CAAD<sup>[3]<\/sup>&nbsp;sobre a tributa\u00e7\u00e3o aut\u00f3noma:<\/p>\n\n\n\n<p>\u201cCome\u00e7ando pela diverg\u00eancia (fundamental) relativa \u00e0 natureza das tributa\u00e7\u00f5es aut\u00f3nomas.<\/p>\n\n\n\n<p>Aqui, este Tribunal acompanha a posi\u00e7\u00e3o uniforme e reiterada quer da jurisprud\u00eancia do Tribunal Constitucional e do Supremo Tribunal Administrativo quer da Doutrina.<\/p>\n\n\n\n<p><strong>As tributa\u00e7\u00f5es aut\u00f3nomas s\u00e3o um imposto sobre a despesa diferente e distinto do&nbsp;<\/strong><a href=\"https:\/\/www.sage.com\/pt-pt\/blog\/dicion%C3%A1rio-termos-empresariais\/o-que-e-o-irc\/\"><strong>IRC<\/strong><\/a>&nbsp;que, indiscutivelmente, \u00e9 um imposto sobre o rendimento. Isto sem se discutir se as tributa\u00e7\u00f5es aut\u00f3nomas t\u00eam ou n\u00e3o natureza \u2013 semelhan\u00e7as \u2013 com o IRC. \u00c9 que independentemente das poss\u00edveis semelhan\u00e7as n\u00e3o h\u00e1 d\u00favida que s\u00e3o impostos diferentes.<\/p>\n\n\n\n<p>Esta jurisprud\u00eancia foi iniciada h\u00e1 j\u00e1 7 anos no tribunal constitucional com o voto de vencido do Exmo. Conselheiro V\u00edtor Gomes, aposto no Ac\u00f3rd\u00e3o n.\u00ba 204\/2010. No Ac\u00f3rd\u00e3o n.\u00ba 310\/12, de 20 de junho<em>,&nbsp;<\/em>o Tribunal Constitucional reformulou a doutrina do Ac\u00f3rd\u00e3o n.\u00ba 18\/11 aproximando-se do ent\u00e3o voto de vencido do Conselheiro V\u00edtor Gomes<em>.<\/em><\/p>\n\n\n\n<p>Esta jurisprud\u00eancia foi mais tarde reafirmada pelo Plen\u00e1rio, no Ac\u00f3rd\u00e3o<br>n.\u00ba 617\/2012, processo n.\u00ba 150\/12, de 31\/1\/2013 e, recentemente, no Ac\u00f3rd\u00e3o n.\u00ba 197\/2016, proferido no \u00e2mbito do processo n.\u00ba 465\/2015.<\/p>\n\n\n\n<p>No mesmo sentido tem andado o Supremo Tribunal Administrativo como se confirmar\u00e1, entre outros, no Ac\u00f3rd\u00e3o de 21\/3\/2012, processo 830\/11, de 21\/3\/2012.<\/p>\n\n\n\n<p>A doutrina tamb\u00e9m acompanha esta posi\u00e7\u00e3o.\u201d<\/p>\n\n\n\n<h2 class=\"wp-block-heading\" id=\"o-calculo-da-taxa-efetiva-de-imposto\">O c\u00e1lculo da taxa efetiva de imposto<\/h2>\n\n\n\n<p>A NCRF 25 \u2013 Imposto sobre o Rendimento, tem como objetivo o de \u201cprescrever o tratamento contabil\u00edstico dos impostos sobre o rendimento\u201d, e \u201c<strong>consideram-se impostos sobre o rendimento todos os impostos no pa\u00eds e impostos estrangeiros que sejam baseados em lucros tribut\u00e1veis<\/strong>, bem como outros impostos tais como impostos por reten\u00e7\u00e3o (de dividendos), que sejam pag\u00e1veis por uma subsidi\u00e1ria, associada ou empreendimento conjunto em distribui\u00e7\u00f5es \u00e0 entidade que relata<a href=\"https:\/\/www.sage.com\/PT-PT\/BLOG\/CONTABILIZACAO-DA-TRIBUTACAO-AUTONOMA-A-NECESSARIA-CORRECAO-DE-UM-ERRO-ATUAL\/#4\"><sup>[4]<\/sup><\/a>.\u201d<\/p>\n\n\n\n<p>Uma vez que a tributa\u00e7\u00e3o aut\u00f3noma n\u00e3o se baseia em lucros tribut\u00e1veis, n\u00e3o se encontra, por isso inclu\u00edda no \u00e2mbito desta norma. E n\u00e3o deveria ser considerada no c\u00e1lculo da taxa efetiva, tal como preconizado na nota 27 do anexo do regime geral, que exige a seguinte divulga\u00e7\u00e3o:<\/p>\n\n\n\n<p>\u201c27.3 \u2014 Relacionamento entre gasto (rendimento) de impostos e lucro contabil\u00edstico (em uma ou em ambas das seguintes formas):<\/p>\n\n\n\n<ol class=\"wp-block-list\">\n<li>Reconcilia\u00e7\u00e3o num\u00e9rica entre gasto (rendimento) de impostos e o produto de lucro contabil\u00edstico multiplicado pela(s) taxa(s) de imposto aplic\u00e1vel(eis) e indica\u00e7\u00e3o da base pela qual a taxa(s) de imposto aplic\u00e1vel(eis) \u00e9 (s\u00e3o) calculada(s); ou<\/li>\n\n\n\n<li>Reconcilia\u00e7\u00e3o num\u00e9rica entre a taxa m\u00e9dia efetiva de imposto e a taxa de imposto aplic\u00e1vel, e indica\u00e7\u00e3o da base pela qual \u00e9 calculada a taxa de imposto aplic\u00e1vel.\u201d.<\/li>\n<\/ol>\n\n\n\n<p>A taxa efetiva de imposto, para efeitos da&nbsp;<a href=\"https:\/\/www.sage.com\/pt-pt\/blog\/dicion%C3%A1rio-termos-empresariais\/ies\/\">Informa\u00e7\u00e3o Empresarial Simplificada (IES),<\/a>&nbsp;no seu Anexo A, \u00e9 calculada no quadro 0526-A Imposto sobre o rendimento, aplic\u00e1vel a todas as entidades (Micro, pequenas e regime geral), de acordo com o esquema seguinte:<\/p>\n\n\n\n<figure class=\"wp-block-image\"><img decoding=\"async\" src=\"https:\/\/lh7-rt.googleusercontent.com\/docsz\/AD_4nXfCf9gTLEGhA7SwWJyrw44pAJHEP8-R-e0tvOxsP_-UaLi8FMlBw3Ps7yl9D9G8cWdQiy7bB7BzkpLY_Y2riAEsly3LxsdxLO3P_oOoLAPQuIlMMueTx--mNOOC_rSFDmnuD6oNjKOkyYJjKXk9kIk?key=xhfw9Qxt5VjMdTFvlc0Dqg\" alt=\"Forma\n\nEl contenido generado por IA puede ser incorrecto.\"\/><\/figure>\n\n\n\n<p>Desta forma inclui-se a tributa\u00e7\u00e3o aut\u00f3noma no c\u00e1lculo da taxa efetiva de imposto, o que n\u00e3o \u00e9 condizente com o disposto na normaliza\u00e7\u00e3o contabil\u00edstica.<\/p>\n\n\n\n<h2 class=\"wp-block-heading\" id=\"arrecadacao-de-receita-tributaria\">Arrecada\u00e7\u00e3o de receita tribut\u00e1ria<\/h2>\n\n\n\n<p>De acordo com os dados publicados pela <a href=\"https:\/\/www.sage.com\/pt-pt\/blog\/dicion%C3%A1rio-termos-empresariais\/autoridade-tributaria-e-aduaneira\/\">Autoridade Tribut\u00e1ria<\/a>, nos anos de 2021 a 2023, a tributa\u00e7\u00e3o aut\u00f3noma representou as seguintes percentagens sobre o IRC liquidado.<\/p>\n\n\n\n<figure class=\"wp-block-image\"><img decoding=\"async\" src=\"https:\/\/lh7-rt.googleusercontent.com\/docsz\/AD_4nXcsCknMhocyfJya5B12bS0caZMq_dloA7z-FcHziC3NiDUBP-RLT8zvI1kPfYoY0g8m3BTpiDgSqgNeEUmyB2Pk6S9tiSE6yBK4rYHXCVtaqXPcmtNQuW7yrtIH119yO1cysPM2rs-RVLLXFmZEjg?key=xhfw9Qxt5VjMdTFvlc0Dqg\" alt=\"\"\/><\/figure>\n\n\n\n<p>Trata-se, assim, de uma percentagem relevantes para a arrecada\u00e7\u00e3o de receita tribut\u00e1ria.<\/p>\n\n\n\n<p>A base de c\u00e1lculo deste imposto aut\u00f3nomo, no mesmo per\u00edodo de 2021 a 2023, incidiu sobre as seguintes despesas:<\/p>\n\n\n\n<figure class=\"wp-block-image\"><img decoding=\"async\" src=\"https:\/\/lh7-rt.googleusercontent.com\/docsz\/AD_4nXdjzB41y4k9HYlSKkTCkK0eBU6-lUAm7xgtMaz4xEZriibkd5GzwC2JdI6eH3jgEjHrIp9k3jXQYsdU7yNup0BUKtxtaQE_iykmqLyQB3wZMwWL5KYA3xy2ivUyVsNs9EfirC2MQp21PhzrrKziDUo?key=xhfw9Qxt5VjMdTFvlc0Dqg\" alt=\"\"\/><\/figure>\n\n\n\n<p>Verifica-se um crescimento acentuado das bases de despesas que s\u00e3o consideradas para o c\u00e1lculo da tributa\u00e7\u00e3o aut\u00f3noma.&nbsp;<\/p>\n\n\n\n<p>Seria importante corrigir aquilo que se poder\u00e1 assim entender como um erro que est\u00e1 a ser cometido nos registos contabil\u00edsticos e no c\u00e1lculo da taxa efetiva de imposto.<\/p>\n\n\n\n<p><em><strong>Nota do editor: <\/strong>Este artigo foi publicado anteriormente e atualizado para 2025 pela sua relev\u00e2ncia.<\/em><\/p>\n\n\n\n<div class=\"single-cta gated-content\">\n\t<div class=\"single-cta__positioner\">\n\t\t<div class=\"single-cta__wrapper has-dark-background-color\">\n\t\t\t<div class=\"single-cta__content\">\n\t\t\t\t\t\t\t\t<h2 class=\"single-cta__title h3\">Calend\u00e1rio Fiscal 2026<\/h2>\n\n\t\t\t\t\t\t\t\t\t<div class=\"single-cta__description\">\n\t\t\t\t\t\t<p><!-- wp:paragraph --><\/p>\n<p>Aqui est\u00e1 a sua vers\u00e3o em formato PDF e Outlook:<\/p>\n<p><!-- \/wp:paragraph --><\/p>\n<p><!-- wp:paragraph --><\/p>\n<p>\u2705 Prazos para entrega de declara\u00e7\u00f5es e obriga\u00e7\u00f5es fiscais.<br \/>\u2705 Datas essenciais para a liquida\u00e7\u00e3o de impostos e contribui\u00e7\u00f5es.<br \/>\u2705 Recomenda\u00e7\u00f5es para evitar san\u00e7\u00f5es.<\/p>\n<p><!-- \/wp:paragraph --><\/p>\n\t\t\t\t\t<\/div>\n\t\t\t\t\n\t\t\t\t\t\t\t\t\t\t\t\t\t\t<a\n\t\t\t\t\t\thref=\"#gate-1504af97-b525-4c50-b4c8-7cd80f9fe490\"\n\t\t\t\t\t\tclass=\"single-cta__button button button--primary\"\n\t\t\t\t\t\t\t\t\t\t\t\t\t\t\t\t\t>Obtenha j\u00e1 o seu calend\u00e1rio GRATUITO!<\/a>\n\t\t\t\t\t\t\t<\/div>\n\n\t\t\t\t\t<\/div>\n\n\t\t\t\t\t<img decoding=\"async\" width=\"1252\" height=\"810\" src=\"https:\/\/www.sage.com\/pt-pt\/blog\/wp-content\/uploads\/sites\/15\/2025\/02\/1700x1100-1-1252x810.jpg\" class=\"single-cta__image\" alt=\"Sage\" loading=\"lazy\" srcset=\"https:\/\/www.sage.com\/pt-pt\/blog\/wp-content\/uploads\/sites\/15\/2025\/02\/1700x1100-1-1252x810.jpg 1252w\" sizes=\"auto, (min-width: 48em) 33vw, 100vw\" \/>\t\t\t<\/div>\n<\/div>\n\n\n\n<p><strong>Notas<\/strong><\/p>\n\n\n\n<p><sup>[1]<\/sup>&nbsp;n.\u00ba 3 do artigo 25.\u00ba da Lei n.\u00ba 101\/89, de 29 de dezembro \u2013 OE 1990<\/p>\n\n\n\n<p><sup>[2]<\/sup>&nbsp;Portaria n.\u00ba 218\/2015 de 23 de julho<\/p>\n\n\n\n<p><sup>[3]<\/sup>&nbsp;<a href=\"https:\/\/caad.org.pt\/tributario\/decisoes\/decisao.php?s_irc=1&amp;s_processo&amp;s_data_ini&amp;s_data_fim&amp;s_resumo&amp;s_artigos&amp;s_texto&amp;listPage=83&amp;id=3801&amp;fbclid=IwAR0p9JzdbPVu_LHl--aRs0yQt_oNcnZdjQx2aaGrpVqfR4wXPKAjQqdG60M\" target=\"_blank\" rel=\"noreferrer noopener\">https:\/\/caad.org.pt\/tributario\/decisoes\/decisao.php?s_irc=1&amp;s_processo&amp;s_data_ini&amp;s_data_fim&amp;s_resumo&amp;s_artigos&amp;s_texto&amp;listPage=83&amp;id=3801&amp;fbclid=IwAR0p9JzdbPVu_LHl\u2013aRs0yQt_oNcnZdjQx2aaGrpVqfR4wXPKAjQqdG60M<\/a><\/p>\n\n\n\n<p><sup>[4]<\/sup>&nbsp;\u00a73 da NCRF 25<\/p>\n","protected":false},"excerpt":{"rendered":"<p>Saiba como fazer a contabiliza\u00e7\u00e3o da tributa\u00e7\u00e3o aut\u00f3noma corretamente e evitar erros que impactam os custos e impostos da sua empresa.<\/p>\n","protected":false},"author":1164,"featured_media":7273,"comment_status":"closed","ping_status":"closed","sticky":false,"template":"","format":"standard","meta":{"_sage_video":false,"post_featured_image_hide":false,"footnotes":""},"categories":[16],"tags":[83,71],"business_type":[135],"context":[],"industry":[130,126],"persona":[51,42],"imagine_tag":[136],"coauthors":[497],"class_list":["post-8230","post","type-post","status-publish","format-standard","has-post-thumbnail","hentry","category-estrategia-legal-e-processos","tag-estrategia","tag-legislacao","business_type-contabilistas","industry-servicos","industry-servicos-financeiros"],"sage_meta":{"region":"pt-pt","author_name":"Jos\u00e9 Ara\u00fajo","featured_image":"https:\/\/www.sage.com\/pt-pt\/blog\/wp-content\/uploads\/sites\/15\/2022\/04\/GettyImages-656316264.jpg","imagine_tags":{"136":"Contabilistas"}},"distributor_meta":false,"distributor_terms":false,"distributor_media":false,"distributor_original_site_name":"Sage Advice Portugal","distributor_original_site_url":"https:\/\/www.sage.com\/pt-pt\/blog","push-errors":false,"_links":{"self":[{"href":"https:\/\/www.sage.com\/pt-pt\/blog\/api\/wp\/v2\/posts\/8230","targetHints":{"allow":["GET"]}}],"collection":[{"href":"https:\/\/www.sage.com\/pt-pt\/blog\/api\/wp\/v2\/posts"}],"about":[{"href":"https:\/\/www.sage.com\/pt-pt\/blog\/api\/wp\/v2\/types\/post"}],"author":[{"embeddable":true,"href":"https:\/\/www.sage.com\/pt-pt\/blog\/api\/wp\/v2\/users\/1164"}],"replies":[{"embeddable":true,"href":"https:\/\/www.sage.com\/pt-pt\/blog\/api\/wp\/v2\/comments?post=8230"}],"version-history":[{"count":0,"href":"https:\/\/www.sage.com\/pt-pt\/blog\/api\/wp\/v2\/posts\/8230\/revisions"}],"wp:featuredmedia":[{"embeddable":true,"href":"https:\/\/www.sage.com\/pt-pt\/blog\/api\/wp\/v2\/media\/7273"}],"wp:attachment":[{"href":"https:\/\/www.sage.com\/pt-pt\/blog\/api\/wp\/v2\/media?parent=8230"}],"wp:term":[{"taxonomy":"category","embeddable":true,"href":"https:\/\/www.sage.com\/pt-pt\/blog\/api\/wp\/v2\/categories?post=8230"},{"taxonomy":"post_tag","embeddable":true,"href":"https:\/\/www.sage.com\/pt-pt\/blog\/api\/wp\/v2\/tags?post=8230"},{"taxonomy":"business_type","embeddable":true,"href":"https:\/\/www.sage.com\/pt-pt\/blog\/api\/wp\/v2\/business_type?post=8230"},{"taxonomy":"context","embeddable":true,"href":"https:\/\/www.sage.com\/pt-pt\/blog\/api\/wp\/v2\/context?post=8230"},{"taxonomy":"industry","embeddable":true,"href":"https:\/\/www.sage.com\/pt-pt\/blog\/api\/wp\/v2\/industry?post=8230"},{"taxonomy":"persona","embeddable":true,"href":"https:\/\/www.sage.com\/pt-pt\/blog\/api\/wp\/v2\/persona?post=8230"},{"taxonomy":"imagine_tag","embeddable":true,"href":"https:\/\/www.sage.com\/pt-pt\/blog\/api\/wp\/v2\/imagine_tag?post=8230"},{"taxonomy":"author","embeddable":true,"href":"https:\/\/www.sage.com\/pt-pt\/blog\/api\/wp\/v2\/coauthors?post=8230"}],"curies":[{"name":"wp","href":"https:\/\/api.w.org\/{rel}","templated":true}]}}