{"id":8328,"date":"2023-01-17T09:30:00","date_gmt":"2023-01-17T09:30:00","guid":{"rendered":"https:\/\/www.sage.com\/pt-pt\/blog\/?p=8328"},"modified":"2023-06-27T16:08:23","modified_gmt":"2023-06-27T15:08:23","slug":"tendencias-de-marketing-em-2023-informacao-e-poder","status":"publish","type":"post","link":"https:\/\/www.sage.com\/pt-pt\/blog\/tendencias-de-marketing-em-2023-informacao-e-poder\/","title":{"rendered":"Tend\u00eancias de marketing em 2023: informa\u00e7\u00e3o \u00e9 poder"},"content":{"rendered":"<header class=\"entry-header has-dark-background-color entry-header--has-illustration entry-header--has-illustration--generic\">\n\t<div class=\"container\">\n\t\t<div class=\"entry-header__row row align-center\">\n\t\t\t<div class=\"col col-lg-7 col-xlg-6 entry-header__content\">\n\t\t\t\t\t\t\t<div class=\"component component-single-header\">\n\t\t\t\t\t\t\t\t\t\t<div class=\"entry-header__misc text--subtitle text--uppercase text--small\">\n\t\t\t\t\t\t\t<a href=\"https:\/\/www.sage.com\/pt-pt\/blog\/category\/tecnologia-e-inovacao\/\" class=\"entry-header__link\">Tecnologia e Inova\u00e7\u00e3o<\/a>\t\t\t\t\t\t<\/div>\n\t\t\t\t\n\t\t\t\t<div class=\"entry-title-wrapper\">\n\t\t\t\t\t<h1 class=\"entry-title\">\n\t\t\t\t\t\tTend\u00eancias de marketing em 2023: informa\u00e7\u00e3o \u00e9 poder\t\t\t\t\t<\/h1>\n\t\t\t\t<\/div>\n\n\t\t\t\t\t\t\t\t\t<p class=\"entry-header__description\">\n\t\t\t\t\t\t\t\t\t\t\t<\/p>\n\t\t\t\t\n\t\t\t\t\n\t\t\t\t\n\t\t\t<\/div>\n\n\t\t\t\t\t<\/div>\n\t\t\t\t\t<\/div>\n\t<\/div>\n\t<div class=\"single-post-details container\">\n\t\t<div class=\"col\">\n\t\t\t<span class=\"posted-on \"><time class=\"entry-date published\" datetime=\"2023-01-17T09:30:00+00:00\">January 17, 2023<\/time><\/span><span class=\"reading-time\"> minutos de leitura<\/span>\n\t\t<button\n\t\t\ttype=\"button\"\n\t\t\tclass=\"social-share-button button button--icon button--secondary js-social-share-button\"\n\t\t\tdata-share-title=\"Tend\u00eancias de marketing em 2023: informa\u00e7\u00e3o \u00e9 poder\"\n\t\t\tdata-share-url=\"https:\/\/www.sage.com\/pt-pt\/blog\/tendencias-de-marketing-em-2023-informacao-e-poder\/\"\n\t\t\tdata-share-text=\"Por favor, leia este artigo interessante\"\n\t\t>\n\t\t\t<span class=\"social-share-button__share-label\">Partilhar<\/span>\n\t\t\t<span class=\"social-share-button__copy-label\" hidden>Copiar link<\/span>\n\t\t\t<span class=\"social-share-button__copy-tooltip\" aria-hidden=\"true\" hidden>Copiada<\/span>\n\t\t<\/button>\n\n\t\t\t\t<\/div>\n\t<\/div>\n<\/header>\n\n\n<div class=\"wp-block-post-author has-dark-background-color alignfull\">\n\t<div class=\"container\">\n\t\t<div class=\"col\">\n\t\t\t\t\t\t\t<div class=\"co-authors\">\n\t\t\t\t\t\n\t\t<div class=\"entry-author-wrapper\">\n\t\t\t<a class=\"entry-author\" href=\"https:\/\/www.sage.com\/pt-pt\/blog\/author\/mariaanabarroso\/\">\n\t\t\t\t<img loading=\"lazy\" decoding=\"async\" width=\"40\" height=\"40\" src=\"https:\/\/www.sage.com\/pt-pt\/blog\/wp-content\/uploads\/sites\/15\/2022\/01\/IMG_2971-2-350x350.jpg\" class=\"entry-author__image\" alt=\"\" \/>\t\t\t\t<span class=\"entry-author__name\">Maria Caldeira<\/span>\n\t\t\t<\/a>\n\n\t\t\t\t\t<\/div>\n\n\t\t\t\t\t\t<\/div>\n\t\t\t\t\t<\/div>\n\t<\/div>\n<\/div>\n\n\n\n<p class=\"\">Hoje em dia, as tend\u00eancias podem mudar \u2018num piscar de olhos\u2019. As empresas competem em contextos que est\u00e3o permanentemente em r\u00e1pida mudan\u00e7a e \u00e9, por isso, importante que possam antecipar o que a\u00ed vem e, quando tal n\u00e3o \u00e9 poss\u00edvel, ter a agilidade e flexibilidade suficientes para terem capacidade de resposta.<\/p>\n\n\n\n<p class=\"\">Estrat\u00e9gias de&nbsp;<em>marketing<\/em>&nbsp;bem fundamentadas e informadas s\u00e3o hoje um dos segredos para que as empresas consigam manter-se relevantes perante o seu p\u00fablico-alvo e assim ter maiores garantias de sucesso. Para tal, as empresas devem compreender em profundidade o seu p\u00fablico-alvo, tirando partido das ferramentas hoje dispon\u00edveis, que permitem, como nunca antes, ter os&nbsp;<strong>dados necess\u00e1rios<\/strong>&nbsp;para definir&nbsp;<strong>estrat\u00e9gias<\/strong>&nbsp;e orientar&nbsp;<strong>decis\u00f5es<\/strong>.<\/p>\n\n\n\n<p class=\"\">Independentemente das especificidades de cada mercado e de cada empresa, h\u00e1 grandes tend\u00eancias de&nbsp;<em>marketing<\/em> que prometem marcar o ano que agora arranca.<\/p>\n\n\n\n<h3 class=\"wp-block-heading\"><strong>Aposta omnicanal<\/strong><\/h3>\n\n\n\n<p class=\"\">Numa altura em que os consumidores optam por consultar v\u00e1rias plataformas antes de tomar uma decis\u00e3o de compra, \u00e9 fundamental pensar-se numa estrat\u00e9gia&nbsp;<a href=\"https:\/\/www.sage.com\/pt-pt\/blog\/a-importancia-de-um-erp-para-prestar-um-servico-omnicanal\/\">omnicanal<\/a>&nbsp;quando falamos de&nbsp;<em>marketing<\/em>. Ter uma linha de posicionamento e promo\u00e7\u00e3o da marca desenhada, de raiz, para os diferentes canais e plataformas &#8211;&nbsp;<em>online<\/em>&nbsp;e&nbsp;<em>offline<\/em>&nbsp;&#8211;&nbsp;\u00e9 completamente distinto de apostar num s\u00f3 e depois adaptar aos demais.<\/p>\n\n\n\n<p class=\"\">A escolha da primeira hip\u00f3tese trar\u00e1 coer\u00eancia \u00e0 estrat\u00e9gia de&nbsp;<em>marketing<\/em>&nbsp;e ir\u00e1 proporcionar uma&nbsp;<a href=\"https:\/\/www.sage.com\/pt-pt\/blog\/hyperexperience-a-evolucao-da-experiencia-de-cliente\/\">experi\u00eancia integrada ao cliente<\/a>&nbsp;em todos os pontos de contato com a marca. Para tal, \u00e9 tamb\u00e9m importante que as diferentes equipas de&nbsp;<em>marketing<\/em>&nbsp;e vendas estejam alinhadas para que este fio condutor seja, de facto, comum \u00e0s v\u00e1rias plataformas.<\/p>\n\n\n\n<p class=\"\">Uma estrat\u00e9gia omnicanal contribuir\u00e1 fortemente para a constru\u00e7\u00e3o de uma rela\u00e7\u00e3o forte com os clientes, geradora de mais receitas e consumidores mais leais.<\/p>\n\n\n\n<h3 class=\"wp-block-heading\"><strong>Recorrer mais e mais \u00e0 Intelig\u00eancia Artificial<\/strong><\/h3>\n\n\n\n<p class=\"\">Ainda s\u00e3o muitos os profissionais de\u00a0<em>marketing<\/em>\u00a0que n\u00e3o tiram o devido partido das vantagens da\u00a0<a href=\"https:\/\/www.sage.com\/pt-pt\/blog\/importancia-inteligencia-artificial-na-sociedade-atual-e-book\/\">Intelig\u00eancia Artificial<\/a> mas isso est\u00e1 a mudar, sendo por isso de esperar que, em 2023, assim como nos anos que se seguir\u00e3o, se assista a um incremento do seu uso. M\u00e9todos de Intelig\u00eancia Artificial como os \u2018data models\u2019, os algoritmos ou o \u2018<a href=\"https:\/\/www.sage.com\/pt-pt\/blog\/assistentes-virtuais-os-novos-membros-da-equipa\/\">machine learning\u2019<\/a>\u00a0ajudam, e muito, a perceber melhor os p\u00fablicos-alvo, compreender o\u00a0<strong>comportamento dos consumidores<\/strong> e\u00a0<strong>antecipar<\/strong>\u00a0altera\u00e7\u00f5es nas\u00a0<strong>tend\u00eancias de consumo<\/strong>.\u00a0<\/p>\n\n\n\n<p class=\"\">Os dados obtidos podem ajudar os profissionais de&nbsp;<em>marketing<\/em>&nbsp;a otimizar gastos (gra\u00e7as, por exemplo, a uma segmenta\u00e7\u00e3o de campanhas mais eficaz), permitindo produzir conte\u00fados muito mais direcionados e proporcionar experi\u00eancias de consumo mais personalizadas.<\/p>\n\n\n\n<h3 class=\"wp-block-heading\"><strong>De olhos postos na Gera\u00e7\u00e3o Z<\/strong><\/h3>\n\n\n\n<p class=\"\">Depois dos chamados \u2018millennials\u2019 &#8211; nascidos algures entre 1980 e 1994 -, a gera\u00e7\u00e3o Z, que se lhes seguiu, est\u00e1 a ganhar um peso naturalmente maior no mercado e tem vindo a introduzir claras mudan\u00e7as de paradigma gra\u00e7as aos seus distintos padr\u00f5es de consumo face a gera\u00e7\u00f5es anteriores. Tal deve-se sobretudo ao facto de estes novos consumidores terem surgido j\u00e1 num&nbsp;mundo dominado pelas&nbsp;<strong>redes sociais<\/strong>, pelo&nbsp;<strong>digital<\/strong>&nbsp;e pelas&nbsp;<strong>novas tecnologias<\/strong>. Os seus processos de tomada de decis\u00e3o e aquilo que valorizam nas marcas est\u00e1 a determinar, cada vez mais, as tend\u00eancias do&nbsp;<em>marketing<\/em>.<\/p>\n\n\n\n<p class=\"\">E o que querem estes consumidores das marcas? Querem&nbsp;<strong>rapidez, agilidade, transpar\u00eancia, criatividade, confian\u00e7a<\/strong>&nbsp;e um posicionamento claro em quest\u00f5es relacionadas com a&nbsp;<a href=\"https:\/\/www.sage.com\/pt-pt\/blog\/radiografia-do-consumidor-pos-covid-mais-consciente-da-sustentabilidade\/\">sustentabilidade<\/a>&nbsp;e a responsabilidade social.<\/p>\n\n\n\n<h3 class=\"wp-block-heading\"><strong><em>Marketing<\/em>&nbsp;que defende causas<\/strong><\/h3>\n\n\n\n<p class=\"\">Os consumidores privilegiam cada vez mais as marcas que valorizam a responsabilidade social e a sustentabilidade<a href=\"https:\/\/www.sage.com\/pt-pt\/blog\/estarao-os-consumidores-dispostos-a-pagar-por-produtos-sustentaveis\/\">. Muitos consumidores est\u00e3o mesmo dispostos a pagar mais<\/a>&nbsp;por produtos de marcas que demonstrem tais compromissos com as comunidades e o mundo que as rodeia.<\/p>\n\n\n\n<p class=\"\">Os clientes querem &#8211; e sabem que podem &#8211; fazer a diferen\u00e7a nos seus comportamentos de consumo. Assim, campanhas que alertem para quest\u00f5es de justi\u00e7a social, igualdade de g\u00e9nero, sustentabilidade ou inclus\u00e3o, empresas que direcionem partes dos lucros para a a\u00e7\u00e3o social ou que se envolvam em campanhas de apoio a causas s\u00e3o mais notadas e valorizadas pelos consumidores.<\/p>\n\n\n\n<p class=\"\">Depois, diversos estudos j\u00e1 realizados mostram que s\u00e3o muitos os que n\u00e3o se sentem representados nas campanhas de publicidade e&nbsp;<em>marketing<\/em>, quer seja nas causas que valorizam ou por n\u00e3o se sentirem visados enquanto consumidores. O potencial para atrair uma maior fatia do mercado e conseguir valorizar a marca \u00e9, por isso, muito grande.<\/p>\n\n\n\n<h3 class=\"wp-block-heading\"><strong>Redes sociais<\/strong><\/h3>\n\n\n\n<p class=\"\">Em 2023, o movimento feito pelas empresas no sentido de apostar na promo\u00e7\u00e3o dos seus produtos, servi\u00e7os e imagem via redes sociais continuar\u00e1, com destaque para tudo o que sejam conte\u00fados em v\u00eddeo, seja via&nbsp;<strong>Instagram, YouTube<\/strong>&nbsp;ou outras plataformas.<\/p>\n\n\n\n<p class=\"\">Os consumidores s\u00e3o hoje muito recetivos a marcas que contem hist\u00f3rias, que promovam um maior envolvimento com o cliente e que adotem valores com os quais as pessoas se possam identificar. Por outro lado, o&nbsp;<em>marketing<\/em>&nbsp;das marcas junto dos mercados-alvo quer-se cada vez mais interativo, em lugar de composto por a\u00e7\u00f5es em que o consumidor \u00e9 um agente passivo e um mero recetor de informa\u00e7\u00e3o. S\u00e3o um importante ve\u00edculo de aproxima\u00e7\u00e3o entre as marcas.<\/p>\n\n\n\n<p class=\"\">Para as empresas, as redes sociais s\u00e3o tamb\u00e9m um bom instrumento para \u2018medir o pulso\u2019 ao mercado.<\/p>\n\n\n\n<h3 class=\"wp-block-heading\"><strong>A aposta nos v\u00eddeos de curta dura\u00e7\u00e3o<\/strong><\/h3>\n\n\n\n<p class=\"\">O v\u00eddeo cresceu nas estrat\u00e9gias de&nbsp;<em>marketing<\/em>&nbsp;no ano que agora terminou e 2023 n\u00e3o dever\u00e1 ser diferente. Por um lado, este formato de conte\u00fado potencia uma liga\u00e7\u00e3o mais profunda e eficaz entre as marcas e os potenciais clientes. Por outro, \u00e9 muito f\u00e1cil e econ\u00f3mico para as marcas faz\u00ea-los circular e, preferencialmente, tornar-se viral na Internet. E a verdade \u00e9 que hoje a produ\u00e7\u00e3o destes v\u00eddeos \u00e9, gra\u00e7as \u00e0s novas tecnologias, muito mais simples e barata.<\/p>\n\n\n\n<p class=\"\">A forma como tal \u00e9 depois concretizada pode ocorrer pela via da&nbsp;<strong>cria\u00e7\u00e3o de conte\u00fado pr\u00f3prio<\/strong>&nbsp;pela marca ou atrav\u00e9s de conte\u00fado gerado pelo utilizador\/consumidor, o chamado \u2018User-Generated Content\u2019). Outra via s\u00e3o, claro est\u00e1, as parcerias com \u2018influencers\u2019.<\/p>\n\n\n\n<h3 class=\"wp-block-heading\"><strong>Podcasts,&nbsp;<em>newsletters<\/em>, blogues<\/strong><\/h3>\n\n\n\n<p class=\"\">Para al\u00e9m das redes sociais cl\u00e1ssicas,&nbsp;<strong>outros ve\u00edculos de distribui\u00e7\u00e3o de conte\u00fados<\/strong>&nbsp;est\u00e3o a ganhar peso entre as novas gera\u00e7\u00f5es. Canais como os&nbsp;<strong>podcasts, as newsletters ou os blogues<\/strong>&nbsp;t\u00eam como vantagem o facto de chegarem a p\u00fablicos \u00e0 partida j\u00e1 mais predispostos a consumir aqueles conte\u00fados. Podem ser utilizadas mesmo por empresas com or\u00e7amentos mais baixos e permitem fazer campanhas cir\u00fargicas, muito mais direcionadas j\u00e1 ao p\u00fablico-alvo a que se pretende chegar.<\/p>\n\n\n\n<p class=\"\">Dentro dos v\u00e1rios canais poss\u00edveis, os especialistas antecipam que, em 2023, os podcasts continuem a crescer enquanto ferramentas de&nbsp;<em>marketing<\/em>. Tamb\u00e9m os&nbsp;<strong>blogues<\/strong>&nbsp;permanecer\u00e3o nas estrat\u00e9gias promocionais das marcas. Apesar de serem um recurso mais antigo do que \u2018colegas\u2019 como as newsletters e os podcasts, continuam a funcionar.&nbsp;&nbsp;Estima-se, ali\u00e1s, que pelo menos&nbsp;<strong>um ter\u00e7o dos&nbsp;<em>marketeers<\/em>&nbsp;os utilizam<\/strong>. E as estat\u00edsticas mostram que as empresas que t\u00eam blogues associados ao site da marca conseguem, por essa via, reais incrementos nas vendas.<\/p>\n\n\n\n<h3 class=\"wp-block-heading\"><strong>\u2018User-generated content\u2019<\/strong><\/h3>\n\n\n\n<p class=\"\">N\u00e3o se trata propriamente da inven\u00e7\u00e3o da roda. Sempre se soube que n\u00e3o h\u00e1 melhor estrat\u00e9gia para promover uma marca ou um neg\u00f3cio do que o chamado \u2018<a href=\"https:\/\/www.sage.com\/pt-pt\/blog\/fidelizacao-e-lealdade-conhecer-o-cliente\/\">de boca em boca\u2019<\/a>. \u00c9 mais prov\u00e1vel que as pessoas experimentem um produto ou servi\u00e7o se algu\u00e9m que conhecem e em quem confiam o&nbsp;<strong>recomendar<\/strong>.<\/p>\n\n\n\n<p class=\"\">As novas tecnologias e, em particular, as redes sociais est\u00e3o a permitir potenciar esta \u2018velha\u2019 estrat\u00e9gia numa escala nunca antes imagin\u00e1vel. Desde os&nbsp;<em>posts<\/em>&nbsp;de influenciadores, passando pelos v\u00eddeos de \u2018unboxing\u2019, pelos \u2018hashtags\u2019 de marcas ou pelas viraliza\u00e7\u00f5es via TikTok, as marcas t\u00eam no conte\u00fado gerado por utilizadores um imenso potencial de neg\u00f3cio. Potencial esse que, por ser mais econ\u00f3mico em termos de investimento de&nbsp;<em>marketing<\/em>, \u00e9 mais acess\u00edvel mesmo para os pequenos neg\u00f3cios. Os consumidores tendem progressivamente a confiar muito mais no conte\u00fado gerado por outros consumidores sobre marcas ou produtos espec\u00edficos do que em conte\u00fado criado por essas mesmas marcas.<\/p>\n\n\n\n<h3 class=\"wp-block-heading\"><strong>O regresso dos eventos presenciais<\/strong><\/h3>\n\n\n\n<p class=\"\">Com a pandemia a deixar de ser um impedimento, a realiza\u00e7\u00e3o dos eventos presenciais tem vindo a ser retomada e tal tend\u00eancia ir\u00e1 acentuar-se em 2023. Volta, por isso, a poder ser uma \u2018carta na manga\u2019 para as campanhas de&nbsp;<em>marketing<\/em>&nbsp;e&nbsp;<strong>posicionamento das marcas<\/strong>.<\/p>\n\n\n\n<p class=\"\">S\u00e3o outra via primordial de aproxima\u00e7\u00e3o entre as empresas e os seus clientes, quer tal se materialize atrav\u00e9s da cria\u00e7\u00e3o de eventos pr\u00f3prios, do patroc\u00ednio de eventos de outras entidades ou, por exemplo, atrav\u00e9s do lan\u00e7amento de uma loja \u2018pop-up\u2019.<\/p>\n\n\n\n<p class=\"\">As chamadas \u2018experi\u00eancias imersivas\u2019 f\u00edsicas, por exemplo, podem ser inovadoras e muito eficazes, tendo potencial para serem altamente partilh\u00e1veis \u200b\u200bnas redes sociais.<\/p>\n\n\n\n<p class=\"\">A verdade \u00e9 que, por mais digital que o mundo se torne, continuaremos sempre a ser \u2018animais sociais\u2019 e n\u00e3o h\u00e1 rede social que substitua o contacto presencial. A pandemia lembrou-nos isso mesmo.<\/p>\n\n\n\n<p class=\"\">Cada empresa compete hoje num mundo em constante mudan\u00e7a. Manter o n\u00edvel de competitividade passa, nomeadamente, por procurar estar sempre um passo \u00e0 frente nas estrat\u00e9gias desenvolvidas, sob pena de, se tal n\u00e3o for feito, se ter de \u2018correr atr\u00e1s do preju\u00edzo\u2019.&nbsp;<\/p>\n\n\n\n<p class=\"\">Acresce que estamos a come\u00e7ar um novo ano com o desafio acrescido da instabilidade econ\u00f3mica e geopol\u00edtica, o que exige das marcas uma ainda maior capacidade de serem flex\u00edveis, inovadoras e focadas.<\/p>\n\n\n\n<p class=\"\">Quer o contexto envolvente seja de forte expans\u00e3o ou de contra\u00e7\u00e3o, h\u00e1 sempre espa\u00e7o para crescer. Basta estarmos bem preparados.<\/p>\n\n\n<div class=\"single-cta\">\n\t<div class=\"single-cta__positioner\">\n\t\t<div class=\"single-cta__wrapper has-dark-background-color\">\n\t\t\t<div class=\"single-cta__content\">\n\t\t\t\t\t\t\t\t<h2 class=\"single-cta__title h3\">Receba a newsletter Sage Advice<\/h2>\n\n\t\t\t\t\t\t\t\t\t<div class=\"single-cta__description\">\n\t\t\t\t\t\t<p>Inscreva-se para receber o boletim do Sage\u00a0Advice e receba os conselhos mais recentes diretamente no seu e-mail.<\/p>\n\t\t\t\t\t<\/div>\n\t\t\t\t\n\t\t\t\t\t\t\t\t\t\t\t\t\t\t<a\n\t\t\t\t\t\thref=\"#gate-56228f27-e58f-435b-9b72-a561d684e263\"\n\t\t\t\t\t\tclass=\"single-cta__button button button--primary\"\n\t\t\t\t\t\t\t\t\t\t\t\t\t\t\t\t\t>Subscrever<\/a>\n\t\t\t\t\t\t\t<\/div>\n\n\t\t\t\t\t<\/div>\n\n\t\t\t\t\t<img decoding=\"async\" width=\"1215\" height=\"810\" src=\"https:\/\/www.sage.com\/pt-pt\/blog\/wp-content\/uploads\/sites\/15\/2023\/10\/GettyImages-1073868226-1215x810.jpg\" class=\"single-cta__image\" alt=\"Rapaz ao telefone no seu escrit\u00f3rio\" loading=\"lazy\" srcset=\"https:\/\/www.sage.com\/pt-pt\/blog\/wp-content\/uploads\/sites\/15\/2023\/10\/GettyImages-1073868226-1215x810.jpg 1215w\" sizes=\"auto, (min-width: 48em) 33vw, 100vw\" \/>\t\t\t<\/div>\n<\/div>\n","protected":false},"excerpt":{"rendered":"<p>Estrat\u00e9gias de marketing bem fundamentadas e informadas s\u00e3o hoje um dos segredos para que as empresas consigam manter-se relevantes perante o seu p\u00fablico-alvo e assim ter maiores garantias de sucesso. <\/p>\n","protected":false},"author":1336,"featured_media":7526,"comment_status":"closed","ping_status":"closed","sticky":false,"template":"","format":"standard","meta":{"_sage_video":false,"post_featured_image_hide":false,"footnotes":""},"categories":[18],"tags":[223],"business_type":[2,3],"context":[],"industry":[132],"persona":[46,43,41,47,44,48],"imagine_tag":[165],"coauthors":[548],"class_list":["post-8328","post","type-post","status-publish","format-standard","has-post-thumbnail","hentry","category-tecnologia-e-inovacao","tag-tecnologia","business_type-pequenas-empresas","business_type-medias-empresas","industry-tecnologia"],"sage_meta":{"region":"pt-pt","author_name":"Maria Caldeira","featured_image":"https:\/\/www.sage.com\/pt-pt\/blog\/wp-content\/uploads\/sites\/15\/2022\/04\/GettyImages-1181223319.jpg","imagine_tags":{"165":"Tecnologia e Inova\u00e7\u00e3o"}},"distributor_meta":false,"distributor_terms":false,"distributor_media":false,"distributor_original_site_name":"Sage Advice Portugal","distributor_original_site_url":"https:\/\/www.sage.com\/pt-pt\/blog","push-errors":false,"_links":{"self":[{"href":"https:\/\/www.sage.com\/pt-pt\/blog\/api\/wp\/v2\/posts\/8328","targetHints":{"allow":["GET"]}}],"collection":[{"href":"https:\/\/www.sage.com\/pt-pt\/blog\/api\/wp\/v2\/posts"}],"about":[{"href":"https:\/\/www.sage.com\/pt-pt\/blog\/api\/wp\/v2\/types\/post"}],"author":[{"embeddable":true,"href":"https:\/\/www.sage.com\/pt-pt\/blog\/api\/wp\/v2\/users\/1336"}],"replies":[{"embeddable":true,"href":"https:\/\/www.sage.com\/pt-pt\/blog\/api\/wp\/v2\/comments?post=8328"}],"version-history":[{"count":0,"href":"https:\/\/www.sage.com\/pt-pt\/blog\/api\/wp\/v2\/posts\/8328\/revisions"}],"wp:featuredmedia":[{"embeddable":true,"href":"https:\/\/www.sage.com\/pt-pt\/blog\/api\/wp\/v2\/media\/7526"}],"wp:attachment":[{"href":"https:\/\/www.sage.com\/pt-pt\/blog\/api\/wp\/v2\/media?parent=8328"}],"wp:term":[{"taxonomy":"category","embeddable":true,"href":"https:\/\/www.sage.com\/pt-pt\/blog\/api\/wp\/v2\/categories?post=8328"},{"taxonomy":"post_tag","embeddable":true,"href":"https:\/\/www.sage.com\/pt-pt\/blog\/api\/wp\/v2\/tags?post=8328"},{"taxonomy":"business_type","embeddable":true,"href":"https:\/\/www.sage.com\/pt-pt\/blog\/api\/wp\/v2\/business_type?post=8328"},{"taxonomy":"context","embeddable":true,"href":"https:\/\/www.sage.com\/pt-pt\/blog\/api\/wp\/v2\/context?post=8328"},{"taxonomy":"industry","embeddable":true,"href":"https:\/\/www.sage.com\/pt-pt\/blog\/api\/wp\/v2\/industry?post=8328"},{"taxonomy":"persona","embeddable":true,"href":"https:\/\/www.sage.com\/pt-pt\/blog\/api\/wp\/v2\/persona?post=8328"},{"taxonomy":"imagine_tag","embeddable":true,"href":"https:\/\/www.sage.com\/pt-pt\/blog\/api\/wp\/v2\/imagine_tag?post=8328"},{"taxonomy":"author","embeddable":true,"href":"https:\/\/www.sage.com\/pt-pt\/blog\/api\/wp\/v2\/coauthors?post=8328"}],"curies":[{"name":"wp","href":"https:\/\/api.w.org\/{rel}","templated":true}]}}