{"id":8894,"date":"2025-09-08T12:26:07","date_gmt":"2025-09-08T11:26:07","guid":{"rendered":"https:\/\/www.sage.com\/pt-pt\/blog\/?p=8894"},"modified":"2025-09-08T12:26:08","modified_gmt":"2025-09-08T11:26:08","slug":"redito-vs-volume-de-negocios-vs-faturacao-consideracoes-contabilisticas-e-fiscais","status":"publish","type":"post","link":"https:\/\/www.sage.com\/pt-pt\/blog\/redito-vs-volume-de-negocios-vs-faturacao-consideracoes-contabilisticas-e-fiscais\/","title":{"rendered":"Qual a diferen\u00e7a entre r\u00e9dito, volume de neg\u00f3cios e fatura\u00e7\u00e3o? Guia contabil\u00edstico e fiscal"},"content":{"rendered":"<header class=\"entry-header has-dark-background-color entry-header--has-illustration entry-header--has-illustration--generic\">\n\t<div class=\"container\">\n\t\t<div class=\"entry-header__row row align-center\">\n\t\t\t<div class=\"col col-lg-7 col-xlg-6 entry-header__content\">\n\t\t\t\t\t\t\t<div class=\"component component-single-header\">\n\t\t\t\t\t\t\t\t\t\t<div class=\"entry-header__misc text--subtitle text--uppercase text--small\">\n\t\t\t\t\t\t\t<a href=\"https:\/\/www.sage.com\/pt-pt\/blog\/category\/estrategia-legal-e-processos\/\" class=\"entry-header__link\">Estrat\u00e9gia, Legal e Processos<\/a>\t\t\t\t\t\t<\/div>\n\t\t\t\t\n\t\t\t\t<div class=\"entry-title-wrapper\">\n\t\t\t\t\t<h1 class=\"entry-title\">\n\t\t\t\t\t\tQual a diferen\u00e7a entre r\u00e9dito, volume de neg\u00f3cios e fatura\u00e7\u00e3o? Guia contabil\u00edstico e fiscal\t\t\t\t\t<\/h1>\n\t\t\t\t<\/div>\n\n\t\t\t\t\t\t\t\t\t<p class=\"entry-header__description\">\n\t\t\t\t\t\t\t\t\t\t\t<\/p>\n\t\t\t\t\n\t\t\t\t\n\t\t\t\t\n\t\t\t<\/div>\n\n\t\t\t\t\t<\/div>\n\t\t\t\t\t<\/div>\n\t<\/div>\n\t<div class=\"single-post-details container\">\n\t\t<div class=\"col\">\n\t\t\t<span class=\"posted-on \"><time class=\"entry-date published\" datetime=\"2025-09-08T12:26:07+01:00\">September 8, 2025<\/time><\/span><span class=\"reading-time\"> minutos de leitura<\/span>\n\t\t<button\n\t\t\ttype=\"button\"\n\t\t\tclass=\"social-share-button button button--icon button--secondary js-social-share-button\"\n\t\t\tdata-share-title=\"Qual a diferen\u00e7a entre r\u00e9dito, volume de neg\u00f3cios e fatura\u00e7\u00e3o? Guia contabil\u00edstico e fiscal\"\n\t\t\tdata-share-url=\"https:\/\/www.sage.com\/pt-pt\/blog\/redito-vs-volume-de-negocios-vs-faturacao-consideracoes-contabilisticas-e-fiscais\/\"\n\t\t\tdata-share-text=\"Por favor, leia este artigo interessante\"\n\t\t>\n\t\t\t<span class=\"social-share-button__share-label\">Partilhar<\/span>\n\t\t\t<span class=\"social-share-button__copy-label\" hidden>Copiar link<\/span>\n\t\t\t<span class=\"social-share-button__copy-tooltip\" aria-hidden=\"true\" hidden>Copiada<\/span>\n\t\t<\/button>\n\n\t\t\t\t<\/div>\n\t<\/div>\n<\/header>\n\n\n\n<div class=\"wp-block-post-author has-dark-background-color alignfull\">\n\t<div class=\"container\">\n\t\t<div class=\"col\">\n\t\t\t\t\t\t\t<div class=\"co-authors\">\n\t\t\t\t\t\n\t\t<div class=\"entry-author-wrapper\">\n\t\t\t<a class=\"entry-author\" href=\"https:\/\/www.sage.com\/pt-pt\/blog\/author\/josearaujo\/\">\n\t\t\t\t<img loading=\"lazy\" decoding=\"async\" width=\"40\" height=\"40\" src=\"https:\/\/www.sage.com\/pt-pt\/blog\/wp-content\/uploads\/sites\/15\/2025\/10\/Foto-JA-350x350.jpg\" class=\"entry-author__image\" alt=\"Sage\" srcset=\"https:\/\/www.sage.com\/pt-pt\/blog\/wp-content\/uploads\/sites\/15\/2025\/10\/Foto-JA-350x350.jpg 350w, https:\/\/www.sage.com\/pt-pt\/blog\/wp-content\/uploads\/sites\/15\/2025\/10\/Foto-JA-768x768.jpg 768w, https:\/\/www.sage.com\/pt-pt\/blog\/wp-content\/uploads\/sites\/15\/2025\/10\/Foto-JA-810x810.jpg 810w, https:\/\/www.sage.com\/pt-pt\/blog\/wp-content\/uploads\/sites\/15\/2025\/10\/Foto-JA.jpg 1093w\" sizes=\"auto, (max-width: 40px) 100vw, 40px\" \/>\t\t\t\t<span class=\"entry-author__name\">Jos\u00e9 Ara\u00fajo<\/span>\n\t\t\t<\/a>\n\n\t\t\t\t\t<\/div>\n\n\t\t\t\t\t\t<\/div>\n\t\t\t\t\t<\/div>\n\t<\/div>\n<\/div>\n\n\n\n\n\n<p class=\"has-paragraph-medium-font-size\">A distin\u00e7\u00e3o entre r\u00e9dito, volume de neg\u00f3cios e fatura\u00e7\u00e3o \u00e9 essencial para interpretar corretamente a realidade financeira e aplicar de forma rigorosa as considera\u00e7\u00f5es contabil\u00edsticas e fiscais.<\/p>\n\n\n\n<ul class=\"wp-block-list\">\n<li>R\u00e9dito, volume de neg\u00f3cios e fatura\u00e7\u00e3o n\u00e3o s\u00e3o sin\u00f3nimos \u2014 cada conceito tem impactos diferentes na contabilidade e na fiscalidade.<\/li>\n\n\n\n<li>Saber distingui-los \u00e9 essencial para aplicar corretamente as considera\u00e7\u00f5es contabil\u00edsticas e fiscais e evitar erros de interpreta\u00e7\u00e3o.<\/li>\n<\/ul>\n\n\n\n<p>A gest\u00e3o financeira exige clareza nos conceitos que sustentam a informa\u00e7\u00e3o contabil\u00edstica e fiscal. Termos como r\u00e9dito, volume de neg\u00f3cios e fatura\u00e7\u00e3o s\u00e3o frequentemente usados de forma indistinta, mas representam realidades diferentes que influenciam diretamente a an\u00e1lise econ\u00f3mica e tribut\u00e1ria de uma empresa.<\/p>\n\n\n\n<p>Compreender estas diferen\u00e7as \u00e9 crucial para decisores, contabilistas e gestores. A defini\u00e7\u00e3o e o momento de reconhecimento de cada conceito t\u00eam consequ\u00eancias pr\u00e1ticas \u2014 desde o reporte contabil\u00edstico at\u00e9 ao cumprimento de obriga\u00e7\u00f5es fiscais. Por isso, \u00e9 indispens\u00e1vel abordar estas considera\u00e7\u00f5es contabil\u00edsticas e fiscais com clareza e consist\u00eancia.<\/p>\n\n\n\n<p><em><mark class=\"highlight-and-share\"><strong>PARTILHE! <\/strong>R\u00e9dito, volume de neg\u00f3cios e fatura\u00e7\u00e3o n\u00e3o s\u00e3o o mesmo! Descubra o impacto real nas considera\u00e7\u00f5es contabil\u00edsticas e fiscais.<\/mark><\/em><\/p>\n\n\n\n<div class=\"single-cta gated-content\">\n\t<div class=\"single-cta__positioner\">\n\t\t<div class=\"single-cta__wrapper has-dark-background-color\">\n\t\t\t<div class=\"single-cta__content\">\n\t\t\t\t\t\t\t\t<h2 class=\"single-cta__title h3\">Guia pr\u00e1tico de encerramento anual<\/h2>\n\n\t\t\t\t\t\t\t\t\t<div class=\"single-cta__description\">\n\t\t\t\t\t\t<p><!-- wp:paragraph --><\/p>\n<p><strong>Prepare o seu gabinete para apoiar os clientes com confian\u00e7a no fecho do exerc\u00edcio.<\/strong><br \/>Neste guia gratuito vai encontrar:<\/p>\n<p><!-- \/wp:paragraph --><\/p>\n<p><!-- wp:paragraph --><\/p>\n<p>\u2705 Os passos fundamentais para o encerramento contabil\u00edstico e fiscal<\/p>\n<p><!-- \/wp:paragraph --><\/p>\n<p><!-- wp:paragraph --><\/p>\n<p>\u2705 As datas-limite que n\u00e3o pode perder<\/p>\n<p><!-- \/wp:paragraph --><\/p>\n\t\t\t\t\t<\/div>\n\t\t\t\t\n\t\t\t\t\t\t\t\t\t\t\t\t\t\t<a\n\t\t\t\t\t\thref=\"#gate-fe871789-d290-4362-81c2-65c72f754bc1\"\n\t\t\t\t\t\tclass=\"single-cta__button button button--primary\"\n\t\t\t\t\t\t\t\t\t\t\t\t\t\t\t\t\t>Download GRATIS<\/a>\n\t\t\t\t\t\t\t<\/div>\n\n\t\t\t\t\t<\/div>\n\n\t\t\t\t\t<img decoding=\"async\" width=\"1252\" height=\"810\" src=\"https:\/\/www.sage.com\/pt-pt\/blog\/wp-content\/uploads\/sites\/15\/2025\/07\/SGE_Mockup-Banner_Como-encerrar-exercicio-contabilistico_Fondo-Verde-1252x810.jpg\" class=\"single-cta__image\" alt=\"Sage\" loading=\"lazy\" srcset=\"https:\/\/www.sage.com\/pt-pt\/blog\/wp-content\/uploads\/sites\/15\/2025\/07\/SGE_Mockup-Banner_Como-encerrar-exercicio-contabilistico_Fondo-Verde-1252x810.jpg 1252w\" sizes=\"auto, (min-width: 48em) 33vw, 100vw\" \/>\t\t\t<\/div>\n<\/div>\n\n\n\n<h2 class=\"wp-block-heading\">\u00cdndice del post<\/h2>\n\n\n<?xml encoding=\"utf-8\" ?><div class=\"wp-block-yoast-seo-table-of-contents yoast-table-of-contents\"><ul><li><a href=\"#o-conceito-de-redito-na-contabilidade\" data-level=\"2\">O conceito de r&eacute;dito na contabilidade<\/a><\/li><li><a href=\"#diferencas-concetuais\" data-level=\"2\">Diferen&ccedil;as concetuais<\/a><ul><li><a href=\"#volume-de-negocios-conceito-contabilistico-e-fiscal\" data-level=\"3\">Volume de neg&oacute;cios: conceito contabil&iacute;stico e fiscal<\/a><\/li><li><a href=\"#faturacao-documento-tributario\" data-level=\"3\">Fatura&ccedil;&atilde;o: Documento tribut&aacute;rio<\/a><\/li><\/ul><\/li><li><a href=\"#exemplos-de-aplicacao-dos-conceitos\" data-level=\"2\">Exemplos de aplica&ccedil;&atilde;o dos conceitos<\/a><\/li><li><a href=\"#diferencas-no-reconhecimento\" data-level=\"2\">Diferen&ccedil;as no reconhecimento<\/a><ul><li><a href=\"#reconhecimento-contabilistico-do-redito\" data-level=\"3\">Reconhecimento contabil&iacute;stico do r&eacute;dito<\/a><\/li><li><a href=\"#reconhecimento-para-efeitos-de-irc\" data-level=\"3\">Reconhecimento para efeitos de IRC<\/a><\/li><li><a href=\"#reconhecimento-para-efeitos-de-iva\" data-level=\"3\">Reconhecimento para efeitos de IVA<\/a><\/li><\/ul><\/li><li><a href=\"#exemplo-de-aplicacao\" data-level=\"2\">Exemplo de aplica&ccedil;&atilde;o<\/a><\/li><\/ul><\/div>\n\n\n\n<figure class=\"wp-block-pullquote\"><blockquote><p>Otimize a sua pr\u00e1tica com <a href=\"https:\/\/www.sage.com\/pt-pt\/contabilistas\/sage-for-accountants\/\">Sage for Accountants<\/a>: simplifique as considera\u00e7\u00f5es contabil\u00edsticas e fiscais e ganhe efici\u00eancia no seu trabalho.<\/p><\/blockquote><\/figure>\n\n\n\n<h2 class=\"wp-block-heading\" id=\"o-conceito-de-redito-na-contabilidade\">O conceito de r\u00e9dito na contabilidade<\/h2>\n\n\n\n<p>Est\u00e1 a tornar-se cada vez mais evidente, para um conjunto de decisores e influenciadores em mat\u00e9rias econ\u00f3micas, financeiras e tribut\u00e1rias, uma&nbsp;<strong>confus\u00e3o de conceitos que importa clarificar<\/strong>, nomeadamente a necess\u00e1ria distin\u00e7\u00e3o entre&nbsp;<strong>r\u00e9dito, volume de neg\u00f3cios e fatura\u00e7\u00e3o<\/strong>.&nbsp;<\/p>\n\n\n\n<p>O\u00a0<strong>r\u00e9dito<\/strong>\u00a0\u00e9 um conceito econ\u00f3mico e previsto na normaliza\u00e7\u00e3o contabil\u00edstica. Encontra-se assim definido: \u201c\u00c9 o\u00a0<strong>influxo bruto de benef\u00edcios econ\u00f3micos durante o per\u00edodo proveniente do curso das atividades ordin\u00e1rias de uma entidade quando esses influxos resultarem em aumentos de capital pr\u00f3prio, que n\u00e3o sejam aumentos relacionados com contribui\u00e7\u00f5es de participantes no capital pr\u00f3prio<\/strong><sup>[1]<\/sup>\u201d.<\/p>\n\n\n\n<p>O processo contabil\u00edstico relacionado com o r\u00e9dito \u00e9 regulado por uma norma espec\u00edfica do SNC. <strong>Nela se descrevem<\/strong> a sua identifica\u00e7\u00e3o, o seu reconhecimento, a sua mensura\u00e7\u00e3o, a apresenta\u00e7\u00e3o e as divulga\u00e7\u00f5es exigidas na NCRF 20. <strong>No caso das <\/strong><a href=\"https:\/\/www.sage.com\/pt-pt\/blog\/dicion%C3%A1rio-termos-empresariais\/entidades\/\"><strong>entidades<\/strong><\/a><strong> do regime geral, aplica-se diretamente esta norma. Al\u00e9m disso, seguem-se orienta\u00e7\u00f5es semelhantes<\/strong> para as pequenas entidades, microentidades e entidades do setor n\u00e3o lucrativo, ainda que com as suas especificidades pr\u00f3prias.<\/p>\n\n\n\n<p>O processo contabil\u00edstico consiste em 5 etapas:<\/p>\n\n\n\n<figure class=\"wp-block-image size-full\"><img loading=\"lazy\" decoding=\"async\" width=\"592\" height=\"106\" src=\"https:\/\/www.sage.com\/pt-pt\/blog\/wp-content\/uploads\/sites\/15\/2023\/05\/image-2.png\" alt=\"\" class=\"wp-image-11946\"\/><\/figure>\n\n\n\n<p>A correspondente norma internacional de contabilidade \u00e9 atualmente a IFRS 15 \u2013 R\u00e9dito de contratos com clientes. Esta norma reformulou os procedimentos de <strong>reconhecimento e mensura\u00e7\u00e3o do r\u00e9dito<\/strong>. A mudan\u00e7a surgiu porque os contratos com clientes se tornaram cada vez mais complexos. Eles podem incluir <strong>fornecimento de bens<\/strong>, <strong>presta\u00e7\u00e3o de servi\u00e7os ou ambos<\/strong>, em diferentes momentos das obriga\u00e7\u00f5es de desempenho, segundo o m\u00e9todo dos 5 passos.<\/p>\n\n\n\n<h2 class=\"wp-block-heading\" id=\"diferencas-concetuais\">Diferen\u00e7as concetuais<\/h2>\n\n\n\n<p>O <strong>r\u00e9dito inclui<\/strong>, por exemplo, a <strong>venda de bens, a presta\u00e7\u00e3o de servi\u00e7os<\/strong> e o uso por terceiros de <a href=\"https:\/\/www.sage.com\/pt-pt\/blog\/dicion%C3%A1rio-termos-empresariais\/o-que-e-um-ativo\/\">ativos<\/a> da entidade que gerem <strong>juros, royalties ou dividendos<\/strong>. Por outro lado, a contabilidade exclui do r\u00e9dito os rendimentos provenientes da <strong>aliena\u00e7\u00e3o de ativos fixos<\/strong>, de <strong>subs\u00eddios<\/strong> ou de <strong>doa\u00e7\u00f5es<\/strong>. Tamb\u00e9m ficam fora outros benef\u00edcios econ\u00f3micos que, embora ingressem na entidade, n\u00e3o resultam das suas atividades ordin\u00e1rias.<\/p>\n\n\n\n<p>A demonstra\u00e7\u00e3o de resultados n\u00e3o apresenta o r\u00e9dito numa linha <strong>espec\u00edfica<\/strong>. Em vez disso, as entidades divulgam tais informa\u00e7\u00f5es numa nota do anexo. J\u00e1 as microentidades est\u00e3o dispensadas de fornecer essa informa\u00e7\u00e3o.<\/p>\n\n\n\n<h3 class=\"wp-block-heading\" id=\"volume-de-negocios-conceito-contabilistico-e-fiscal\">Volume de neg\u00f3cios: conceito contabil\u00edstico e fiscal<\/h3>\n\n\n\n<p><strong>O volume de neg\u00f3cios<\/strong>\u00a0l\u00edquido \u00e9 um conceito econ\u00f3mico e contabil\u00edstico \u2013 \u201c\u00e9 o\u00a0<strong>montante que resulta da venda dos produtos e da presta\u00e7\u00e3o de servi\u00e7os, ap\u00f3s dedu\u00e7\u00e3o dos descontos e abatimentos sobre vendas, do imposto sobre o valor acrescentado e de outros impostos diretamente ligados ao volume de neg\u00f3cios\u201d<sup>[2]<\/sup><\/strong>. Tamb\u00e9m se encontra definido para efeitos <strong>tribut\u00e1rios<\/strong><sup>[3]<\/sup>: \u201ccorresponde ao valor das vendas e dos servi\u00e7os prestados\u201d bem como \u201cas rendas relativas a propriedades de investimento\u201d, \u201cquando obtidas no \u00e2mbito de uma atividade que integre o objeto social do sujeito passivo\u201d.<\/p>\n\n\n\n<p>E ainda, \u201cNo caso dos bancos, empresas de seguros e outras entidades do setor&nbsp;<a href=\"https:\/\/www.sage.com\/pt-pt\/blog\/8702-2\/\">financeiro<\/a>&nbsp;para as quais esteja prevista a aplica\u00e7\u00e3o de planos de contabilidade espec\u00edficos, o volume de neg\u00f3cios \u00e9 substitu\u00eddo pelos juros e rendimentos similares e comiss\u00f5es ou pelos pr\u00e9mios brutos emitidos e comiss\u00f5es de contratos de seguro e opera\u00e7\u00f5es consideradas como contratos de investimento ou contratos de presta\u00e7\u00e3o de servi\u00e7os, consoante a natureza da atividade exercida pelo sujeito passivo\u201d.<\/p>\n\n\n\n<p>Podemos assim considerar&nbsp;tamb\u00e9m <strong>diferen\u00e7as concetuais entre o conceito contabil\u00edstico e para efeitos tribut\u00e1rios<\/strong>.<\/p>\n\n\n\n<p>Encontra-se prevista uma linha espec\u00edfica, na demonstra\u00e7\u00e3o de resultados, para representar a quantia correspondente a \u201cVendas e servi\u00e7os prestados\u201d, na ace\u00e7\u00e3o contabil\u00edstica, que, como verific\u00e1mos anteriormente pode ser diferente para efeitos tribut\u00e1rios.<\/p>\n\n\n\n<h3 class=\"wp-block-heading\" id=\"faturacao-documento-tributario\">Fatura\u00e7\u00e3o: Documento tribut\u00e1rio<\/h3>\n\n\n\n<p><strong>Fatura\u00e7\u00e3o<\/strong> \u00e9 um termo de natureza tribut\u00e1ria, corresponde ao documento (f\u00edsico ou digital) que materializa uma transa\u00e7\u00e3o econ\u00f3mica, sendo considerada \u201c<a href=\"https:\/\/www.sage.com\/pt-pt\/blog\/dicion%C3%A1rio-termos-empresariais\/fatura\/\">Fatura<\/a><sup>[4]<\/sup>, o\u00a0<a href=\"https:\/\/www.sage.com\/pt-pt\/blog\/%ef%bf%bce-se-de-repente-em-janeiro-de-2023-nao-pudesse-faturar\/\">documento em papel ou em formato eletr\u00f3nico<\/a>\u00a0que:<\/p>\n\n\n\n<ol style=\"list-style-type:lower-roman\" class=\"wp-block-list\">\n<li>Contenha os elementos referidos nos artigos 36.\u00ba ou 40.\u00ba do C\u00f3digo do IVA, incluindo a fatura, a fatura simplificada e a fatura-recibo;<\/li>\n\n\n\n<li>ii) Constitua um documento retificativo de fatura nos termos legais;\u201d.<\/li>\n<\/ol>\n\n\n\n<p>N\u00e3o se encontra prevista uma linha na demonstra\u00e7\u00e3o de resultados para representar esta defini\u00e7\u00e3o espec\u00edfica.<\/p>\n\n\n\n<h2 class=\"wp-block-heading\" id=\"exemplos-de-aplicacao-dos-conceitos\">Exemplos de aplica\u00e7\u00e3o dos conceitos<\/h2>\n\n\n\n<p>Estando perante conceitos diferentes, h\u00e1 agora que exemplificar a sua aplica\u00e7\u00e3o:<\/p>\n\n\n\n<figure class=\"wp-block-image size-full\"><img loading=\"lazy\" decoding=\"async\" width=\"851\" height=\"371\" src=\"https:\/\/www.sage.com\/pt-pt\/blog\/wp-content\/uploads\/sites\/15\/2023\/05\/image-1.png\" alt=\"\" class=\"wp-image-11945\" srcset=\"https:\/\/www.sage.com\/pt-pt\/blog\/wp-content\/uploads\/sites\/15\/2023\/05\/image-1.png 851w, https:\/\/www.sage.com\/pt-pt\/blog\/wp-content\/uploads\/sites\/15\/2023\/05\/image-1-768x335.png 768w, https:\/\/www.sage.com\/pt-pt\/blog\/wp-content\/uploads\/sites\/15\/2023\/05\/image-1-414x180.png 414w\" sizes=\"auto, (max-width: 851px) 100vw, 851px\" \/><\/figure>\n\n\n\n<p>Para avaliar a capacidade econ\u00f3mica de uma atividade a fatura\u00e7\u00e3o n\u00e3o \u00e9 um indicador t\u00e3o representativo como o volume de neg\u00f3cios ou o r\u00e9dito. Pode at\u00e9 conduzir a erros de avalia\u00e7\u00e3o, quando, por exemplo, s\u00e3o faturados adiantamentos relevantes de clientes, ou alienados&nbsp;<a href=\"https:\/\/www.sage.com\/pt-pt\/blog\/dicion%C3%A1rio-termos-empresariais\/o-que-e-um-ativo-fixo\/\">ativos fixos<\/a>&nbsp;tang\u00edveis, que s\u00e3o opera\u00e7\u00f5es n\u00e3o recorrentes na generalidade das empresas. S\u00e3o faturados, mas n\u00e3o s\u00e3o considerados r\u00e9dito nem volume de neg\u00f3cios.<\/p>\n\n\n\n<h2 class=\"wp-block-heading\" id=\"diferencas-no-reconhecimento\">Diferen\u00e7as no reconhecimento<\/h2>\n\n\n\n<p>Para al\u00e9m dos conceitos, h\u00e1 diferen\u00e7as substanciais quanto \u00e0s condi\u00e7\u00f5es para o seu reconhecimento.<\/p>\n\n\n\n<h3 class=\"wp-block-heading\" id=\"reconhecimento-contabilistico-do-redito\">Reconhecimento contabil\u00edstico do r\u00e9dito<\/h3>\n\n\n\n<p>Para\u00a0<strong>efeitos contabil\u00edsticos<\/strong>, \u201c<strong>o r\u00e9dito relativo a vendas<sup>[5]<\/sup>\u00a0deve ser reconhecido quando<\/strong>\u00a0tiverem sido satisfeitas todas as condi\u00e7\u00f5es seguintes:\u00a0<\/p>\n\n\n\n<ol start=\"1\" style=\"list-style-type:lower-alpha\" class=\"wp-block-list\">\n<li><strong>A entidade tenha transferido<\/strong>\u00a0para o comprador os riscos e vantagens significativos da propriedade dos bens;\u00a0<\/li>\n\n\n\n<li><strong>A entidade n\u00e3o mantenha<\/strong>\u00a0envolvimento continuado de gest\u00e3o com grau geralmente associado com a posse, nem o controlo efetivo dos bens vendidos;\u00a0<\/li>\n\n\n\n<li><strong>A quantia do r\u00e9dito possa<\/strong>\u00a0ser fiavelmente mensurada;\u00a0<\/li>\n\n\n\n<li><strong>Seja prov\u00e1vel que os benef\u00edcios econ\u00f3micos<\/strong>\u00a0associados com a transa\u00e7\u00e3o fluam para a entidade; e\u00a0<\/li>\n\n\n\n<li><strong>Os custos incorridos ou a serem incorridos<\/strong>\u00a0referentes \u00e0 transa\u00e7\u00e3o possam ser fiavelmente mensurados.\u201d<\/li>\n<\/ol>\n\n\n\n<h3 class=\"wp-block-heading\" id=\"reconhecimento-para-efeitos-de-irc\">Reconhecimento para efeitos de IRC<\/h3>\n\n\n\n<p><strong>Para efeitos tribut\u00e1rios<\/strong>, em sede de&nbsp;<a href=\"https:\/\/www.sage.com\/pt-pt\/blog\/dicion%C3%A1rio-termos-empresariais\/o-que-e-o-irc\/\">IRC<\/a>, \u201cOs r\u00e9ditos relativos a vendas consideram-se em geral realizados, e os correspondentes gastos suportados, na data da entrega ou expedi\u00e7\u00e3o dos bens correspondentes ou, se anterior, na data em que se opera a transfer\u00eancia de propriedade\u201d.<\/p>\n\n\n\n<h3 class=\"wp-block-heading\" id=\"reconhecimento-para-efeitos-de-iva\">Reconhecimento para efeitos de IVA<\/h3>\n\n\n\n<p>Para efeitos de\u00a0<a href=\"https:\/\/www.sage.com\/pt-pt\/blog\/dicion%C3%A1rio-termos-empresariais\/o-que-e-o-iva\/\">IVA<\/a>, \u201co imposto \u00e9 devido e torna-se exig\u00edvel, nas transmiss\u00f5es de bens, no momento em que os bens s\u00e3o postos \u00e0 disposi\u00e7\u00e3o do adquirente\u201d<sup>[6]<\/sup>, e deve emitir a fatura, \u201co mais tardar no 5.\u00ba dia \u00fatil seguinte ao do momento em que o imposto \u00e9 devido\u201d<sup>[7]<\/sup>.<\/p>\n\n\n\n<p>\u00c9 entendimento da AT<sup>[8]<\/sup>, que \u201cno caso das transmiss\u00f5es de bens, a fixa\u00e7\u00e3o do facto gerador do imposto no momento da coloca\u00e7\u00e3o de bens \u00e0 disposi\u00e7\u00e3o do adquirente, sem preju\u00edzo das exce\u00e7\u00f5es previstas no CIVA, corresponde ao momento da sua entrega e n\u00e3o necessariamente ao da transfer\u00eancia jur\u00eddica da propriedade\u201d e assim \u201cnas transmiss\u00f5es de bens que impliquem transporte ou expedi\u00e7\u00e3o, considera-se que os bens s\u00e3o colocados \u00e0 disposi\u00e7\u00e3o do adquirente na data do in\u00edcio do respetivo transporte ou expedi\u00e7\u00e3o, tal como conste do documento de transporte que deve acompanhar as mercadorias em circula\u00e7\u00e3o, em cumprimento do disposto no n.\u00ba 4 do artigo 4.\u00ba do Regime de Bens em Circula\u00e7\u00e3o, aprovado em anexo ao Decreto-Lei n.\u00ba 147\/2003, de 11 de julho.\u201d<\/p>\n\n\n\n<h2 class=\"wp-block-heading\" id=\"exemplo-de-aplicacao\">Exemplo de aplica\u00e7\u00e3o<\/h2>\n\n\n\n<p>Uma sociedade faz a expedi\u00e7\u00e3o de mercadorias com destino ao cliente, no dia 28\/12\/2024 tendo sido contratada a condi\u00e7\u00e3o \u201cFOB\u201d (\u201cfree on board\u201d). Os bens foram embarcados no dia 28\/1\/2025, e chegaram \u00e0s instala\u00e7\u00f5es do cliente no dia 8\/2\/2025.<\/p>\n\n\n\n<ul class=\"wp-block-list\">\n<li><strong>Para efeitos de IRC<\/strong>, o r\u00e9dito das vendas \u00e9 reconhecido com a expedi\u00e7\u00e3o dos bens: 28\/12\/2024.<\/li>\n\n\n\n<li><strong>Para efeitos de IVA<\/strong>, h\u00e1 lugar \u00e0 emiss\u00e3o de uma fatura, at\u00e9 5 dias ap\u00f3s os bens terem sido colocados \u00e0 disposi\u00e7\u00e3o do cliente: entre os dias 28\/12\/2024 e 2\/1\/2025.<\/li>\n\n\n\n<li><strong>Para efeitos contabil\u00edsticos<\/strong>, o r\u00e9dito ocorre com o embarque das mercadorias, ou seja, o momento em que a propriedade \u00e9 transmitida para o cliente: 28\/1\/2025.<\/li>\n<\/ul>\n\n\n\n<p>Estamos perante conceitos muito diferentes e momentos de reconhecimento distintos, com obriga\u00e7\u00f5es aut\u00f3nomas, embora com base nos mesmos factos. Uma vez que n\u00e3o parece haver uma preocupa\u00e7\u00e3o por parte do legislador em harmonizar os termos, \u00e9 importante n\u00e3o os confundir, porque podem conduzir a avalia\u00e7\u00f5es e decis\u00f5es erradas.<\/p>\n\n\n\n<p><em><strong>Nota do editor: <\/strong>Este artigo foi publicado anteriormente e atualizado para 2025 pela sua relev\u00e2ncia.<\/em><\/p>\n\n\n\n<div class=\"single-cta gated-content\">\n\t<div class=\"single-cta__positioner\">\n\t\t<div class=\"single-cta__wrapper has-dark-background-color\">\n\t\t\t<div class=\"single-cta__content\">\n\t\t\t\t\t\t\t\t<h2 class=\"single-cta__title h3\">Guia pr\u00e1tico de encerramento anual<\/h2>\n\n\t\t\t\t\t\t\t\t\t<div class=\"single-cta__description\">\n\t\t\t\t\t\t<p><!-- wp:paragraph --><\/p>\n<p>\ud83d\udce5 <strong>Descarregue o guia para um encerramento sem erros no seu gabinete de contabilidade<\/strong><br \/>Tudo o que precisa para orientar os seus clientes com confian\u00e7a.<\/p>\n<p><!-- \/wp:paragraph --><\/p>\n\t\t\t\t\t<\/div>\n\t\t\t\t\n\t\t\t\t\t\t\t\t\t\t\t\t\t\t<a\n\t\t\t\t\t\thref=\"#gate-fe871789-d290-4362-81c2-65c72f754bc1\"\n\t\t\t\t\t\tclass=\"single-cta__button button button--primary\"\n\t\t\t\t\t\t\t\t\t\t\t\t\t\t\t\t\t>Download GRATIS<\/a>\n\t\t\t\t\t\t\t<\/div>\n\n\t\t\t\t\t<\/div>\n\n\t\t\t\t\t<img decoding=\"async\" width=\"1252\" height=\"810\" src=\"https:\/\/www.sage.com\/pt-pt\/blog\/wp-content\/uploads\/sites\/15\/2025\/07\/SGE_Mockup-Banner_Como-encerrar-exercicio-contabilistico_Fondo-Blanco-1252x810.jpg\" class=\"single-cta__image\" alt=\"Sage\" loading=\"lazy\" srcset=\"https:\/\/www.sage.com\/pt-pt\/blog\/wp-content\/uploads\/sites\/15\/2025\/07\/SGE_Mockup-Banner_Como-encerrar-exercicio-contabilistico_Fondo-Blanco-1252x810.jpg 1252w\" sizes=\"auto, (min-width: 48em) 33vw, 100vw\" \/>\t\t\t<\/div>\n<\/div>\n\n\n\n<h4 class=\"wp-block-heading\" id=\"h-fontes\">Fontes<\/h4>\n\n\n\n<p><sup>[1]<\/sup>\u00a0Gloss\u00e1rio do SNC<\/p>\n\n\n\n<p><sup>[2]<\/sup>&nbsp;Gloss\u00e1rio do SNC<\/p>\n\n\n\n<p><sup>[3]<\/sup>&nbsp;Artigo 143.\u00ba do CIRC<\/p>\n\n\n\n<p><sup>[4]<\/sup>&nbsp;Artigo 2.\u00ba, al\u00ednea c) do Decreto-Lei n.\u00ba 28\/2019, de 15 de fevereiro<\/p>\n\n\n\n<p><sup>[5]<\/sup>&nbsp;Artigo 18.\u00ba, n.\u00ba 3, al\u00ednea a) do CIRC<\/p>\n\n\n\n<p><sup>[6]<\/sup>&nbsp;Artigo 7.\u00ba, n.\u00ba 1, al\u00ednea a) do CIVA<\/p>\n\n\n\n<p><sup>[7]<\/sup>&nbsp;Artigo 36.\u00ba, n.\u00ba 1, al\u00ednea a) do CIVA<\/p>\n\n\n\n<p><sup>[8]<\/sup>&nbsp;Ficha Doutrin\u00e1ria do Processo n\u00ba 15298, por despacho de 2019-04-23, da Diretora de Servi\u00e7os do IVA, (por subdelega\u00e7\u00e3o)<\/p>\n","protected":false},"excerpt":{"rendered":"<p>Saiba as diferen\u00e7as entre r\u00e9dito, volume de neg\u00f3cios e fatura\u00e7\u00e3o e o impacto nas considera\u00e7\u00f5es contabil\u00edsticas e fiscais.<\/p>\n","protected":false},"author":1164,"featured_media":9546,"comment_status":"closed","ping_status":"closed","sticky":false,"template":"","format":"standard","meta":{"_sage_video":false,"post_featured_image_hide":false,"footnotes":""},"categories":[16],"tags":[52,83,53],"business_type":[135],"context":[],"industry":[130,126],"persona":[51],"imagine_tag":[155],"coauthors":[497],"class_list":["post-8894","post","type-post","status-publish","format-standard","has-post-thumbnail","hentry","category-estrategia-legal-e-processos","tag-contabilidade","tag-estrategia","tag-faturacao","business_type-contabilistas","industry-servicos","industry-servicos-financeiros"],"sage_meta":{"region":"pt-pt","author_name":"Jos\u00e9 Ara\u00fajo","featured_image":"https:\/\/www.sage.com\/pt-pt\/blog\/wp-content\/uploads\/sites\/15\/2023\/10\/GettyImages-1028772240.jpg","imagine_tags":{"155":"Legal"}},"distributor_meta":false,"distributor_terms":false,"distributor_media":false,"distributor_original_site_name":"Sage Advice Portugal","distributor_original_site_url":"https:\/\/www.sage.com\/pt-pt\/blog","push-errors":false,"_links":{"self":[{"href":"https:\/\/www.sage.com\/pt-pt\/blog\/api\/wp\/v2\/posts\/8894","targetHints":{"allow":["GET"]}}],"collection":[{"href":"https:\/\/www.sage.com\/pt-pt\/blog\/api\/wp\/v2\/posts"}],"about":[{"href":"https:\/\/www.sage.com\/pt-pt\/blog\/api\/wp\/v2\/types\/post"}],"author":[{"embeddable":true,"href":"https:\/\/www.sage.com\/pt-pt\/blog\/api\/wp\/v2\/users\/1164"}],"replies":[{"embeddable":true,"href":"https:\/\/www.sage.com\/pt-pt\/blog\/api\/wp\/v2\/comments?post=8894"}],"version-history":[{"count":0,"href":"https:\/\/www.sage.com\/pt-pt\/blog\/api\/wp\/v2\/posts\/8894\/revisions"}],"wp:featuredmedia":[{"embeddable":true,"href":"https:\/\/www.sage.com\/pt-pt\/blog\/api\/wp\/v2\/media\/9546"}],"wp:attachment":[{"href":"https:\/\/www.sage.com\/pt-pt\/blog\/api\/wp\/v2\/media?parent=8894"}],"wp:term":[{"taxonomy":"category","embeddable":true,"href":"https:\/\/www.sage.com\/pt-pt\/blog\/api\/wp\/v2\/categories?post=8894"},{"taxonomy":"post_tag","embeddable":true,"href":"https:\/\/www.sage.com\/pt-pt\/blog\/api\/wp\/v2\/tags?post=8894"},{"taxonomy":"business_type","embeddable":true,"href":"https:\/\/www.sage.com\/pt-pt\/blog\/api\/wp\/v2\/business_type?post=8894"},{"taxonomy":"context","embeddable":true,"href":"https:\/\/www.sage.com\/pt-pt\/blog\/api\/wp\/v2\/context?post=8894"},{"taxonomy":"industry","embeddable":true,"href":"https:\/\/www.sage.com\/pt-pt\/blog\/api\/wp\/v2\/industry?post=8894"},{"taxonomy":"persona","embeddable":true,"href":"https:\/\/www.sage.com\/pt-pt\/blog\/api\/wp\/v2\/persona?post=8894"},{"taxonomy":"imagine_tag","embeddable":true,"href":"https:\/\/www.sage.com\/pt-pt\/blog\/api\/wp\/v2\/imagine_tag?post=8894"},{"taxonomy":"author","embeddable":true,"href":"https:\/\/www.sage.com\/pt-pt\/blog\/api\/wp\/v2\/coauthors?post=8894"}],"curies":[{"name":"wp","href":"https:\/\/api.w.org\/{rel}","templated":true}]}}